{"id":14825,"date":"2024-05-25T04:07:05","date_gmt":"2024-05-25T09:07:05","guid":{"rendered":"https:\/\/ciudadyregion.com.co\/?p=14825"},"modified":"2024-05-24T22:07:43","modified_gmt":"2024-05-25T03:07:43","slug":"gobierno-afirma-que-aumento-la-movilizacion-de-pasajeros-via-aerea-entre-enero-y-abril-de-2024-frente-al-mismo-lapso-de-2023","status":"publish","type":"post","link":"https:\/\/ciudadyregion.com.co\/index.php\/gobierno-afirma-que-aumento-la-movilizacion-de-pasajeros-via-aerea-entre-enero-y-abril-de-2024-frente-al-mismo-lapso-de-2023\/nacional\/","title":{"rendered":"Gobierno afirma que aument\u00f3 la movilizaci\u00f3n de pasajeros v\u00eda a\u00e9rea entre enero y abril de 2024 frente al mismo lapso de 2023"},"content":{"rendered":"<ul>\n<li><strong><em>El n\u00famero de pasajeros internacionales movilizados en los primeros cuatro meses de este a\u00f1o creci\u00f3 en 31,6%.<\/em><\/strong><\/li>\n<li><strong><em>Un estudio de la entidad se\u00f1ala que este incremento se debi\u00f3 a una mayor oferta de sillas y a la reducci\u00f3n de tarifas por parte de las aerol\u00edneas.<\/em><\/strong><\/li>\n<\/ul>\n<div><\/div>\n<div>Cifras hist\u00f3ricas registr\u00f3 la movilizaci\u00f3n de pasajeros en vuelos dom\u00e9sticos e internacionales, transporte de carga y de correo interno y externo, durante los primeros cuatro meses de 2024, report\u00f3 la Aeron\u00e1utica Civil.<\/div>\n<div><\/div>\n<div>De acuerdo con un estudio de la Oficina de Anal\u00edtica de la Aerocivil, durante el periodo enero \u2013 abril de este a\u00f1o el transporte de pasajeros por v\u00eda a\u00e9rea se increment\u00f3 en 15,7%, en comparaci\u00f3n con el mismo periodo de 2023.<\/div>\n<div><\/div>\n<div>En los primeros cuatro meses del a\u00f1o pasado fueron movilizados 15\u2019082.000 pasajeros, y este a\u00f1o, en el mismo lapso, 17\u2019457.000 pasajeros, es decir, 2\u2019375.000 pasajeros de m\u00e1s.<\/div>\n<div><\/div>\n<div>La Aerocivil explic\u00f3 que este incremento se debe, especialmente, a una mayor oferta de sillas y a la reducci\u00f3n de tarifas por parte de las aerol\u00edneas que operan en el pa\u00eds \u201cy que conf\u00edan en Colombia como un pa\u00eds en crecimiento\u201d.<\/div>\n<div><\/div>\n<div>Un dato que destaca el informe fue que la cantidad de pasajeros internacionales movilizados creci\u00f3 31,6%, al pasar de 5\u2019509.000 los primeros cuatro meses de 2023 a 7\u2019249.000 en el mismo lapso 2024, es decir, 1\u2019740.000 pasajeros m\u00e1s.<\/div>\n<div><\/div>\n<div>As\u00ed mismo, los pasajeros nacionales \u2013movilizados dentro del pa\u00eds- crecieron en 6,6%, al pasar de 9\u2019573.000 entre enero y abril de 2023 a 10\u2019028.000 en el mismo lapso de 2024, es decir 455.000 pasajeros m\u00e1s.<\/div>\n<div><\/div>\n<div>Solo durante el pasado mes de abril de este a\u00f1o, la Aerocivil dio cuenta de 4\u2019153.000 pasajeros movilizados, de ellos 2\u2019412.000 nacionales (12,6% m\u00e1s que en el mismo mes del a\u00f1o pasado), y 1\u2019741.000 pasajeros internacionales (27.7% m\u00e1s que en el mismo mes de 2023).<\/div>\n<div><\/div>\n<h2>Transporte de Carga y correo<\/h2>\n<div><\/div>\n<div>Por otra parte, el an\u00e1lisis de la Aerocivil se\u00f1ala que, en cuanto a transporte de carga y correo, en los primeros cuatro meses del a\u00f1o se transportaron 315.936 toneladas por v\u00eda a\u00e9rea, es decir, 26.060 toneladas m\u00e1s (9%) con relaci\u00f3n a las 289.876 toneladas movilizadas en ese periodo de 2023.<\/div>\n<div><\/div>\n<div>El mayor crecimiento se dio en transporte de carga y correo internacional, que aument\u00f3 10,5% en ese lapso, mientras que dentro del pa\u00eds el crecimiento fue de 0,2%.<\/div>\n<div><\/div>\n<div>Solo en el mes de abril de 2024 el transporte de carga y correo creci\u00f3 10,9% con relaci\u00f3n al mismo mes del a\u00f1o pasado. En el cuarto mes de este a\u00f1o se transportaron 87.343 toneladas, de ellas 11.041 dentro del pa\u00eds y 76.302 internacionales.<\/div>\n","protected":false},"excerpt":{"rendered":"<p>El n\u00famero de pasajeros internacionales movilizados en los primeros cuatro meses de este a\u00f1o creci\u00f3 en 31,6%. Un estudio de la entidad se\u00f1ala que este incremento se debi\u00f3 a una mayor oferta de sillas y a la reducci\u00f3n de tarifas por parte de las aerol\u00edneas. Cifras hist\u00f3ricas registr\u00f3 la movilizaci\u00f3n<span class=\"more-link\"><a href=\"https:\/\/ciudadyregion.com.co\/index.php\/gobierno-afirma-que-aumento-la-movilizacion-de-pasajeros-via-aerea-entre-enero-y-abril-de-2024-frente-al-mismo-lapso-de-2023\/nacional\/\">Continuar Leyendo<\/a><\/span><\/p>\n","protected":false},"author":2,"featured_media":14826,"comment_status":"open","ping_status":"open","sticky":false,"template":"","format":"standard","meta":{"_uf_show_specific_survey":0,"_uf_disable_surveys":false,"_jetpack_memberships_contains_paid_content":false,"footnotes":"","jetpack_publicize_message":"","jetpack_publicize_feature_enabled":true,"jetpack_social_post_already_shared":true,"jetpack_social_options":{"image_generator_settings":{"template":"highway","enabled":false},"version":2}},"categories":[23],"tags":[],"class_list":["entry","author-diegoaguirre","post-14825","post","type-post","status-publish","format-standard","has-post-thumbnail","category-nacional"],"jetpack_publicize_connections":[],"yoast_head":"<!-- This site is optimized with the Yoast SEO plugin v24.3 - https:\/\/yoast.com\/wordpress\/plugins\/seo\/ -->\n<title>Gobierno afirma que aument\u00f3 la movilizaci\u00f3n de pasajeros v\u00eda a\u00e9rea entre enero y abril de 2024 frente al mismo lapso de 2023 - Ciudad y Region<\/title>\n<meta name=\"robots\" content=\"index, follow, max-snippet:-1, max-image-preview:large, max-video-preview:-1\" \/>\n<link rel=\"canonical\" href=\"https:\/\/ciudadyregion.com.co\/index.php\/gobierno-afirma-que-aumento-la-movilizacion-de-pasajeros-via-aerea-entre-enero-y-abril-de-2024-frente-al-mismo-lapso-de-2023\/nacional\/\" \/>\n<meta property=\"og:locale\" content=\"es_ES\" \/>\n<meta property=\"og:type\" content=\"article\" \/>\n<meta property=\"og:title\" content=\"Gobierno afirma que aument\u00f3 la movilizaci\u00f3n de pasajeros v\u00eda a\u00e9rea entre enero y abril de 2024 frente al mismo lapso de 2023 - Ciudad y Region\" \/>\n<meta property=\"og:description\" content=\"El n\u00famero de pasajeros internacionales movilizados en los primeros cuatro meses de este a\u00f1o creci\u00f3 en 31,6%. Un estudio de la entidad se\u00f1ala que este incremento se debi\u00f3 a una mayor oferta de sillas y a la reducci\u00f3n de tarifas por parte de las aerol\u00edneas. Cifras hist\u00f3ricas registr\u00f3 la movilizaci\u00f3nContinuar Leyendo\" \/>\n<meta property=\"og:url\" content=\"https:\/\/ciudadyregion.com.co\/index.php\/gobierno-afirma-que-aumento-la-movilizacion-de-pasajeros-via-aerea-entre-enero-y-abril-de-2024-frente-al-mismo-lapso-de-2023\/nacional\/\" \/>\n<meta property=\"og:site_name\" content=\"Ciudad y Region\" \/>\n<meta property=\"article:published_time\" content=\"2024-05-25T09:07:05+00:00\" \/>\n<meta property=\"article:modified_time\" content=\"2024-05-25T03:07:43+00:00\" \/>\n<meta property=\"og:image\" content=\"https:\/\/i0.wp.com\/ciudadyregion.com.co\/wp-content\/uploads\/2024\/05\/aeropuerto-el-dorado.jpg?fit=800%2C445&ssl=1\" \/>\n\t<meta property=\"og:image:width\" content=\"800\" \/>\n\t<meta property=\"og:image:height\" content=\"445\" \/>\n\t<meta property=\"og:image:type\" content=\"image\/jpeg\" \/>\n<meta name=\"author\" content=\"David Andr\u00e9s Aguirre\" \/>\n<meta name=\"twitter:card\" content=\"summary_large_image\" \/>\n<meta name=\"twitter:label1\" content=\"Escrito por\" \/>\n\t<meta name=\"twitter:data1\" content=\"David Andr\u00e9s Aguirre\" \/>\n\t<meta name=\"twitter:label2\" content=\"Tiempo de lectura\" \/>\n\t<meta name=\"twitter:data2\" content=\"2 minutos\" \/>\n<script type=\"application\/ld+json\" class=\"yoast-schema-graph\">{\"@context\":\"https:\/\/schema.org\",\"@graph\":[{\"@type\":\"WebPage\",\"@id\":\"https:\/\/ciudadyregion.com.co\/index.php\/gobierno-afirma-que-aumento-la-movilizacion-de-pasajeros-via-aerea-entre-enero-y-abril-de-2024-frente-al-mismo-lapso-de-2023\/nacional\/\",\"url\":\"https:\/\/ciudadyregion.com.co\/index.php\/gobierno-afirma-que-aumento-la-movilizacion-de-pasajeros-via-aerea-entre-enero-y-abril-de-2024-frente-al-mismo-lapso-de-2023\/nacional\/\",\"name\":\"Gobierno afirma que aument\u00f3 la movilizaci\u00f3n de pasajeros v\u00eda a\u00e9rea entre enero y abril de 2024 frente al mismo lapso de 2023 - Ciudad y Region\",\"isPartOf\":{\"@id\":\"https:\/\/ciudadyregion.com.co\/#website\"},\"primaryImageOfPage\":{\"@id\":\"https:\/\/ciudadyregion.com.co\/index.php\/gobierno-afirma-que-aumento-la-movilizacion-de-pasajeros-via-aerea-entre-enero-y-abril-de-2024-frente-al-mismo-lapso-de-2023\/nacional\/#primaryimage\"},\"image\":{\"@id\":\"https:\/\/ciudadyregion.com.co\/index.php\/gobierno-afirma-que-aumento-la-movilizacion-de-pasajeros-via-aerea-entre-enero-y-abril-de-2024-frente-al-mismo-lapso-de-2023\/nacional\/#primaryimage\"},\"thumbnailUrl\":\"https:\/\/i0.wp.com\/ciudadyregion.com.co\/wp-content\/uploads\/2024\/05\/aeropuerto-el-dorado.jpg?fit=800%2C445&ssl=1\",\"datePublished\":\"2024-05-25T09:07:05+00:00\",\"dateModified\":\"2024-05-25T03:07:43+00:00\",\"author\":{\"@id\":\"https:\/\/ciudadyregion.com.co\/#\/schema\/person\/04a4954373ebc4051f46e8c65ff78622\"},\"breadcrumb\":{\"@id\":\"https:\/\/ciudadyregion.com.co\/index.php\/gobierno-afirma-que-aumento-la-movilizacion-de-pasajeros-via-aerea-entre-enero-y-abril-de-2024-frente-al-mismo-lapso-de-2023\/nacional\/#breadcrumb\"},\"inLanguage\":\"es\",\"potentialAction\":[{\"@type\":\"ReadAction\",\"target\":[\"https:\/\/ciudadyregion.com.co\/index.php\/gobierno-afirma-que-aumento-la-movilizacion-de-pasajeros-via-aerea-entre-enero-y-abril-de-2024-frente-al-mismo-lapso-de-2023\/nacional\/\"]}]},{\"@type\":\"ImageObject\",\"inLanguage\":\"es\",\"@id\":\"https:\/\/ciudadyregion.com.co\/index.php\/gobierno-afirma-que-aumento-la-movilizacion-de-pasajeros-via-aerea-entre-enero-y-abril-de-2024-frente-al-mismo-lapso-de-2023\/nacional\/#primaryimage\",\"url\":\"https:\/\/i0.wp.com\/ciudadyregion.com.co\/wp-content\/uploads\/2024\/05\/aeropuerto-el-dorado.jpg?fit=800%2C445&ssl=1\",\"contentUrl\":\"https:\/\/i0.wp.com\/ciudadyregion.com.co\/wp-content\/uploads\/2024\/05\/aeropuerto-el-dorado.jpg?fit=800%2C445&ssl=1\",\"width\":800,\"height\":445},{\"@type\":\"BreadcrumbList\",\"@id\":\"https:\/\/ciudadyregion.com.co\/index.php\/gobierno-afirma-que-aumento-la-movilizacion-de-pasajeros-via-aerea-entre-enero-y-abril-de-2024-frente-al-mismo-lapso-de-2023\/nacional\/#breadcrumb\",\"itemListElement\":[{\"@type\":\"ListItem\",\"position\":1,\"name\":\"Portada\",\"item\":\"https:\/\/ciudadyregion.com.co\/\"},{\"@type\":\"ListItem\",\"position\":2,\"name\":\"Gobierno afirma que aument\u00f3 la movilizaci\u00f3n de pasajeros v\u00eda a\u00e9rea entre enero y abril de 2024 frente al mismo lapso de 2023\"}]},{\"@type\":\"WebSite\",\"@id\":\"https:\/\/ciudadyregion.com.co\/#website\",\"url\":\"https:\/\/ciudadyregion.com.co\/\",\"name\":\"Ciudad y Region\",\"description\":\"\",\"potentialAction\":[{\"@type\":\"SearchAction\",\"target\":{\"@type\":\"EntryPoint\",\"urlTemplate\":\"https:\/\/ciudadyregion.com.co\/?s={search_term_string}\"},\"query-input\":{\"@type\":\"PropertyValueSpecification\",\"valueRequired\":true,\"valueName\":\"search_term_string\"}}],\"inLanguage\":\"es\"},{\"@type\":\"Person\",\"@id\":\"https:\/\/ciudadyregion.com.co\/#\/schema\/person\/04a4954373ebc4051f46e8c65ff78622\",\"name\":\"David Andr\u00e9s Aguirre\",\"image\":{\"@type\":\"ImageObject\",\"inLanguage\":\"es\",\"@id\":\"https:\/\/ciudadyregion.com.co\/#\/schema\/person\/image\/\",\"url\":\"https:\/\/secure.gravatar.com\/avatar\/bc3c655860202182ee6d1b5edd042dbe?s=96&d=mm&r=g\",\"contentUrl\":\"https:\/\/secure.gravatar.com\/avatar\/bc3c655860202182ee6d1b5edd042dbe?s=96&d=mm&r=g\",\"caption\":\"David Andr\u00e9s Aguirre\"},\"url\":\"https:\/\/ciudadyregion.com.co\/index.php\/author\/diegoaguirre\/\"}]}<\/script>\n<!-- \/ Yoast SEO plugin. -->","yoast_head_json":{"title":"Gobierno afirma que aument\u00f3 la movilizaci\u00f3n de pasajeros v\u00eda a\u00e9rea entre enero y abril de 2024 frente al mismo lapso de 2023 - Ciudad y Region","robots":{"index":"index","follow":"follow","max-snippet":"max-snippet:-1","max-image-preview":"max-image-preview:large","max-video-preview":"max-video-preview:-1"},"canonical":"https:\/\/ciudadyregion.com.co\/index.php\/gobierno-afirma-que-aumento-la-movilizacion-de-pasajeros-via-aerea-entre-enero-y-abril-de-2024-frente-al-mismo-lapso-de-2023\/nacional\/","og_locale":"es_ES","og_type":"article","og_title":"Gobierno afirma que aument\u00f3 la movilizaci\u00f3n de pasajeros v\u00eda a\u00e9rea entre enero y abril de 2024 frente al mismo lapso de 2023 - Ciudad y Region","og_description":"El n\u00famero de pasajeros internacionales movilizados en los primeros cuatro meses de este a\u00f1o creci\u00f3 en 31,6%. Un estudio de la entidad se\u00f1ala que este incremento se debi\u00f3 a una mayor oferta de sillas y a la reducci\u00f3n de tarifas por parte de las aerol\u00edneas. Cifras hist\u00f3ricas registr\u00f3 la movilizaci\u00f3nContinuar Leyendo","og_url":"https:\/\/ciudadyregion.com.co\/index.php\/gobierno-afirma-que-aumento-la-movilizacion-de-pasajeros-via-aerea-entre-enero-y-abril-de-2024-frente-al-mismo-lapso-de-2023\/nacional\/","og_site_name":"Ciudad y Region","article_published_time":"2024-05-25T09:07:05+00:00","article_modified_time":"2024-05-25T03:07:43+00:00","og_image":[{"width":800,"height":445,"url":"https:\/\/i0.wp.com\/ciudadyregion.com.co\/wp-content\/uploads\/2024\/05\/aeropuerto-el-dorado.jpg?fit=800%2C445&ssl=1","type":"image\/jpeg"}],"author":"David Andr\u00e9s Aguirre","twitter_card":"summary_large_image","twitter_misc":{"Escrito por":"David Andr\u00e9s Aguirre","Tiempo de lectura":"2 minutos"},"schema":{"@context":"https:\/\/schema.org","@graph":[{"@type":"WebPage","@id":"https:\/\/ciudadyregion.com.co\/index.php\/gobierno-afirma-que-aumento-la-movilizacion-de-pasajeros-via-aerea-entre-enero-y-abril-de-2024-frente-al-mismo-lapso-de-2023\/nacional\/","url":"https:\/\/ciudadyregion.com.co\/index.php\/gobierno-afirma-que-aumento-la-movilizacion-de-pasajeros-via-aerea-entre-enero-y-abril-de-2024-frente-al-mismo-lapso-de-2023\/nacional\/","name":"Gobierno afirma que aument\u00f3 la movilizaci\u00f3n de pasajeros v\u00eda a\u00e9rea entre enero y abril de 2024 frente al mismo lapso de 2023 - Ciudad y Region","isPartOf":{"@id":"https:\/\/ciudadyregion.com.co\/#website"},"primaryImageOfPage":{"@id":"https:\/\/ciudadyregion.com.co\/index.php\/gobierno-afirma-que-aumento-la-movilizacion-de-pasajeros-via-aerea-entre-enero-y-abril-de-2024-frente-al-mismo-lapso-de-2023\/nacional\/#primaryimage"},"image":{"@id":"https:\/\/ciudadyregion.com.co\/index.php\/gobierno-afirma-que-aumento-la-movilizacion-de-pasajeros-via-aerea-entre-enero-y-abril-de-2024-frente-al-mismo-lapso-de-2023\/nacional\/#primaryimage"},"thumbnailUrl":"https:\/\/i0.wp.com\/ciudadyregion.com.co\/wp-content\/uploads\/2024\/05\/aeropuerto-el-dorado.jpg?fit=800%2C445&ssl=1","datePublished":"2024-05-25T09:07:05+00:00","dateModified":"2024-05-25T03:07:43+00:00","author":{"@id":"https:\/\/ciudadyregion.com.co\/#\/schema\/person\/04a4954373ebc4051f46e8c65ff78622"},"breadcrumb":{"@id":"https:\/\/ciudadyregion.com.co\/index.php\/gobierno-afirma-que-aumento-la-movilizacion-de-pasajeros-via-aerea-entre-enero-y-abril-de-2024-frente-al-mismo-lapso-de-2023\/nacional\/#breadcrumb"},"inLanguage":"es","potentialAction":[{"@type":"ReadAction","target":["https:\/\/ciudadyregion.com.co\/index.php\/gobierno-afirma-que-aumento-la-movilizacion-de-pasajeros-via-aerea-entre-enero-y-abril-de-2024-frente-al-mismo-lapso-de-2023\/nacional\/"]}]},{"@type":"ImageObject","inLanguage":"es","@id":"https:\/\/ciudadyregion.com.co\/index.php\/gobierno-afirma-que-aumento-la-movilizacion-de-pasajeros-via-aerea-entre-enero-y-abril-de-2024-frente-al-mismo-lapso-de-2023\/nacional\/#primaryimage","url":"https:\/\/i0.wp.com\/ciudadyregion.com.co\/wp-content\/uploads\/2024\/05\/aeropuerto-el-dorado.jpg?fit=800%2C445&ssl=1","contentUrl":"https:\/\/i0.wp.com\/ciudadyregion.com.co\/wp-content\/uploads\/2024\/05\/aeropuerto-el-dorado.jpg?fit=800%2C445&ssl=1","width":800,"height":445},{"@type":"BreadcrumbList","@id":"https:\/\/ciudadyregion.com.co\/index.php\/gobierno-afirma-que-aumento-la-movilizacion-de-pasajeros-via-aerea-entre-enero-y-abril-de-2024-frente-al-mismo-lapso-de-2023\/nacional\/#breadcrumb","itemListElement":[{"@type":"ListItem","position":1,"name":"Portada","item":"https:\/\/ciudadyregion.com.co\/"},{"@type":"ListItem","position":2,"name":"Gobierno afirma que aument\u00f3 la movilizaci\u00f3n de pasajeros v\u00eda a\u00e9rea entre enero y abril de 2024 frente al mismo lapso de 2023"}]},{"@type":"WebSite","@id":"https:\/\/ciudadyregion.com.co\/#website","url":"https:\/\/ciudadyregion.com.co\/","name":"Ciudad y Region","description":"","potentialAction":[{"@type":"SearchAction","target":{"@type":"EntryPoint","urlTemplate":"https:\/\/ciudadyregion.com.co\/?s={search_term_string}"},"query-input":{"@type":"PropertyValueSpecification","valueRequired":true,"valueName":"search_term_string"}}],"inLanguage":"es"},{"@type":"Person","@id":"https:\/\/ciudadyregion.com.co\/#\/schema\/person\/04a4954373ebc4051f46e8c65ff78622","name":"David Andr\u00e9s Aguirre","image":{"@type":"ImageObject","inLanguage":"es","@id":"https:\/\/ciudadyregion.com.co\/#\/schema\/person\/image\/","url":"https:\/\/secure.gravatar.com\/avatar\/bc3c655860202182ee6d1b5edd042dbe?s=96&d=mm&r=g","contentUrl":"https:\/\/secure.gravatar.com\/avatar\/bc3c655860202182ee6d1b5edd042dbe?s=96&d=mm&r=g","caption":"David Andr\u00e9s Aguirre"},"url":"https:\/\/ciudadyregion.com.co\/index.php\/author\/diegoaguirre\/"}]}},"jetpack_featured_media_url":"https:\/\/i0.wp.com\/ciudadyregion.com.co\/wp-content\/uploads\/2024\/05\/aeropuerto-el-dorado.jpg?fit=800%2C445&ssl=1","jetpack_sharing_enabled":true,"jetpack_shortlink":"https:\/\/wp.me\/pbS7hh-3R7","jetpack-related-posts":[],"_links":{"self":[{"href":"https:\/\/ciudadyregion.com.co\/index.php\/wp-json\/wp\/v2\/posts\/14825"}],"collection":[{"href":"https:\/\/ciudadyregion.com.co\/index.php\/wp-json\/wp\/v2\/posts"}],"about":[{"href":"https:\/\/ciudadyregion.com.co\/index.php\/wp-json\/wp\/v2\/types\/post"}],"author":[{"embeddable":true,"href":"https:\/\/ciudadyregion.com.co\/index.php\/wp-json\/wp\/v2\/users\/2"}],"replies":[{"embeddable":true,"href":"https:\/\/ciudadyregion.com.co\/index.php\/wp-json\/wp\/v2\/comments?post=14825"}],"version-history":[{"count":1,"href":"https:\/\/ciudadyregion.com.co\/index.php\/wp-json\/wp\/v2\/posts\/14825\/revisions"}],"predecessor-version":[{"id":14827,"href":"https:\/\/ciudadyregion.com.co\/index.php\/wp-json\/wp\/v2\/posts\/14825\/revisions\/14827"}],"wp:featuredmedia":[{"embeddable":true,"href":"https:\/\/ciudadyregion.com.co\/index.php\/wp-json\/wp\/v2\/media\/14826"}],"wp:attachment":[{"href":"https:\/\/ciudadyregion.com.co\/index.php\/wp-json\/wp\/v2\/media?parent=14825"}],"wp:term":[{"taxonomy":"category","embeddable":true,"href":"https:\/\/ciudadyregion.com.co\/index.php\/wp-json\/wp\/v2\/categories?post=14825"},{"taxonomy":"post_tag","embeddable":true,"href":"https:\/\/ciudadyregion.com.co\/index.php\/wp-json\/wp\/v2\/tags?post=14825"}],"curies":[{"name":"wp","href":"https:\/\/api.w.org\/{rel}","templated":true}]}}