{"id":14820,"date":"2024-05-25T04:01:14","date_gmt":"2024-05-25T09:01:14","guid":{"rendered":"https:\/\/ciudadyregion.com.co\/?p=14820"},"modified":"2024-05-24T22:02:06","modified_gmt":"2024-05-25T03:02:06","slug":"desalmado-capturan-a-un-hombre-que-habria-asesinado-a-su-hijastro-de-16-meses-con-arma-blanca-en-villavicencio","status":"publish","type":"post","link":"https:\/\/ciudadyregion.com.co\/index.php\/desalmado-capturan-a-un-hombre-que-habria-asesinado-a-su-hijastro-de-16-meses-con-arma-blanca-en-villavicencio\/judicial\/","title":{"rendered":"Desalmado: Capturan a un hombre que habr\u00eda asesinado a su hijastro de 16 meses con arma blanca en Villavicencio\u00a0"},"content":{"rendered":"<div class=\"\" data-block=\"true\" data-editor=\"10i6j\" data-offset-key=\"9i5ue-0-0\">\n<ul>\n<li class=\"_1mf _1mj\" data-offset-key=\"9i5ue-0-0\"><strong><em>\u00a0La mam\u00e1 del menor tambi\u00e9n result\u00f3 herida con arma cortopunzante.<\/em><\/strong><\/li>\n<\/ul>\n<\/div>\n<div class=\"\" data-block=\"true\" data-editor=\"10i6j\" data-offset-key=\"dvu8q-0-0\">\n<div class=\"_1mf _1mj\" data-offset-key=\"dvu8q-0-0\"><span data-offset-key=\"dvu8q-0-0\">Por solicitud de la Fiscal\u00eda General de la Naci\u00f3n, un juez de control de garant\u00edas impuso medida de aseguramiento en centro carcelario a un hombre de 25 a\u00f1os, quien ser\u00eda el responsable de la muerte de su hijastro, un beb\u00e9 de 16 meses, y de agredir a su compa\u00f1era sentimental.<\/span><\/div>\n<div data-offset-key=\"dvu8q-0-0\"><\/div>\n<\/div>\n<div class=\"\" data-block=\"true\" data-editor=\"10i6j\" data-offset-key=\"1a9s7-0-0\">\n<div class=\"_1mf _1mj\" data-offset-key=\"1a9s7-0-0\"><span data-offset-key=\"1a9s7-0-0\">Los hechos se presentaron en la madrugada de este 23 de mayo en el sector residencial del barrio Vainilla, en Villavicencio (Meta), donde lleg\u00f3 la polic\u00eda, para atender una ri\u00f1a dentro del inmueble.<\/span><\/div>\n<\/div>\n<div class=\"\" data-block=\"true\" data-editor=\"10i6j\" data-offset-key=\"b4mee-0-0\">\n<div class=\"_1mf _1mj\" data-offset-key=\"b4mee-0-0\"><span data-offset-key=\"b4mee-0-0\">\u00a0<\/span><\/div>\n<\/div>\n<div class=\"\" data-block=\"true\" data-editor=\"10i6j\" data-offset-key=\"60ffr-0-0\">\n<div class=\"_1mf _1mj\" data-offset-key=\"60ffr-0-0\"><span data-offset-key=\"60ffr-0-0\">Las autoridades encontraron al hombre cuando al parecer estaba agrediendo a su compa\u00f1era sentimental de 20 a\u00f1os y a su beb\u00e9 de 16 meses con arma cortopunzante, por lo cual tuvieron que reducirlo para capturarlo en flagrancia.<\/span><\/div>\n<\/div>\n<div class=\"\" data-block=\"true\" data-editor=\"10i6j\" data-offset-key=\"fnf3g-0-0\">\n<div class=\"_1mf _1mj\" data-offset-key=\"fnf3g-0-0\"><span data-offset-key=\"fnf3g-0-0\">\u00a0<\/span><\/div>\n<\/div>\n<div class=\"\" data-block=\"true\" data-editor=\"10i6j\" data-offset-key=\"1ecn9-0-0\">\n<div class=\"_1mf _1mj\" data-offset-key=\"1ecn9-0-0\"><span data-offset-key=\"1ecn9-0-0\">Las v\u00edctimas fueron conducidas al hospital para ser atendidas. Sin embargo, el beb\u00e9 falleci\u00f3 debido a las m\u00faltiples heridas sufridas en el cr\u00e1neo y en sus brazos.<\/span><\/div>\n<\/div>\n<div class=\"\" data-block=\"true\" data-editor=\"10i6j\" data-offset-key=\"351pj-0-0\">\n<div class=\"_1mf _1mj\" data-offset-key=\"351pj-0-0\"><span data-offset-key=\"351pj-0-0\">\u00a0<\/span><\/div>\n<\/div>\n<div class=\"\" data-block=\"true\" data-editor=\"10i6j\" data-offset-key=\"dt761-0-0\">\n<div class=\"_1mf _1mj\" data-offset-key=\"dt761-0-0\"><span data-offset-key=\"dt761-0-0\">La Fiscal\u00eda le formul\u00f3 imputaci\u00f3n por los delitos de homicidio y tentativa de feminicidio agravados, los cuales no fueron aceptados.<\/span><\/div>\n<\/div>\n","protected":false},"excerpt":{"rendered":"<p>\u00a0La mam\u00e1 del menor tambi\u00e9n result\u00f3 herida con arma cortopunzante. Por solicitud de la Fiscal\u00eda General de la Naci\u00f3n, un juez de control de garant\u00edas impuso medida de aseguramiento en centro carcelario a un hombre de 25 a\u00f1os, quien ser\u00eda el responsable de la muerte de su hijastro, un beb\u00e9<span class=\"more-link\"><a href=\"https:\/\/ciudadyregion.com.co\/index.php\/desalmado-capturan-a-un-hombre-que-habria-asesinado-a-su-hijastro-de-16-meses-con-arma-blanca-en-villavicencio\/judicial\/\">Continuar Leyendo<\/a><\/span><\/p>\n","protected":false},"author":2,"featured_media":14821,"comment_status":"open","ping_status":"open","sticky":false,"template":"","format":"standard","meta":{"_uf_show_specific_survey":0,"_uf_disable_surveys":false,"_jetpack_memberships_contains_paid_content":false,"footnotes":"","jetpack_publicize_message":"","jetpack_publicize_feature_enabled":true,"jetpack_social_post_already_shared":true,"jetpack_social_options":{"image_generator_settings":{"template":"highway","enabled":false},"version":2}},"categories":[18],"tags":[],"class_list":["entry","author-diegoaguirre","post-14820","post","type-post","status-publish","format-standard","has-post-thumbnail","category-judicial"],"jetpack_publicize_connections":[],"yoast_head":"<!-- This site is optimized with the Yoast SEO plugin v24.3 - https:\/\/yoast.com\/wordpress\/plugins\/seo\/ -->\n<title>Desalmado: Capturan a un hombre que habr\u00eda asesinado a su hijastro de 16 meses con arma blanca en Villavicencio\u00a0 - Ciudad y Region<\/title>\n<meta name=\"robots\" content=\"index, follow, max-snippet:-1, max-image-preview:large, max-video-preview:-1\" \/>\n<link rel=\"canonical\" href=\"https:\/\/ciudadyregion.com.co\/index.php\/desalmado-capturan-a-un-hombre-que-habria-asesinado-a-su-hijastro-de-16-meses-con-arma-blanca-en-villavicencio\/judicial\/\" \/>\n<meta property=\"og:locale\" content=\"es_ES\" \/>\n<meta property=\"og:type\" content=\"article\" \/>\n<meta property=\"og:title\" content=\"Desalmado: Capturan a un hombre que habr\u00eda asesinado a su hijastro de 16 meses con arma blanca en Villavicencio\u00a0 - Ciudad y Region\" \/>\n<meta property=\"og:description\" content=\"\u00a0La mam\u00e1 del menor tambi\u00e9n result\u00f3 herida con arma cortopunzante. Por solicitud de la Fiscal\u00eda General de la Naci\u00f3n, un juez de control de garant\u00edas impuso medida de aseguramiento en centro carcelario a un hombre de 25 a\u00f1os, quien ser\u00eda el responsable de la muerte de su hijastro, un beb\u00e9Continuar Leyendo\" \/>\n<meta property=\"og:url\" content=\"https:\/\/ciudadyregion.com.co\/index.php\/desalmado-capturan-a-un-hombre-que-habria-asesinado-a-su-hijastro-de-16-meses-con-arma-blanca-en-villavicencio\/judicial\/\" \/>\n<meta property=\"og:site_name\" content=\"Ciudad y Region\" \/>\n<meta property=\"article:published_time\" content=\"2024-05-25T09:01:14+00:00\" \/>\n<meta property=\"article:modified_time\" content=\"2024-05-25T03:02:06+00:00\" \/>\n<meta property=\"og:image\" content=\"https:\/\/i0.wp.com\/ciudadyregion.com.co\/wp-content\/uploads\/2024\/05\/7-15.jpg?fit=800%2C445&ssl=1\" \/>\n\t<meta property=\"og:image:width\" content=\"800\" \/>\n\t<meta property=\"og:image:height\" content=\"445\" \/>\n\t<meta property=\"og:image:type\" content=\"image\/jpeg\" \/>\n<meta name=\"author\" content=\"David Andr\u00e9s Aguirre\" \/>\n<meta name=\"twitter:card\" content=\"summary_large_image\" \/>\n<meta name=\"twitter:label1\" content=\"Escrito por\" \/>\n\t<meta name=\"twitter:data1\" content=\"David Andr\u00e9s Aguirre\" \/>\n\t<meta name=\"twitter:label2\" content=\"Tiempo de lectura\" \/>\n\t<meta name=\"twitter:data2\" content=\"1 minuto\" \/>\n<script type=\"application\/ld+json\" class=\"yoast-schema-graph\">{\"@context\":\"https:\/\/schema.org\",\"@graph\":[{\"@type\":\"WebPage\",\"@id\":\"https:\/\/ciudadyregion.com.co\/index.php\/desalmado-capturan-a-un-hombre-que-habria-asesinado-a-su-hijastro-de-16-meses-con-arma-blanca-en-villavicencio\/judicial\/\",\"url\":\"https:\/\/ciudadyregion.com.co\/index.php\/desalmado-capturan-a-un-hombre-que-habria-asesinado-a-su-hijastro-de-16-meses-con-arma-blanca-en-villavicencio\/judicial\/\",\"name\":\"Desalmado: Capturan a un hombre que habr\u00eda asesinado a su hijastro de 16 meses con arma blanca en Villavicencio\u00a0 - Ciudad y Region\",\"isPartOf\":{\"@id\":\"https:\/\/ciudadyregion.com.co\/#website\"},\"primaryImageOfPage\":{\"@id\":\"https:\/\/ciudadyregion.com.co\/index.php\/desalmado-capturan-a-un-hombre-que-habria-asesinado-a-su-hijastro-de-16-meses-con-arma-blanca-en-villavicencio\/judicial\/#primaryimage\"},\"image\":{\"@id\":\"https:\/\/ciudadyregion.com.co\/index.php\/desalmado-capturan-a-un-hombre-que-habria-asesinado-a-su-hijastro-de-16-meses-con-arma-blanca-en-villavicencio\/judicial\/#primaryimage\"},\"thumbnailUrl\":\"https:\/\/i0.wp.com\/ciudadyregion.com.co\/wp-content\/uploads\/2024\/05\/7-15.jpg?fit=800%2C445&ssl=1\",\"datePublished\":\"2024-05-25T09:01:14+00:00\",\"dateModified\":\"2024-05-25T03:02:06+00:00\",\"author\":{\"@id\":\"https:\/\/ciudadyregion.com.co\/#\/schema\/person\/04a4954373ebc4051f46e8c65ff78622\"},\"breadcrumb\":{\"@id\":\"https:\/\/ciudadyregion.com.co\/index.php\/desalmado-capturan-a-un-hombre-que-habria-asesinado-a-su-hijastro-de-16-meses-con-arma-blanca-en-villavicencio\/judicial\/#breadcrumb\"},\"inLanguage\":\"es\",\"potentialAction\":[{\"@type\":\"ReadAction\",\"target\":[\"https:\/\/ciudadyregion.com.co\/index.php\/desalmado-capturan-a-un-hombre-que-habria-asesinado-a-su-hijastro-de-16-meses-con-arma-blanca-en-villavicencio\/judicial\/\"]}]},{\"@type\":\"ImageObject\",\"inLanguage\":\"es\",\"@id\":\"https:\/\/ciudadyregion.com.co\/index.php\/desalmado-capturan-a-un-hombre-que-habria-asesinado-a-su-hijastro-de-16-meses-con-arma-blanca-en-villavicencio\/judicial\/#primaryimage\",\"url\":\"https:\/\/i0.wp.com\/ciudadyregion.com.co\/wp-content\/uploads\/2024\/05\/7-15.jpg?fit=800%2C445&ssl=1\",\"contentUrl\":\"https:\/\/i0.wp.com\/ciudadyregion.com.co\/wp-content\/uploads\/2024\/05\/7-15.jpg?fit=800%2C445&ssl=1\",\"width\":800,\"height\":445},{\"@type\":\"BreadcrumbList\",\"@id\":\"https:\/\/ciudadyregion.com.co\/index.php\/desalmado-capturan-a-un-hombre-que-habria-asesinado-a-su-hijastro-de-16-meses-con-arma-blanca-en-villavicencio\/judicial\/#breadcrumb\",\"itemListElement\":[{\"@type\":\"ListItem\",\"position\":1,\"name\":\"Portada\",\"item\":\"https:\/\/ciudadyregion.com.co\/\"},{\"@type\":\"ListItem\",\"position\":2,\"name\":\"Desalmado: Capturan a un hombre que habr\u00eda asesinado a su hijastro de 16 meses con arma blanca en Villavicencio\u00a0\"}]},{\"@type\":\"WebSite\",\"@id\":\"https:\/\/ciudadyregion.com.co\/#website\",\"url\":\"https:\/\/ciudadyregion.com.co\/\",\"name\":\"Ciudad y Region\",\"description\":\"\",\"potentialAction\":[{\"@type\":\"SearchAction\",\"target\":{\"@type\":\"EntryPoint\",\"urlTemplate\":\"https:\/\/ciudadyregion.com.co\/?s={search_term_string}\"},\"query-input\":{\"@type\":\"PropertyValueSpecification\",\"valueRequired\":true,\"valueName\":\"search_term_string\"}}],\"inLanguage\":\"es\"},{\"@type\":\"Person\",\"@id\":\"https:\/\/ciudadyregion.com.co\/#\/schema\/person\/04a4954373ebc4051f46e8c65ff78622\",\"name\":\"David Andr\u00e9s Aguirre\",\"image\":{\"@type\":\"ImageObject\",\"inLanguage\":\"es\",\"@id\":\"https:\/\/ciudadyregion.com.co\/#\/schema\/person\/image\/\",\"url\":\"https:\/\/secure.gravatar.com\/avatar\/bc3c655860202182ee6d1b5edd042dbe?s=96&d=mm&r=g\",\"contentUrl\":\"https:\/\/secure.gravatar.com\/avatar\/bc3c655860202182ee6d1b5edd042dbe?s=96&d=mm&r=g\",\"caption\":\"David Andr\u00e9s Aguirre\"},\"url\":\"https:\/\/ciudadyregion.com.co\/index.php\/author\/diegoaguirre\/\"}]}<\/script>\n<!-- \/ Yoast SEO plugin. -->","yoast_head_json":{"title":"Desalmado: Capturan a un hombre que habr\u00eda asesinado a su hijastro de 16 meses con arma blanca en Villavicencio\u00a0 - Ciudad y Region","robots":{"index":"index","follow":"follow","max-snippet":"max-snippet:-1","max-image-preview":"max-image-preview:large","max-video-preview":"max-video-preview:-1"},"canonical":"https:\/\/ciudadyregion.com.co\/index.php\/desalmado-capturan-a-un-hombre-que-habria-asesinado-a-su-hijastro-de-16-meses-con-arma-blanca-en-villavicencio\/judicial\/","og_locale":"es_ES","og_type":"article","og_title":"Desalmado: Capturan a un hombre que habr\u00eda asesinado a su hijastro de 16 meses con arma blanca en Villavicencio\u00a0 - Ciudad y Region","og_description":"\u00a0La mam\u00e1 del menor tambi\u00e9n result\u00f3 herida con arma cortopunzante. Por solicitud de la Fiscal\u00eda General de la Naci\u00f3n, un juez de control de garant\u00edas impuso medida de aseguramiento en centro carcelario a un hombre de 25 a\u00f1os, quien ser\u00eda el responsable de la muerte de su hijastro, un beb\u00e9Continuar Leyendo","og_url":"https:\/\/ciudadyregion.com.co\/index.php\/desalmado-capturan-a-un-hombre-que-habria-asesinado-a-su-hijastro-de-16-meses-con-arma-blanca-en-villavicencio\/judicial\/","og_site_name":"Ciudad y Region","article_published_time":"2024-05-25T09:01:14+00:00","article_modified_time":"2024-05-25T03:02:06+00:00","og_image":[{"width":800,"height":445,"url":"https:\/\/i0.wp.com\/ciudadyregion.com.co\/wp-content\/uploads\/2024\/05\/7-15.jpg?fit=800%2C445&ssl=1","type":"image\/jpeg"}],"author":"David Andr\u00e9s Aguirre","twitter_card":"summary_large_image","twitter_misc":{"Escrito por":"David Andr\u00e9s Aguirre","Tiempo de lectura":"1 minuto"},"schema":{"@context":"https:\/\/schema.org","@graph":[{"@type":"WebPage","@id":"https:\/\/ciudadyregion.com.co\/index.php\/desalmado-capturan-a-un-hombre-que-habria-asesinado-a-su-hijastro-de-16-meses-con-arma-blanca-en-villavicencio\/judicial\/","url":"https:\/\/ciudadyregion.com.co\/index.php\/desalmado-capturan-a-un-hombre-que-habria-asesinado-a-su-hijastro-de-16-meses-con-arma-blanca-en-villavicencio\/judicial\/","name":"Desalmado: Capturan a un hombre que habr\u00eda asesinado a su hijastro de 16 meses con arma blanca en Villavicencio\u00a0 - Ciudad y Region","isPartOf":{"@id":"https:\/\/ciudadyregion.com.co\/#website"},"primaryImageOfPage":{"@id":"https:\/\/ciudadyregion.com.co\/index.php\/desalmado-capturan-a-un-hombre-que-habria-asesinado-a-su-hijastro-de-16-meses-con-arma-blanca-en-villavicencio\/judicial\/#primaryimage"},"image":{"@id":"https:\/\/ciudadyregion.com.co\/index.php\/desalmado-capturan-a-un-hombre-que-habria-asesinado-a-su-hijastro-de-16-meses-con-arma-blanca-en-villavicencio\/judicial\/#primaryimage"},"thumbnailUrl":"https:\/\/i0.wp.com\/ciudadyregion.com.co\/wp-content\/uploads\/2024\/05\/7-15.jpg?fit=800%2C445&ssl=1","datePublished":"2024-05-25T09:01:14+00:00","dateModified":"2024-05-25T03:02:06+00:00","author":{"@id":"https:\/\/ciudadyregion.com.co\/#\/schema\/person\/04a4954373ebc4051f46e8c65ff78622"},"breadcrumb":{"@id":"https:\/\/ciudadyregion.com.co\/index.php\/desalmado-capturan-a-un-hombre-que-habria-asesinado-a-su-hijastro-de-16-meses-con-arma-blanca-en-villavicencio\/judicial\/#breadcrumb"},"inLanguage":"es","potentialAction":[{"@type":"ReadAction","target":["https:\/\/ciudadyregion.com.co\/index.php\/desalmado-capturan-a-un-hombre-que-habria-asesinado-a-su-hijastro-de-16-meses-con-arma-blanca-en-villavicencio\/judicial\/"]}]},{"@type":"ImageObject","inLanguage":"es","@id":"https:\/\/ciudadyregion.com.co\/index.php\/desalmado-capturan-a-un-hombre-que-habria-asesinado-a-su-hijastro-de-16-meses-con-arma-blanca-en-villavicencio\/judicial\/#primaryimage","url":"https:\/\/i0.wp.com\/ciudadyregion.com.co\/wp-content\/uploads\/2024\/05\/7-15.jpg?fit=800%2C445&ssl=1","contentUrl":"https:\/\/i0.wp.com\/ciudadyregion.com.co\/wp-content\/uploads\/2024\/05\/7-15.jpg?fit=800%2C445&ssl=1","width":800,"height":445},{"@type":"BreadcrumbList","@id":"https:\/\/ciudadyregion.com.co\/index.php\/desalmado-capturan-a-un-hombre-que-habria-asesinado-a-su-hijastro-de-16-meses-con-arma-blanca-en-villavicencio\/judicial\/#breadcrumb","itemListElement":[{"@type":"ListItem","position":1,"name":"Portada","item":"https:\/\/ciudadyregion.com.co\/"},{"@type":"ListItem","position":2,"name":"Desalmado: Capturan a un hombre que habr\u00eda asesinado a su hijastro de 16 meses con arma blanca en Villavicencio\u00a0"}]},{"@type":"WebSite","@id":"https:\/\/ciudadyregion.com.co\/#website","url":"https:\/\/ciudadyregion.com.co\/","name":"Ciudad y Region","description":"","potentialAction":[{"@type":"SearchAction","target":{"@type":"EntryPoint","urlTemplate":"https:\/\/ciudadyregion.com.co\/?s={search_term_string}"},"query-input":{"@type":"PropertyValueSpecification","valueRequired":true,"valueName":"search_term_string"}}],"inLanguage":"es"},{"@type":"Person","@id":"https:\/\/ciudadyregion.com.co\/#\/schema\/person\/04a4954373ebc4051f46e8c65ff78622","name":"David Andr\u00e9s Aguirre","image":{"@type":"ImageObject","inLanguage":"es","@id":"https:\/\/ciudadyregion.com.co\/#\/schema\/person\/image\/","url":"https:\/\/secure.gravatar.com\/avatar\/bc3c655860202182ee6d1b5edd042dbe?s=96&d=mm&r=g","contentUrl":"https:\/\/secure.gravatar.com\/avatar\/bc3c655860202182ee6d1b5edd042dbe?s=96&d=mm&r=g","caption":"David Andr\u00e9s Aguirre"},"url":"https:\/\/ciudadyregion.com.co\/index.php\/author\/diegoaguirre\/"}]}},"jetpack_featured_media_url":"https:\/\/i0.wp.com\/ciudadyregion.com.co\/wp-content\/uploads\/2024\/05\/7-15.jpg?fit=800%2C445&ssl=1","jetpack_sharing_enabled":true,"jetpack_shortlink":"https:\/\/wp.me\/pbS7hh-3R2","jetpack-related-posts":[],"_links":{"self":[{"href":"https:\/\/ciudadyregion.com.co\/index.php\/wp-json\/wp\/v2\/posts\/14820"}],"collection":[{"href":"https:\/\/ciudadyregion.com.co\/index.php\/wp-json\/wp\/v2\/posts"}],"about":[{"href":"https:\/\/ciudadyregion.com.co\/index.php\/wp-json\/wp\/v2\/types\/post"}],"author":[{"embeddable":true,"href":"https:\/\/ciudadyregion.com.co\/index.php\/wp-json\/wp\/v2\/users\/2"}],"replies":[{"embeddable":true,"href":"https:\/\/ciudadyregion.com.co\/index.php\/wp-json\/wp\/v2\/comments?post=14820"}],"version-history":[{"count":1,"href":"https:\/\/ciudadyregion.com.co\/index.php\/wp-json\/wp\/v2\/posts\/14820\/revisions"}],"predecessor-version":[{"id":14822,"href":"https:\/\/ciudadyregion.com.co\/index.php\/wp-json\/wp\/v2\/posts\/14820\/revisions\/14822"}],"wp:featuredmedia":[{"embeddable":true,"href":"https:\/\/ciudadyregion.com.co\/index.php\/wp-json\/wp\/v2\/media\/14821"}],"wp:attachment":[{"href":"https:\/\/ciudadyregion.com.co\/index.php\/wp-json\/wp\/v2\/media?parent=14820"}],"wp:term":[{"taxonomy":"category","embeddable":true,"href":"https:\/\/ciudadyregion.com.co\/index.php\/wp-json\/wp\/v2\/categories?post=14820"},{"taxonomy":"post_tag","embeddable":true,"href":"https:\/\/ciudadyregion.com.co\/index.php\/wp-json\/wp\/v2\/tags?post=14820"}],"curies":[{"name":"wp","href":"https:\/\/api.w.org\/{rel}","templated":true}]}}