{"id":14780,"date":"2024-05-24T08:44:52","date_gmt":"2024-05-24T13:44:52","guid":{"rendered":"https:\/\/ciudadyregion.com.co\/?p=14780"},"modified":"2024-05-24T08:44:52","modified_gmt":"2024-05-24T13:44:52","slug":"hermanos-asesinos-estos-2-hombres-fueron-enviados-a-prision-por-estar-involucrados-en-el-homicidio-de-un-joven-en-espinal","status":"publish","type":"post","link":"https:\/\/ciudadyregion.com.co\/index.php\/hermanos-asesinos-estos-2-hombres-fueron-enviados-a-prision-por-estar-involucrados-en-el-homicidio-de-un-joven-en-espinal\/judicial\/","title":{"rendered":"Hermanos asesinos: Estos 2 hombres fueron enviados a prisi\u00f3n por estar involucrados en el homicidio de un joven en Espinal"},"content":{"rendered":"<p>Por solicitud de la Fiscal\u00eda General de la Naci\u00f3n, un juez de control de garant\u00edas impuso medida de aseguramiento en centro carcelario en contra de los hermanos \u00d3scar y Nelson Fabi\u00e1n Campos Reyes, presuntos responsables de la muerte de un joven de 26 a\u00f1os y de lesionar a otro hombre en El Espinal (Tolima).<\/p>\n<p>De acuerdo con la investigaci\u00f3n, desde una motocicleta en la que se movilizaban habr\u00edan disparado contra un hombre que iba en una bicicleta, el pasado 10 de marzo en la vereda Minuto de Dios.<\/p>\n<p>La v\u00edctima, herida, logr\u00f3 huir y dar aviso a su cu\u00f1ado quien fue en su b\u00fasqueda para ayudarlo recibiendo igualmente varios disparos que acabaron con su vida.<\/p>\n<p>La Fiscal\u00eda les imput\u00f3 los delitos de homicidio, tentativa de homicidio y fabricaci\u00f3n, tr\u00e1fico o porte de armas de fuego; todos estos agravados. Los hermanos Campos Reyes no aceptaron los cargos.<\/p>\n","protected":false},"excerpt":{"rendered":"<p>Por solicitud de la Fiscal\u00eda General de la Naci\u00f3n, un juez de control de garant\u00edas impuso medida de aseguramiento en centro carcelario en contra de los hermanos \u00d3scar y Nelson Fabi\u00e1n Campos Reyes, presuntos responsables de la muerte de un joven de 26 a\u00f1os y de lesionar a otro hombre<span class=\"more-link\"><a href=\"https:\/\/ciudadyregion.com.co\/index.php\/hermanos-asesinos-estos-2-hombres-fueron-enviados-a-prision-por-estar-involucrados-en-el-homicidio-de-un-joven-en-espinal\/judicial\/\">Continuar Leyendo<\/a><\/span><\/p>\n","protected":false},"author":2,"featured_media":14781,"comment_status":"open","ping_status":"open","sticky":false,"template":"","format":"standard","meta":{"_uf_show_specific_survey":0,"_uf_disable_surveys":false,"_jetpack_memberships_contains_paid_content":false,"footnotes":"","jetpack_publicize_message":"","jetpack_publicize_feature_enabled":true,"jetpack_social_post_already_shared":true,"jetpack_social_options":{"image_generator_settings":{"template":"highway","enabled":false},"version":2}},"categories":[18],"tags":[],"class_list":["entry","author-diegoaguirre","post-14780","post","type-post","status-publish","format-standard","has-post-thumbnail","category-judicial"],"jetpack_publicize_connections":[],"yoast_head":"<!-- This site is optimized with the Yoast SEO plugin v24.3 - https:\/\/yoast.com\/wordpress\/plugins\/seo\/ -->\n<title>Hermanos asesinos: Estos 2 hombres fueron enviados a prisi\u00f3n por estar involucrados en el homicidio de un joven en Espinal - Ciudad y Region<\/title>\n<meta name=\"robots\" content=\"index, follow, max-snippet:-1, max-image-preview:large, max-video-preview:-1\" \/>\n<link rel=\"canonical\" href=\"https:\/\/ciudadyregion.com.co\/index.php\/hermanos-asesinos-estos-2-hombres-fueron-enviados-a-prision-por-estar-involucrados-en-el-homicidio-de-un-joven-en-espinal\/judicial\/\" \/>\n<meta property=\"og:locale\" content=\"es_ES\" \/>\n<meta property=\"og:type\" content=\"article\" \/>\n<meta property=\"og:title\" content=\"Hermanos asesinos: Estos 2 hombres fueron enviados a prisi\u00f3n por estar involucrados en el homicidio de un joven en Espinal - Ciudad y Region\" \/>\n<meta property=\"og:description\" content=\"Por solicitud de la Fiscal\u00eda General de la Naci\u00f3n, un juez de control de garant\u00edas impuso medida de aseguramiento en centro carcelario en contra de los hermanos \u00d3scar y Nelson Fabi\u00e1n Campos Reyes, presuntos responsables de la muerte de un joven de 26 a\u00f1os y de lesionar a otro hombreContinuar Leyendo\" \/>\n<meta property=\"og:url\" content=\"https:\/\/ciudadyregion.com.co\/index.php\/hermanos-asesinos-estos-2-hombres-fueron-enviados-a-prision-por-estar-involucrados-en-el-homicidio-de-un-joven-en-espinal\/judicial\/\" \/>\n<meta property=\"og:site_name\" content=\"Ciudad y Region\" \/>\n<meta property=\"article:published_time\" content=\"2024-05-24T13:44:52+00:00\" \/>\n<meta property=\"og:image\" content=\"https:\/\/ciudadyregion.com.co\/wp-content\/uploads\/2024\/05\/t.jpg\" \/>\n\t<meta property=\"og:image:width\" content=\"800\" \/>\n\t<meta property=\"og:image:height\" content=\"445\" \/>\n\t<meta property=\"og:image:type\" content=\"image\/jpeg\" \/>\n<meta name=\"author\" content=\"David Andr\u00e9s Aguirre\" \/>\n<meta name=\"twitter:card\" content=\"summary_large_image\" \/>\n<meta name=\"twitter:label1\" content=\"Escrito por\" \/>\n\t<meta name=\"twitter:data1\" content=\"David Andr\u00e9s Aguirre\" \/>\n\t<meta name=\"twitter:label2\" content=\"Tiempo de lectura\" \/>\n\t<meta name=\"twitter:data2\" content=\"1 minuto\" \/>\n<script type=\"application\/ld+json\" class=\"yoast-schema-graph\">{\"@context\":\"https:\/\/schema.org\",\"@graph\":[{\"@type\":\"WebPage\",\"@id\":\"https:\/\/ciudadyregion.com.co\/index.php\/hermanos-asesinos-estos-2-hombres-fueron-enviados-a-prision-por-estar-involucrados-en-el-homicidio-de-un-joven-en-espinal\/judicial\/\",\"url\":\"https:\/\/ciudadyregion.com.co\/index.php\/hermanos-asesinos-estos-2-hombres-fueron-enviados-a-prision-por-estar-involucrados-en-el-homicidio-de-un-joven-en-espinal\/judicial\/\",\"name\":\"Hermanos asesinos: Estos 2 hombres fueron enviados a prisi\u00f3n por estar involucrados en el homicidio de un joven en Espinal - Ciudad y Region\",\"isPartOf\":{\"@id\":\"https:\/\/ciudadyregion.com.co\/#website\"},\"primaryImageOfPage\":{\"@id\":\"https:\/\/ciudadyregion.com.co\/index.php\/hermanos-asesinos-estos-2-hombres-fueron-enviados-a-prision-por-estar-involucrados-en-el-homicidio-de-un-joven-en-espinal\/judicial\/#primaryimage\"},\"image\":{\"@id\":\"https:\/\/ciudadyregion.com.co\/index.php\/hermanos-asesinos-estos-2-hombres-fueron-enviados-a-prision-por-estar-involucrados-en-el-homicidio-de-un-joven-en-espinal\/judicial\/#primaryimage\"},\"thumbnailUrl\":\"https:\/\/i0.wp.com\/ciudadyregion.com.co\/wp-content\/uploads\/2024\/05\/t.jpg?fit=800%2C445&ssl=1\",\"datePublished\":\"2024-05-24T13:44:52+00:00\",\"dateModified\":\"2024-05-24T13:44:52+00:00\",\"author\":{\"@id\":\"https:\/\/ciudadyregion.com.co\/#\/schema\/person\/04a4954373ebc4051f46e8c65ff78622\"},\"breadcrumb\":{\"@id\":\"https:\/\/ciudadyregion.com.co\/index.php\/hermanos-asesinos-estos-2-hombres-fueron-enviados-a-prision-por-estar-involucrados-en-el-homicidio-de-un-joven-en-espinal\/judicial\/#breadcrumb\"},\"inLanguage\":\"es\",\"potentialAction\":[{\"@type\":\"ReadAction\",\"target\":[\"https:\/\/ciudadyregion.com.co\/index.php\/hermanos-asesinos-estos-2-hombres-fueron-enviados-a-prision-por-estar-involucrados-en-el-homicidio-de-un-joven-en-espinal\/judicial\/\"]}]},{\"@type\":\"ImageObject\",\"inLanguage\":\"es\",\"@id\":\"https:\/\/ciudadyregion.com.co\/index.php\/hermanos-asesinos-estos-2-hombres-fueron-enviados-a-prision-por-estar-involucrados-en-el-homicidio-de-un-joven-en-espinal\/judicial\/#primaryimage\",\"url\":\"https:\/\/i0.wp.com\/ciudadyregion.com.co\/wp-content\/uploads\/2024\/05\/t.jpg?fit=800%2C445&ssl=1\",\"contentUrl\":\"https:\/\/i0.wp.com\/ciudadyregion.com.co\/wp-content\/uploads\/2024\/05\/t.jpg?fit=800%2C445&ssl=1\",\"width\":800,\"height\":445},{\"@type\":\"BreadcrumbList\",\"@id\":\"https:\/\/ciudadyregion.com.co\/index.php\/hermanos-asesinos-estos-2-hombres-fueron-enviados-a-prision-por-estar-involucrados-en-el-homicidio-de-un-joven-en-espinal\/judicial\/#breadcrumb\",\"itemListElement\":[{\"@type\":\"ListItem\",\"position\":1,\"name\":\"Portada\",\"item\":\"https:\/\/ciudadyregion.com.co\/\"},{\"@type\":\"ListItem\",\"position\":2,\"name\":\"Hermanos asesinos: Estos 2 hombres fueron enviados a prisi\u00f3n por estar involucrados en el homicidio de un joven en Espinal\"}]},{\"@type\":\"WebSite\",\"@id\":\"https:\/\/ciudadyregion.com.co\/#website\",\"url\":\"https:\/\/ciudadyregion.com.co\/\",\"name\":\"Ciudad y Region\",\"description\":\"\",\"potentialAction\":[{\"@type\":\"SearchAction\",\"target\":{\"@type\":\"EntryPoint\",\"urlTemplate\":\"https:\/\/ciudadyregion.com.co\/?s={search_term_string}\"},\"query-input\":{\"@type\":\"PropertyValueSpecification\",\"valueRequired\":true,\"valueName\":\"search_term_string\"}}],\"inLanguage\":\"es\"},{\"@type\":\"Person\",\"@id\":\"https:\/\/ciudadyregion.com.co\/#\/schema\/person\/04a4954373ebc4051f46e8c65ff78622\",\"name\":\"David Andr\u00e9s Aguirre\",\"image\":{\"@type\":\"ImageObject\",\"inLanguage\":\"es\",\"@id\":\"https:\/\/ciudadyregion.com.co\/#\/schema\/person\/image\/\",\"url\":\"https:\/\/secure.gravatar.com\/avatar\/bc3c655860202182ee6d1b5edd042dbe?s=96&d=mm&r=g\",\"contentUrl\":\"https:\/\/secure.gravatar.com\/avatar\/bc3c655860202182ee6d1b5edd042dbe?s=96&d=mm&r=g\",\"caption\":\"David Andr\u00e9s Aguirre\"},\"url\":\"https:\/\/ciudadyregion.com.co\/index.php\/author\/diegoaguirre\/\"}]}<\/script>\n<!-- \/ Yoast SEO plugin. -->","yoast_head_json":{"title":"Hermanos asesinos: Estos 2 hombres fueron enviados a prisi\u00f3n por estar involucrados en el homicidio de un joven en Espinal - Ciudad y Region","robots":{"index":"index","follow":"follow","max-snippet":"max-snippet:-1","max-image-preview":"max-image-preview:large","max-video-preview":"max-video-preview:-1"},"canonical":"https:\/\/ciudadyregion.com.co\/index.php\/hermanos-asesinos-estos-2-hombres-fueron-enviados-a-prision-por-estar-involucrados-en-el-homicidio-de-un-joven-en-espinal\/judicial\/","og_locale":"es_ES","og_type":"article","og_title":"Hermanos asesinos: Estos 2 hombres fueron enviados a prisi\u00f3n por estar involucrados en el homicidio de un joven en Espinal - Ciudad y Region","og_description":"Por solicitud de la Fiscal\u00eda General de la Naci\u00f3n, un juez de control de garant\u00edas impuso medida de aseguramiento en centro carcelario en contra de los hermanos \u00d3scar y Nelson Fabi\u00e1n Campos Reyes, presuntos responsables de la muerte de un joven de 26 a\u00f1os y de lesionar a otro hombreContinuar Leyendo","og_url":"https:\/\/ciudadyregion.com.co\/index.php\/hermanos-asesinos-estos-2-hombres-fueron-enviados-a-prision-por-estar-involucrados-en-el-homicidio-de-un-joven-en-espinal\/judicial\/","og_site_name":"Ciudad y Region","article_published_time":"2024-05-24T13:44:52+00:00","og_image":[{"width":800,"height":445,"url":"https:\/\/ciudadyregion.com.co\/wp-content\/uploads\/2024\/05\/t.jpg","type":"image\/jpeg"}],"author":"David Andr\u00e9s Aguirre","twitter_card":"summary_large_image","twitter_misc":{"Escrito por":"David Andr\u00e9s Aguirre","Tiempo de lectura":"1 minuto"},"schema":{"@context":"https:\/\/schema.org","@graph":[{"@type":"WebPage","@id":"https:\/\/ciudadyregion.com.co\/index.php\/hermanos-asesinos-estos-2-hombres-fueron-enviados-a-prision-por-estar-involucrados-en-el-homicidio-de-un-joven-en-espinal\/judicial\/","url":"https:\/\/ciudadyregion.com.co\/index.php\/hermanos-asesinos-estos-2-hombres-fueron-enviados-a-prision-por-estar-involucrados-en-el-homicidio-de-un-joven-en-espinal\/judicial\/","name":"Hermanos asesinos: Estos 2 hombres fueron enviados a prisi\u00f3n por estar involucrados en el homicidio de un joven en Espinal - Ciudad y Region","isPartOf":{"@id":"https:\/\/ciudadyregion.com.co\/#website"},"primaryImageOfPage":{"@id":"https:\/\/ciudadyregion.com.co\/index.php\/hermanos-asesinos-estos-2-hombres-fueron-enviados-a-prision-por-estar-involucrados-en-el-homicidio-de-un-joven-en-espinal\/judicial\/#primaryimage"},"image":{"@id":"https:\/\/ciudadyregion.com.co\/index.php\/hermanos-asesinos-estos-2-hombres-fueron-enviados-a-prision-por-estar-involucrados-en-el-homicidio-de-un-joven-en-espinal\/judicial\/#primaryimage"},"thumbnailUrl":"https:\/\/i0.wp.com\/ciudadyregion.com.co\/wp-content\/uploads\/2024\/05\/t.jpg?fit=800%2C445&ssl=1","datePublished":"2024-05-24T13:44:52+00:00","dateModified":"2024-05-24T13:44:52+00:00","author":{"@id":"https:\/\/ciudadyregion.com.co\/#\/schema\/person\/04a4954373ebc4051f46e8c65ff78622"},"breadcrumb":{"@id":"https:\/\/ciudadyregion.com.co\/index.php\/hermanos-asesinos-estos-2-hombres-fueron-enviados-a-prision-por-estar-involucrados-en-el-homicidio-de-un-joven-en-espinal\/judicial\/#breadcrumb"},"inLanguage":"es","potentialAction":[{"@type":"ReadAction","target":["https:\/\/ciudadyregion.com.co\/index.php\/hermanos-asesinos-estos-2-hombres-fueron-enviados-a-prision-por-estar-involucrados-en-el-homicidio-de-un-joven-en-espinal\/judicial\/"]}]},{"@type":"ImageObject","inLanguage":"es","@id":"https:\/\/ciudadyregion.com.co\/index.php\/hermanos-asesinos-estos-2-hombres-fueron-enviados-a-prision-por-estar-involucrados-en-el-homicidio-de-un-joven-en-espinal\/judicial\/#primaryimage","url":"https:\/\/i0.wp.com\/ciudadyregion.com.co\/wp-content\/uploads\/2024\/05\/t.jpg?fit=800%2C445&ssl=1","contentUrl":"https:\/\/i0.wp.com\/ciudadyregion.com.co\/wp-content\/uploads\/2024\/05\/t.jpg?fit=800%2C445&ssl=1","width":800,"height":445},{"@type":"BreadcrumbList","@id":"https:\/\/ciudadyregion.com.co\/index.php\/hermanos-asesinos-estos-2-hombres-fueron-enviados-a-prision-por-estar-involucrados-en-el-homicidio-de-un-joven-en-espinal\/judicial\/#breadcrumb","itemListElement":[{"@type":"ListItem","position":1,"name":"Portada","item":"https:\/\/ciudadyregion.com.co\/"},{"@type":"ListItem","position":2,"name":"Hermanos asesinos: Estos 2 hombres fueron enviados a prisi\u00f3n por estar involucrados en el homicidio de un joven en Espinal"}]},{"@type":"WebSite","@id":"https:\/\/ciudadyregion.com.co\/#website","url":"https:\/\/ciudadyregion.com.co\/","name":"Ciudad y Region","description":"","potentialAction":[{"@type":"SearchAction","target":{"@type":"EntryPoint","urlTemplate":"https:\/\/ciudadyregion.com.co\/?s={search_term_string}"},"query-input":{"@type":"PropertyValueSpecification","valueRequired":true,"valueName":"search_term_string"}}],"inLanguage":"es"},{"@type":"Person","@id":"https:\/\/ciudadyregion.com.co\/#\/schema\/person\/04a4954373ebc4051f46e8c65ff78622","name":"David Andr\u00e9s Aguirre","image":{"@type":"ImageObject","inLanguage":"es","@id":"https:\/\/ciudadyregion.com.co\/#\/schema\/person\/image\/","url":"https:\/\/secure.gravatar.com\/avatar\/bc3c655860202182ee6d1b5edd042dbe?s=96&d=mm&r=g","contentUrl":"https:\/\/secure.gravatar.com\/avatar\/bc3c655860202182ee6d1b5edd042dbe?s=96&d=mm&r=g","caption":"David Andr\u00e9s Aguirre"},"url":"https:\/\/ciudadyregion.com.co\/index.php\/author\/diegoaguirre\/"}]}},"jetpack_featured_media_url":"https:\/\/i0.wp.com\/ciudadyregion.com.co\/wp-content\/uploads\/2024\/05\/t.jpg?fit=800%2C445&ssl=1","jetpack_sharing_enabled":true,"jetpack_shortlink":"https:\/\/wp.me\/pbS7hh-3Qo","jetpack-related-posts":[],"_links":{"self":[{"href":"https:\/\/ciudadyregion.com.co\/index.php\/wp-json\/wp\/v2\/posts\/14780"}],"collection":[{"href":"https:\/\/ciudadyregion.com.co\/index.php\/wp-json\/wp\/v2\/posts"}],"about":[{"href":"https:\/\/ciudadyregion.com.co\/index.php\/wp-json\/wp\/v2\/types\/post"}],"author":[{"embeddable":true,"href":"https:\/\/ciudadyregion.com.co\/index.php\/wp-json\/wp\/v2\/users\/2"}],"replies":[{"embeddable":true,"href":"https:\/\/ciudadyregion.com.co\/index.php\/wp-json\/wp\/v2\/comments?post=14780"}],"version-history":[{"count":1,"href":"https:\/\/ciudadyregion.com.co\/index.php\/wp-json\/wp\/v2\/posts\/14780\/revisions"}],"predecessor-version":[{"id":14782,"href":"https:\/\/ciudadyregion.com.co\/index.php\/wp-json\/wp\/v2\/posts\/14780\/revisions\/14782"}],"wp:featuredmedia":[{"embeddable":true,"href":"https:\/\/ciudadyregion.com.co\/index.php\/wp-json\/wp\/v2\/media\/14781"}],"wp:attachment":[{"href":"https:\/\/ciudadyregion.com.co\/index.php\/wp-json\/wp\/v2\/media?parent=14780"}],"wp:term":[{"taxonomy":"category","embeddable":true,"href":"https:\/\/ciudadyregion.com.co\/index.php\/wp-json\/wp\/v2\/categories?post=14780"},{"taxonomy":"post_tag","embeddable":true,"href":"https:\/\/ciudadyregion.com.co\/index.php\/wp-json\/wp\/v2\/tags?post=14780"}],"curies":[{"name":"wp","href":"https:\/\/api.w.org\/{rel}","templated":true}]}}