{"id":14777,"date":"2024-05-24T08:41:10","date_gmt":"2024-05-24T13:41:10","guid":{"rendered":"https:\/\/ciudadyregion.com.co\/?p=14777"},"modified":"2024-05-24T08:41:10","modified_gmt":"2024-05-24T13:41:10","slug":"ibague-se-prepara-para-la-version-17-del-festival-nacional-de-atletismo","status":"publish","type":"post","link":"https:\/\/ciudadyregion.com.co\/index.php\/ibague-se-prepara-para-la-version-17-del-festival-nacional-de-atletismo\/ibague\/","title":{"rendered":"Ibagu\u00e9 se prepara para\u00a0la versi\u00f3n 17 del Festival Nacional de Atletismo"},"content":{"rendered":"<div>Un fin de semana lleno de deporte tendr\u00e1 la Capital Musical con la realizaci\u00f3n de la versi\u00f3n 17 del Festival Nacional de Atletismo, que reunir\u00e1 a los nuevos talentos de esta disciplina.<\/div>\n<div><span style=\"font-family: Arial, Verdana;\">\u00a0<\/span><\/div>\n<div><span style=\"font-family: Arial, Verdana;\">La Alcald\u00eda, el Instituto Municipal para el Deporte y la Recreaci\u00f3n, Imdri ,y el Club Correcaminos han organizado todos los aspectos para cumplir con las expectativas.\u00a0<\/span><\/div>\n<div><span style=\"font-family: Arial, Verdana;\">\u00a0<\/span><\/div>\n<div><span style=\"font-family: Arial, Verdana;\">Al evento han confirmado presencia atletas de Atl\u00e1ntico, Cundinamarca, Cauca, Quind\u00edo, Huila, Risaralda, Santander, Valle del Cauca y Tolima, sumando 350 inscritos.<\/span><\/div>\n<div><span style=\"font-family: Arial, Verdana;\">\u00a0<\/span><\/div>\n<blockquote>\n<div><span style=\"font-family: Arial, Verdana;\"><i>\u201cNos alegra bastante que deportistas del L\u00edbano, Santa Isabel, San Luis, Venadillo, entre otros, pisen por primera vez un escenario de talla internacional como el que tenemos aqu\u00ed en Ibagu\u00e9\u201d,\u00a0<\/i>dijo Pamela Valencia, directora general del campeonato.\u00a0<\/span><\/div>\n<\/blockquote>\n<div><span style=\"font-family: Arial, Verdana;\">\u00a0<\/span><\/div>\n<div><span style=\"font-family: Arial, Verdana;\">El ingreso al estadio de atletismo ser\u00e1 gratuito para las competencias que iniciar\u00e1n este viernes en horas de la tarde y concluir\u00e1n el s\u00e1bado 25 de mayo, luego de las cuales se conocer\u00e1n los nuevos campeones en las categor\u00edas U6, U8, U10, U12, U14 y U16.<\/span><\/div>\n","protected":false},"excerpt":{"rendered":"<p>Un fin de semana lleno de deporte tendr\u00e1 la Capital Musical con la realizaci\u00f3n de la versi\u00f3n 17 del Festival Nacional de Atletismo, que reunir\u00e1 a los nuevos talentos de esta disciplina. \u00a0 La Alcald\u00eda, el Instituto Municipal para el Deporte y la Recreaci\u00f3n, Imdri ,y el Club Correcaminos han<span class=\"more-link\"><a href=\"https:\/\/ciudadyregion.com.co\/index.php\/ibague-se-prepara-para-la-version-17-del-festival-nacional-de-atletismo\/ibague\/\">Continuar Leyendo<\/a><\/span><\/p>\n","protected":false},"author":2,"featured_media":14778,"comment_status":"open","ping_status":"open","sticky":false,"template":"","format":"standard","meta":{"_uf_show_specific_survey":0,"_uf_disable_surveys":false,"_jetpack_memberships_contains_paid_content":false,"footnotes":"","jetpack_publicize_message":"","jetpack_publicize_feature_enabled":true,"jetpack_social_post_already_shared":true,"jetpack_social_options":{"image_generator_settings":{"template":"highway","enabled":false},"version":2}},"categories":[14],"tags":[],"class_list":["entry","author-diegoaguirre","post-14777","post","type-post","status-publish","format-standard","has-post-thumbnail","category-ibague"],"jetpack_publicize_connections":[],"yoast_head":"<!-- This site is optimized with the Yoast SEO plugin v24.3 - https:\/\/yoast.com\/wordpress\/plugins\/seo\/ -->\n<title>Ibagu\u00e9 se prepara para\u00a0la versi\u00f3n 17 del Festival Nacional de Atletismo - Ciudad y Region<\/title>\n<meta name=\"robots\" content=\"index, follow, max-snippet:-1, max-image-preview:large, max-video-preview:-1\" \/>\n<link rel=\"canonical\" href=\"https:\/\/ciudadyregion.com.co\/index.php\/ibague-se-prepara-para-la-version-17-del-festival-nacional-de-atletismo\/ibague\/\" \/>\n<meta property=\"og:locale\" content=\"es_ES\" \/>\n<meta property=\"og:type\" content=\"article\" \/>\n<meta property=\"og:title\" content=\"Ibagu\u00e9 se prepara para\u00a0la versi\u00f3n 17 del Festival Nacional de Atletismo - Ciudad y Region\" \/>\n<meta property=\"og:description\" content=\"Un fin de semana lleno de deporte tendr\u00e1 la Capital Musical con la realizaci\u00f3n de la versi\u00f3n 17 del Festival Nacional de Atletismo, que reunir\u00e1 a los nuevos talentos de esta disciplina. \u00a0 La Alcald\u00eda, el Instituto Municipal para el Deporte y la Recreaci\u00f3n, Imdri ,y el Club Correcaminos hanContinuar Leyendo\" \/>\n<meta property=\"og:url\" content=\"https:\/\/ciudadyregion.com.co\/index.php\/ibague-se-prepara-para-la-version-17-del-festival-nacional-de-atletismo\/ibague\/\" \/>\n<meta property=\"og:site_name\" content=\"Ciudad y Region\" \/>\n<meta property=\"article:published_time\" content=\"2024-05-24T13:41:10+00:00\" \/>\n<meta property=\"og:image\" content=\"https:\/\/ciudadyregion.com.co\/wp-content\/uploads\/2024\/05\/atletismo.jpg\" \/>\n\t<meta property=\"og:image:width\" content=\"800\" \/>\n\t<meta property=\"og:image:height\" content=\"445\" \/>\n\t<meta property=\"og:image:type\" content=\"image\/jpeg\" \/>\n<meta name=\"author\" content=\"David Andr\u00e9s Aguirre\" \/>\n<meta name=\"twitter:card\" content=\"summary_large_image\" \/>\n<meta name=\"twitter:label1\" content=\"Escrito por\" \/>\n\t<meta name=\"twitter:data1\" content=\"David Andr\u00e9s Aguirre\" \/>\n\t<meta name=\"twitter:label2\" content=\"Tiempo de lectura\" \/>\n\t<meta name=\"twitter:data2\" content=\"1 minuto\" \/>\n<script type=\"application\/ld+json\" class=\"yoast-schema-graph\">{\"@context\":\"https:\/\/schema.org\",\"@graph\":[{\"@type\":\"WebPage\",\"@id\":\"https:\/\/ciudadyregion.com.co\/index.php\/ibague-se-prepara-para-la-version-17-del-festival-nacional-de-atletismo\/ibague\/\",\"url\":\"https:\/\/ciudadyregion.com.co\/index.php\/ibague-se-prepara-para-la-version-17-del-festival-nacional-de-atletismo\/ibague\/\",\"name\":\"Ibagu\u00e9 se prepara para\u00a0la versi\u00f3n 17 del Festival Nacional de Atletismo - Ciudad y Region\",\"isPartOf\":{\"@id\":\"https:\/\/ciudadyregion.com.co\/#website\"},\"primaryImageOfPage\":{\"@id\":\"https:\/\/ciudadyregion.com.co\/index.php\/ibague-se-prepara-para-la-version-17-del-festival-nacional-de-atletismo\/ibague\/#primaryimage\"},\"image\":{\"@id\":\"https:\/\/ciudadyregion.com.co\/index.php\/ibague-se-prepara-para-la-version-17-del-festival-nacional-de-atletismo\/ibague\/#primaryimage\"},\"thumbnailUrl\":\"https:\/\/i0.wp.com\/ciudadyregion.com.co\/wp-content\/uploads\/2024\/05\/atletismo.jpg?fit=800%2C445&ssl=1\",\"datePublished\":\"2024-05-24T13:41:10+00:00\",\"dateModified\":\"2024-05-24T13:41:10+00:00\",\"author\":{\"@id\":\"https:\/\/ciudadyregion.com.co\/#\/schema\/person\/04a4954373ebc4051f46e8c65ff78622\"},\"breadcrumb\":{\"@id\":\"https:\/\/ciudadyregion.com.co\/index.php\/ibague-se-prepara-para-la-version-17-del-festival-nacional-de-atletismo\/ibague\/#breadcrumb\"},\"inLanguage\":\"es\",\"potentialAction\":[{\"@type\":\"ReadAction\",\"target\":[\"https:\/\/ciudadyregion.com.co\/index.php\/ibague-se-prepara-para-la-version-17-del-festival-nacional-de-atletismo\/ibague\/\"]}]},{\"@type\":\"ImageObject\",\"inLanguage\":\"es\",\"@id\":\"https:\/\/ciudadyregion.com.co\/index.php\/ibague-se-prepara-para-la-version-17-del-festival-nacional-de-atletismo\/ibague\/#primaryimage\",\"url\":\"https:\/\/i0.wp.com\/ciudadyregion.com.co\/wp-content\/uploads\/2024\/05\/atletismo.jpg?fit=800%2C445&ssl=1\",\"contentUrl\":\"https:\/\/i0.wp.com\/ciudadyregion.com.co\/wp-content\/uploads\/2024\/05\/atletismo.jpg?fit=800%2C445&ssl=1\",\"width\":800,\"height\":445},{\"@type\":\"BreadcrumbList\",\"@id\":\"https:\/\/ciudadyregion.com.co\/index.php\/ibague-se-prepara-para-la-version-17-del-festival-nacional-de-atletismo\/ibague\/#breadcrumb\",\"itemListElement\":[{\"@type\":\"ListItem\",\"position\":1,\"name\":\"Portada\",\"item\":\"https:\/\/ciudadyregion.com.co\/\"},{\"@type\":\"ListItem\",\"position\":2,\"name\":\"Ibagu\u00e9 se prepara para\u00a0la versi\u00f3n 17 del Festival Nacional de Atletismo\"}]},{\"@type\":\"WebSite\",\"@id\":\"https:\/\/ciudadyregion.com.co\/#website\",\"url\":\"https:\/\/ciudadyregion.com.co\/\",\"name\":\"Ciudad y Region\",\"description\":\"\",\"potentialAction\":[{\"@type\":\"SearchAction\",\"target\":{\"@type\":\"EntryPoint\",\"urlTemplate\":\"https:\/\/ciudadyregion.com.co\/?s={search_term_string}\"},\"query-input\":{\"@type\":\"PropertyValueSpecification\",\"valueRequired\":true,\"valueName\":\"search_term_string\"}}],\"inLanguage\":\"es\"},{\"@type\":\"Person\",\"@id\":\"https:\/\/ciudadyregion.com.co\/#\/schema\/person\/04a4954373ebc4051f46e8c65ff78622\",\"name\":\"David Andr\u00e9s Aguirre\",\"image\":{\"@type\":\"ImageObject\",\"inLanguage\":\"es\",\"@id\":\"https:\/\/ciudadyregion.com.co\/#\/schema\/person\/image\/\",\"url\":\"https:\/\/secure.gravatar.com\/avatar\/bc3c655860202182ee6d1b5edd042dbe?s=96&d=mm&r=g\",\"contentUrl\":\"https:\/\/secure.gravatar.com\/avatar\/bc3c655860202182ee6d1b5edd042dbe?s=96&d=mm&r=g\",\"caption\":\"David Andr\u00e9s Aguirre\"},\"url\":\"https:\/\/ciudadyregion.com.co\/index.php\/author\/diegoaguirre\/\"}]}<\/script>\n<!-- \/ Yoast SEO plugin. -->","yoast_head_json":{"title":"Ibagu\u00e9 se prepara para\u00a0la versi\u00f3n 17 del Festival Nacional de Atletismo - Ciudad y Region","robots":{"index":"index","follow":"follow","max-snippet":"max-snippet:-1","max-image-preview":"max-image-preview:large","max-video-preview":"max-video-preview:-1"},"canonical":"https:\/\/ciudadyregion.com.co\/index.php\/ibague-se-prepara-para-la-version-17-del-festival-nacional-de-atletismo\/ibague\/","og_locale":"es_ES","og_type":"article","og_title":"Ibagu\u00e9 se prepara para\u00a0la versi\u00f3n 17 del Festival Nacional de Atletismo - Ciudad y Region","og_description":"Un fin de semana lleno de deporte tendr\u00e1 la Capital Musical con la realizaci\u00f3n de la versi\u00f3n 17 del Festival Nacional de Atletismo, que reunir\u00e1 a los nuevos talentos de esta disciplina. \u00a0 La Alcald\u00eda, el Instituto Municipal para el Deporte y la Recreaci\u00f3n, Imdri ,y el Club Correcaminos hanContinuar Leyendo","og_url":"https:\/\/ciudadyregion.com.co\/index.php\/ibague-se-prepara-para-la-version-17-del-festival-nacional-de-atletismo\/ibague\/","og_site_name":"Ciudad y Region","article_published_time":"2024-05-24T13:41:10+00:00","og_image":[{"width":800,"height":445,"url":"https:\/\/ciudadyregion.com.co\/wp-content\/uploads\/2024\/05\/atletismo.jpg","type":"image\/jpeg"}],"author":"David Andr\u00e9s Aguirre","twitter_card":"summary_large_image","twitter_misc":{"Escrito por":"David Andr\u00e9s Aguirre","Tiempo de lectura":"1 minuto"},"schema":{"@context":"https:\/\/schema.org","@graph":[{"@type":"WebPage","@id":"https:\/\/ciudadyregion.com.co\/index.php\/ibague-se-prepara-para-la-version-17-del-festival-nacional-de-atletismo\/ibague\/","url":"https:\/\/ciudadyregion.com.co\/index.php\/ibague-se-prepara-para-la-version-17-del-festival-nacional-de-atletismo\/ibague\/","name":"Ibagu\u00e9 se prepara para\u00a0la versi\u00f3n 17 del Festival Nacional de Atletismo - Ciudad y Region","isPartOf":{"@id":"https:\/\/ciudadyregion.com.co\/#website"},"primaryImageOfPage":{"@id":"https:\/\/ciudadyregion.com.co\/index.php\/ibague-se-prepara-para-la-version-17-del-festival-nacional-de-atletismo\/ibague\/#primaryimage"},"image":{"@id":"https:\/\/ciudadyregion.com.co\/index.php\/ibague-se-prepara-para-la-version-17-del-festival-nacional-de-atletismo\/ibague\/#primaryimage"},"thumbnailUrl":"https:\/\/i0.wp.com\/ciudadyregion.com.co\/wp-content\/uploads\/2024\/05\/atletismo.jpg?fit=800%2C445&ssl=1","datePublished":"2024-05-24T13:41:10+00:00","dateModified":"2024-05-24T13:41:10+00:00","author":{"@id":"https:\/\/ciudadyregion.com.co\/#\/schema\/person\/04a4954373ebc4051f46e8c65ff78622"},"breadcrumb":{"@id":"https:\/\/ciudadyregion.com.co\/index.php\/ibague-se-prepara-para-la-version-17-del-festival-nacional-de-atletismo\/ibague\/#breadcrumb"},"inLanguage":"es","potentialAction":[{"@type":"ReadAction","target":["https:\/\/ciudadyregion.com.co\/index.php\/ibague-se-prepara-para-la-version-17-del-festival-nacional-de-atletismo\/ibague\/"]}]},{"@type":"ImageObject","inLanguage":"es","@id":"https:\/\/ciudadyregion.com.co\/index.php\/ibague-se-prepara-para-la-version-17-del-festival-nacional-de-atletismo\/ibague\/#primaryimage","url":"https:\/\/i0.wp.com\/ciudadyregion.com.co\/wp-content\/uploads\/2024\/05\/atletismo.jpg?fit=800%2C445&ssl=1","contentUrl":"https:\/\/i0.wp.com\/ciudadyregion.com.co\/wp-content\/uploads\/2024\/05\/atletismo.jpg?fit=800%2C445&ssl=1","width":800,"height":445},{"@type":"BreadcrumbList","@id":"https:\/\/ciudadyregion.com.co\/index.php\/ibague-se-prepara-para-la-version-17-del-festival-nacional-de-atletismo\/ibague\/#breadcrumb","itemListElement":[{"@type":"ListItem","position":1,"name":"Portada","item":"https:\/\/ciudadyregion.com.co\/"},{"@type":"ListItem","position":2,"name":"Ibagu\u00e9 se prepara para\u00a0la versi\u00f3n 17 del Festival Nacional de Atletismo"}]},{"@type":"WebSite","@id":"https:\/\/ciudadyregion.com.co\/#website","url":"https:\/\/ciudadyregion.com.co\/","name":"Ciudad y Region","description":"","potentialAction":[{"@type":"SearchAction","target":{"@type":"EntryPoint","urlTemplate":"https:\/\/ciudadyregion.com.co\/?s={search_term_string}"},"query-input":{"@type":"PropertyValueSpecification","valueRequired":true,"valueName":"search_term_string"}}],"inLanguage":"es"},{"@type":"Person","@id":"https:\/\/ciudadyregion.com.co\/#\/schema\/person\/04a4954373ebc4051f46e8c65ff78622","name":"David Andr\u00e9s Aguirre","image":{"@type":"ImageObject","inLanguage":"es","@id":"https:\/\/ciudadyregion.com.co\/#\/schema\/person\/image\/","url":"https:\/\/secure.gravatar.com\/avatar\/bc3c655860202182ee6d1b5edd042dbe?s=96&d=mm&r=g","contentUrl":"https:\/\/secure.gravatar.com\/avatar\/bc3c655860202182ee6d1b5edd042dbe?s=96&d=mm&r=g","caption":"David Andr\u00e9s Aguirre"},"url":"https:\/\/ciudadyregion.com.co\/index.php\/author\/diegoaguirre\/"}]}},"jetpack_featured_media_url":"https:\/\/i0.wp.com\/ciudadyregion.com.co\/wp-content\/uploads\/2024\/05\/atletismo.jpg?fit=800%2C445&ssl=1","jetpack_sharing_enabled":true,"jetpack_shortlink":"https:\/\/wp.me\/pbS7hh-3Ql","jetpack-related-posts":[],"_links":{"self":[{"href":"https:\/\/ciudadyregion.com.co\/index.php\/wp-json\/wp\/v2\/posts\/14777"}],"collection":[{"href":"https:\/\/ciudadyregion.com.co\/index.php\/wp-json\/wp\/v2\/posts"}],"about":[{"href":"https:\/\/ciudadyregion.com.co\/index.php\/wp-json\/wp\/v2\/types\/post"}],"author":[{"embeddable":true,"href":"https:\/\/ciudadyregion.com.co\/index.php\/wp-json\/wp\/v2\/users\/2"}],"replies":[{"embeddable":true,"href":"https:\/\/ciudadyregion.com.co\/index.php\/wp-json\/wp\/v2\/comments?post=14777"}],"version-history":[{"count":1,"href":"https:\/\/ciudadyregion.com.co\/index.php\/wp-json\/wp\/v2\/posts\/14777\/revisions"}],"predecessor-version":[{"id":14779,"href":"https:\/\/ciudadyregion.com.co\/index.php\/wp-json\/wp\/v2\/posts\/14777\/revisions\/14779"}],"wp:featuredmedia":[{"embeddable":true,"href":"https:\/\/ciudadyregion.com.co\/index.php\/wp-json\/wp\/v2\/media\/14778"}],"wp:attachment":[{"href":"https:\/\/ciudadyregion.com.co\/index.php\/wp-json\/wp\/v2\/media?parent=14777"}],"wp:term":[{"taxonomy":"category","embeddable":true,"href":"https:\/\/ciudadyregion.com.co\/index.php\/wp-json\/wp\/v2\/categories?post=14777"},{"taxonomy":"post_tag","embeddable":true,"href":"https:\/\/ciudadyregion.com.co\/index.php\/wp-json\/wp\/v2\/tags?post=14777"}],"curies":[{"name":"wp","href":"https:\/\/api.w.org\/{rel}","templated":true}]}}