{"id":14771,"date":"2024-05-24T08:33:16","date_gmt":"2024-05-24T13:33:16","guid":{"rendered":"https:\/\/ciudadyregion.com.co\/?p=14771"},"modified":"2024-05-24T08:33:16","modified_gmt":"2024-05-24T13:33:16","slug":"un-suboficial-del-ejercito-es-enviado-a-la-carcel-por-estar-implicado-en-la-desaparicion-de-una-persona-en-narino","status":"publish","type":"post","link":"https:\/\/ciudadyregion.com.co\/index.php\/un-suboficial-del-ejercito-es-enviado-a-la-carcel-por-estar-implicado-en-la-desaparicion-de-una-persona-en-narino\/judicial\/","title":{"rendered":"Un suboficial del Ej\u00e9rcito es enviado a la c\u00e1rcel por estar implicado en la desaparici\u00f3n de una persona en Nari\u00f1o"},"content":{"rendered":"<p>La contundencia del material probatorio presentado por la Fiscal\u00eda General de la Naci\u00f3n, permiti\u00f3 que un juez de control de garant\u00edas impusiera media de aseguramiento en establecimiento carcelario contra el sargento viceprimero del Ej\u00e9rcito, Jes\u00fas Mar\u00eda Infante Arismendy, presuntamente implicado en la desaparici\u00f3n forzada de una persona.<\/p>\n<p>Los hechos investigados ocurrieron el 7 de agosto de 2022 en la v\u00eda que de Tumaco conduce a T\u00faquerres, en jurisdicci\u00f3n del corregimiento Ospina P\u00e9rez del municipio de Ricaurte (Nari\u00f1o).<\/p>\n<p>En dicha zona un grupo de militares, al mando de Infante Arismendy, hab\u00eda instalado un puesto de vigilancia y control al que fue requerido un motociclista. Al parecer, la identidad del conductor coincid\u00eda con la de una persona que se habr\u00eda fugado de una estaci\u00f3n de Polic\u00eda con varios kilos de coca\u00edna.<\/p>\n<p>Esta fue \u00faltima vez que se tuvo conocimiento del paradero de dicho ciudadano, por lo que sus familiares instauraron una denuncia ante la Fiscal\u00eda General de la Naci\u00f3n con el fin de conocer lo sucedido con su ser querido.<\/p>\n<p>Indagaciones preliminares evidencian que el reporte redactado por el suboficial a este respecto, al padecer, fue alterado. Tampoco precis\u00f3 el destino del estupefaciente que se cree portaban la v\u00edctima.<\/p>\n<p>Por estos hechos funcionarios del CTI, apoyados por agentes del Gaula Militar capturaron al suboficial en Popay\u00e1n (Cauca). Un fiscal especializado le imput\u00f3 los delitos de desaparici\u00f3n forzada y falsedad ideol\u00f3gica en documento p\u00fablico, cargos que no fueron aceptados.<\/p>\n","protected":false},"excerpt":{"rendered":"<p>La contundencia del material probatorio presentado por la Fiscal\u00eda General de la Naci\u00f3n, permiti\u00f3 que un juez de control de garant\u00edas impusiera media de aseguramiento en establecimiento carcelario contra el sargento viceprimero del Ej\u00e9rcito, Jes\u00fas Mar\u00eda Infante Arismendy, presuntamente implicado en la desaparici\u00f3n forzada de una persona. Los hechos investigados<span class=\"more-link\"><a href=\"https:\/\/ciudadyregion.com.co\/index.php\/un-suboficial-del-ejercito-es-enviado-a-la-carcel-por-estar-implicado-en-la-desaparicion-de-una-persona-en-narino\/judicial\/\">Continuar Leyendo<\/a><\/span><\/p>\n","protected":false},"author":2,"featured_media":14772,"comment_status":"open","ping_status":"open","sticky":false,"template":"","format":"standard","meta":{"_uf_show_specific_survey":0,"_uf_disable_surveys":false,"_jetpack_memberships_contains_paid_content":false,"footnotes":"","jetpack_publicize_message":"","jetpack_publicize_feature_enabled":true,"jetpack_social_post_already_shared":true,"jetpack_social_options":{"image_generator_settings":{"template":"highway","enabled":false},"version":2}},"categories":[18],"tags":[],"class_list":["entry","author-diegoaguirre","post-14771","post","type-post","status-publish","format-standard","has-post-thumbnail","category-judicial"],"jetpack_publicize_connections":[],"yoast_head":"<!-- This site is optimized with the Yoast SEO plugin v24.3 - https:\/\/yoast.com\/wordpress\/plugins\/seo\/ -->\n<title>Un suboficial del Ej\u00e9rcito es enviado a la c\u00e1rcel por estar implicado en la desaparici\u00f3n de una persona en Nari\u00f1o - Ciudad y Region<\/title>\n<meta name=\"robots\" content=\"index, follow, max-snippet:-1, max-image-preview:large, max-video-preview:-1\" \/>\n<link rel=\"canonical\" href=\"https:\/\/ciudadyregion.com.co\/index.php\/un-suboficial-del-ejercito-es-enviado-a-la-carcel-por-estar-implicado-en-la-desaparicion-de-una-persona-en-narino\/judicial\/\" \/>\n<meta property=\"og:locale\" content=\"es_ES\" \/>\n<meta property=\"og:type\" content=\"article\" \/>\n<meta property=\"og:title\" content=\"Un suboficial del Ej\u00e9rcito es enviado a la c\u00e1rcel por estar implicado en la desaparici\u00f3n de una persona en Nari\u00f1o - Ciudad y Region\" \/>\n<meta property=\"og:description\" content=\"La contundencia del material probatorio presentado por la Fiscal\u00eda General de la Naci\u00f3n, permiti\u00f3 que un juez de control de garant\u00edas impusiera media de aseguramiento en establecimiento carcelario contra el sargento viceprimero del Ej\u00e9rcito, Jes\u00fas Mar\u00eda Infante Arismendy, presuntamente implicado en la desaparici\u00f3n forzada de una persona. Los hechos investigadosContinuar Leyendo\" \/>\n<meta property=\"og:url\" content=\"https:\/\/ciudadyregion.com.co\/index.php\/un-suboficial-del-ejercito-es-enviado-a-la-carcel-por-estar-implicado-en-la-desaparicion-de-una-persona-en-narino\/judicial\/\" \/>\n<meta property=\"og:site_name\" content=\"Ciudad y Region\" \/>\n<meta property=\"article:published_time\" content=\"2024-05-24T13:33:16+00:00\" \/>\n<meta property=\"og:image\" content=\"https:\/\/ciudadyregion.com.co\/wp-content\/uploads\/2024\/05\/8-11-1.jpg\" \/>\n\t<meta property=\"og:image:width\" content=\"800\" \/>\n\t<meta property=\"og:image:height\" content=\"445\" \/>\n\t<meta property=\"og:image:type\" content=\"image\/jpeg\" \/>\n<meta name=\"author\" content=\"David Andr\u00e9s Aguirre\" \/>\n<meta name=\"twitter:card\" content=\"summary_large_image\" \/>\n<meta name=\"twitter:label1\" content=\"Escrito por\" \/>\n\t<meta name=\"twitter:data1\" content=\"David Andr\u00e9s Aguirre\" \/>\n\t<meta name=\"twitter:label2\" content=\"Tiempo de lectura\" \/>\n\t<meta name=\"twitter:data2\" content=\"2 minutos\" \/>\n<script type=\"application\/ld+json\" class=\"yoast-schema-graph\">{\"@context\":\"https:\/\/schema.org\",\"@graph\":[{\"@type\":\"WebPage\",\"@id\":\"https:\/\/ciudadyregion.com.co\/index.php\/un-suboficial-del-ejercito-es-enviado-a-la-carcel-por-estar-implicado-en-la-desaparicion-de-una-persona-en-narino\/judicial\/\",\"url\":\"https:\/\/ciudadyregion.com.co\/index.php\/un-suboficial-del-ejercito-es-enviado-a-la-carcel-por-estar-implicado-en-la-desaparicion-de-una-persona-en-narino\/judicial\/\",\"name\":\"Un suboficial del Ej\u00e9rcito es enviado a la c\u00e1rcel por estar implicado en la desaparici\u00f3n de una persona en Nari\u00f1o - Ciudad y Region\",\"isPartOf\":{\"@id\":\"https:\/\/ciudadyregion.com.co\/#website\"},\"primaryImageOfPage\":{\"@id\":\"https:\/\/ciudadyregion.com.co\/index.php\/un-suboficial-del-ejercito-es-enviado-a-la-carcel-por-estar-implicado-en-la-desaparicion-de-una-persona-en-narino\/judicial\/#primaryimage\"},\"image\":{\"@id\":\"https:\/\/ciudadyregion.com.co\/index.php\/un-suboficial-del-ejercito-es-enviado-a-la-carcel-por-estar-implicado-en-la-desaparicion-de-una-persona-en-narino\/judicial\/#primaryimage\"},\"thumbnailUrl\":\"https:\/\/i0.wp.com\/ciudadyregion.com.co\/wp-content\/uploads\/2024\/05\/8-11-1.jpg?fit=800%2C445&ssl=1\",\"datePublished\":\"2024-05-24T13:33:16+00:00\",\"dateModified\":\"2024-05-24T13:33:16+00:00\",\"author\":{\"@id\":\"https:\/\/ciudadyregion.com.co\/#\/schema\/person\/04a4954373ebc4051f46e8c65ff78622\"},\"breadcrumb\":{\"@id\":\"https:\/\/ciudadyregion.com.co\/index.php\/un-suboficial-del-ejercito-es-enviado-a-la-carcel-por-estar-implicado-en-la-desaparicion-de-una-persona-en-narino\/judicial\/#breadcrumb\"},\"inLanguage\":\"es\",\"potentialAction\":[{\"@type\":\"ReadAction\",\"target\":[\"https:\/\/ciudadyregion.com.co\/index.php\/un-suboficial-del-ejercito-es-enviado-a-la-carcel-por-estar-implicado-en-la-desaparicion-de-una-persona-en-narino\/judicial\/\"]}]},{\"@type\":\"ImageObject\",\"inLanguage\":\"es\",\"@id\":\"https:\/\/ciudadyregion.com.co\/index.php\/un-suboficial-del-ejercito-es-enviado-a-la-carcel-por-estar-implicado-en-la-desaparicion-de-una-persona-en-narino\/judicial\/#primaryimage\",\"url\":\"https:\/\/i0.wp.com\/ciudadyregion.com.co\/wp-content\/uploads\/2024\/05\/8-11-1.jpg?fit=800%2C445&ssl=1\",\"contentUrl\":\"https:\/\/i0.wp.com\/ciudadyregion.com.co\/wp-content\/uploads\/2024\/05\/8-11-1.jpg?fit=800%2C445&ssl=1\",\"width\":800,\"height\":445},{\"@type\":\"BreadcrumbList\",\"@id\":\"https:\/\/ciudadyregion.com.co\/index.php\/un-suboficial-del-ejercito-es-enviado-a-la-carcel-por-estar-implicado-en-la-desaparicion-de-una-persona-en-narino\/judicial\/#breadcrumb\",\"itemListElement\":[{\"@type\":\"ListItem\",\"position\":1,\"name\":\"Portada\",\"item\":\"https:\/\/ciudadyregion.com.co\/\"},{\"@type\":\"ListItem\",\"position\":2,\"name\":\"Un suboficial del Ej\u00e9rcito es enviado a la c\u00e1rcel por estar implicado en la desaparici\u00f3n de una persona en Nari\u00f1o\"}]},{\"@type\":\"WebSite\",\"@id\":\"https:\/\/ciudadyregion.com.co\/#website\",\"url\":\"https:\/\/ciudadyregion.com.co\/\",\"name\":\"Ciudad y Region\",\"description\":\"\",\"potentialAction\":[{\"@type\":\"SearchAction\",\"target\":{\"@type\":\"EntryPoint\",\"urlTemplate\":\"https:\/\/ciudadyregion.com.co\/?s={search_term_string}\"},\"query-input\":{\"@type\":\"PropertyValueSpecification\",\"valueRequired\":true,\"valueName\":\"search_term_string\"}}],\"inLanguage\":\"es\"},{\"@type\":\"Person\",\"@id\":\"https:\/\/ciudadyregion.com.co\/#\/schema\/person\/04a4954373ebc4051f46e8c65ff78622\",\"name\":\"David Andr\u00e9s Aguirre\",\"image\":{\"@type\":\"ImageObject\",\"inLanguage\":\"es\",\"@id\":\"https:\/\/ciudadyregion.com.co\/#\/schema\/person\/image\/\",\"url\":\"https:\/\/secure.gravatar.com\/avatar\/bc3c655860202182ee6d1b5edd042dbe?s=96&d=mm&r=g\",\"contentUrl\":\"https:\/\/secure.gravatar.com\/avatar\/bc3c655860202182ee6d1b5edd042dbe?s=96&d=mm&r=g\",\"caption\":\"David Andr\u00e9s Aguirre\"},\"url\":\"https:\/\/ciudadyregion.com.co\/index.php\/author\/diegoaguirre\/\"}]}<\/script>\n<!-- \/ Yoast SEO plugin. -->","yoast_head_json":{"title":"Un suboficial del Ej\u00e9rcito es enviado a la c\u00e1rcel por estar implicado en la desaparici\u00f3n de una persona en Nari\u00f1o - Ciudad y Region","robots":{"index":"index","follow":"follow","max-snippet":"max-snippet:-1","max-image-preview":"max-image-preview:large","max-video-preview":"max-video-preview:-1"},"canonical":"https:\/\/ciudadyregion.com.co\/index.php\/un-suboficial-del-ejercito-es-enviado-a-la-carcel-por-estar-implicado-en-la-desaparicion-de-una-persona-en-narino\/judicial\/","og_locale":"es_ES","og_type":"article","og_title":"Un suboficial del Ej\u00e9rcito es enviado a la c\u00e1rcel por estar implicado en la desaparici\u00f3n de una persona en Nari\u00f1o - Ciudad y Region","og_description":"La contundencia del material probatorio presentado por la Fiscal\u00eda General de la Naci\u00f3n, permiti\u00f3 que un juez de control de garant\u00edas impusiera media de aseguramiento en establecimiento carcelario contra el sargento viceprimero del Ej\u00e9rcito, Jes\u00fas Mar\u00eda Infante Arismendy, presuntamente implicado en la desaparici\u00f3n forzada de una persona. Los hechos investigadosContinuar Leyendo","og_url":"https:\/\/ciudadyregion.com.co\/index.php\/un-suboficial-del-ejercito-es-enviado-a-la-carcel-por-estar-implicado-en-la-desaparicion-de-una-persona-en-narino\/judicial\/","og_site_name":"Ciudad y Region","article_published_time":"2024-05-24T13:33:16+00:00","og_image":[{"width":800,"height":445,"url":"https:\/\/ciudadyregion.com.co\/wp-content\/uploads\/2024\/05\/8-11-1.jpg","type":"image\/jpeg"}],"author":"David Andr\u00e9s Aguirre","twitter_card":"summary_large_image","twitter_misc":{"Escrito por":"David Andr\u00e9s Aguirre","Tiempo de lectura":"2 minutos"},"schema":{"@context":"https:\/\/schema.org","@graph":[{"@type":"WebPage","@id":"https:\/\/ciudadyregion.com.co\/index.php\/un-suboficial-del-ejercito-es-enviado-a-la-carcel-por-estar-implicado-en-la-desaparicion-de-una-persona-en-narino\/judicial\/","url":"https:\/\/ciudadyregion.com.co\/index.php\/un-suboficial-del-ejercito-es-enviado-a-la-carcel-por-estar-implicado-en-la-desaparicion-de-una-persona-en-narino\/judicial\/","name":"Un suboficial del Ej\u00e9rcito es enviado a la c\u00e1rcel por estar implicado en la desaparici\u00f3n de una persona en Nari\u00f1o - Ciudad y Region","isPartOf":{"@id":"https:\/\/ciudadyregion.com.co\/#website"},"primaryImageOfPage":{"@id":"https:\/\/ciudadyregion.com.co\/index.php\/un-suboficial-del-ejercito-es-enviado-a-la-carcel-por-estar-implicado-en-la-desaparicion-de-una-persona-en-narino\/judicial\/#primaryimage"},"image":{"@id":"https:\/\/ciudadyregion.com.co\/index.php\/un-suboficial-del-ejercito-es-enviado-a-la-carcel-por-estar-implicado-en-la-desaparicion-de-una-persona-en-narino\/judicial\/#primaryimage"},"thumbnailUrl":"https:\/\/i0.wp.com\/ciudadyregion.com.co\/wp-content\/uploads\/2024\/05\/8-11-1.jpg?fit=800%2C445&ssl=1","datePublished":"2024-05-24T13:33:16+00:00","dateModified":"2024-05-24T13:33:16+00:00","author":{"@id":"https:\/\/ciudadyregion.com.co\/#\/schema\/person\/04a4954373ebc4051f46e8c65ff78622"},"breadcrumb":{"@id":"https:\/\/ciudadyregion.com.co\/index.php\/un-suboficial-del-ejercito-es-enviado-a-la-carcel-por-estar-implicado-en-la-desaparicion-de-una-persona-en-narino\/judicial\/#breadcrumb"},"inLanguage":"es","potentialAction":[{"@type":"ReadAction","target":["https:\/\/ciudadyregion.com.co\/index.php\/un-suboficial-del-ejercito-es-enviado-a-la-carcel-por-estar-implicado-en-la-desaparicion-de-una-persona-en-narino\/judicial\/"]}]},{"@type":"ImageObject","inLanguage":"es","@id":"https:\/\/ciudadyregion.com.co\/index.php\/un-suboficial-del-ejercito-es-enviado-a-la-carcel-por-estar-implicado-en-la-desaparicion-de-una-persona-en-narino\/judicial\/#primaryimage","url":"https:\/\/i0.wp.com\/ciudadyregion.com.co\/wp-content\/uploads\/2024\/05\/8-11-1.jpg?fit=800%2C445&ssl=1","contentUrl":"https:\/\/i0.wp.com\/ciudadyregion.com.co\/wp-content\/uploads\/2024\/05\/8-11-1.jpg?fit=800%2C445&ssl=1","width":800,"height":445},{"@type":"BreadcrumbList","@id":"https:\/\/ciudadyregion.com.co\/index.php\/un-suboficial-del-ejercito-es-enviado-a-la-carcel-por-estar-implicado-en-la-desaparicion-de-una-persona-en-narino\/judicial\/#breadcrumb","itemListElement":[{"@type":"ListItem","position":1,"name":"Portada","item":"https:\/\/ciudadyregion.com.co\/"},{"@type":"ListItem","position":2,"name":"Un suboficial del Ej\u00e9rcito es enviado a la c\u00e1rcel por estar implicado en la desaparici\u00f3n de una persona en Nari\u00f1o"}]},{"@type":"WebSite","@id":"https:\/\/ciudadyregion.com.co\/#website","url":"https:\/\/ciudadyregion.com.co\/","name":"Ciudad y Region","description":"","potentialAction":[{"@type":"SearchAction","target":{"@type":"EntryPoint","urlTemplate":"https:\/\/ciudadyregion.com.co\/?s={search_term_string}"},"query-input":{"@type":"PropertyValueSpecification","valueRequired":true,"valueName":"search_term_string"}}],"inLanguage":"es"},{"@type":"Person","@id":"https:\/\/ciudadyregion.com.co\/#\/schema\/person\/04a4954373ebc4051f46e8c65ff78622","name":"David Andr\u00e9s Aguirre","image":{"@type":"ImageObject","inLanguage":"es","@id":"https:\/\/ciudadyregion.com.co\/#\/schema\/person\/image\/","url":"https:\/\/secure.gravatar.com\/avatar\/bc3c655860202182ee6d1b5edd042dbe?s=96&d=mm&r=g","contentUrl":"https:\/\/secure.gravatar.com\/avatar\/bc3c655860202182ee6d1b5edd042dbe?s=96&d=mm&r=g","caption":"David Andr\u00e9s Aguirre"},"url":"https:\/\/ciudadyregion.com.co\/index.php\/author\/diegoaguirre\/"}]}},"jetpack_featured_media_url":"https:\/\/i0.wp.com\/ciudadyregion.com.co\/wp-content\/uploads\/2024\/05\/8-11-1.jpg?fit=800%2C445&ssl=1","jetpack_sharing_enabled":true,"jetpack_shortlink":"https:\/\/wp.me\/pbS7hh-3Qf","jetpack-related-posts":[],"_links":{"self":[{"href":"https:\/\/ciudadyregion.com.co\/index.php\/wp-json\/wp\/v2\/posts\/14771"}],"collection":[{"href":"https:\/\/ciudadyregion.com.co\/index.php\/wp-json\/wp\/v2\/posts"}],"about":[{"href":"https:\/\/ciudadyregion.com.co\/index.php\/wp-json\/wp\/v2\/types\/post"}],"author":[{"embeddable":true,"href":"https:\/\/ciudadyregion.com.co\/index.php\/wp-json\/wp\/v2\/users\/2"}],"replies":[{"embeddable":true,"href":"https:\/\/ciudadyregion.com.co\/index.php\/wp-json\/wp\/v2\/comments?post=14771"}],"version-history":[{"count":1,"href":"https:\/\/ciudadyregion.com.co\/index.php\/wp-json\/wp\/v2\/posts\/14771\/revisions"}],"predecessor-version":[{"id":14773,"href":"https:\/\/ciudadyregion.com.co\/index.php\/wp-json\/wp\/v2\/posts\/14771\/revisions\/14773"}],"wp:featuredmedia":[{"embeddable":true,"href":"https:\/\/ciudadyregion.com.co\/index.php\/wp-json\/wp\/v2\/media\/14772"}],"wp:attachment":[{"href":"https:\/\/ciudadyregion.com.co\/index.php\/wp-json\/wp\/v2\/media?parent=14771"}],"wp:term":[{"taxonomy":"category","embeddable":true,"href":"https:\/\/ciudadyregion.com.co\/index.php\/wp-json\/wp\/v2\/categories?post=14771"},{"taxonomy":"post_tag","embeddable":true,"href":"https:\/\/ciudadyregion.com.co\/index.php\/wp-json\/wp\/v2\/tags?post=14771"}],"curies":[{"name":"wp","href":"https:\/\/api.w.org\/{rel}","templated":true}]}}