{"id":14766,"date":"2024-05-24T08:23:49","date_gmt":"2024-05-24T13:23:49","guid":{"rendered":"https:\/\/ciudadyregion.com.co\/?p=14766"},"modified":"2024-05-24T08:23:49","modified_gmt":"2024-05-24T13:23:49","slug":"se-las-queria-dar-de-abeja-carcel-para-ciudadano-italiano-solicito-con-una-documentacion-falsa-la-herencia-del-exprimer-ministro-italiano-silvio-berlusconi","status":"publish","type":"post","link":"https:\/\/ciudadyregion.com.co\/index.php\/se-las-queria-dar-de-abeja-carcel-para-ciudadano-italiano-solicito-con-una-documentacion-falsa-la-herencia-del-exprimer-ministro-italiano-silvio-berlusconi\/judicial\/","title":{"rendered":"&#8216;Se las quer\u00eda dar de abeja&#8217;: C\u00e1rcel para ciudadano italiano solicit\u00f3 con una documentaci\u00f3n falsa la herencia del exprimer ministro italiano Silvio Berlusconi"},"content":{"rendered":"<ul>\n<li><em><strong>Tambi\u00e9n es se\u00f1alado de tramitar de manera fraudulenta la nacionalidad colombiana.<\/strong><\/em><\/li>\n<\/ul>\n<p>Por solicitud de la Fiscal\u00eda General de la Naci\u00f3n, un juez de control de garant\u00edas impuso medida de aseguramiento en centro carcelario al ciudadano italiano, Marco Di Nunzio, por presuntamente realizar tr\u00e1mites de nacionalidad y testamentarios con documentos falsos.<\/p>\n<p>Inicialmente, en 2018, acudi\u00f3 ante una notar\u00eda de Cartagena (Bol\u00edvar) y la Registradur\u00eda Nacional del Estado Civil para solicitar y obtener registro civi y c\u00e9dula de ciudadan\u00eda colombianos, con el nombre de Marco Di Sierra, nacido en Torino (Italia). Las peticiones las sustent\u00f3 con certificaciones que supuestamente acreditaban que su mam\u00e1 era colombiana, entre otros papeles. Al corroborar la informaci\u00f3n se estableci\u00f3 que la documentaci\u00f3n no era aut\u00e9ntica.<\/p>\n<p>Luego, ante las autoridades italianas, reclam\u00f3 derechos hereditarios sobre bienes del ex primer ministro de Italia, Silvio Berlusconi; y del ciudadano italiano, Ezio Matteucci. Para este prop\u00f3sito habr\u00eda utilizado firmas y sellos falsos de la titular de una notar\u00eda de Cartagena y de los fallecidos.<\/p>\n<p>El extranjero fue capturado por funcionarios del Cuerpo T\u00e9cnico de Investigaci\u00f3n (CTI), con apoyo del GAULA Militar Bol\u00edvar de la Armada Nacional, en Cartagena. En el procedimiento se incaut\u00f3 la camioneta en la que se movilizaba porque ten\u00eda placas diplom\u00e1ticas espurias.<\/p>\n<p>Por todo lo anterior, una fiscal de la Delegada para la Seguridad Territorial le imput\u00f3 los delitos de fraude procesal en concurso homog\u00e9neo sucesivo y en concurso heterog\u00e9neo con los delito de: falsedad material en documento p\u00fablico, falsedad en documento privado, obtenci\u00f3n de documento p\u00fablico falso y falsedad marcar\u00eda. Los cargos no fueron aceptados.<\/p>\n","protected":false},"excerpt":{"rendered":"<p>Tambi\u00e9n es se\u00f1alado de tramitar de manera fraudulenta la nacionalidad colombiana. Por solicitud de la Fiscal\u00eda General de la Naci\u00f3n, un juez de control de garant\u00edas impuso medida de aseguramiento en centro carcelario al ciudadano italiano, Marco Di Nunzio, por presuntamente realizar tr\u00e1mites de nacionalidad y testamentarios con documentos falsos.<span class=\"more-link\"><a href=\"https:\/\/ciudadyregion.com.co\/index.php\/se-las-queria-dar-de-abeja-carcel-para-ciudadano-italiano-solicito-con-una-documentacion-falsa-la-herencia-del-exprimer-ministro-italiano-silvio-berlusconi\/judicial\/\">Continuar Leyendo<\/a><\/span><\/p>\n","protected":false},"author":2,"featured_media":10618,"comment_status":"open","ping_status":"open","sticky":false,"template":"","format":"standard","meta":{"_uf_show_specific_survey":0,"_uf_disable_surveys":false,"_jetpack_memberships_contains_paid_content":false,"footnotes":"","jetpack_publicize_message":"","jetpack_publicize_feature_enabled":true,"jetpack_social_post_already_shared":true,"jetpack_social_options":{"image_generator_settings":{"template":"highway","enabled":false},"version":2}},"categories":[18],"tags":[],"class_list":["entry","author-diegoaguirre","post-14766","post","type-post","status-publish","format-standard","has-post-thumbnail","category-judicial"],"jetpack_publicize_connections":[],"yoast_head":"<!-- This site is optimized with the Yoast SEO plugin v24.3 - https:\/\/yoast.com\/wordpress\/plugins\/seo\/ -->\n<title>&#039;Se las quer\u00eda dar de abeja&#039;: C\u00e1rcel para ciudadano italiano solicit\u00f3 con una documentaci\u00f3n falsa la herencia del exprimer ministro italiano Silvio Berlusconi - Ciudad y Region<\/title>\n<meta name=\"robots\" content=\"index, follow, max-snippet:-1, max-image-preview:large, max-video-preview:-1\" \/>\n<link rel=\"canonical\" href=\"https:\/\/ciudadyregion.com.co\/index.php\/se-las-queria-dar-de-abeja-carcel-para-ciudadano-italiano-solicito-con-una-documentacion-falsa-la-herencia-del-exprimer-ministro-italiano-silvio-berlusconi\/judicial\/\" \/>\n<meta property=\"og:locale\" content=\"es_ES\" \/>\n<meta property=\"og:type\" content=\"article\" \/>\n<meta property=\"og:title\" content=\"&#039;Se las quer\u00eda dar de abeja&#039;: C\u00e1rcel para ciudadano italiano solicit\u00f3 con una documentaci\u00f3n falsa la herencia del exprimer ministro italiano Silvio Berlusconi - Ciudad y Region\" \/>\n<meta property=\"og:description\" content=\"Tambi\u00e9n es se\u00f1alado de tramitar de manera fraudulenta la nacionalidad colombiana. Por solicitud de la Fiscal\u00eda General de la Naci\u00f3n, un juez de control de garant\u00edas impuso medida de aseguramiento en centro carcelario al ciudadano italiano, Marco Di Nunzio, por presuntamente realizar tr\u00e1mites de nacionalidad y testamentarios con documentos falsos.Continuar Leyendo\" \/>\n<meta property=\"og:url\" content=\"https:\/\/ciudadyregion.com.co\/index.php\/se-las-queria-dar-de-abeja-carcel-para-ciudadano-italiano-solicito-con-una-documentacion-falsa-la-herencia-del-exprimer-ministro-italiano-silvio-berlusconi\/judicial\/\" \/>\n<meta property=\"og:site_name\" content=\"Ciudad y Region\" \/>\n<meta property=\"article:published_time\" content=\"2024-05-24T13:23:49+00:00\" \/>\n<meta property=\"og:image\" content=\"https:\/\/ciudadyregion.com.co\/wp-content\/uploads\/2024\/03\/1-fiscalia.jpg\" \/>\n\t<meta property=\"og:image:width\" content=\"800\" \/>\n\t<meta property=\"og:image:height\" content=\"445\" \/>\n\t<meta property=\"og:image:type\" content=\"image\/jpeg\" \/>\n<meta name=\"author\" content=\"David Andr\u00e9s Aguirre\" \/>\n<meta name=\"twitter:card\" content=\"summary_large_image\" \/>\n<meta name=\"twitter:label1\" content=\"Escrito por\" \/>\n\t<meta name=\"twitter:data1\" content=\"David Andr\u00e9s Aguirre\" \/>\n\t<meta name=\"twitter:label2\" content=\"Tiempo de lectura\" \/>\n\t<meta name=\"twitter:data2\" content=\"2 minutos\" \/>\n<script type=\"application\/ld+json\" class=\"yoast-schema-graph\">{\"@context\":\"https:\/\/schema.org\",\"@graph\":[{\"@type\":\"WebPage\",\"@id\":\"https:\/\/ciudadyregion.com.co\/index.php\/se-las-queria-dar-de-abeja-carcel-para-ciudadano-italiano-solicito-con-una-documentacion-falsa-la-herencia-del-exprimer-ministro-italiano-silvio-berlusconi\/judicial\/\",\"url\":\"https:\/\/ciudadyregion.com.co\/index.php\/se-las-queria-dar-de-abeja-carcel-para-ciudadano-italiano-solicito-con-una-documentacion-falsa-la-herencia-del-exprimer-ministro-italiano-silvio-berlusconi\/judicial\/\",\"name\":\"'Se las quer\u00eda dar de abeja': C\u00e1rcel para ciudadano italiano solicit\u00f3 con una documentaci\u00f3n falsa la herencia del exprimer ministro italiano Silvio Berlusconi - Ciudad y Region\",\"isPartOf\":{\"@id\":\"https:\/\/ciudadyregion.com.co\/#website\"},\"primaryImageOfPage\":{\"@id\":\"https:\/\/ciudadyregion.com.co\/index.php\/se-las-queria-dar-de-abeja-carcel-para-ciudadano-italiano-solicito-con-una-documentacion-falsa-la-herencia-del-exprimer-ministro-italiano-silvio-berlusconi\/judicial\/#primaryimage\"},\"image\":{\"@id\":\"https:\/\/ciudadyregion.com.co\/index.php\/se-las-queria-dar-de-abeja-carcel-para-ciudadano-italiano-solicito-con-una-documentacion-falsa-la-herencia-del-exprimer-ministro-italiano-silvio-berlusconi\/judicial\/#primaryimage\"},\"thumbnailUrl\":\"https:\/\/i0.wp.com\/ciudadyregion.com.co\/wp-content\/uploads\/2024\/03\/1-fiscalia.jpg?fit=800%2C445&ssl=1\",\"datePublished\":\"2024-05-24T13:23:49+00:00\",\"dateModified\":\"2024-05-24T13:23:49+00:00\",\"author\":{\"@id\":\"https:\/\/ciudadyregion.com.co\/#\/schema\/person\/04a4954373ebc4051f46e8c65ff78622\"},\"breadcrumb\":{\"@id\":\"https:\/\/ciudadyregion.com.co\/index.php\/se-las-queria-dar-de-abeja-carcel-para-ciudadano-italiano-solicito-con-una-documentacion-falsa-la-herencia-del-exprimer-ministro-italiano-silvio-berlusconi\/judicial\/#breadcrumb\"},\"inLanguage\":\"es\",\"potentialAction\":[{\"@type\":\"ReadAction\",\"target\":[\"https:\/\/ciudadyregion.com.co\/index.php\/se-las-queria-dar-de-abeja-carcel-para-ciudadano-italiano-solicito-con-una-documentacion-falsa-la-herencia-del-exprimer-ministro-italiano-silvio-berlusconi\/judicial\/\"]}]},{\"@type\":\"ImageObject\",\"inLanguage\":\"es\",\"@id\":\"https:\/\/ciudadyregion.com.co\/index.php\/se-las-queria-dar-de-abeja-carcel-para-ciudadano-italiano-solicito-con-una-documentacion-falsa-la-herencia-del-exprimer-ministro-italiano-silvio-berlusconi\/judicial\/#primaryimage\",\"url\":\"https:\/\/i0.wp.com\/ciudadyregion.com.co\/wp-content\/uploads\/2024\/03\/1-fiscalia.jpg?fit=800%2C445&ssl=1\",\"contentUrl\":\"https:\/\/i0.wp.com\/ciudadyregion.com.co\/wp-content\/uploads\/2024\/03\/1-fiscalia.jpg?fit=800%2C445&ssl=1\",\"width\":800,\"height\":445},{\"@type\":\"BreadcrumbList\",\"@id\":\"https:\/\/ciudadyregion.com.co\/index.php\/se-las-queria-dar-de-abeja-carcel-para-ciudadano-italiano-solicito-con-una-documentacion-falsa-la-herencia-del-exprimer-ministro-italiano-silvio-berlusconi\/judicial\/#breadcrumb\",\"itemListElement\":[{\"@type\":\"ListItem\",\"position\":1,\"name\":\"Portada\",\"item\":\"https:\/\/ciudadyregion.com.co\/\"},{\"@type\":\"ListItem\",\"position\":2,\"name\":\"&#8216;Se las quer\u00eda dar de abeja&#8217;: C\u00e1rcel para ciudadano italiano solicit\u00f3 con una documentaci\u00f3n falsa la herencia del exprimer ministro italiano Silvio Berlusconi\"}]},{\"@type\":\"WebSite\",\"@id\":\"https:\/\/ciudadyregion.com.co\/#website\",\"url\":\"https:\/\/ciudadyregion.com.co\/\",\"name\":\"Ciudad y Region\",\"description\":\"\",\"potentialAction\":[{\"@type\":\"SearchAction\",\"target\":{\"@type\":\"EntryPoint\",\"urlTemplate\":\"https:\/\/ciudadyregion.com.co\/?s={search_term_string}\"},\"query-input\":{\"@type\":\"PropertyValueSpecification\",\"valueRequired\":true,\"valueName\":\"search_term_string\"}}],\"inLanguage\":\"es\"},{\"@type\":\"Person\",\"@id\":\"https:\/\/ciudadyregion.com.co\/#\/schema\/person\/04a4954373ebc4051f46e8c65ff78622\",\"name\":\"David Andr\u00e9s Aguirre\",\"image\":{\"@type\":\"ImageObject\",\"inLanguage\":\"es\",\"@id\":\"https:\/\/ciudadyregion.com.co\/#\/schema\/person\/image\/\",\"url\":\"https:\/\/secure.gravatar.com\/avatar\/bc3c655860202182ee6d1b5edd042dbe?s=96&d=mm&r=g\",\"contentUrl\":\"https:\/\/secure.gravatar.com\/avatar\/bc3c655860202182ee6d1b5edd042dbe?s=96&d=mm&r=g\",\"caption\":\"David Andr\u00e9s Aguirre\"},\"url\":\"https:\/\/ciudadyregion.com.co\/index.php\/author\/diegoaguirre\/\"}]}<\/script>\n<!-- \/ Yoast SEO plugin. -->","yoast_head_json":{"title":"'Se las quer\u00eda dar de abeja': C\u00e1rcel para ciudadano italiano solicit\u00f3 con una documentaci\u00f3n falsa la herencia del exprimer ministro italiano Silvio Berlusconi - Ciudad y Region","robots":{"index":"index","follow":"follow","max-snippet":"max-snippet:-1","max-image-preview":"max-image-preview:large","max-video-preview":"max-video-preview:-1"},"canonical":"https:\/\/ciudadyregion.com.co\/index.php\/se-las-queria-dar-de-abeja-carcel-para-ciudadano-italiano-solicito-con-una-documentacion-falsa-la-herencia-del-exprimer-ministro-italiano-silvio-berlusconi\/judicial\/","og_locale":"es_ES","og_type":"article","og_title":"'Se las quer\u00eda dar de abeja': C\u00e1rcel para ciudadano italiano solicit\u00f3 con una documentaci\u00f3n falsa la herencia del exprimer ministro italiano Silvio Berlusconi - Ciudad y Region","og_description":"Tambi\u00e9n es se\u00f1alado de tramitar de manera fraudulenta la nacionalidad colombiana. Por solicitud de la Fiscal\u00eda General de la Naci\u00f3n, un juez de control de garant\u00edas impuso medida de aseguramiento en centro carcelario al ciudadano italiano, Marco Di Nunzio, por presuntamente realizar tr\u00e1mites de nacionalidad y testamentarios con documentos falsos.Continuar Leyendo","og_url":"https:\/\/ciudadyregion.com.co\/index.php\/se-las-queria-dar-de-abeja-carcel-para-ciudadano-italiano-solicito-con-una-documentacion-falsa-la-herencia-del-exprimer-ministro-italiano-silvio-berlusconi\/judicial\/","og_site_name":"Ciudad y Region","article_published_time":"2024-05-24T13:23:49+00:00","og_image":[{"width":800,"height":445,"url":"https:\/\/ciudadyregion.com.co\/wp-content\/uploads\/2024\/03\/1-fiscalia.jpg","type":"image\/jpeg"}],"author":"David Andr\u00e9s Aguirre","twitter_card":"summary_large_image","twitter_misc":{"Escrito por":"David Andr\u00e9s Aguirre","Tiempo de lectura":"2 minutos"},"schema":{"@context":"https:\/\/schema.org","@graph":[{"@type":"WebPage","@id":"https:\/\/ciudadyregion.com.co\/index.php\/se-las-queria-dar-de-abeja-carcel-para-ciudadano-italiano-solicito-con-una-documentacion-falsa-la-herencia-del-exprimer-ministro-italiano-silvio-berlusconi\/judicial\/","url":"https:\/\/ciudadyregion.com.co\/index.php\/se-las-queria-dar-de-abeja-carcel-para-ciudadano-italiano-solicito-con-una-documentacion-falsa-la-herencia-del-exprimer-ministro-italiano-silvio-berlusconi\/judicial\/","name":"'Se las quer\u00eda dar de abeja': C\u00e1rcel para ciudadano italiano solicit\u00f3 con una documentaci\u00f3n falsa la herencia del exprimer ministro italiano Silvio Berlusconi - Ciudad y Region","isPartOf":{"@id":"https:\/\/ciudadyregion.com.co\/#website"},"primaryImageOfPage":{"@id":"https:\/\/ciudadyregion.com.co\/index.php\/se-las-queria-dar-de-abeja-carcel-para-ciudadano-italiano-solicito-con-una-documentacion-falsa-la-herencia-del-exprimer-ministro-italiano-silvio-berlusconi\/judicial\/#primaryimage"},"image":{"@id":"https:\/\/ciudadyregion.com.co\/index.php\/se-las-queria-dar-de-abeja-carcel-para-ciudadano-italiano-solicito-con-una-documentacion-falsa-la-herencia-del-exprimer-ministro-italiano-silvio-berlusconi\/judicial\/#primaryimage"},"thumbnailUrl":"https:\/\/i0.wp.com\/ciudadyregion.com.co\/wp-content\/uploads\/2024\/03\/1-fiscalia.jpg?fit=800%2C445&ssl=1","datePublished":"2024-05-24T13:23:49+00:00","dateModified":"2024-05-24T13:23:49+00:00","author":{"@id":"https:\/\/ciudadyregion.com.co\/#\/schema\/person\/04a4954373ebc4051f46e8c65ff78622"},"breadcrumb":{"@id":"https:\/\/ciudadyregion.com.co\/index.php\/se-las-queria-dar-de-abeja-carcel-para-ciudadano-italiano-solicito-con-una-documentacion-falsa-la-herencia-del-exprimer-ministro-italiano-silvio-berlusconi\/judicial\/#breadcrumb"},"inLanguage":"es","potentialAction":[{"@type":"ReadAction","target":["https:\/\/ciudadyregion.com.co\/index.php\/se-las-queria-dar-de-abeja-carcel-para-ciudadano-italiano-solicito-con-una-documentacion-falsa-la-herencia-del-exprimer-ministro-italiano-silvio-berlusconi\/judicial\/"]}]},{"@type":"ImageObject","inLanguage":"es","@id":"https:\/\/ciudadyregion.com.co\/index.php\/se-las-queria-dar-de-abeja-carcel-para-ciudadano-italiano-solicito-con-una-documentacion-falsa-la-herencia-del-exprimer-ministro-italiano-silvio-berlusconi\/judicial\/#primaryimage","url":"https:\/\/i0.wp.com\/ciudadyregion.com.co\/wp-content\/uploads\/2024\/03\/1-fiscalia.jpg?fit=800%2C445&ssl=1","contentUrl":"https:\/\/i0.wp.com\/ciudadyregion.com.co\/wp-content\/uploads\/2024\/03\/1-fiscalia.jpg?fit=800%2C445&ssl=1","width":800,"height":445},{"@type":"BreadcrumbList","@id":"https:\/\/ciudadyregion.com.co\/index.php\/se-las-queria-dar-de-abeja-carcel-para-ciudadano-italiano-solicito-con-una-documentacion-falsa-la-herencia-del-exprimer-ministro-italiano-silvio-berlusconi\/judicial\/#breadcrumb","itemListElement":[{"@type":"ListItem","position":1,"name":"Portada","item":"https:\/\/ciudadyregion.com.co\/"},{"@type":"ListItem","position":2,"name":"&#8216;Se las quer\u00eda dar de abeja&#8217;: C\u00e1rcel para ciudadano italiano solicit\u00f3 con una documentaci\u00f3n falsa la herencia del exprimer ministro italiano Silvio Berlusconi"}]},{"@type":"WebSite","@id":"https:\/\/ciudadyregion.com.co\/#website","url":"https:\/\/ciudadyregion.com.co\/","name":"Ciudad y Region","description":"","potentialAction":[{"@type":"SearchAction","target":{"@type":"EntryPoint","urlTemplate":"https:\/\/ciudadyregion.com.co\/?s={search_term_string}"},"query-input":{"@type":"PropertyValueSpecification","valueRequired":true,"valueName":"search_term_string"}}],"inLanguage":"es"},{"@type":"Person","@id":"https:\/\/ciudadyregion.com.co\/#\/schema\/person\/04a4954373ebc4051f46e8c65ff78622","name":"David Andr\u00e9s Aguirre","image":{"@type":"ImageObject","inLanguage":"es","@id":"https:\/\/ciudadyregion.com.co\/#\/schema\/person\/image\/","url":"https:\/\/secure.gravatar.com\/avatar\/bc3c655860202182ee6d1b5edd042dbe?s=96&d=mm&r=g","contentUrl":"https:\/\/secure.gravatar.com\/avatar\/bc3c655860202182ee6d1b5edd042dbe?s=96&d=mm&r=g","caption":"David Andr\u00e9s Aguirre"},"url":"https:\/\/ciudadyregion.com.co\/index.php\/author\/diegoaguirre\/"}]}},"jetpack_featured_media_url":"https:\/\/i0.wp.com\/ciudadyregion.com.co\/wp-content\/uploads\/2024\/03\/1-fiscalia.jpg?fit=800%2C445&ssl=1","jetpack_sharing_enabled":true,"jetpack_shortlink":"https:\/\/wp.me\/pbS7hh-3Qa","jetpack-related-posts":[],"_links":{"self":[{"href":"https:\/\/ciudadyregion.com.co\/index.php\/wp-json\/wp\/v2\/posts\/14766"}],"collection":[{"href":"https:\/\/ciudadyregion.com.co\/index.php\/wp-json\/wp\/v2\/posts"}],"about":[{"href":"https:\/\/ciudadyregion.com.co\/index.php\/wp-json\/wp\/v2\/types\/post"}],"author":[{"embeddable":true,"href":"https:\/\/ciudadyregion.com.co\/index.php\/wp-json\/wp\/v2\/users\/2"}],"replies":[{"embeddable":true,"href":"https:\/\/ciudadyregion.com.co\/index.php\/wp-json\/wp\/v2\/comments?post=14766"}],"version-history":[{"count":1,"href":"https:\/\/ciudadyregion.com.co\/index.php\/wp-json\/wp\/v2\/posts\/14766\/revisions"}],"predecessor-version":[{"id":14767,"href":"https:\/\/ciudadyregion.com.co\/index.php\/wp-json\/wp\/v2\/posts\/14766\/revisions\/14767"}],"wp:featuredmedia":[{"embeddable":true,"href":"https:\/\/ciudadyregion.com.co\/index.php\/wp-json\/wp\/v2\/media\/10618"}],"wp:attachment":[{"href":"https:\/\/ciudadyregion.com.co\/index.php\/wp-json\/wp\/v2\/media?parent=14766"}],"wp:term":[{"taxonomy":"category","embeddable":true,"href":"https:\/\/ciudadyregion.com.co\/index.php\/wp-json\/wp\/v2\/categories?post=14766"},{"taxonomy":"post_tag","embeddable":true,"href":"https:\/\/ciudadyregion.com.co\/index.php\/wp-json\/wp\/v2\/tags?post=14766"}],"curies":[{"name":"wp","href":"https:\/\/api.w.org\/{rel}","templated":true}]}}