{"id":14762,"date":"2024-05-24T08:14:50","date_gmt":"2024-05-24T13:14:50","guid":{"rendered":"https:\/\/ciudadyregion.com.co\/?p=14762"},"modified":"2024-05-24T08:14:50","modified_gmt":"2024-05-24T13:14:50","slug":"ibaguerenos-ya-escogieron-tematica-para-el-alumbrado-navideno","status":"publish","type":"post","link":"https:\/\/ciudadyregion.com.co\/index.php\/ibaguerenos-ya-escogieron-tematica-para-el-alumbrado-navideno\/ibague\/","title":{"rendered":"Ibaguere\u00f1os ya escogieron tem\u00e1tica para el alumbrado navide\u00f1o"},"content":{"rendered":"<div>Figuras tradicionales es la propuesta escogida para el alumbrado navide\u00f1o de este 2024. La tem\u00e1tica fue elegida por los mismos ibaguere\u00f1os entre las seis opciones que se pusieron a consideraci\u00f3n.<\/div>\n<div><span style=\"font-family: Arial, Verdana;\">\u00a0<\/span><\/div>\n<div><span style=\"font-family: Arial, Verdana;\">As\u00ed lo dio a conocer el gerente de Infibagu\u00e9, Edilberto Pava:\u00a0<\/span><\/div>\n<div><\/div>\n<blockquote>\n<div><span style=\"font-family: Arial, Verdana;\"><i>\u201cSiguiendo las directrices de nuestra alcaldesa Jhoana Aranda, en cuanto a escuchar siempre a los ibaguere\u00f1os, dise\u00f1amos una campa\u00f1a para que la gente votara y definiera c\u00f3mo quer\u00eda el alumbrado navide\u00f1o. Nos alegra que el resultado sea positivo. Ahora procederemos a dise\u00f1ar para posteriormente iniciar la elaboraci\u00f3n de las figuras\u201d.<\/i><\/span><\/div>\n<\/blockquote>\n<div><span style=\"font-family: Arial, Verdana;\">\u00a0<\/span><\/div>\n<div><span style=\"font-family: Arial, Verdana;\"><b>\u00bfC\u00f3mo fue el proceso?<\/b><\/span><\/div>\n<div><span style=\"font-family: Arial, Verdana;\">\u00a0<\/span><\/div>\n<div><span style=\"font-family: Arial, Verdana;\">En las redes oficiales de la Alcald\u00eda e Infibagu\u00e9, en los perfiles de Facebook, Instagram, Tiktok y X, se publicaron videos, piezas gr\u00e1ficas y encuestas para que los ciudadanos dejaran sus comentarios y votaran por la opci\u00f3n que m\u00e1s les gustaba.<\/span><\/div>\n<div><span style=\"font-family: Arial, Verdana;\">\u00a0<\/span><\/div>\n<div><span style=\"font-family: Arial, Verdana;\">Fueron seis las opciones preseleccionadas: Figuras Navide\u00f1as tradicionales como Pap\u00e1 Noel, mu\u00f1ecos de nieve, Cascanueces; monumentos tolimenses, maravillas de mundo como la Pir\u00e1mide de Egipto, Muralla China, Cristo Redentor; animales de la regi\u00f3n, folclor, mitos y leyendas.<\/span><\/div>\n<div><span style=\"font-family: Arial, Verdana;\">\u00a0<\/span><\/div>\n<div><span style=\"font-family: Arial, Verdana;\">Tras el cierre de la votaci\u00f3n, estos fueron los resultados: Figuras navide\u00f1as tradicionales, 26,27%; Monumentos tolimenses, 9,78%, Maravillas del mundo, 19,55%; Animales de la regi\u00f3n, 7,74%; Folclor, 15,27%; Mitos y leyendas, 6,31%; no sabe, no responde: 12,63%.<\/span><\/div>\n","protected":false},"excerpt":{"rendered":"<p>Figuras tradicionales es la propuesta escogida para el alumbrado navide\u00f1o de este 2024. La tem\u00e1tica fue elegida por los mismos ibaguere\u00f1os entre las seis opciones que se pusieron a consideraci\u00f3n. \u00a0 As\u00ed lo dio a conocer el gerente de Infibagu\u00e9, Edilberto Pava:\u00a0 \u201cSiguiendo las directrices de nuestra alcaldesa Jhoana Aranda,<span class=\"more-link\"><a href=\"https:\/\/ciudadyregion.com.co\/index.php\/ibaguerenos-ya-escogieron-tematica-para-el-alumbrado-navideno\/ibague\/\">Continuar Leyendo<\/a><\/span><\/p>\n","protected":false},"author":2,"featured_media":14763,"comment_status":"open","ping_status":"open","sticky":false,"template":"","format":"standard","meta":{"_uf_show_specific_survey":0,"_uf_disable_surveys":false,"_jetpack_memberships_contains_paid_content":false,"footnotes":"","jetpack_publicize_message":"","jetpack_publicize_feature_enabled":true,"jetpack_social_post_already_shared":true,"jetpack_social_options":{"image_generator_settings":{"template":"highway","enabled":false},"version":2}},"categories":[14],"tags":[],"class_list":["entry","author-diegoaguirre","post-14762","post","type-post","status-publish","format-standard","has-post-thumbnail","category-ibague"],"jetpack_publicize_connections":[],"yoast_head":"<!-- This site is optimized with the Yoast SEO plugin v24.3 - https:\/\/yoast.com\/wordpress\/plugins\/seo\/ -->\n<title>Ibaguere\u00f1os ya escogieron tem\u00e1tica para el alumbrado navide\u00f1o - Ciudad y Region<\/title>\n<meta name=\"robots\" content=\"index, follow, max-snippet:-1, max-image-preview:large, max-video-preview:-1\" \/>\n<link rel=\"canonical\" href=\"https:\/\/ciudadyregion.com.co\/index.php\/ibaguerenos-ya-escogieron-tematica-para-el-alumbrado-navideno\/ibague\/\" \/>\n<meta property=\"og:locale\" content=\"es_ES\" \/>\n<meta property=\"og:type\" content=\"article\" \/>\n<meta property=\"og:title\" content=\"Ibaguere\u00f1os ya escogieron tem\u00e1tica para el alumbrado navide\u00f1o - Ciudad y Region\" \/>\n<meta property=\"og:description\" content=\"Figuras tradicionales es la propuesta escogida para el alumbrado navide\u00f1o de este 2024. La tem\u00e1tica fue elegida por los mismos ibaguere\u00f1os entre las seis opciones que se pusieron a consideraci\u00f3n. \u00a0 As\u00ed lo dio a conocer el gerente de Infibagu\u00e9, Edilberto Pava:\u00a0 \u201cSiguiendo las directrices de nuestra alcaldesa Jhoana Aranda,Continuar Leyendo\" \/>\n<meta property=\"og:url\" content=\"https:\/\/ciudadyregion.com.co\/index.php\/ibaguerenos-ya-escogieron-tematica-para-el-alumbrado-navideno\/ibague\/\" \/>\n<meta property=\"og:site_name\" content=\"Ciudad y Region\" \/>\n<meta property=\"article:published_time\" content=\"2024-05-24T13:14:50+00:00\" \/>\n<meta property=\"og:image\" content=\"https:\/\/ciudadyregion.com.co\/wp-content\/uploads\/2024\/05\/5-9-1.jpg\" \/>\n\t<meta property=\"og:image:width\" content=\"800\" \/>\n\t<meta property=\"og:image:height\" content=\"445\" \/>\n\t<meta property=\"og:image:type\" content=\"image\/jpeg\" \/>\n<meta name=\"author\" content=\"David Andr\u00e9s Aguirre\" \/>\n<meta name=\"twitter:card\" content=\"summary_large_image\" \/>\n<meta name=\"twitter:label1\" content=\"Escrito por\" \/>\n\t<meta name=\"twitter:data1\" content=\"David Andr\u00e9s Aguirre\" \/>\n\t<meta name=\"twitter:label2\" content=\"Tiempo de lectura\" \/>\n\t<meta name=\"twitter:data2\" content=\"1 minuto\" \/>\n<script type=\"application\/ld+json\" class=\"yoast-schema-graph\">{\"@context\":\"https:\/\/schema.org\",\"@graph\":[{\"@type\":\"WebPage\",\"@id\":\"https:\/\/ciudadyregion.com.co\/index.php\/ibaguerenos-ya-escogieron-tematica-para-el-alumbrado-navideno\/ibague\/\",\"url\":\"https:\/\/ciudadyregion.com.co\/index.php\/ibaguerenos-ya-escogieron-tematica-para-el-alumbrado-navideno\/ibague\/\",\"name\":\"Ibaguere\u00f1os ya escogieron tem\u00e1tica para el alumbrado navide\u00f1o - Ciudad y Region\",\"isPartOf\":{\"@id\":\"https:\/\/ciudadyregion.com.co\/#website\"},\"primaryImageOfPage\":{\"@id\":\"https:\/\/ciudadyregion.com.co\/index.php\/ibaguerenos-ya-escogieron-tematica-para-el-alumbrado-navideno\/ibague\/#primaryimage\"},\"image\":{\"@id\":\"https:\/\/ciudadyregion.com.co\/index.php\/ibaguerenos-ya-escogieron-tematica-para-el-alumbrado-navideno\/ibague\/#primaryimage\"},\"thumbnailUrl\":\"https:\/\/i0.wp.com\/ciudadyregion.com.co\/wp-content\/uploads\/2024\/05\/5-9-1.jpg?fit=800%2C445&ssl=1\",\"datePublished\":\"2024-05-24T13:14:50+00:00\",\"dateModified\":\"2024-05-24T13:14:50+00:00\",\"author\":{\"@id\":\"https:\/\/ciudadyregion.com.co\/#\/schema\/person\/04a4954373ebc4051f46e8c65ff78622\"},\"breadcrumb\":{\"@id\":\"https:\/\/ciudadyregion.com.co\/index.php\/ibaguerenos-ya-escogieron-tematica-para-el-alumbrado-navideno\/ibague\/#breadcrumb\"},\"inLanguage\":\"es\",\"potentialAction\":[{\"@type\":\"ReadAction\",\"target\":[\"https:\/\/ciudadyregion.com.co\/index.php\/ibaguerenos-ya-escogieron-tematica-para-el-alumbrado-navideno\/ibague\/\"]}]},{\"@type\":\"ImageObject\",\"inLanguage\":\"es\",\"@id\":\"https:\/\/ciudadyregion.com.co\/index.php\/ibaguerenos-ya-escogieron-tematica-para-el-alumbrado-navideno\/ibague\/#primaryimage\",\"url\":\"https:\/\/i0.wp.com\/ciudadyregion.com.co\/wp-content\/uploads\/2024\/05\/5-9-1.jpg?fit=800%2C445&ssl=1\",\"contentUrl\":\"https:\/\/i0.wp.com\/ciudadyregion.com.co\/wp-content\/uploads\/2024\/05\/5-9-1.jpg?fit=800%2C445&ssl=1\",\"width\":800,\"height\":445},{\"@type\":\"BreadcrumbList\",\"@id\":\"https:\/\/ciudadyregion.com.co\/index.php\/ibaguerenos-ya-escogieron-tematica-para-el-alumbrado-navideno\/ibague\/#breadcrumb\",\"itemListElement\":[{\"@type\":\"ListItem\",\"position\":1,\"name\":\"Portada\",\"item\":\"https:\/\/ciudadyregion.com.co\/\"},{\"@type\":\"ListItem\",\"position\":2,\"name\":\"Ibaguere\u00f1os ya escogieron tem\u00e1tica para el alumbrado navide\u00f1o\"}]},{\"@type\":\"WebSite\",\"@id\":\"https:\/\/ciudadyregion.com.co\/#website\",\"url\":\"https:\/\/ciudadyregion.com.co\/\",\"name\":\"Ciudad y Region\",\"description\":\"\",\"potentialAction\":[{\"@type\":\"SearchAction\",\"target\":{\"@type\":\"EntryPoint\",\"urlTemplate\":\"https:\/\/ciudadyregion.com.co\/?s={search_term_string}\"},\"query-input\":{\"@type\":\"PropertyValueSpecification\",\"valueRequired\":true,\"valueName\":\"search_term_string\"}}],\"inLanguage\":\"es\"},{\"@type\":\"Person\",\"@id\":\"https:\/\/ciudadyregion.com.co\/#\/schema\/person\/04a4954373ebc4051f46e8c65ff78622\",\"name\":\"David Andr\u00e9s Aguirre\",\"image\":{\"@type\":\"ImageObject\",\"inLanguage\":\"es\",\"@id\":\"https:\/\/ciudadyregion.com.co\/#\/schema\/person\/image\/\",\"url\":\"https:\/\/secure.gravatar.com\/avatar\/bc3c655860202182ee6d1b5edd042dbe?s=96&d=mm&r=g\",\"contentUrl\":\"https:\/\/secure.gravatar.com\/avatar\/bc3c655860202182ee6d1b5edd042dbe?s=96&d=mm&r=g\",\"caption\":\"David Andr\u00e9s Aguirre\"},\"url\":\"https:\/\/ciudadyregion.com.co\/index.php\/author\/diegoaguirre\/\"}]}<\/script>\n<!-- \/ Yoast SEO plugin. -->","yoast_head_json":{"title":"Ibaguere\u00f1os ya escogieron tem\u00e1tica para el alumbrado navide\u00f1o - Ciudad y Region","robots":{"index":"index","follow":"follow","max-snippet":"max-snippet:-1","max-image-preview":"max-image-preview:large","max-video-preview":"max-video-preview:-1"},"canonical":"https:\/\/ciudadyregion.com.co\/index.php\/ibaguerenos-ya-escogieron-tematica-para-el-alumbrado-navideno\/ibague\/","og_locale":"es_ES","og_type":"article","og_title":"Ibaguere\u00f1os ya escogieron tem\u00e1tica para el alumbrado navide\u00f1o - Ciudad y Region","og_description":"Figuras tradicionales es la propuesta escogida para el alumbrado navide\u00f1o de este 2024. La tem\u00e1tica fue elegida por los mismos ibaguere\u00f1os entre las seis opciones que se pusieron a consideraci\u00f3n. \u00a0 As\u00ed lo dio a conocer el gerente de Infibagu\u00e9, Edilberto Pava:\u00a0 \u201cSiguiendo las directrices de nuestra alcaldesa Jhoana Aranda,Continuar Leyendo","og_url":"https:\/\/ciudadyregion.com.co\/index.php\/ibaguerenos-ya-escogieron-tematica-para-el-alumbrado-navideno\/ibague\/","og_site_name":"Ciudad y Region","article_published_time":"2024-05-24T13:14:50+00:00","og_image":[{"width":800,"height":445,"url":"https:\/\/ciudadyregion.com.co\/wp-content\/uploads\/2024\/05\/5-9-1.jpg","type":"image\/jpeg"}],"author":"David Andr\u00e9s Aguirre","twitter_card":"summary_large_image","twitter_misc":{"Escrito por":"David Andr\u00e9s Aguirre","Tiempo de lectura":"1 minuto"},"schema":{"@context":"https:\/\/schema.org","@graph":[{"@type":"WebPage","@id":"https:\/\/ciudadyregion.com.co\/index.php\/ibaguerenos-ya-escogieron-tematica-para-el-alumbrado-navideno\/ibague\/","url":"https:\/\/ciudadyregion.com.co\/index.php\/ibaguerenos-ya-escogieron-tematica-para-el-alumbrado-navideno\/ibague\/","name":"Ibaguere\u00f1os ya escogieron tem\u00e1tica para el alumbrado navide\u00f1o - Ciudad y Region","isPartOf":{"@id":"https:\/\/ciudadyregion.com.co\/#website"},"primaryImageOfPage":{"@id":"https:\/\/ciudadyregion.com.co\/index.php\/ibaguerenos-ya-escogieron-tematica-para-el-alumbrado-navideno\/ibague\/#primaryimage"},"image":{"@id":"https:\/\/ciudadyregion.com.co\/index.php\/ibaguerenos-ya-escogieron-tematica-para-el-alumbrado-navideno\/ibague\/#primaryimage"},"thumbnailUrl":"https:\/\/i0.wp.com\/ciudadyregion.com.co\/wp-content\/uploads\/2024\/05\/5-9-1.jpg?fit=800%2C445&ssl=1","datePublished":"2024-05-24T13:14:50+00:00","dateModified":"2024-05-24T13:14:50+00:00","author":{"@id":"https:\/\/ciudadyregion.com.co\/#\/schema\/person\/04a4954373ebc4051f46e8c65ff78622"},"breadcrumb":{"@id":"https:\/\/ciudadyregion.com.co\/index.php\/ibaguerenos-ya-escogieron-tematica-para-el-alumbrado-navideno\/ibague\/#breadcrumb"},"inLanguage":"es","potentialAction":[{"@type":"ReadAction","target":["https:\/\/ciudadyregion.com.co\/index.php\/ibaguerenos-ya-escogieron-tematica-para-el-alumbrado-navideno\/ibague\/"]}]},{"@type":"ImageObject","inLanguage":"es","@id":"https:\/\/ciudadyregion.com.co\/index.php\/ibaguerenos-ya-escogieron-tematica-para-el-alumbrado-navideno\/ibague\/#primaryimage","url":"https:\/\/i0.wp.com\/ciudadyregion.com.co\/wp-content\/uploads\/2024\/05\/5-9-1.jpg?fit=800%2C445&ssl=1","contentUrl":"https:\/\/i0.wp.com\/ciudadyregion.com.co\/wp-content\/uploads\/2024\/05\/5-9-1.jpg?fit=800%2C445&ssl=1","width":800,"height":445},{"@type":"BreadcrumbList","@id":"https:\/\/ciudadyregion.com.co\/index.php\/ibaguerenos-ya-escogieron-tematica-para-el-alumbrado-navideno\/ibague\/#breadcrumb","itemListElement":[{"@type":"ListItem","position":1,"name":"Portada","item":"https:\/\/ciudadyregion.com.co\/"},{"@type":"ListItem","position":2,"name":"Ibaguere\u00f1os ya escogieron tem\u00e1tica para el alumbrado navide\u00f1o"}]},{"@type":"WebSite","@id":"https:\/\/ciudadyregion.com.co\/#website","url":"https:\/\/ciudadyregion.com.co\/","name":"Ciudad y Region","description":"","potentialAction":[{"@type":"SearchAction","target":{"@type":"EntryPoint","urlTemplate":"https:\/\/ciudadyregion.com.co\/?s={search_term_string}"},"query-input":{"@type":"PropertyValueSpecification","valueRequired":true,"valueName":"search_term_string"}}],"inLanguage":"es"},{"@type":"Person","@id":"https:\/\/ciudadyregion.com.co\/#\/schema\/person\/04a4954373ebc4051f46e8c65ff78622","name":"David Andr\u00e9s Aguirre","image":{"@type":"ImageObject","inLanguage":"es","@id":"https:\/\/ciudadyregion.com.co\/#\/schema\/person\/image\/","url":"https:\/\/secure.gravatar.com\/avatar\/bc3c655860202182ee6d1b5edd042dbe?s=96&d=mm&r=g","contentUrl":"https:\/\/secure.gravatar.com\/avatar\/bc3c655860202182ee6d1b5edd042dbe?s=96&d=mm&r=g","caption":"David Andr\u00e9s Aguirre"},"url":"https:\/\/ciudadyregion.com.co\/index.php\/author\/diegoaguirre\/"}]}},"jetpack_featured_media_url":"https:\/\/i0.wp.com\/ciudadyregion.com.co\/wp-content\/uploads\/2024\/05\/5-9-1.jpg?fit=800%2C445&ssl=1","jetpack_sharing_enabled":true,"jetpack_shortlink":"https:\/\/wp.me\/pbS7hh-3Q6","jetpack-related-posts":[],"_links":{"self":[{"href":"https:\/\/ciudadyregion.com.co\/index.php\/wp-json\/wp\/v2\/posts\/14762"}],"collection":[{"href":"https:\/\/ciudadyregion.com.co\/index.php\/wp-json\/wp\/v2\/posts"}],"about":[{"href":"https:\/\/ciudadyregion.com.co\/index.php\/wp-json\/wp\/v2\/types\/post"}],"author":[{"embeddable":true,"href":"https:\/\/ciudadyregion.com.co\/index.php\/wp-json\/wp\/v2\/users\/2"}],"replies":[{"embeddable":true,"href":"https:\/\/ciudadyregion.com.co\/index.php\/wp-json\/wp\/v2\/comments?post=14762"}],"version-history":[{"count":2,"href":"https:\/\/ciudadyregion.com.co\/index.php\/wp-json\/wp\/v2\/posts\/14762\/revisions"}],"predecessor-version":[{"id":14765,"href":"https:\/\/ciudadyregion.com.co\/index.php\/wp-json\/wp\/v2\/posts\/14762\/revisions\/14765"}],"wp:featuredmedia":[{"embeddable":true,"href":"https:\/\/ciudadyregion.com.co\/index.php\/wp-json\/wp\/v2\/media\/14763"}],"wp:attachment":[{"href":"https:\/\/ciudadyregion.com.co\/index.php\/wp-json\/wp\/v2\/media?parent=14762"}],"wp:term":[{"taxonomy":"category","embeddable":true,"href":"https:\/\/ciudadyregion.com.co\/index.php\/wp-json\/wp\/v2\/categories?post=14762"},{"taxonomy":"post_tag","embeddable":true,"href":"https:\/\/ciudadyregion.com.co\/index.php\/wp-json\/wp\/v2\/tags?post=14762"}],"curies":[{"name":"wp","href":"https:\/\/api.w.org\/{rel}","templated":true}]}}