{"id":14759,"date":"2024-05-24T08:12:00","date_gmt":"2024-05-24T13:12:00","guid":{"rendered":"https:\/\/ciudadyregion.com.co\/?p=14759"},"modified":"2024-05-24T08:12:00","modified_gmt":"2024-05-24T13:12:00","slug":"la-catedra-ibague-musical-llego-con-conciertos-a-4-colegios-simultaneamente","status":"publish","type":"post","link":"https:\/\/ciudadyregion.com.co\/index.php\/la-catedra-ibague-musical-llego-con-conciertos-a-4-colegios-simultaneamente\/ibague\/","title":{"rendered":"La &#8216;C\u00e1tedra Ibagu\u00e9 Musical&#8217; lleg\u00f3 con conciertos a 4 colegios simult\u00e1neamente"},"content":{"rendered":"<div><span style=\"font-family: Arial;\">Mensualmente la c\u00e1tedra Ibagu\u00e9 Musical ofrece un concierto para estudiantes de instituciones educativas de la ciudad, en la que los ni\u00f1os y j\u00f3venes tienen un acercamiento a los instrumentos, ritmos y melod\u00edas que nos identifican. En esta oportunidad, se realiz\u00f3 la actividad en cuatro colegios simult\u00e1neamente.<\/span><\/div>\n<div><span style=\"font-family: Arial;\">\u00a0<\/span><\/div>\n<blockquote>\n<div><span style=\"font-family: Arial;\"><i>\u201cEstamos realizando uno de los ejercicios de ciudad m\u00e1s hermosos a los que le vamos a apuntar como Administraci\u00f3n Municipal que es la catedra Ibagu\u00e9 Musical, que tiene como componente principal llegar a las instituciones educativas a mostrar como la m\u00fasica tiene la capacidad de transformar vidas\u201d,<\/i>\u00a0expres\u00f3 Gabriel Alfonso Patarroyo director administrativo de Educaci\u00f3n.<\/span><\/div>\n<\/blockquote>\n<div><span style=\"font-family: Arial;\">\u00a0<\/span><\/div>\n<div><span style=\"font-family: Arial;\">Mariano Melendro sede Cay, Joaqu\u00edn Paris, San Jos\u00e9 y Boyac\u00e1 fueron los planteles que recibieron a las agrupaciones de c\u00e1mara: Banda Sinf\u00f3nica Nacional desde Itag\u00fc\u00ed, Ensamble de la Orquesta Filarm\u00f3nica Joven de Colombia, Quinteto de Metales de la Banda Sinf\u00f3nica de Colombia y Camerata Amina Melendro de Pulecio respectivamente, quienes deleitaron a los alumnos con ritmos nacionales y locales como bambuco, joropo, entre otros.<\/span><\/div>\n<div><span style=\"font-family: Arial;\">\u00a0<\/span><\/div>\n<blockquote>\n<div><span style=\"font-family: Arial;\"><i>\u201cQueremos que nuestros ni\u00f1os conozcan, aprendan y por supuesto amen cada vez m\u00e1s la m\u00fasica\u201d,<\/i>\u00a0expres\u00f3 Mauricio Hern\u00e1ndez, secretario de Cultura.<\/span><\/div>\n<\/blockquote>\n<div><span style=\"font-family: Arial;\">\u00a0<\/span><\/div>\n<div><span style=\"font-family: Arial;\">Finalizando la jornada tambi\u00e9n se ofreci\u00f3 un concierto gratuito para todos los ibaguere\u00f1os en el Teatro Tolima con la Orquesta Sinf\u00f3nica Institucional del Conservatorio de Ibagu\u00e9, con los directores invitados Faber Cardozo, German Guti\u00e9rrez y el solista de piano Juan Andr\u00e9s Acosta.<\/span><\/div>\n<div><span style=\"font-family: Arial;\">\u00a0<\/span><\/div>\n<blockquote>\n<div><span style=\"font-family: Arial;\"><i>\u201cLa melod\u00eda de los violines es super conmovedora, me gust\u00f3 mucho la actividad porque uno puede aprender m\u00e1s sobre la m\u00fasica y tal vez en alg\u00fan futuro ser un buen m\u00fasico\u201d<\/i>\u00a0concluy\u00f3 Ana Mar\u00eda Avil\u00e1n, estudiante del colegio Joaqu\u00edn Paris.<\/span><\/div>\n<\/blockquote>\n","protected":false},"excerpt":{"rendered":"<p>Mensualmente la c\u00e1tedra Ibagu\u00e9 Musical ofrece un concierto para estudiantes de instituciones educativas de la ciudad, en la que los ni\u00f1os y j\u00f3venes tienen un acercamiento a los instrumentos, ritmos y melod\u00edas que nos identifican. En esta oportunidad, se realiz\u00f3 la actividad en cuatro colegios simult\u00e1neamente. \u00a0 \u201cEstamos realizando uno<span class=\"more-link\"><a href=\"https:\/\/ciudadyregion.com.co\/index.php\/la-catedra-ibague-musical-llego-con-conciertos-a-4-colegios-simultaneamente\/ibague\/\">Continuar Leyendo<\/a><\/span><\/p>\n","protected":false},"author":2,"featured_media":14760,"comment_status":"open","ping_status":"open","sticky":false,"template":"","format":"standard","meta":{"_uf_show_specific_survey":0,"_uf_disable_surveys":false,"_jetpack_memberships_contains_paid_content":false,"footnotes":"","jetpack_publicize_message":"","jetpack_publicize_feature_enabled":true,"jetpack_social_post_already_shared":true,"jetpack_social_options":{"image_generator_settings":{"template":"highway","enabled":false},"version":2}},"categories":[14],"tags":[],"class_list":["entry","author-diegoaguirre","post-14759","post","type-post","status-publish","format-standard","has-post-thumbnail","category-ibague"],"jetpack_publicize_connections":[],"yoast_head":"<!-- This site is optimized with the Yoast SEO plugin v24.3 - https:\/\/yoast.com\/wordpress\/plugins\/seo\/ -->\n<title>La &#039;C\u00e1tedra Ibagu\u00e9 Musical&#039; lleg\u00f3 con conciertos a 4 colegios simult\u00e1neamente - Ciudad y Region<\/title>\n<meta name=\"robots\" content=\"index, follow, max-snippet:-1, max-image-preview:large, max-video-preview:-1\" \/>\n<link rel=\"canonical\" href=\"https:\/\/ciudadyregion.com.co\/index.php\/la-catedra-ibague-musical-llego-con-conciertos-a-4-colegios-simultaneamente\/ibague\/\" \/>\n<meta property=\"og:locale\" content=\"es_ES\" \/>\n<meta property=\"og:type\" content=\"article\" \/>\n<meta property=\"og:title\" content=\"La &#039;C\u00e1tedra Ibagu\u00e9 Musical&#039; lleg\u00f3 con conciertos a 4 colegios simult\u00e1neamente - Ciudad y Region\" \/>\n<meta property=\"og:description\" content=\"Mensualmente la c\u00e1tedra Ibagu\u00e9 Musical ofrece un concierto para estudiantes de instituciones educativas de la ciudad, en la que los ni\u00f1os y j\u00f3venes tienen un acercamiento a los instrumentos, ritmos y melod\u00edas que nos identifican. En esta oportunidad, se realiz\u00f3 la actividad en cuatro colegios simult\u00e1neamente. \u00a0 \u201cEstamos realizando unoContinuar Leyendo\" \/>\n<meta property=\"og:url\" content=\"https:\/\/ciudadyregion.com.co\/index.php\/la-catedra-ibague-musical-llego-con-conciertos-a-4-colegios-simultaneamente\/ibague\/\" \/>\n<meta property=\"og:site_name\" content=\"Ciudad y Region\" \/>\n<meta property=\"article:published_time\" content=\"2024-05-24T13:12:00+00:00\" \/>\n<meta property=\"og:image\" content=\"https:\/\/ciudadyregion.com.co\/wp-content\/uploads\/2024\/05\/4-16-1.jpg\" \/>\n\t<meta property=\"og:image:width\" content=\"800\" \/>\n\t<meta property=\"og:image:height\" content=\"445\" \/>\n\t<meta property=\"og:image:type\" content=\"image\/jpeg\" \/>\n<meta name=\"author\" content=\"David Andr\u00e9s Aguirre\" \/>\n<meta name=\"twitter:card\" content=\"summary_large_image\" \/>\n<meta name=\"twitter:label1\" content=\"Escrito por\" \/>\n\t<meta name=\"twitter:data1\" content=\"David Andr\u00e9s Aguirre\" \/>\n\t<meta name=\"twitter:label2\" content=\"Tiempo de lectura\" \/>\n\t<meta name=\"twitter:data2\" content=\"1 minuto\" \/>\n<script type=\"application\/ld+json\" class=\"yoast-schema-graph\">{\"@context\":\"https:\/\/schema.org\",\"@graph\":[{\"@type\":\"WebPage\",\"@id\":\"https:\/\/ciudadyregion.com.co\/index.php\/la-catedra-ibague-musical-llego-con-conciertos-a-4-colegios-simultaneamente\/ibague\/\",\"url\":\"https:\/\/ciudadyregion.com.co\/index.php\/la-catedra-ibague-musical-llego-con-conciertos-a-4-colegios-simultaneamente\/ibague\/\",\"name\":\"La 'C\u00e1tedra Ibagu\u00e9 Musical' lleg\u00f3 con conciertos a 4 colegios simult\u00e1neamente - Ciudad y Region\",\"isPartOf\":{\"@id\":\"https:\/\/ciudadyregion.com.co\/#website\"},\"primaryImageOfPage\":{\"@id\":\"https:\/\/ciudadyregion.com.co\/index.php\/la-catedra-ibague-musical-llego-con-conciertos-a-4-colegios-simultaneamente\/ibague\/#primaryimage\"},\"image\":{\"@id\":\"https:\/\/ciudadyregion.com.co\/index.php\/la-catedra-ibague-musical-llego-con-conciertos-a-4-colegios-simultaneamente\/ibague\/#primaryimage\"},\"thumbnailUrl\":\"https:\/\/i0.wp.com\/ciudadyregion.com.co\/wp-content\/uploads\/2024\/05\/4-16-1.jpg?fit=800%2C445&ssl=1\",\"datePublished\":\"2024-05-24T13:12:00+00:00\",\"dateModified\":\"2024-05-24T13:12:00+00:00\",\"author\":{\"@id\":\"https:\/\/ciudadyregion.com.co\/#\/schema\/person\/04a4954373ebc4051f46e8c65ff78622\"},\"breadcrumb\":{\"@id\":\"https:\/\/ciudadyregion.com.co\/index.php\/la-catedra-ibague-musical-llego-con-conciertos-a-4-colegios-simultaneamente\/ibague\/#breadcrumb\"},\"inLanguage\":\"es\",\"potentialAction\":[{\"@type\":\"ReadAction\",\"target\":[\"https:\/\/ciudadyregion.com.co\/index.php\/la-catedra-ibague-musical-llego-con-conciertos-a-4-colegios-simultaneamente\/ibague\/\"]}]},{\"@type\":\"ImageObject\",\"inLanguage\":\"es\",\"@id\":\"https:\/\/ciudadyregion.com.co\/index.php\/la-catedra-ibague-musical-llego-con-conciertos-a-4-colegios-simultaneamente\/ibague\/#primaryimage\",\"url\":\"https:\/\/i0.wp.com\/ciudadyregion.com.co\/wp-content\/uploads\/2024\/05\/4-16-1.jpg?fit=800%2C445&ssl=1\",\"contentUrl\":\"https:\/\/i0.wp.com\/ciudadyregion.com.co\/wp-content\/uploads\/2024\/05\/4-16-1.jpg?fit=800%2C445&ssl=1\",\"width\":800,\"height\":445},{\"@type\":\"BreadcrumbList\",\"@id\":\"https:\/\/ciudadyregion.com.co\/index.php\/la-catedra-ibague-musical-llego-con-conciertos-a-4-colegios-simultaneamente\/ibague\/#breadcrumb\",\"itemListElement\":[{\"@type\":\"ListItem\",\"position\":1,\"name\":\"Portada\",\"item\":\"https:\/\/ciudadyregion.com.co\/\"},{\"@type\":\"ListItem\",\"position\":2,\"name\":\"La &#8216;C\u00e1tedra Ibagu\u00e9 Musical&#8217; lleg\u00f3 con conciertos a 4 colegios simult\u00e1neamente\"}]},{\"@type\":\"WebSite\",\"@id\":\"https:\/\/ciudadyregion.com.co\/#website\",\"url\":\"https:\/\/ciudadyregion.com.co\/\",\"name\":\"Ciudad y Region\",\"description\":\"\",\"potentialAction\":[{\"@type\":\"SearchAction\",\"target\":{\"@type\":\"EntryPoint\",\"urlTemplate\":\"https:\/\/ciudadyregion.com.co\/?s={search_term_string}\"},\"query-input\":{\"@type\":\"PropertyValueSpecification\",\"valueRequired\":true,\"valueName\":\"search_term_string\"}}],\"inLanguage\":\"es\"},{\"@type\":\"Person\",\"@id\":\"https:\/\/ciudadyregion.com.co\/#\/schema\/person\/04a4954373ebc4051f46e8c65ff78622\",\"name\":\"David Andr\u00e9s Aguirre\",\"image\":{\"@type\":\"ImageObject\",\"inLanguage\":\"es\",\"@id\":\"https:\/\/ciudadyregion.com.co\/#\/schema\/person\/image\/\",\"url\":\"https:\/\/secure.gravatar.com\/avatar\/bc3c655860202182ee6d1b5edd042dbe?s=96&d=mm&r=g\",\"contentUrl\":\"https:\/\/secure.gravatar.com\/avatar\/bc3c655860202182ee6d1b5edd042dbe?s=96&d=mm&r=g\",\"caption\":\"David Andr\u00e9s Aguirre\"},\"url\":\"https:\/\/ciudadyregion.com.co\/index.php\/author\/diegoaguirre\/\"}]}<\/script>\n<!-- \/ Yoast SEO plugin. -->","yoast_head_json":{"title":"La 'C\u00e1tedra Ibagu\u00e9 Musical' lleg\u00f3 con conciertos a 4 colegios simult\u00e1neamente - Ciudad y Region","robots":{"index":"index","follow":"follow","max-snippet":"max-snippet:-1","max-image-preview":"max-image-preview:large","max-video-preview":"max-video-preview:-1"},"canonical":"https:\/\/ciudadyregion.com.co\/index.php\/la-catedra-ibague-musical-llego-con-conciertos-a-4-colegios-simultaneamente\/ibague\/","og_locale":"es_ES","og_type":"article","og_title":"La 'C\u00e1tedra Ibagu\u00e9 Musical' lleg\u00f3 con conciertos a 4 colegios simult\u00e1neamente - Ciudad y Region","og_description":"Mensualmente la c\u00e1tedra Ibagu\u00e9 Musical ofrece un concierto para estudiantes de instituciones educativas de la ciudad, en la que los ni\u00f1os y j\u00f3venes tienen un acercamiento a los instrumentos, ritmos y melod\u00edas que nos identifican. En esta oportunidad, se realiz\u00f3 la actividad en cuatro colegios simult\u00e1neamente. \u00a0 \u201cEstamos realizando unoContinuar Leyendo","og_url":"https:\/\/ciudadyregion.com.co\/index.php\/la-catedra-ibague-musical-llego-con-conciertos-a-4-colegios-simultaneamente\/ibague\/","og_site_name":"Ciudad y Region","article_published_time":"2024-05-24T13:12:00+00:00","og_image":[{"width":800,"height":445,"url":"https:\/\/ciudadyregion.com.co\/wp-content\/uploads\/2024\/05\/4-16-1.jpg","type":"image\/jpeg"}],"author":"David Andr\u00e9s Aguirre","twitter_card":"summary_large_image","twitter_misc":{"Escrito por":"David Andr\u00e9s Aguirre","Tiempo de lectura":"1 minuto"},"schema":{"@context":"https:\/\/schema.org","@graph":[{"@type":"WebPage","@id":"https:\/\/ciudadyregion.com.co\/index.php\/la-catedra-ibague-musical-llego-con-conciertos-a-4-colegios-simultaneamente\/ibague\/","url":"https:\/\/ciudadyregion.com.co\/index.php\/la-catedra-ibague-musical-llego-con-conciertos-a-4-colegios-simultaneamente\/ibague\/","name":"La 'C\u00e1tedra Ibagu\u00e9 Musical' lleg\u00f3 con conciertos a 4 colegios simult\u00e1neamente - Ciudad y Region","isPartOf":{"@id":"https:\/\/ciudadyregion.com.co\/#website"},"primaryImageOfPage":{"@id":"https:\/\/ciudadyregion.com.co\/index.php\/la-catedra-ibague-musical-llego-con-conciertos-a-4-colegios-simultaneamente\/ibague\/#primaryimage"},"image":{"@id":"https:\/\/ciudadyregion.com.co\/index.php\/la-catedra-ibague-musical-llego-con-conciertos-a-4-colegios-simultaneamente\/ibague\/#primaryimage"},"thumbnailUrl":"https:\/\/i0.wp.com\/ciudadyregion.com.co\/wp-content\/uploads\/2024\/05\/4-16-1.jpg?fit=800%2C445&ssl=1","datePublished":"2024-05-24T13:12:00+00:00","dateModified":"2024-05-24T13:12:00+00:00","author":{"@id":"https:\/\/ciudadyregion.com.co\/#\/schema\/person\/04a4954373ebc4051f46e8c65ff78622"},"breadcrumb":{"@id":"https:\/\/ciudadyregion.com.co\/index.php\/la-catedra-ibague-musical-llego-con-conciertos-a-4-colegios-simultaneamente\/ibague\/#breadcrumb"},"inLanguage":"es","potentialAction":[{"@type":"ReadAction","target":["https:\/\/ciudadyregion.com.co\/index.php\/la-catedra-ibague-musical-llego-con-conciertos-a-4-colegios-simultaneamente\/ibague\/"]}]},{"@type":"ImageObject","inLanguage":"es","@id":"https:\/\/ciudadyregion.com.co\/index.php\/la-catedra-ibague-musical-llego-con-conciertos-a-4-colegios-simultaneamente\/ibague\/#primaryimage","url":"https:\/\/i0.wp.com\/ciudadyregion.com.co\/wp-content\/uploads\/2024\/05\/4-16-1.jpg?fit=800%2C445&ssl=1","contentUrl":"https:\/\/i0.wp.com\/ciudadyregion.com.co\/wp-content\/uploads\/2024\/05\/4-16-1.jpg?fit=800%2C445&ssl=1","width":800,"height":445},{"@type":"BreadcrumbList","@id":"https:\/\/ciudadyregion.com.co\/index.php\/la-catedra-ibague-musical-llego-con-conciertos-a-4-colegios-simultaneamente\/ibague\/#breadcrumb","itemListElement":[{"@type":"ListItem","position":1,"name":"Portada","item":"https:\/\/ciudadyregion.com.co\/"},{"@type":"ListItem","position":2,"name":"La &#8216;C\u00e1tedra Ibagu\u00e9 Musical&#8217; lleg\u00f3 con conciertos a 4 colegios simult\u00e1neamente"}]},{"@type":"WebSite","@id":"https:\/\/ciudadyregion.com.co\/#website","url":"https:\/\/ciudadyregion.com.co\/","name":"Ciudad y Region","description":"","potentialAction":[{"@type":"SearchAction","target":{"@type":"EntryPoint","urlTemplate":"https:\/\/ciudadyregion.com.co\/?s={search_term_string}"},"query-input":{"@type":"PropertyValueSpecification","valueRequired":true,"valueName":"search_term_string"}}],"inLanguage":"es"},{"@type":"Person","@id":"https:\/\/ciudadyregion.com.co\/#\/schema\/person\/04a4954373ebc4051f46e8c65ff78622","name":"David Andr\u00e9s Aguirre","image":{"@type":"ImageObject","inLanguage":"es","@id":"https:\/\/ciudadyregion.com.co\/#\/schema\/person\/image\/","url":"https:\/\/secure.gravatar.com\/avatar\/bc3c655860202182ee6d1b5edd042dbe?s=96&d=mm&r=g","contentUrl":"https:\/\/secure.gravatar.com\/avatar\/bc3c655860202182ee6d1b5edd042dbe?s=96&d=mm&r=g","caption":"David Andr\u00e9s Aguirre"},"url":"https:\/\/ciudadyregion.com.co\/index.php\/author\/diegoaguirre\/"}]}},"jetpack_featured_media_url":"https:\/\/i0.wp.com\/ciudadyregion.com.co\/wp-content\/uploads\/2024\/05\/4-16-1.jpg?fit=800%2C445&ssl=1","jetpack_sharing_enabled":true,"jetpack_shortlink":"https:\/\/wp.me\/pbS7hh-3Q3","jetpack-related-posts":[],"_links":{"self":[{"href":"https:\/\/ciudadyregion.com.co\/index.php\/wp-json\/wp\/v2\/posts\/14759"}],"collection":[{"href":"https:\/\/ciudadyregion.com.co\/index.php\/wp-json\/wp\/v2\/posts"}],"about":[{"href":"https:\/\/ciudadyregion.com.co\/index.php\/wp-json\/wp\/v2\/types\/post"}],"author":[{"embeddable":true,"href":"https:\/\/ciudadyregion.com.co\/index.php\/wp-json\/wp\/v2\/users\/2"}],"replies":[{"embeddable":true,"href":"https:\/\/ciudadyregion.com.co\/index.php\/wp-json\/wp\/v2\/comments?post=14759"}],"version-history":[{"count":1,"href":"https:\/\/ciudadyregion.com.co\/index.php\/wp-json\/wp\/v2\/posts\/14759\/revisions"}],"predecessor-version":[{"id":14761,"href":"https:\/\/ciudadyregion.com.co\/index.php\/wp-json\/wp\/v2\/posts\/14759\/revisions\/14761"}],"wp:featuredmedia":[{"embeddable":true,"href":"https:\/\/ciudadyregion.com.co\/index.php\/wp-json\/wp\/v2\/media\/14760"}],"wp:attachment":[{"href":"https:\/\/ciudadyregion.com.co\/index.php\/wp-json\/wp\/v2\/media?parent=14759"}],"wp:term":[{"taxonomy":"category","embeddable":true,"href":"https:\/\/ciudadyregion.com.co\/index.php\/wp-json\/wp\/v2\/categories?post=14759"},{"taxonomy":"post_tag","embeddable":true,"href":"https:\/\/ciudadyregion.com.co\/index.php\/wp-json\/wp\/v2\/tags?post=14759"}],"curies":[{"name":"wp","href":"https:\/\/api.w.org\/{rel}","templated":true}]}}