{"id":14752,"date":"2024-05-24T08:04:23","date_gmt":"2024-05-24T13:04:23","guid":{"rendered":"https:\/\/ciudadyregion.com.co\/?p=14752"},"modified":"2024-05-24T08:04:23","modified_gmt":"2024-05-24T13:04:23","slug":"confirmado-alcaldia-de-ibague-afirma-que-reconstruira-la-aclamada-piscina-de-olas-del-parque-deportivo","status":"publish","type":"post","link":"https:\/\/ciudadyregion.com.co\/index.php\/confirmado-alcaldia-de-ibague-afirma-que-reconstruira-la-aclamada-piscina-de-olas-del-parque-deportivo\/ibague\/","title":{"rendered":"\u00a1Confirmado! Alcald\u00eda de Ibagu\u00e9 afirma que reconstruir\u00e1 la aclamada Piscina de Olas del Parque Deportivo"},"content":{"rendered":"<div>A trav\u00e9s del contrato 1646 del 7 de mayo de 2024, la Alcald\u00eda est\u00e1 a un paso de iniciar las obras de la esperada Piscina de Olas, un hist\u00f3rico escenario del Parque Deportivo que la comunidad aclama con ansias para compartir en familia.<\/div>\n<div><span style=\"font-family: Arial, Verdana;\">\u00a0<\/span><\/div>\n<blockquote>\n<div><span style=\"font-family: Arial, Verdana;\">\u201cYa adjudicamos tambi\u00e9n el contrato de interventor\u00eda. Ahora el contratista se encuentra revisando los temas de dise\u00f1o para posteriormente iniciar a ejecutar las obras\u201d, cont\u00f3 Jonathan Su\u00e1rez, secretario de Infraestructura.\u00a0<\/span><\/div>\n<\/blockquote>\n<div><span style=\"font-family: Arial, Verdana;\">\u00a0<\/span><\/div>\n<div><span style=\"font-family: Arial, Verdana;\">El proyecto tendr\u00e1 un valor cercano a los $ 12.334 millones, para la construcci\u00f3n del parque acu\u00e1tico infantil, una piscina familiar y una de salto recreativo, tobog\u00e1n, restaurante y, por supuesto, la restauraci\u00f3n de la piscina de olas.\u00a0<\/span><\/div>\n<div><span style=\"font-family: Arial, Verdana;\">\u00a0<\/span><\/div>\n<div><span style=\"font-family: Arial, Verdana;\">Adem\u00e1s, la interventor\u00eda tendr\u00e1 un valor aproximado a $ 723 millones, por medio del contrato 1151 del 23 de abril del presente a\u00f1o, para supervisar de manera permanente la calidad del trabajo y el cumplimiento de las actividades por parte del contratista.\u00a0<\/span><\/div>\n<div><span style=\"font-family: Arial, Verdana;\">\u00a0<\/span><\/div>\n<div><span style=\"font-family: Arial, Verdana;\">Es as\u00ed como se espera que durante la \u00faltima semana de mayo la Administraci\u00f3n Municipal pueda expedir el acta de inicio para dar v\u00eda libre a la construcci\u00f3n de este importante escenario.<\/span><\/div>\n","protected":false},"excerpt":{"rendered":"<p>A trav\u00e9s del contrato 1646 del 7 de mayo de 2024, la Alcald\u00eda est\u00e1 a un paso de iniciar las obras de la esperada Piscina de Olas, un hist\u00f3rico escenario del Parque Deportivo que la comunidad aclama con ansias para compartir en familia. \u00a0 \u201cYa adjudicamos tambi\u00e9n el contrato de<span class=\"more-link\"><a href=\"https:\/\/ciudadyregion.com.co\/index.php\/confirmado-alcaldia-de-ibague-afirma-que-reconstruira-la-aclamada-piscina-de-olas-del-parque-deportivo\/ibague\/\">Continuar Leyendo<\/a><\/span><\/p>\n","protected":false},"author":2,"featured_media":14754,"comment_status":"open","ping_status":"open","sticky":false,"template":"","format":"standard","meta":{"_uf_show_specific_survey":0,"_uf_disable_surveys":false,"_jetpack_memberships_contains_paid_content":false,"footnotes":"","jetpack_publicize_message":"","jetpack_publicize_feature_enabled":true,"jetpack_social_post_already_shared":true,"jetpack_social_options":{"image_generator_settings":{"template":"highway","enabled":false},"version":2}},"categories":[14],"tags":[],"class_list":["entry","author-diegoaguirre","post-14752","post","type-post","status-publish","format-standard","has-post-thumbnail","category-ibague"],"jetpack_publicize_connections":[],"yoast_head":"<!-- This site is optimized with the Yoast SEO plugin v24.3 - https:\/\/yoast.com\/wordpress\/plugins\/seo\/ -->\n<title>\u00a1Confirmado! Alcald\u00eda de Ibagu\u00e9 afirma que reconstruir\u00e1 la aclamada Piscina de Olas del Parque Deportivo - Ciudad y Region<\/title>\n<meta name=\"robots\" content=\"index, follow, max-snippet:-1, max-image-preview:large, max-video-preview:-1\" \/>\n<link rel=\"canonical\" href=\"https:\/\/ciudadyregion.com.co\/index.php\/confirmado-alcaldia-de-ibague-afirma-que-reconstruira-la-aclamada-piscina-de-olas-del-parque-deportivo\/ibague\/\" \/>\n<meta property=\"og:locale\" content=\"es_ES\" \/>\n<meta property=\"og:type\" content=\"article\" \/>\n<meta property=\"og:title\" content=\"\u00a1Confirmado! Alcald\u00eda de Ibagu\u00e9 afirma que reconstruir\u00e1 la aclamada Piscina de Olas del Parque Deportivo - Ciudad y Region\" \/>\n<meta property=\"og:description\" content=\"A trav\u00e9s del contrato 1646 del 7 de mayo de 2024, la Alcald\u00eda est\u00e1 a un paso de iniciar las obras de la esperada Piscina de Olas, un hist\u00f3rico escenario del Parque Deportivo que la comunidad aclama con ansias para compartir en familia. \u00a0 \u201cYa adjudicamos tambi\u00e9n el contrato deContinuar Leyendo\" \/>\n<meta property=\"og:url\" content=\"https:\/\/ciudadyregion.com.co\/index.php\/confirmado-alcaldia-de-ibague-afirma-que-reconstruira-la-aclamada-piscina-de-olas-del-parque-deportivo\/ibague\/\" \/>\n<meta property=\"og:site_name\" content=\"Ciudad y Region\" \/>\n<meta property=\"article:published_time\" content=\"2024-05-24T13:04:23+00:00\" \/>\n<meta property=\"og:image\" content=\"https:\/\/ciudadyregion.com.co\/wp-content\/uploads\/2024\/05\/1-16-1.jpg\" \/>\n\t<meta property=\"og:image:width\" content=\"800\" \/>\n\t<meta property=\"og:image:height\" content=\"445\" \/>\n\t<meta property=\"og:image:type\" content=\"image\/jpeg\" \/>\n<meta name=\"author\" content=\"David Andr\u00e9s Aguirre\" \/>\n<meta name=\"twitter:card\" content=\"summary_large_image\" \/>\n<meta name=\"twitter:label1\" content=\"Escrito por\" \/>\n\t<meta name=\"twitter:data1\" content=\"David Andr\u00e9s Aguirre\" \/>\n\t<meta name=\"twitter:label2\" content=\"Tiempo de lectura\" \/>\n\t<meta name=\"twitter:data2\" content=\"1 minuto\" \/>\n<script type=\"application\/ld+json\" class=\"yoast-schema-graph\">{\"@context\":\"https:\/\/schema.org\",\"@graph\":[{\"@type\":\"WebPage\",\"@id\":\"https:\/\/ciudadyregion.com.co\/index.php\/confirmado-alcaldia-de-ibague-afirma-que-reconstruira-la-aclamada-piscina-de-olas-del-parque-deportivo\/ibague\/\",\"url\":\"https:\/\/ciudadyregion.com.co\/index.php\/confirmado-alcaldia-de-ibague-afirma-que-reconstruira-la-aclamada-piscina-de-olas-del-parque-deportivo\/ibague\/\",\"name\":\"\u00a1Confirmado! Alcald\u00eda de Ibagu\u00e9 afirma que reconstruir\u00e1 la aclamada Piscina de Olas del Parque Deportivo - Ciudad y Region\",\"isPartOf\":{\"@id\":\"https:\/\/ciudadyregion.com.co\/#website\"},\"primaryImageOfPage\":{\"@id\":\"https:\/\/ciudadyregion.com.co\/index.php\/confirmado-alcaldia-de-ibague-afirma-que-reconstruira-la-aclamada-piscina-de-olas-del-parque-deportivo\/ibague\/#primaryimage\"},\"image\":{\"@id\":\"https:\/\/ciudadyregion.com.co\/index.php\/confirmado-alcaldia-de-ibague-afirma-que-reconstruira-la-aclamada-piscina-de-olas-del-parque-deportivo\/ibague\/#primaryimage\"},\"thumbnailUrl\":\"https:\/\/i0.wp.com\/ciudadyregion.com.co\/wp-content\/uploads\/2024\/05\/1-16-1.jpg?fit=800%2C445&ssl=1\",\"datePublished\":\"2024-05-24T13:04:23+00:00\",\"dateModified\":\"2024-05-24T13:04:23+00:00\",\"author\":{\"@id\":\"https:\/\/ciudadyregion.com.co\/#\/schema\/person\/04a4954373ebc4051f46e8c65ff78622\"},\"breadcrumb\":{\"@id\":\"https:\/\/ciudadyregion.com.co\/index.php\/confirmado-alcaldia-de-ibague-afirma-que-reconstruira-la-aclamada-piscina-de-olas-del-parque-deportivo\/ibague\/#breadcrumb\"},\"inLanguage\":\"es\",\"potentialAction\":[{\"@type\":\"ReadAction\",\"target\":[\"https:\/\/ciudadyregion.com.co\/index.php\/confirmado-alcaldia-de-ibague-afirma-que-reconstruira-la-aclamada-piscina-de-olas-del-parque-deportivo\/ibague\/\"]}]},{\"@type\":\"ImageObject\",\"inLanguage\":\"es\",\"@id\":\"https:\/\/ciudadyregion.com.co\/index.php\/confirmado-alcaldia-de-ibague-afirma-que-reconstruira-la-aclamada-piscina-de-olas-del-parque-deportivo\/ibague\/#primaryimage\",\"url\":\"https:\/\/i0.wp.com\/ciudadyregion.com.co\/wp-content\/uploads\/2024\/05\/1-16-1.jpg?fit=800%2C445&ssl=1\",\"contentUrl\":\"https:\/\/i0.wp.com\/ciudadyregion.com.co\/wp-content\/uploads\/2024\/05\/1-16-1.jpg?fit=800%2C445&ssl=1\",\"width\":800,\"height\":445},{\"@type\":\"BreadcrumbList\",\"@id\":\"https:\/\/ciudadyregion.com.co\/index.php\/confirmado-alcaldia-de-ibague-afirma-que-reconstruira-la-aclamada-piscina-de-olas-del-parque-deportivo\/ibague\/#breadcrumb\",\"itemListElement\":[{\"@type\":\"ListItem\",\"position\":1,\"name\":\"Portada\",\"item\":\"https:\/\/ciudadyregion.com.co\/\"},{\"@type\":\"ListItem\",\"position\":2,\"name\":\"\u00a1Confirmado! Alcald\u00eda de Ibagu\u00e9 afirma que reconstruir\u00e1 la aclamada Piscina de Olas del Parque Deportivo\"}]},{\"@type\":\"WebSite\",\"@id\":\"https:\/\/ciudadyregion.com.co\/#website\",\"url\":\"https:\/\/ciudadyregion.com.co\/\",\"name\":\"Ciudad y Region\",\"description\":\"\",\"potentialAction\":[{\"@type\":\"SearchAction\",\"target\":{\"@type\":\"EntryPoint\",\"urlTemplate\":\"https:\/\/ciudadyregion.com.co\/?s={search_term_string}\"},\"query-input\":{\"@type\":\"PropertyValueSpecification\",\"valueRequired\":true,\"valueName\":\"search_term_string\"}}],\"inLanguage\":\"es\"},{\"@type\":\"Person\",\"@id\":\"https:\/\/ciudadyregion.com.co\/#\/schema\/person\/04a4954373ebc4051f46e8c65ff78622\",\"name\":\"David Andr\u00e9s Aguirre\",\"image\":{\"@type\":\"ImageObject\",\"inLanguage\":\"es\",\"@id\":\"https:\/\/ciudadyregion.com.co\/#\/schema\/person\/image\/\",\"url\":\"https:\/\/secure.gravatar.com\/avatar\/bc3c655860202182ee6d1b5edd042dbe?s=96&d=mm&r=g\",\"contentUrl\":\"https:\/\/secure.gravatar.com\/avatar\/bc3c655860202182ee6d1b5edd042dbe?s=96&d=mm&r=g\",\"caption\":\"David Andr\u00e9s Aguirre\"},\"url\":\"https:\/\/ciudadyregion.com.co\/index.php\/author\/diegoaguirre\/\"}]}<\/script>\n<!-- \/ Yoast SEO plugin. -->","yoast_head_json":{"title":"\u00a1Confirmado! Alcald\u00eda de Ibagu\u00e9 afirma que reconstruir\u00e1 la aclamada Piscina de Olas del Parque Deportivo - Ciudad y Region","robots":{"index":"index","follow":"follow","max-snippet":"max-snippet:-1","max-image-preview":"max-image-preview:large","max-video-preview":"max-video-preview:-1"},"canonical":"https:\/\/ciudadyregion.com.co\/index.php\/confirmado-alcaldia-de-ibague-afirma-que-reconstruira-la-aclamada-piscina-de-olas-del-parque-deportivo\/ibague\/","og_locale":"es_ES","og_type":"article","og_title":"\u00a1Confirmado! Alcald\u00eda de Ibagu\u00e9 afirma que reconstruir\u00e1 la aclamada Piscina de Olas del Parque Deportivo - Ciudad y Region","og_description":"A trav\u00e9s del contrato 1646 del 7 de mayo de 2024, la Alcald\u00eda est\u00e1 a un paso de iniciar las obras de la esperada Piscina de Olas, un hist\u00f3rico escenario del Parque Deportivo que la comunidad aclama con ansias para compartir en familia. \u00a0 \u201cYa adjudicamos tambi\u00e9n el contrato deContinuar Leyendo","og_url":"https:\/\/ciudadyregion.com.co\/index.php\/confirmado-alcaldia-de-ibague-afirma-que-reconstruira-la-aclamada-piscina-de-olas-del-parque-deportivo\/ibague\/","og_site_name":"Ciudad y Region","article_published_time":"2024-05-24T13:04:23+00:00","og_image":[{"width":800,"height":445,"url":"https:\/\/ciudadyregion.com.co\/wp-content\/uploads\/2024\/05\/1-16-1.jpg","type":"image\/jpeg"}],"author":"David Andr\u00e9s Aguirre","twitter_card":"summary_large_image","twitter_misc":{"Escrito por":"David Andr\u00e9s Aguirre","Tiempo de lectura":"1 minuto"},"schema":{"@context":"https:\/\/schema.org","@graph":[{"@type":"WebPage","@id":"https:\/\/ciudadyregion.com.co\/index.php\/confirmado-alcaldia-de-ibague-afirma-que-reconstruira-la-aclamada-piscina-de-olas-del-parque-deportivo\/ibague\/","url":"https:\/\/ciudadyregion.com.co\/index.php\/confirmado-alcaldia-de-ibague-afirma-que-reconstruira-la-aclamada-piscina-de-olas-del-parque-deportivo\/ibague\/","name":"\u00a1Confirmado! Alcald\u00eda de Ibagu\u00e9 afirma que reconstruir\u00e1 la aclamada Piscina de Olas del Parque Deportivo - Ciudad y Region","isPartOf":{"@id":"https:\/\/ciudadyregion.com.co\/#website"},"primaryImageOfPage":{"@id":"https:\/\/ciudadyregion.com.co\/index.php\/confirmado-alcaldia-de-ibague-afirma-que-reconstruira-la-aclamada-piscina-de-olas-del-parque-deportivo\/ibague\/#primaryimage"},"image":{"@id":"https:\/\/ciudadyregion.com.co\/index.php\/confirmado-alcaldia-de-ibague-afirma-que-reconstruira-la-aclamada-piscina-de-olas-del-parque-deportivo\/ibague\/#primaryimage"},"thumbnailUrl":"https:\/\/i0.wp.com\/ciudadyregion.com.co\/wp-content\/uploads\/2024\/05\/1-16-1.jpg?fit=800%2C445&ssl=1","datePublished":"2024-05-24T13:04:23+00:00","dateModified":"2024-05-24T13:04:23+00:00","author":{"@id":"https:\/\/ciudadyregion.com.co\/#\/schema\/person\/04a4954373ebc4051f46e8c65ff78622"},"breadcrumb":{"@id":"https:\/\/ciudadyregion.com.co\/index.php\/confirmado-alcaldia-de-ibague-afirma-que-reconstruira-la-aclamada-piscina-de-olas-del-parque-deportivo\/ibague\/#breadcrumb"},"inLanguage":"es","potentialAction":[{"@type":"ReadAction","target":["https:\/\/ciudadyregion.com.co\/index.php\/confirmado-alcaldia-de-ibague-afirma-que-reconstruira-la-aclamada-piscina-de-olas-del-parque-deportivo\/ibague\/"]}]},{"@type":"ImageObject","inLanguage":"es","@id":"https:\/\/ciudadyregion.com.co\/index.php\/confirmado-alcaldia-de-ibague-afirma-que-reconstruira-la-aclamada-piscina-de-olas-del-parque-deportivo\/ibague\/#primaryimage","url":"https:\/\/i0.wp.com\/ciudadyregion.com.co\/wp-content\/uploads\/2024\/05\/1-16-1.jpg?fit=800%2C445&ssl=1","contentUrl":"https:\/\/i0.wp.com\/ciudadyregion.com.co\/wp-content\/uploads\/2024\/05\/1-16-1.jpg?fit=800%2C445&ssl=1","width":800,"height":445},{"@type":"BreadcrumbList","@id":"https:\/\/ciudadyregion.com.co\/index.php\/confirmado-alcaldia-de-ibague-afirma-que-reconstruira-la-aclamada-piscina-de-olas-del-parque-deportivo\/ibague\/#breadcrumb","itemListElement":[{"@type":"ListItem","position":1,"name":"Portada","item":"https:\/\/ciudadyregion.com.co\/"},{"@type":"ListItem","position":2,"name":"\u00a1Confirmado! Alcald\u00eda de Ibagu\u00e9 afirma que reconstruir\u00e1 la aclamada Piscina de Olas del Parque Deportivo"}]},{"@type":"WebSite","@id":"https:\/\/ciudadyregion.com.co\/#website","url":"https:\/\/ciudadyregion.com.co\/","name":"Ciudad y Region","description":"","potentialAction":[{"@type":"SearchAction","target":{"@type":"EntryPoint","urlTemplate":"https:\/\/ciudadyregion.com.co\/?s={search_term_string}"},"query-input":{"@type":"PropertyValueSpecification","valueRequired":true,"valueName":"search_term_string"}}],"inLanguage":"es"},{"@type":"Person","@id":"https:\/\/ciudadyregion.com.co\/#\/schema\/person\/04a4954373ebc4051f46e8c65ff78622","name":"David Andr\u00e9s Aguirre","image":{"@type":"ImageObject","inLanguage":"es","@id":"https:\/\/ciudadyregion.com.co\/#\/schema\/person\/image\/","url":"https:\/\/secure.gravatar.com\/avatar\/bc3c655860202182ee6d1b5edd042dbe?s=96&d=mm&r=g","contentUrl":"https:\/\/secure.gravatar.com\/avatar\/bc3c655860202182ee6d1b5edd042dbe?s=96&d=mm&r=g","caption":"David Andr\u00e9s Aguirre"},"url":"https:\/\/ciudadyregion.com.co\/index.php\/author\/diegoaguirre\/"}]}},"jetpack_featured_media_url":"https:\/\/i0.wp.com\/ciudadyregion.com.co\/wp-content\/uploads\/2024\/05\/1-16-1.jpg?fit=800%2C445&ssl=1","jetpack_sharing_enabled":true,"jetpack_shortlink":"https:\/\/wp.me\/pbS7hh-3PW","jetpack-related-posts":[],"_links":{"self":[{"href":"https:\/\/ciudadyregion.com.co\/index.php\/wp-json\/wp\/v2\/posts\/14752"}],"collection":[{"href":"https:\/\/ciudadyregion.com.co\/index.php\/wp-json\/wp\/v2\/posts"}],"about":[{"href":"https:\/\/ciudadyregion.com.co\/index.php\/wp-json\/wp\/v2\/types\/post"}],"author":[{"embeddable":true,"href":"https:\/\/ciudadyregion.com.co\/index.php\/wp-json\/wp\/v2\/users\/2"}],"replies":[{"embeddable":true,"href":"https:\/\/ciudadyregion.com.co\/index.php\/wp-json\/wp\/v2\/comments?post=14752"}],"version-history":[{"count":1,"href":"https:\/\/ciudadyregion.com.co\/index.php\/wp-json\/wp\/v2\/posts\/14752\/revisions"}],"predecessor-version":[{"id":14755,"href":"https:\/\/ciudadyregion.com.co\/index.php\/wp-json\/wp\/v2\/posts\/14752\/revisions\/14755"}],"wp:featuredmedia":[{"embeddable":true,"href":"https:\/\/ciudadyregion.com.co\/index.php\/wp-json\/wp\/v2\/media\/14754"}],"wp:attachment":[{"href":"https:\/\/ciudadyregion.com.co\/index.php\/wp-json\/wp\/v2\/media?parent=14752"}],"wp:term":[{"taxonomy":"category","embeddable":true,"href":"https:\/\/ciudadyregion.com.co\/index.php\/wp-json\/wp\/v2\/categories?post=14752"},{"taxonomy":"post_tag","embeddable":true,"href":"https:\/\/ciudadyregion.com.co\/index.php\/wp-json\/wp\/v2\/tags?post=14752"}],"curies":[{"name":"wp","href":"https:\/\/api.w.org\/{rel}","templated":true}]}}