{"id":14736,"date":"2024-05-24T04:07:58","date_gmt":"2024-05-24T09:07:58","guid":{"rendered":"https:\/\/ciudadyregion.com.co\/?p=14736"},"modified":"2024-05-23T23:08:34","modified_gmt":"2024-05-24T04:08:34","slug":"representando-la-ut-docente-del-idead-fue-invitado-a-hablar-sobre-sst-en-la-unipiloto","status":"publish","type":"post","link":"https:\/\/ciudadyregion.com.co\/index.php\/representando-la-ut-docente-del-idead-fue-invitado-a-hablar-sobre-sst-en-la-unipiloto\/educacion\/","title":{"rendered":"Representando la UT: Docente del IDEAD fue invitado a hablar sobre SST en la Unipiloto"},"content":{"rendered":"<p data-wahfont=\"14\">En el marco del D\u00eda Mundial de la Seguridad y Salud en el trabajo, la Universidad Piloto de Colombia invit\u00f3 a algunos profesores versados en el tema, entre ellos a Edwin S\u00e1nchez Marroqu\u00edn, docente del Instituto de Educaci\u00f3n a Distancia de la Universidad del Tolima.<\/p>\n<p data-wahfont=\"14\">Mediante un Webinar, el profesor S\u00e1nchez, junto con colegas de otras universidades, entre ellas una de M\u00e9xico, ofrecieron una conferencia acerca de las Repercusiones del cambio clim\u00e1tico en la SST, y en el cual cada uno, desde su experiencia, aport\u00f3 al conocimiento y enumeraron factores que inciden sobre los trabajadores.<\/p>\n<blockquote>\n<p data-wahfont=\"14\">\u00abFuimos invitados como Universidad del Tolima a participar en un programa radial con la Universidad Piloto y la Universidad Santo Tom\u00e1s sede Bucaramanga, con el tema del cambio clim\u00e1tico y la afectaci\u00f3n que hace a todas las condiciones laborales en la poblaci\u00f3n trabajadora en Colombia.<\/p>\n<p data-wahfont=\"14\">\u00abPara el Webinar estuvimos cinco profesionales, hablamos acerca de esas condiciones que cambian y afectan los entornos por la variaci\u00f3n del clima. Se concluy\u00f3 que el cambio clim\u00e1tico afecta cada vez m\u00e1s a los trabajadores y, no solo en su entorno laboral, sino en su vivienda, desempe\u00f1o diario, hasta en sus sitios de descanso\u00bb, indic\u00f3 el profesor Edwin S\u00e1nchez.<\/p>\n<\/blockquote>\n<p data-wahfont=\"14\"><strong>La conferencia<\/strong><\/p>\n<p data-wahfont=\"14\">Durante 22 minutos, de las dos horas y media que dur\u00f3 todo el seminario web, el profesor habl\u00f3 acerca de la importancia de garantizar ambientes propicios para las personas, pues \u00abm\u00e1s del 70 % de la mano de obra mundial est\u00e1 expuesta a graves riesgos para la salud, relaciones con el cambio clim\u00e1tico\u00bb.<br \/>\nDentro de las cifras compartidas, indic\u00f3 que 1600 millones de trabajadores se ven expuestos a la radiaci\u00f3n UV, con m\u00e1s de 18.960 muertes anuales relacionadas con el trabajo por c\u00e1ncer de piel no melanoma.<\/p>\n<p data-wahfont=\"14\">Adem\u00e1s, habr\u00edan 860 mil muertes anuales relacionadas, probablemente, por exposici\u00f3n a contaminaci\u00f3n atmosf\u00e9rica.<\/p>\n<p data-wahfont=\"14\">El campo tambi\u00e9n tiene sus riesgos, pues m\u00e1s de 870 millones de trabajadores de la agricultura, probablemente expuestos a pesticidas, con m\u00e1s de 300 mil muertes anuales atribuidas al envenenamiento por pesticidas.<\/p>\n<p data-wahfont=\"14\">Seg\u00fan el profesor del IDEAD, durante la conferencia virtual, los efectos del cambio clim\u00e1tico llegan a intensificar los fen\u00f3menos extremos del clima, impacta el acceso al agua y el saneamiento b\u00e1sico, la seguridad alimentaria y aumenta la incidencia de enfermedades vehiculizadas en el agua y las enfermedades transmitidas por vectores.<\/p>\n<p data-wahfont=\"14\">El profesional en Seguridad y Salud en el Trabajo tambi\u00e9n ofreci\u00f3 pautas para evitar problemas laborales, entre ellos, un manejo adecuado de residuos, mejora de la calidad del aire, aumentos y protecci\u00f3n de espacios verdes, seguridad y soberan\u00eda alimentaria, consumo responsable de bienes y servicios y movilidad sustentables.<\/p>\n<p data-wahfont=\"14\">Es de recordar que el profesor Edwin es ingeniero Industrial y profesional en Salud Ocupacional, especialista en Gesti\u00f3n Ambiental y Evaluaciones de Impacto Ambiental y docente del Instituto de Educaci\u00f3n a Distancia de la Universidad del Tolima.<\/p>\n","protected":false},"excerpt":{"rendered":"<p>En el marco del D\u00eda Mundial de la Seguridad y Salud en el trabajo, la Universidad Piloto de Colombia invit\u00f3 a algunos profesores versados en el tema, entre ellos a Edwin S\u00e1nchez Marroqu\u00edn, docente del Instituto de Educaci\u00f3n a Distancia de la Universidad del Tolima. Mediante un Webinar, el profesor<span class=\"more-link\"><a href=\"https:\/\/ciudadyregion.com.co\/index.php\/representando-la-ut-docente-del-idead-fue-invitado-a-hablar-sobre-sst-en-la-unipiloto\/educacion\/\">Continuar Leyendo<\/a><\/span><\/p>\n","protected":false},"author":2,"featured_media":14737,"comment_status":"open","ping_status":"open","sticky":false,"template":"","format":"standard","meta":{"_uf_show_specific_survey":0,"_uf_disable_surveys":false,"_jetpack_memberships_contains_paid_content":false,"footnotes":"","jetpack_publicize_message":"","jetpack_publicize_feature_enabled":true,"jetpack_social_post_already_shared":true,"jetpack_social_options":{"image_generator_settings":{"template":"highway","enabled":false},"version":2}},"categories":[22],"tags":[],"class_list":["entry","author-diegoaguirre","post-14736","post","type-post","status-publish","format-standard","has-post-thumbnail","category-educacion"],"jetpack_publicize_connections":[],"yoast_head":"<!-- This site is optimized with the Yoast SEO plugin v24.3 - https:\/\/yoast.com\/wordpress\/plugins\/seo\/ -->\n<title>Representando la UT: Docente del IDEAD fue invitado a hablar sobre SST en la Unipiloto - Ciudad y Region<\/title>\n<meta name=\"robots\" content=\"index, follow, max-snippet:-1, max-image-preview:large, max-video-preview:-1\" \/>\n<link rel=\"canonical\" href=\"https:\/\/ciudadyregion.com.co\/index.php\/representando-la-ut-docente-del-idead-fue-invitado-a-hablar-sobre-sst-en-la-unipiloto\/educacion\/\" \/>\n<meta property=\"og:locale\" content=\"es_ES\" \/>\n<meta property=\"og:type\" content=\"article\" \/>\n<meta property=\"og:title\" content=\"Representando la UT: Docente del IDEAD fue invitado a hablar sobre SST en la Unipiloto - Ciudad y Region\" \/>\n<meta property=\"og:description\" content=\"En el marco del D\u00eda Mundial de la Seguridad y Salud en el trabajo, la Universidad Piloto de Colombia invit\u00f3 a algunos profesores versados en el tema, entre ellos a Edwin S\u00e1nchez Marroqu\u00edn, docente del Instituto de Educaci\u00f3n a Distancia de la Universidad del Tolima. Mediante un Webinar, el profesorContinuar Leyendo\" \/>\n<meta property=\"og:url\" content=\"https:\/\/ciudadyregion.com.co\/index.php\/representando-la-ut-docente-del-idead-fue-invitado-a-hablar-sobre-sst-en-la-unipiloto\/educacion\/\" \/>\n<meta property=\"og:site_name\" content=\"Ciudad y Region\" \/>\n<meta property=\"article:published_time\" content=\"2024-05-24T09:07:58+00:00\" \/>\n<meta property=\"article:modified_time\" content=\"2024-05-24T04:08:34+00:00\" \/>\n<meta property=\"og:image\" content=\"https:\/\/i0.wp.com\/ciudadyregion.com.co\/wp-content\/uploads\/2024\/05\/7-14.jpg?fit=800%2C445&ssl=1\" \/>\n\t<meta property=\"og:image:width\" content=\"800\" \/>\n\t<meta property=\"og:image:height\" content=\"445\" \/>\n\t<meta property=\"og:image:type\" content=\"image\/jpeg\" \/>\n<meta name=\"author\" content=\"David Andr\u00e9s Aguirre\" \/>\n<meta name=\"twitter:card\" content=\"summary_large_image\" \/>\n<meta name=\"twitter:label1\" content=\"Escrito por\" \/>\n\t<meta name=\"twitter:data1\" content=\"David Andr\u00e9s Aguirre\" \/>\n\t<meta name=\"twitter:label2\" content=\"Tiempo de lectura\" \/>\n\t<meta name=\"twitter:data2\" content=\"2 minutos\" \/>\n<script type=\"application\/ld+json\" class=\"yoast-schema-graph\">{\"@context\":\"https:\/\/schema.org\",\"@graph\":[{\"@type\":\"WebPage\",\"@id\":\"https:\/\/ciudadyregion.com.co\/index.php\/representando-la-ut-docente-del-idead-fue-invitado-a-hablar-sobre-sst-en-la-unipiloto\/educacion\/\",\"url\":\"https:\/\/ciudadyregion.com.co\/index.php\/representando-la-ut-docente-del-idead-fue-invitado-a-hablar-sobre-sst-en-la-unipiloto\/educacion\/\",\"name\":\"Representando la UT: Docente del IDEAD fue invitado a hablar sobre SST en la Unipiloto - Ciudad y Region\",\"isPartOf\":{\"@id\":\"https:\/\/ciudadyregion.com.co\/#website\"},\"primaryImageOfPage\":{\"@id\":\"https:\/\/ciudadyregion.com.co\/index.php\/representando-la-ut-docente-del-idead-fue-invitado-a-hablar-sobre-sst-en-la-unipiloto\/educacion\/#primaryimage\"},\"image\":{\"@id\":\"https:\/\/ciudadyregion.com.co\/index.php\/representando-la-ut-docente-del-idead-fue-invitado-a-hablar-sobre-sst-en-la-unipiloto\/educacion\/#primaryimage\"},\"thumbnailUrl\":\"https:\/\/i0.wp.com\/ciudadyregion.com.co\/wp-content\/uploads\/2024\/05\/7-14.jpg?fit=800%2C445&ssl=1\",\"datePublished\":\"2024-05-24T09:07:58+00:00\",\"dateModified\":\"2024-05-24T04:08:34+00:00\",\"author\":{\"@id\":\"https:\/\/ciudadyregion.com.co\/#\/schema\/person\/04a4954373ebc4051f46e8c65ff78622\"},\"breadcrumb\":{\"@id\":\"https:\/\/ciudadyregion.com.co\/index.php\/representando-la-ut-docente-del-idead-fue-invitado-a-hablar-sobre-sst-en-la-unipiloto\/educacion\/#breadcrumb\"},\"inLanguage\":\"es\",\"potentialAction\":[{\"@type\":\"ReadAction\",\"target\":[\"https:\/\/ciudadyregion.com.co\/index.php\/representando-la-ut-docente-del-idead-fue-invitado-a-hablar-sobre-sst-en-la-unipiloto\/educacion\/\"]}]},{\"@type\":\"ImageObject\",\"inLanguage\":\"es\",\"@id\":\"https:\/\/ciudadyregion.com.co\/index.php\/representando-la-ut-docente-del-idead-fue-invitado-a-hablar-sobre-sst-en-la-unipiloto\/educacion\/#primaryimage\",\"url\":\"https:\/\/i0.wp.com\/ciudadyregion.com.co\/wp-content\/uploads\/2024\/05\/7-14.jpg?fit=800%2C445&ssl=1\",\"contentUrl\":\"https:\/\/i0.wp.com\/ciudadyregion.com.co\/wp-content\/uploads\/2024\/05\/7-14.jpg?fit=800%2C445&ssl=1\",\"width\":800,\"height\":445},{\"@type\":\"BreadcrumbList\",\"@id\":\"https:\/\/ciudadyregion.com.co\/index.php\/representando-la-ut-docente-del-idead-fue-invitado-a-hablar-sobre-sst-en-la-unipiloto\/educacion\/#breadcrumb\",\"itemListElement\":[{\"@type\":\"ListItem\",\"position\":1,\"name\":\"Portada\",\"item\":\"https:\/\/ciudadyregion.com.co\/\"},{\"@type\":\"ListItem\",\"position\":2,\"name\":\"Representando la UT: Docente del IDEAD fue invitado a hablar sobre SST en la Unipiloto\"}]},{\"@type\":\"WebSite\",\"@id\":\"https:\/\/ciudadyregion.com.co\/#website\",\"url\":\"https:\/\/ciudadyregion.com.co\/\",\"name\":\"Ciudad y Region\",\"description\":\"\",\"potentialAction\":[{\"@type\":\"SearchAction\",\"target\":{\"@type\":\"EntryPoint\",\"urlTemplate\":\"https:\/\/ciudadyregion.com.co\/?s={search_term_string}\"},\"query-input\":{\"@type\":\"PropertyValueSpecification\",\"valueRequired\":true,\"valueName\":\"search_term_string\"}}],\"inLanguage\":\"es\"},{\"@type\":\"Person\",\"@id\":\"https:\/\/ciudadyregion.com.co\/#\/schema\/person\/04a4954373ebc4051f46e8c65ff78622\",\"name\":\"David Andr\u00e9s Aguirre\",\"image\":{\"@type\":\"ImageObject\",\"inLanguage\":\"es\",\"@id\":\"https:\/\/ciudadyregion.com.co\/#\/schema\/person\/image\/\",\"url\":\"https:\/\/secure.gravatar.com\/avatar\/bc3c655860202182ee6d1b5edd042dbe?s=96&d=mm&r=g\",\"contentUrl\":\"https:\/\/secure.gravatar.com\/avatar\/bc3c655860202182ee6d1b5edd042dbe?s=96&d=mm&r=g\",\"caption\":\"David Andr\u00e9s Aguirre\"},\"url\":\"https:\/\/ciudadyregion.com.co\/index.php\/author\/diegoaguirre\/\"}]}<\/script>\n<!-- \/ Yoast SEO plugin. -->","yoast_head_json":{"title":"Representando la UT: Docente del IDEAD fue invitado a hablar sobre SST en la Unipiloto - Ciudad y Region","robots":{"index":"index","follow":"follow","max-snippet":"max-snippet:-1","max-image-preview":"max-image-preview:large","max-video-preview":"max-video-preview:-1"},"canonical":"https:\/\/ciudadyregion.com.co\/index.php\/representando-la-ut-docente-del-idead-fue-invitado-a-hablar-sobre-sst-en-la-unipiloto\/educacion\/","og_locale":"es_ES","og_type":"article","og_title":"Representando la UT: Docente del IDEAD fue invitado a hablar sobre SST en la Unipiloto - Ciudad y Region","og_description":"En el marco del D\u00eda Mundial de la Seguridad y Salud en el trabajo, la Universidad Piloto de Colombia invit\u00f3 a algunos profesores versados en el tema, entre ellos a Edwin S\u00e1nchez Marroqu\u00edn, docente del Instituto de Educaci\u00f3n a Distancia de la Universidad del Tolima. Mediante un Webinar, el profesorContinuar Leyendo","og_url":"https:\/\/ciudadyregion.com.co\/index.php\/representando-la-ut-docente-del-idead-fue-invitado-a-hablar-sobre-sst-en-la-unipiloto\/educacion\/","og_site_name":"Ciudad y Region","article_published_time":"2024-05-24T09:07:58+00:00","article_modified_time":"2024-05-24T04:08:34+00:00","og_image":[{"width":800,"height":445,"url":"https:\/\/i0.wp.com\/ciudadyregion.com.co\/wp-content\/uploads\/2024\/05\/7-14.jpg?fit=800%2C445&ssl=1","type":"image\/jpeg"}],"author":"David Andr\u00e9s Aguirre","twitter_card":"summary_large_image","twitter_misc":{"Escrito por":"David Andr\u00e9s Aguirre","Tiempo de lectura":"2 minutos"},"schema":{"@context":"https:\/\/schema.org","@graph":[{"@type":"WebPage","@id":"https:\/\/ciudadyregion.com.co\/index.php\/representando-la-ut-docente-del-idead-fue-invitado-a-hablar-sobre-sst-en-la-unipiloto\/educacion\/","url":"https:\/\/ciudadyregion.com.co\/index.php\/representando-la-ut-docente-del-idead-fue-invitado-a-hablar-sobre-sst-en-la-unipiloto\/educacion\/","name":"Representando la UT: Docente del IDEAD fue invitado a hablar sobre SST en la Unipiloto - Ciudad y Region","isPartOf":{"@id":"https:\/\/ciudadyregion.com.co\/#website"},"primaryImageOfPage":{"@id":"https:\/\/ciudadyregion.com.co\/index.php\/representando-la-ut-docente-del-idead-fue-invitado-a-hablar-sobre-sst-en-la-unipiloto\/educacion\/#primaryimage"},"image":{"@id":"https:\/\/ciudadyregion.com.co\/index.php\/representando-la-ut-docente-del-idead-fue-invitado-a-hablar-sobre-sst-en-la-unipiloto\/educacion\/#primaryimage"},"thumbnailUrl":"https:\/\/i0.wp.com\/ciudadyregion.com.co\/wp-content\/uploads\/2024\/05\/7-14.jpg?fit=800%2C445&ssl=1","datePublished":"2024-05-24T09:07:58+00:00","dateModified":"2024-05-24T04:08:34+00:00","author":{"@id":"https:\/\/ciudadyregion.com.co\/#\/schema\/person\/04a4954373ebc4051f46e8c65ff78622"},"breadcrumb":{"@id":"https:\/\/ciudadyregion.com.co\/index.php\/representando-la-ut-docente-del-idead-fue-invitado-a-hablar-sobre-sst-en-la-unipiloto\/educacion\/#breadcrumb"},"inLanguage":"es","potentialAction":[{"@type":"ReadAction","target":["https:\/\/ciudadyregion.com.co\/index.php\/representando-la-ut-docente-del-idead-fue-invitado-a-hablar-sobre-sst-en-la-unipiloto\/educacion\/"]}]},{"@type":"ImageObject","inLanguage":"es","@id":"https:\/\/ciudadyregion.com.co\/index.php\/representando-la-ut-docente-del-idead-fue-invitado-a-hablar-sobre-sst-en-la-unipiloto\/educacion\/#primaryimage","url":"https:\/\/i0.wp.com\/ciudadyregion.com.co\/wp-content\/uploads\/2024\/05\/7-14.jpg?fit=800%2C445&ssl=1","contentUrl":"https:\/\/i0.wp.com\/ciudadyregion.com.co\/wp-content\/uploads\/2024\/05\/7-14.jpg?fit=800%2C445&ssl=1","width":800,"height":445},{"@type":"BreadcrumbList","@id":"https:\/\/ciudadyregion.com.co\/index.php\/representando-la-ut-docente-del-idead-fue-invitado-a-hablar-sobre-sst-en-la-unipiloto\/educacion\/#breadcrumb","itemListElement":[{"@type":"ListItem","position":1,"name":"Portada","item":"https:\/\/ciudadyregion.com.co\/"},{"@type":"ListItem","position":2,"name":"Representando la UT: Docente del IDEAD fue invitado a hablar sobre SST en la Unipiloto"}]},{"@type":"WebSite","@id":"https:\/\/ciudadyregion.com.co\/#website","url":"https:\/\/ciudadyregion.com.co\/","name":"Ciudad y Region","description":"","potentialAction":[{"@type":"SearchAction","target":{"@type":"EntryPoint","urlTemplate":"https:\/\/ciudadyregion.com.co\/?s={search_term_string}"},"query-input":{"@type":"PropertyValueSpecification","valueRequired":true,"valueName":"search_term_string"}}],"inLanguage":"es"},{"@type":"Person","@id":"https:\/\/ciudadyregion.com.co\/#\/schema\/person\/04a4954373ebc4051f46e8c65ff78622","name":"David Andr\u00e9s Aguirre","image":{"@type":"ImageObject","inLanguage":"es","@id":"https:\/\/ciudadyregion.com.co\/#\/schema\/person\/image\/","url":"https:\/\/secure.gravatar.com\/avatar\/bc3c655860202182ee6d1b5edd042dbe?s=96&d=mm&r=g","contentUrl":"https:\/\/secure.gravatar.com\/avatar\/bc3c655860202182ee6d1b5edd042dbe?s=96&d=mm&r=g","caption":"David Andr\u00e9s Aguirre"},"url":"https:\/\/ciudadyregion.com.co\/index.php\/author\/diegoaguirre\/"}]}},"jetpack_featured_media_url":"https:\/\/i0.wp.com\/ciudadyregion.com.co\/wp-content\/uploads\/2024\/05\/7-14.jpg?fit=800%2C445&ssl=1","jetpack_sharing_enabled":true,"jetpack_shortlink":"https:\/\/wp.me\/pbS7hh-3PG","jetpack-related-posts":[],"_links":{"self":[{"href":"https:\/\/ciudadyregion.com.co\/index.php\/wp-json\/wp\/v2\/posts\/14736"}],"collection":[{"href":"https:\/\/ciudadyregion.com.co\/index.php\/wp-json\/wp\/v2\/posts"}],"about":[{"href":"https:\/\/ciudadyregion.com.co\/index.php\/wp-json\/wp\/v2\/types\/post"}],"author":[{"embeddable":true,"href":"https:\/\/ciudadyregion.com.co\/index.php\/wp-json\/wp\/v2\/users\/2"}],"replies":[{"embeddable":true,"href":"https:\/\/ciudadyregion.com.co\/index.php\/wp-json\/wp\/v2\/comments?post=14736"}],"version-history":[{"count":1,"href":"https:\/\/ciudadyregion.com.co\/index.php\/wp-json\/wp\/v2\/posts\/14736\/revisions"}],"predecessor-version":[{"id":14738,"href":"https:\/\/ciudadyregion.com.co\/index.php\/wp-json\/wp\/v2\/posts\/14736\/revisions\/14738"}],"wp:featuredmedia":[{"embeddable":true,"href":"https:\/\/ciudadyregion.com.co\/index.php\/wp-json\/wp\/v2\/media\/14737"}],"wp:attachment":[{"href":"https:\/\/ciudadyregion.com.co\/index.php\/wp-json\/wp\/v2\/media?parent=14736"}],"wp:term":[{"taxonomy":"category","embeddable":true,"href":"https:\/\/ciudadyregion.com.co\/index.php\/wp-json\/wp\/v2\/categories?post=14736"},{"taxonomy":"post_tag","embeddable":true,"href":"https:\/\/ciudadyregion.com.co\/index.php\/wp-json\/wp\/v2\/tags?post=14736"}],"curies":[{"name":"wp","href":"https:\/\/api.w.org\/{rel}","templated":true}]}}