{"id":14730,"date":"2024-05-24T04:57:22","date_gmt":"2024-05-24T09:57:22","guid":{"rendered":"https:\/\/ciudadyregion.com.co\/?p=14730"},"modified":"2024-05-24T07:55:32","modified_gmt":"2024-05-24T12:55:32","slug":"por-tercera-vez-suarez-participara-en-el-encuentro-departamental-de-embajadoras-del-folclor-2024","status":"publish","type":"post","link":"https:\/\/ciudadyregion.com.co\/index.php\/por-tercera-vez-suarez-participara-en-el-encuentro-departamental-de-embajadoras-del-folclor-2024\/cultura\/","title":{"rendered":"Por tercera vez, Su\u00e1rez participar\u00e1 en el Encuentro Departamental de Embajadoras del Folclor 2024"},"content":{"rendered":"<ul>\n<li><em><strong>Daniela Rojas V\u00e1squez de 20 a\u00f1os representar\u00e1 con orgullo a este municipio tolimense ba\u00f1ado por las aguas del r\u00edo grande de la Magdalena.<\/strong><\/em><\/li>\n<\/ul>\n<p>Por tercera vez en la historia, Su\u00e1rez participar\u00e1 en el Encuentro Departamental de Embajadoras del Folclor 2024, la encargada de representar a este municipio es Daniela Rojas V\u00e1squez, una joven de 20 a\u00f1os, emprendedora y aspirante al programa de Medicina de la Universidad Nacional de Colombia.<\/p>\n<p>Con la compa\u00f1\u00eda de la alcaldesa de este municipio, Consuelo Avil\u00e9s Aldana, la se\u00f1orita Su\u00e1rez firm\u00f3 de manera oficial su participaci\u00f3n para este certamen, en el marco de la versi\u00f3n 50 del Festival Folcl\u00f3rico Colombiano que se desarrollar\u00e1 del 22 al 26 de junio en Ibagu\u00e9.<\/p>\n<blockquote><p>\u201cSoy una emprendedora que representa a hombres y mujeres que con sus manos contribuyen al desarrollo de mi hermoso municipio\u201d, agreg\u00f3 la embajadora cultural de Su\u00e1rez.<\/p><\/blockquote>\n<p>La agenda oficial del Festival Folcl\u00f3rico Colombiano inicia el 15 de junio y termina el 30 de junio, en la que se incluyen los tradicionales desfiles y diversas muestras art\u00edsticas municipales, departamentales, nacionales e internacionales.<\/p>\n","protected":false},"excerpt":{"rendered":"<p>Daniela Rojas V\u00e1squez de 20 a\u00f1os representar\u00e1 con orgullo a este municipio tolimense ba\u00f1ado por las aguas del r\u00edo grande de la Magdalena. Por tercera vez en la historia, Su\u00e1rez participar\u00e1 en el Encuentro Departamental de Embajadoras del Folclor 2024, la encargada de representar a este municipio es Daniela Rojas<span class=\"more-link\"><a href=\"https:\/\/ciudadyregion.com.co\/index.php\/por-tercera-vez-suarez-participara-en-el-encuentro-departamental-de-embajadoras-del-folclor-2024\/cultura\/\">Continuar Leyendo<\/a><\/span><\/p>\n","protected":false},"author":2,"featured_media":14731,"comment_status":"open","ping_status":"open","sticky":false,"template":"","format":"standard","meta":{"_uf_show_specific_survey":0,"_uf_disable_surveys":false,"_jetpack_memberships_contains_paid_content":false,"footnotes":"","jetpack_publicize_message":"","jetpack_publicize_feature_enabled":true,"jetpack_social_post_already_shared":true,"jetpack_social_options":{"image_generator_settings":{"template":"highway","enabled":false},"version":2}},"categories":[30],"tags":[],"class_list":["entry","author-diegoaguirre","post-14730","post","type-post","status-publish","format-standard","has-post-thumbnail","category-cultura"],"jetpack_publicize_connections":[],"yoast_head":"<!-- This site is optimized with the Yoast SEO plugin v24.3 - https:\/\/yoast.com\/wordpress\/plugins\/seo\/ -->\n<title>Por tercera vez, Su\u00e1rez participar\u00e1 en el Encuentro Departamental de Embajadoras del Folclor 2024 - Ciudad y Region<\/title>\n<meta name=\"robots\" content=\"index, follow, max-snippet:-1, max-image-preview:large, max-video-preview:-1\" \/>\n<link rel=\"canonical\" href=\"https:\/\/ciudadyregion.com.co\/index.php\/por-tercera-vez-suarez-participara-en-el-encuentro-departamental-de-embajadoras-del-folclor-2024\/cultura\/\" \/>\n<meta property=\"og:locale\" content=\"es_ES\" \/>\n<meta property=\"og:type\" content=\"article\" \/>\n<meta property=\"og:title\" content=\"Por tercera vez, Su\u00e1rez participar\u00e1 en el Encuentro Departamental de Embajadoras del Folclor 2024 - Ciudad y Region\" \/>\n<meta property=\"og:description\" content=\"Daniela Rojas V\u00e1squez de 20 a\u00f1os representar\u00e1 con orgullo a este municipio tolimense ba\u00f1ado por las aguas del r\u00edo grande de la Magdalena. Por tercera vez en la historia, Su\u00e1rez participar\u00e1 en el Encuentro Departamental de Embajadoras del Folclor 2024, la encargada de representar a este municipio es Daniela RojasContinuar Leyendo\" \/>\n<meta property=\"og:url\" content=\"https:\/\/ciudadyregion.com.co\/index.php\/por-tercera-vez-suarez-participara-en-el-encuentro-departamental-de-embajadoras-del-folclor-2024\/cultura\/\" \/>\n<meta property=\"og:site_name\" content=\"Ciudad y Region\" \/>\n<meta property=\"article:published_time\" content=\"2024-05-24T09:57:22+00:00\" \/>\n<meta property=\"article:modified_time\" content=\"2024-05-24T12:55:32+00:00\" \/>\n<meta property=\"og:image\" content=\"https:\/\/ciudadyregion.com.co\/wp-content\/uploads\/2024\/05\/5-9.jpg\" \/>\n\t<meta property=\"og:image:width\" content=\"800\" \/>\n\t<meta property=\"og:image:height\" content=\"445\" \/>\n\t<meta property=\"og:image:type\" content=\"image\/jpeg\" \/>\n<meta name=\"author\" content=\"David Andr\u00e9s Aguirre\" \/>\n<meta name=\"twitter:card\" content=\"summary_large_image\" \/>\n<meta name=\"twitter:label1\" content=\"Escrito por\" \/>\n\t<meta name=\"twitter:data1\" content=\"David Andr\u00e9s Aguirre\" \/>\n\t<meta name=\"twitter:label2\" content=\"Tiempo de lectura\" \/>\n\t<meta name=\"twitter:data2\" content=\"1 minuto\" \/>\n<script type=\"application\/ld+json\" class=\"yoast-schema-graph\">{\"@context\":\"https:\/\/schema.org\",\"@graph\":[{\"@type\":\"WebPage\",\"@id\":\"https:\/\/ciudadyregion.com.co\/index.php\/por-tercera-vez-suarez-participara-en-el-encuentro-departamental-de-embajadoras-del-folclor-2024\/cultura\/\",\"url\":\"https:\/\/ciudadyregion.com.co\/index.php\/por-tercera-vez-suarez-participara-en-el-encuentro-departamental-de-embajadoras-del-folclor-2024\/cultura\/\",\"name\":\"Por tercera vez, Su\u00e1rez participar\u00e1 en el Encuentro Departamental de Embajadoras del Folclor 2024 - Ciudad y Region\",\"isPartOf\":{\"@id\":\"https:\/\/ciudadyregion.com.co\/#website\"},\"primaryImageOfPage\":{\"@id\":\"https:\/\/ciudadyregion.com.co\/index.php\/por-tercera-vez-suarez-participara-en-el-encuentro-departamental-de-embajadoras-del-folclor-2024\/cultura\/#primaryimage\"},\"image\":{\"@id\":\"https:\/\/ciudadyregion.com.co\/index.php\/por-tercera-vez-suarez-participara-en-el-encuentro-departamental-de-embajadoras-del-folclor-2024\/cultura\/#primaryimage\"},\"thumbnailUrl\":\"https:\/\/i0.wp.com\/ciudadyregion.com.co\/wp-content\/uploads\/2024\/05\/5-9.jpg?fit=800%2C445&ssl=1\",\"datePublished\":\"2024-05-24T09:57:22+00:00\",\"dateModified\":\"2024-05-24T12:55:32+00:00\",\"author\":{\"@id\":\"https:\/\/ciudadyregion.com.co\/#\/schema\/person\/04a4954373ebc4051f46e8c65ff78622\"},\"breadcrumb\":{\"@id\":\"https:\/\/ciudadyregion.com.co\/index.php\/por-tercera-vez-suarez-participara-en-el-encuentro-departamental-de-embajadoras-del-folclor-2024\/cultura\/#breadcrumb\"},\"inLanguage\":\"es\",\"potentialAction\":[{\"@type\":\"ReadAction\",\"target\":[\"https:\/\/ciudadyregion.com.co\/index.php\/por-tercera-vez-suarez-participara-en-el-encuentro-departamental-de-embajadoras-del-folclor-2024\/cultura\/\"]}]},{\"@type\":\"ImageObject\",\"inLanguage\":\"es\",\"@id\":\"https:\/\/ciudadyregion.com.co\/index.php\/por-tercera-vez-suarez-participara-en-el-encuentro-departamental-de-embajadoras-del-folclor-2024\/cultura\/#primaryimage\",\"url\":\"https:\/\/i0.wp.com\/ciudadyregion.com.co\/wp-content\/uploads\/2024\/05\/5-9.jpg?fit=800%2C445&ssl=1\",\"contentUrl\":\"https:\/\/i0.wp.com\/ciudadyregion.com.co\/wp-content\/uploads\/2024\/05\/5-9.jpg?fit=800%2C445&ssl=1\",\"width\":800,\"height\":445},{\"@type\":\"BreadcrumbList\",\"@id\":\"https:\/\/ciudadyregion.com.co\/index.php\/por-tercera-vez-suarez-participara-en-el-encuentro-departamental-de-embajadoras-del-folclor-2024\/cultura\/#breadcrumb\",\"itemListElement\":[{\"@type\":\"ListItem\",\"position\":1,\"name\":\"Portada\",\"item\":\"https:\/\/ciudadyregion.com.co\/\"},{\"@type\":\"ListItem\",\"position\":2,\"name\":\"Por tercera vez, Su\u00e1rez participar\u00e1 en el Encuentro Departamental de Embajadoras del Folclor 2024\"}]},{\"@type\":\"WebSite\",\"@id\":\"https:\/\/ciudadyregion.com.co\/#website\",\"url\":\"https:\/\/ciudadyregion.com.co\/\",\"name\":\"Ciudad y Region\",\"description\":\"\",\"potentialAction\":[{\"@type\":\"SearchAction\",\"target\":{\"@type\":\"EntryPoint\",\"urlTemplate\":\"https:\/\/ciudadyregion.com.co\/?s={search_term_string}\"},\"query-input\":{\"@type\":\"PropertyValueSpecification\",\"valueRequired\":true,\"valueName\":\"search_term_string\"}}],\"inLanguage\":\"es\"},{\"@type\":\"Person\",\"@id\":\"https:\/\/ciudadyregion.com.co\/#\/schema\/person\/04a4954373ebc4051f46e8c65ff78622\",\"name\":\"David Andr\u00e9s Aguirre\",\"image\":{\"@type\":\"ImageObject\",\"inLanguage\":\"es\",\"@id\":\"https:\/\/ciudadyregion.com.co\/#\/schema\/person\/image\/\",\"url\":\"https:\/\/secure.gravatar.com\/avatar\/bc3c655860202182ee6d1b5edd042dbe?s=96&d=mm&r=g\",\"contentUrl\":\"https:\/\/secure.gravatar.com\/avatar\/bc3c655860202182ee6d1b5edd042dbe?s=96&d=mm&r=g\",\"caption\":\"David Andr\u00e9s Aguirre\"},\"url\":\"https:\/\/ciudadyregion.com.co\/index.php\/author\/diegoaguirre\/\"}]}<\/script>\n<!-- \/ Yoast SEO plugin. -->","yoast_head_json":{"title":"Por tercera vez, Su\u00e1rez participar\u00e1 en el Encuentro Departamental de Embajadoras del Folclor 2024 - Ciudad y Region","robots":{"index":"index","follow":"follow","max-snippet":"max-snippet:-1","max-image-preview":"max-image-preview:large","max-video-preview":"max-video-preview:-1"},"canonical":"https:\/\/ciudadyregion.com.co\/index.php\/por-tercera-vez-suarez-participara-en-el-encuentro-departamental-de-embajadoras-del-folclor-2024\/cultura\/","og_locale":"es_ES","og_type":"article","og_title":"Por tercera vez, Su\u00e1rez participar\u00e1 en el Encuentro Departamental de Embajadoras del Folclor 2024 - Ciudad y Region","og_description":"Daniela Rojas V\u00e1squez de 20 a\u00f1os representar\u00e1 con orgullo a este municipio tolimense ba\u00f1ado por las aguas del r\u00edo grande de la Magdalena. Por tercera vez en la historia, Su\u00e1rez participar\u00e1 en el Encuentro Departamental de Embajadoras del Folclor 2024, la encargada de representar a este municipio es Daniela RojasContinuar Leyendo","og_url":"https:\/\/ciudadyregion.com.co\/index.php\/por-tercera-vez-suarez-participara-en-el-encuentro-departamental-de-embajadoras-del-folclor-2024\/cultura\/","og_site_name":"Ciudad y Region","article_published_time":"2024-05-24T09:57:22+00:00","article_modified_time":"2024-05-24T12:55:32+00:00","og_image":[{"width":800,"height":445,"url":"https:\/\/ciudadyregion.com.co\/wp-content\/uploads\/2024\/05\/5-9.jpg","type":"image\/jpeg"}],"author":"David Andr\u00e9s Aguirre","twitter_card":"summary_large_image","twitter_misc":{"Escrito por":"David Andr\u00e9s Aguirre","Tiempo de lectura":"1 minuto"},"schema":{"@context":"https:\/\/schema.org","@graph":[{"@type":"WebPage","@id":"https:\/\/ciudadyregion.com.co\/index.php\/por-tercera-vez-suarez-participara-en-el-encuentro-departamental-de-embajadoras-del-folclor-2024\/cultura\/","url":"https:\/\/ciudadyregion.com.co\/index.php\/por-tercera-vez-suarez-participara-en-el-encuentro-departamental-de-embajadoras-del-folclor-2024\/cultura\/","name":"Por tercera vez, Su\u00e1rez participar\u00e1 en el Encuentro Departamental de Embajadoras del Folclor 2024 - Ciudad y Region","isPartOf":{"@id":"https:\/\/ciudadyregion.com.co\/#website"},"primaryImageOfPage":{"@id":"https:\/\/ciudadyregion.com.co\/index.php\/por-tercera-vez-suarez-participara-en-el-encuentro-departamental-de-embajadoras-del-folclor-2024\/cultura\/#primaryimage"},"image":{"@id":"https:\/\/ciudadyregion.com.co\/index.php\/por-tercera-vez-suarez-participara-en-el-encuentro-departamental-de-embajadoras-del-folclor-2024\/cultura\/#primaryimage"},"thumbnailUrl":"https:\/\/i0.wp.com\/ciudadyregion.com.co\/wp-content\/uploads\/2024\/05\/5-9.jpg?fit=800%2C445&ssl=1","datePublished":"2024-05-24T09:57:22+00:00","dateModified":"2024-05-24T12:55:32+00:00","author":{"@id":"https:\/\/ciudadyregion.com.co\/#\/schema\/person\/04a4954373ebc4051f46e8c65ff78622"},"breadcrumb":{"@id":"https:\/\/ciudadyregion.com.co\/index.php\/por-tercera-vez-suarez-participara-en-el-encuentro-departamental-de-embajadoras-del-folclor-2024\/cultura\/#breadcrumb"},"inLanguage":"es","potentialAction":[{"@type":"ReadAction","target":["https:\/\/ciudadyregion.com.co\/index.php\/por-tercera-vez-suarez-participara-en-el-encuentro-departamental-de-embajadoras-del-folclor-2024\/cultura\/"]}]},{"@type":"ImageObject","inLanguage":"es","@id":"https:\/\/ciudadyregion.com.co\/index.php\/por-tercera-vez-suarez-participara-en-el-encuentro-departamental-de-embajadoras-del-folclor-2024\/cultura\/#primaryimage","url":"https:\/\/i0.wp.com\/ciudadyregion.com.co\/wp-content\/uploads\/2024\/05\/5-9.jpg?fit=800%2C445&ssl=1","contentUrl":"https:\/\/i0.wp.com\/ciudadyregion.com.co\/wp-content\/uploads\/2024\/05\/5-9.jpg?fit=800%2C445&ssl=1","width":800,"height":445},{"@type":"BreadcrumbList","@id":"https:\/\/ciudadyregion.com.co\/index.php\/por-tercera-vez-suarez-participara-en-el-encuentro-departamental-de-embajadoras-del-folclor-2024\/cultura\/#breadcrumb","itemListElement":[{"@type":"ListItem","position":1,"name":"Portada","item":"https:\/\/ciudadyregion.com.co\/"},{"@type":"ListItem","position":2,"name":"Por tercera vez, Su\u00e1rez participar\u00e1 en el Encuentro Departamental de Embajadoras del Folclor 2024"}]},{"@type":"WebSite","@id":"https:\/\/ciudadyregion.com.co\/#website","url":"https:\/\/ciudadyregion.com.co\/","name":"Ciudad y Region","description":"","potentialAction":[{"@type":"SearchAction","target":{"@type":"EntryPoint","urlTemplate":"https:\/\/ciudadyregion.com.co\/?s={search_term_string}"},"query-input":{"@type":"PropertyValueSpecification","valueRequired":true,"valueName":"search_term_string"}}],"inLanguage":"es"},{"@type":"Person","@id":"https:\/\/ciudadyregion.com.co\/#\/schema\/person\/04a4954373ebc4051f46e8c65ff78622","name":"David Andr\u00e9s Aguirre","image":{"@type":"ImageObject","inLanguage":"es","@id":"https:\/\/ciudadyregion.com.co\/#\/schema\/person\/image\/","url":"https:\/\/secure.gravatar.com\/avatar\/bc3c655860202182ee6d1b5edd042dbe?s=96&d=mm&r=g","contentUrl":"https:\/\/secure.gravatar.com\/avatar\/bc3c655860202182ee6d1b5edd042dbe?s=96&d=mm&r=g","caption":"David Andr\u00e9s Aguirre"},"url":"https:\/\/ciudadyregion.com.co\/index.php\/author\/diegoaguirre\/"}]}},"jetpack_featured_media_url":"https:\/\/i0.wp.com\/ciudadyregion.com.co\/wp-content\/uploads\/2024\/05\/5-9.jpg?fit=800%2C445&ssl=1","jetpack_sharing_enabled":true,"jetpack_shortlink":"https:\/\/wp.me\/pbS7hh-3PA","jetpack-related-posts":[],"_links":{"self":[{"href":"https:\/\/ciudadyregion.com.co\/index.php\/wp-json\/wp\/v2\/posts\/14730"}],"collection":[{"href":"https:\/\/ciudadyregion.com.co\/index.php\/wp-json\/wp\/v2\/posts"}],"about":[{"href":"https:\/\/ciudadyregion.com.co\/index.php\/wp-json\/wp\/v2\/types\/post"}],"author":[{"embeddable":true,"href":"https:\/\/ciudadyregion.com.co\/index.php\/wp-json\/wp\/v2\/users\/2"}],"replies":[{"embeddable":true,"href":"https:\/\/ciudadyregion.com.co\/index.php\/wp-json\/wp\/v2\/comments?post=14730"}],"version-history":[{"count":1,"href":"https:\/\/ciudadyregion.com.co\/index.php\/wp-json\/wp\/v2\/posts\/14730\/revisions"}],"predecessor-version":[{"id":14732,"href":"https:\/\/ciudadyregion.com.co\/index.php\/wp-json\/wp\/v2\/posts\/14730\/revisions\/14732"}],"wp:featuredmedia":[{"embeddable":true,"href":"https:\/\/ciudadyregion.com.co\/index.php\/wp-json\/wp\/v2\/media\/14731"}],"wp:attachment":[{"href":"https:\/\/ciudadyregion.com.co\/index.php\/wp-json\/wp\/v2\/media?parent=14730"}],"wp:term":[{"taxonomy":"category","embeddable":true,"href":"https:\/\/ciudadyregion.com.co\/index.php\/wp-json\/wp\/v2\/categories?post=14730"},{"taxonomy":"post_tag","embeddable":true,"href":"https:\/\/ciudadyregion.com.co\/index.php\/wp-json\/wp\/v2\/tags?post=14730"}],"curies":[{"name":"wp","href":"https:\/\/api.w.org\/{rel}","templated":true}]}}