{"id":14727,"date":"2024-05-24T04:54:32","date_gmt":"2024-05-24T09:54:32","guid":{"rendered":"https:\/\/ciudadyregion.com.co\/?p=14727"},"modified":"2024-05-23T22:55:13","modified_gmt":"2024-05-24T03:55:13","slug":"bonito-gesto-la-secretaria-de-inclusion-social-del-tolima-atiendio-adulto-mayor-que-perdio-su-vivienda-en-tapias","status":"publish","type":"post","link":"https:\/\/ciudadyregion.com.co\/index.php\/bonito-gesto-la-secretaria-de-inclusion-social-del-tolima-atiendio-adulto-mayor-que-perdio-su-vivienda-en-tapias\/regional\/","title":{"rendered":"Bonito gesto: La Secretar\u00eda de Inclusi\u00f3n Social del Tolima atiendi\u00f3 adulto mayor que perdi\u00f3 su vivienda en Tapias"},"content":{"rendered":"<ul>\n<li><em><strong>Luego de conocer la situaci\u00f3n de don Elver R\u00e1tiva, un adulto mayor de 78 a\u00f1os, quien a causa de un incendio perdi\u00f3 su casa y todas sus pertenencias, la Secretar\u00eda de Inclusi\u00f3n Social y Enfoque Diferencial se dirigi\u00f3 a la zona rural de Ibagu\u00e9 para brindar la ayuda necesaria a este campesino ante el llamado de la comunidad<\/strong><\/em><\/li>\n<\/ul>\n<p>Don Elver R\u00e1tiva, de 78 a\u00f1os, es habitante de la vereda El Moral del corregimiento de Tapias, vive solo desde hace varios a\u00f1os y se dedica a las labores del campo, el pasado domingo un incendio estructural consumi\u00f3 su vivienda y todas sus pertenencias, logrando de forma milagrosa salvar su integridad f\u00edsica pero quedando a la deriva sin un techo donde pernoctar.<\/p>\n<p>Tras conocer la noticia y ante el llamado de la comunidad, bajo la coordinaci\u00f3n de la secretaria de Inclusi\u00f3n Social y Enfoque Diferencial, Linda Perdomo, funcionarios de la Gobernaci\u00f3n del Tolima se dirigieron al lugar donde ten\u00eda su humilde casa don Elver, esta se encontraba ubicada a dos horas desde el centro poblado del Corregimiento lo que hac\u00eda dif\u00edcil el acceso.<\/p>\n<p>All\u00ed se lleg\u00f3 para brindar ayuda oportuna al adulto mayor que ha sido apoyado por la comunidad vecina y quienes a trav\u00e9s de redes sociales y medios de comunicaci\u00f3n han solicitado apoyo para el abuelito.<\/p>\n<blockquote><p>\u201cNuestra gobernadora, Adriana Magali Matiz, nos ha encomendado que nos apropiemos de este caso para ayudarle a don Elver y decirles que esta es la inclusi\u00f3n en el territorio\u201d, mencion\u00f3 Linda Perdomo, secretaria de Inclusi\u00f3n Social y Enfoque Diferencial del Tolima.<\/p><\/blockquote>\n<p>Como compromiso, la Gobernaci\u00f3n del Tolima y la comunidad unir\u00e1n fuerzas para construir la nueva vivienda de don Elver para devolverle un lugar digno donde vivir y garantizar su permanencia en la vereda El Moral, donde tiene su arraigo.<\/p>\n","protected":false},"excerpt":{"rendered":"<p>Luego de conocer la situaci\u00f3n de don Elver R\u00e1tiva, un adulto mayor de 78 a\u00f1os, quien a causa de un incendio perdi\u00f3 su casa y todas sus pertenencias, la Secretar\u00eda de Inclusi\u00f3n Social y Enfoque Diferencial se dirigi\u00f3 a la zona rural de Ibagu\u00e9 para brindar la ayuda necesaria a<span class=\"more-link\"><a href=\"https:\/\/ciudadyregion.com.co\/index.php\/bonito-gesto-la-secretaria-de-inclusion-social-del-tolima-atiendio-adulto-mayor-que-perdio-su-vivienda-en-tapias\/regional\/\">Continuar Leyendo<\/a><\/span><\/p>\n","protected":false},"author":2,"featured_media":14728,"comment_status":"open","ping_status":"open","sticky":false,"template":"","format":"standard","meta":{"_uf_show_specific_survey":0,"_uf_disable_surveys":false,"_jetpack_memberships_contains_paid_content":false,"footnotes":"","jetpack_publicize_message":"","jetpack_publicize_feature_enabled":true,"jetpack_social_post_already_shared":true,"jetpack_social_options":{"image_generator_settings":{"template":"highway","enabled":false},"version":2}},"categories":[13],"tags":[],"class_list":["entry","author-diegoaguirre","post-14727","post","type-post","status-publish","format-standard","has-post-thumbnail","category-regional"],"jetpack_publicize_connections":[],"yoast_head":"<!-- This site is optimized with the Yoast SEO plugin v24.3 - https:\/\/yoast.com\/wordpress\/plugins\/seo\/ -->\n<title>Bonito gesto: La Secretar\u00eda de Inclusi\u00f3n Social del Tolima atiendi\u00f3 adulto mayor que perdi\u00f3 su vivienda en Tapias - Ciudad y Region<\/title>\n<meta name=\"robots\" content=\"index, follow, max-snippet:-1, max-image-preview:large, max-video-preview:-1\" \/>\n<link rel=\"canonical\" href=\"https:\/\/ciudadyregion.com.co\/index.php\/bonito-gesto-la-secretaria-de-inclusion-social-del-tolima-atiendio-adulto-mayor-que-perdio-su-vivienda-en-tapias\/regional\/\" \/>\n<meta property=\"og:locale\" content=\"es_ES\" \/>\n<meta property=\"og:type\" content=\"article\" \/>\n<meta property=\"og:title\" content=\"Bonito gesto: La Secretar\u00eda de Inclusi\u00f3n Social del Tolima atiendi\u00f3 adulto mayor que perdi\u00f3 su vivienda en Tapias - Ciudad y Region\" \/>\n<meta property=\"og:description\" content=\"Luego de conocer la situaci\u00f3n de don Elver R\u00e1tiva, un adulto mayor de 78 a\u00f1os, quien a causa de un incendio perdi\u00f3 su casa y todas sus pertenencias, la Secretar\u00eda de Inclusi\u00f3n Social y Enfoque Diferencial se dirigi\u00f3 a la zona rural de Ibagu\u00e9 para brindar la ayuda necesaria aContinuar Leyendo\" \/>\n<meta property=\"og:url\" content=\"https:\/\/ciudadyregion.com.co\/index.php\/bonito-gesto-la-secretaria-de-inclusion-social-del-tolima-atiendio-adulto-mayor-que-perdio-su-vivienda-en-tapias\/regional\/\" \/>\n<meta property=\"og:site_name\" content=\"Ciudad y Region\" \/>\n<meta property=\"article:published_time\" content=\"2024-05-24T09:54:32+00:00\" \/>\n<meta property=\"article:modified_time\" content=\"2024-05-24T03:55:13+00:00\" \/>\n<meta property=\"og:image\" content=\"https:\/\/i0.wp.com\/ciudadyregion.com.co\/wp-content\/uploads\/2024\/05\/4-16.jpg?fit=800%2C445&ssl=1\" \/>\n\t<meta property=\"og:image:width\" content=\"800\" \/>\n\t<meta property=\"og:image:height\" content=\"445\" \/>\n\t<meta property=\"og:image:type\" content=\"image\/jpeg\" \/>\n<meta name=\"author\" content=\"David Andr\u00e9s Aguirre\" \/>\n<meta name=\"twitter:card\" content=\"summary_large_image\" \/>\n<meta name=\"twitter:label1\" content=\"Escrito por\" \/>\n\t<meta name=\"twitter:data1\" content=\"David Andr\u00e9s Aguirre\" \/>\n\t<meta name=\"twitter:label2\" content=\"Tiempo de lectura\" \/>\n\t<meta name=\"twitter:data2\" content=\"2 minutos\" \/>\n<script type=\"application\/ld+json\" class=\"yoast-schema-graph\">{\"@context\":\"https:\/\/schema.org\",\"@graph\":[{\"@type\":\"WebPage\",\"@id\":\"https:\/\/ciudadyregion.com.co\/index.php\/bonito-gesto-la-secretaria-de-inclusion-social-del-tolima-atiendio-adulto-mayor-que-perdio-su-vivienda-en-tapias\/regional\/\",\"url\":\"https:\/\/ciudadyregion.com.co\/index.php\/bonito-gesto-la-secretaria-de-inclusion-social-del-tolima-atiendio-adulto-mayor-que-perdio-su-vivienda-en-tapias\/regional\/\",\"name\":\"Bonito gesto: La Secretar\u00eda de Inclusi\u00f3n Social del Tolima atiendi\u00f3 adulto mayor que perdi\u00f3 su vivienda en Tapias - Ciudad y Region\",\"isPartOf\":{\"@id\":\"https:\/\/ciudadyregion.com.co\/#website\"},\"primaryImageOfPage\":{\"@id\":\"https:\/\/ciudadyregion.com.co\/index.php\/bonito-gesto-la-secretaria-de-inclusion-social-del-tolima-atiendio-adulto-mayor-que-perdio-su-vivienda-en-tapias\/regional\/#primaryimage\"},\"image\":{\"@id\":\"https:\/\/ciudadyregion.com.co\/index.php\/bonito-gesto-la-secretaria-de-inclusion-social-del-tolima-atiendio-adulto-mayor-que-perdio-su-vivienda-en-tapias\/regional\/#primaryimage\"},\"thumbnailUrl\":\"https:\/\/i0.wp.com\/ciudadyregion.com.co\/wp-content\/uploads\/2024\/05\/4-16.jpg?fit=800%2C445&ssl=1\",\"datePublished\":\"2024-05-24T09:54:32+00:00\",\"dateModified\":\"2024-05-24T03:55:13+00:00\",\"author\":{\"@id\":\"https:\/\/ciudadyregion.com.co\/#\/schema\/person\/04a4954373ebc4051f46e8c65ff78622\"},\"breadcrumb\":{\"@id\":\"https:\/\/ciudadyregion.com.co\/index.php\/bonito-gesto-la-secretaria-de-inclusion-social-del-tolima-atiendio-adulto-mayor-que-perdio-su-vivienda-en-tapias\/regional\/#breadcrumb\"},\"inLanguage\":\"es\",\"potentialAction\":[{\"@type\":\"ReadAction\",\"target\":[\"https:\/\/ciudadyregion.com.co\/index.php\/bonito-gesto-la-secretaria-de-inclusion-social-del-tolima-atiendio-adulto-mayor-que-perdio-su-vivienda-en-tapias\/regional\/\"]}]},{\"@type\":\"ImageObject\",\"inLanguage\":\"es\",\"@id\":\"https:\/\/ciudadyregion.com.co\/index.php\/bonito-gesto-la-secretaria-de-inclusion-social-del-tolima-atiendio-adulto-mayor-que-perdio-su-vivienda-en-tapias\/regional\/#primaryimage\",\"url\":\"https:\/\/i0.wp.com\/ciudadyregion.com.co\/wp-content\/uploads\/2024\/05\/4-16.jpg?fit=800%2C445&ssl=1\",\"contentUrl\":\"https:\/\/i0.wp.com\/ciudadyregion.com.co\/wp-content\/uploads\/2024\/05\/4-16.jpg?fit=800%2C445&ssl=1\",\"width\":800,\"height\":445},{\"@type\":\"BreadcrumbList\",\"@id\":\"https:\/\/ciudadyregion.com.co\/index.php\/bonito-gesto-la-secretaria-de-inclusion-social-del-tolima-atiendio-adulto-mayor-que-perdio-su-vivienda-en-tapias\/regional\/#breadcrumb\",\"itemListElement\":[{\"@type\":\"ListItem\",\"position\":1,\"name\":\"Portada\",\"item\":\"https:\/\/ciudadyregion.com.co\/\"},{\"@type\":\"ListItem\",\"position\":2,\"name\":\"Bonito gesto: La Secretar\u00eda de Inclusi\u00f3n Social del Tolima atiendi\u00f3 adulto mayor que perdi\u00f3 su vivienda en Tapias\"}]},{\"@type\":\"WebSite\",\"@id\":\"https:\/\/ciudadyregion.com.co\/#website\",\"url\":\"https:\/\/ciudadyregion.com.co\/\",\"name\":\"Ciudad y Region\",\"description\":\"\",\"potentialAction\":[{\"@type\":\"SearchAction\",\"target\":{\"@type\":\"EntryPoint\",\"urlTemplate\":\"https:\/\/ciudadyregion.com.co\/?s={search_term_string}\"},\"query-input\":{\"@type\":\"PropertyValueSpecification\",\"valueRequired\":true,\"valueName\":\"search_term_string\"}}],\"inLanguage\":\"es\"},{\"@type\":\"Person\",\"@id\":\"https:\/\/ciudadyregion.com.co\/#\/schema\/person\/04a4954373ebc4051f46e8c65ff78622\",\"name\":\"David Andr\u00e9s Aguirre\",\"image\":{\"@type\":\"ImageObject\",\"inLanguage\":\"es\",\"@id\":\"https:\/\/ciudadyregion.com.co\/#\/schema\/person\/image\/\",\"url\":\"https:\/\/secure.gravatar.com\/avatar\/bc3c655860202182ee6d1b5edd042dbe?s=96&d=mm&r=g\",\"contentUrl\":\"https:\/\/secure.gravatar.com\/avatar\/bc3c655860202182ee6d1b5edd042dbe?s=96&d=mm&r=g\",\"caption\":\"David Andr\u00e9s Aguirre\"},\"url\":\"https:\/\/ciudadyregion.com.co\/index.php\/author\/diegoaguirre\/\"}]}<\/script>\n<!-- \/ Yoast SEO plugin. -->","yoast_head_json":{"title":"Bonito gesto: La Secretar\u00eda de Inclusi\u00f3n Social del Tolima atiendi\u00f3 adulto mayor que perdi\u00f3 su vivienda en Tapias - Ciudad y Region","robots":{"index":"index","follow":"follow","max-snippet":"max-snippet:-1","max-image-preview":"max-image-preview:large","max-video-preview":"max-video-preview:-1"},"canonical":"https:\/\/ciudadyregion.com.co\/index.php\/bonito-gesto-la-secretaria-de-inclusion-social-del-tolima-atiendio-adulto-mayor-que-perdio-su-vivienda-en-tapias\/regional\/","og_locale":"es_ES","og_type":"article","og_title":"Bonito gesto: La Secretar\u00eda de Inclusi\u00f3n Social del Tolima atiendi\u00f3 adulto mayor que perdi\u00f3 su vivienda en Tapias - Ciudad y Region","og_description":"Luego de conocer la situaci\u00f3n de don Elver R\u00e1tiva, un adulto mayor de 78 a\u00f1os, quien a causa de un incendio perdi\u00f3 su casa y todas sus pertenencias, la Secretar\u00eda de Inclusi\u00f3n Social y Enfoque Diferencial se dirigi\u00f3 a la zona rural de Ibagu\u00e9 para brindar la ayuda necesaria aContinuar Leyendo","og_url":"https:\/\/ciudadyregion.com.co\/index.php\/bonito-gesto-la-secretaria-de-inclusion-social-del-tolima-atiendio-adulto-mayor-que-perdio-su-vivienda-en-tapias\/regional\/","og_site_name":"Ciudad y Region","article_published_time":"2024-05-24T09:54:32+00:00","article_modified_time":"2024-05-24T03:55:13+00:00","og_image":[{"width":800,"height":445,"url":"https:\/\/i0.wp.com\/ciudadyregion.com.co\/wp-content\/uploads\/2024\/05\/4-16.jpg?fit=800%2C445&ssl=1","type":"image\/jpeg"}],"author":"David Andr\u00e9s Aguirre","twitter_card":"summary_large_image","twitter_misc":{"Escrito por":"David Andr\u00e9s Aguirre","Tiempo de lectura":"2 minutos"},"schema":{"@context":"https:\/\/schema.org","@graph":[{"@type":"WebPage","@id":"https:\/\/ciudadyregion.com.co\/index.php\/bonito-gesto-la-secretaria-de-inclusion-social-del-tolima-atiendio-adulto-mayor-que-perdio-su-vivienda-en-tapias\/regional\/","url":"https:\/\/ciudadyregion.com.co\/index.php\/bonito-gesto-la-secretaria-de-inclusion-social-del-tolima-atiendio-adulto-mayor-que-perdio-su-vivienda-en-tapias\/regional\/","name":"Bonito gesto: La Secretar\u00eda de Inclusi\u00f3n Social del Tolima atiendi\u00f3 adulto mayor que perdi\u00f3 su vivienda en Tapias - Ciudad y Region","isPartOf":{"@id":"https:\/\/ciudadyregion.com.co\/#website"},"primaryImageOfPage":{"@id":"https:\/\/ciudadyregion.com.co\/index.php\/bonito-gesto-la-secretaria-de-inclusion-social-del-tolima-atiendio-adulto-mayor-que-perdio-su-vivienda-en-tapias\/regional\/#primaryimage"},"image":{"@id":"https:\/\/ciudadyregion.com.co\/index.php\/bonito-gesto-la-secretaria-de-inclusion-social-del-tolima-atiendio-adulto-mayor-que-perdio-su-vivienda-en-tapias\/regional\/#primaryimage"},"thumbnailUrl":"https:\/\/i0.wp.com\/ciudadyregion.com.co\/wp-content\/uploads\/2024\/05\/4-16.jpg?fit=800%2C445&ssl=1","datePublished":"2024-05-24T09:54:32+00:00","dateModified":"2024-05-24T03:55:13+00:00","author":{"@id":"https:\/\/ciudadyregion.com.co\/#\/schema\/person\/04a4954373ebc4051f46e8c65ff78622"},"breadcrumb":{"@id":"https:\/\/ciudadyregion.com.co\/index.php\/bonito-gesto-la-secretaria-de-inclusion-social-del-tolima-atiendio-adulto-mayor-que-perdio-su-vivienda-en-tapias\/regional\/#breadcrumb"},"inLanguage":"es","potentialAction":[{"@type":"ReadAction","target":["https:\/\/ciudadyregion.com.co\/index.php\/bonito-gesto-la-secretaria-de-inclusion-social-del-tolima-atiendio-adulto-mayor-que-perdio-su-vivienda-en-tapias\/regional\/"]}]},{"@type":"ImageObject","inLanguage":"es","@id":"https:\/\/ciudadyregion.com.co\/index.php\/bonito-gesto-la-secretaria-de-inclusion-social-del-tolima-atiendio-adulto-mayor-que-perdio-su-vivienda-en-tapias\/regional\/#primaryimage","url":"https:\/\/i0.wp.com\/ciudadyregion.com.co\/wp-content\/uploads\/2024\/05\/4-16.jpg?fit=800%2C445&ssl=1","contentUrl":"https:\/\/i0.wp.com\/ciudadyregion.com.co\/wp-content\/uploads\/2024\/05\/4-16.jpg?fit=800%2C445&ssl=1","width":800,"height":445},{"@type":"BreadcrumbList","@id":"https:\/\/ciudadyregion.com.co\/index.php\/bonito-gesto-la-secretaria-de-inclusion-social-del-tolima-atiendio-adulto-mayor-que-perdio-su-vivienda-en-tapias\/regional\/#breadcrumb","itemListElement":[{"@type":"ListItem","position":1,"name":"Portada","item":"https:\/\/ciudadyregion.com.co\/"},{"@type":"ListItem","position":2,"name":"Bonito gesto: La Secretar\u00eda de Inclusi\u00f3n Social del Tolima atiendi\u00f3 adulto mayor que perdi\u00f3 su vivienda en Tapias"}]},{"@type":"WebSite","@id":"https:\/\/ciudadyregion.com.co\/#website","url":"https:\/\/ciudadyregion.com.co\/","name":"Ciudad y Region","description":"","potentialAction":[{"@type":"SearchAction","target":{"@type":"EntryPoint","urlTemplate":"https:\/\/ciudadyregion.com.co\/?s={search_term_string}"},"query-input":{"@type":"PropertyValueSpecification","valueRequired":true,"valueName":"search_term_string"}}],"inLanguage":"es"},{"@type":"Person","@id":"https:\/\/ciudadyregion.com.co\/#\/schema\/person\/04a4954373ebc4051f46e8c65ff78622","name":"David Andr\u00e9s Aguirre","image":{"@type":"ImageObject","inLanguage":"es","@id":"https:\/\/ciudadyregion.com.co\/#\/schema\/person\/image\/","url":"https:\/\/secure.gravatar.com\/avatar\/bc3c655860202182ee6d1b5edd042dbe?s=96&d=mm&r=g","contentUrl":"https:\/\/secure.gravatar.com\/avatar\/bc3c655860202182ee6d1b5edd042dbe?s=96&d=mm&r=g","caption":"David Andr\u00e9s Aguirre"},"url":"https:\/\/ciudadyregion.com.co\/index.php\/author\/diegoaguirre\/"}]}},"jetpack_featured_media_url":"https:\/\/i0.wp.com\/ciudadyregion.com.co\/wp-content\/uploads\/2024\/05\/4-16.jpg?fit=800%2C445&ssl=1","jetpack_sharing_enabled":true,"jetpack_shortlink":"https:\/\/wp.me\/pbS7hh-3Px","jetpack-related-posts":[],"_links":{"self":[{"href":"https:\/\/ciudadyregion.com.co\/index.php\/wp-json\/wp\/v2\/posts\/14727"}],"collection":[{"href":"https:\/\/ciudadyregion.com.co\/index.php\/wp-json\/wp\/v2\/posts"}],"about":[{"href":"https:\/\/ciudadyregion.com.co\/index.php\/wp-json\/wp\/v2\/types\/post"}],"author":[{"embeddable":true,"href":"https:\/\/ciudadyregion.com.co\/index.php\/wp-json\/wp\/v2\/users\/2"}],"replies":[{"embeddable":true,"href":"https:\/\/ciudadyregion.com.co\/index.php\/wp-json\/wp\/v2\/comments?post=14727"}],"version-history":[{"count":1,"href":"https:\/\/ciudadyregion.com.co\/index.php\/wp-json\/wp\/v2\/posts\/14727\/revisions"}],"predecessor-version":[{"id":14729,"href":"https:\/\/ciudadyregion.com.co\/index.php\/wp-json\/wp\/v2\/posts\/14727\/revisions\/14729"}],"wp:featuredmedia":[{"embeddable":true,"href":"https:\/\/ciudadyregion.com.co\/index.php\/wp-json\/wp\/v2\/media\/14728"}],"wp:attachment":[{"href":"https:\/\/ciudadyregion.com.co\/index.php\/wp-json\/wp\/v2\/media?parent=14727"}],"wp:term":[{"taxonomy":"category","embeddable":true,"href":"https:\/\/ciudadyregion.com.co\/index.php\/wp-json\/wp\/v2\/categories?post=14727"},{"taxonomy":"post_tag","embeddable":true,"href":"https:\/\/ciudadyregion.com.co\/index.php\/wp-json\/wp\/v2\/tags?post=14727"}],"curies":[{"name":"wp","href":"https:\/\/api.w.org\/{rel}","templated":true}]}}