{"id":14658,"date":"2024-05-23T07:18:39","date_gmt":"2024-05-23T12:18:39","guid":{"rendered":"https:\/\/ciudadyregion.com.co\/?p=14658"},"modified":"2024-05-23T07:18:39","modified_gmt":"2024-05-23T12:18:39","slug":"gobernacion-del-tolima-solicito-a-la-ungrd-la-maquinaria-para-enfrentar-emergencias","status":"publish","type":"post","link":"https:\/\/ciudadyregion.com.co\/index.php\/gobernacion-del-tolima-solicito-a-la-ungrd-la-maquinaria-para-enfrentar-emergencias\/nacional\/","title":{"rendered":"Gobernaci\u00f3n del Tolima solicit\u00f3 a la UNGRD la maquinaria para enfrentar emergencias"},"content":{"rendered":"<ul>\n<li><em><strong>Secretaria de Ambiente y Gesti\u00f3n del Riesgo present\u00f3 ante director nacional solicitudes de los 47 municipios del Departamento.<\/strong><\/em><\/li>\n<\/ul>\n<p>En un esfuerzo por atender las preocupaciones de los 47 municipios del Departamento ante la inminente temporada de fuertes lluvias, la Gobernaci\u00f3n del Tolima entreg\u00f3 al director de la Unidad Nacional de Gesti\u00f3n del Riesgo (UNGRD), Carlos Carrillo, las necesidades urgentes de maquinaria y ayudas humanitarias.<\/p>\n<p>Ericka Lozano, Secretaria de Ambiente y Gesti\u00f3n del Riesgo del Tolima, inform\u00f3 que la Gobernaci\u00f3n asisti\u00f3 de manera presencial a la Sala de Crisis de la UNGRD, convocada por su director general, Carlos Carrillo. Durante esta reuni\u00f3n, Lozano destac\u00f3 que:<\/p>\n<blockquote><p>\u00abse entreg\u00f3 un balance detallado de la situaci\u00f3n que vive el Tolima a ra\u00edz de la temporada de m\u00e1s lluvias, elevando consigo la solicitud realizada por los 47 municipios frente a la necesidad de maquinaria amarilla y ayudas humanitarias.\u00bb<\/p><\/blockquote>\n<p>En respuesta a estas solicitudes, el Gobierno Nacional se comprometi\u00f3 con las brigadas ind\u00edgenas.<\/p>\n<blockquote><p>\u00ab\u2026Realizar una donaci\u00f3n a las brigadas ind\u00edgenas frente al trabajo que se viene realizando de manera articulada con los diferentes resguardos del Tolima, con el objetivo de que brinden apoyo en las diferentes m\u00e1rgenes del r\u00edo Magdalena,\u00bb a\u00f1adi\u00f3 Ericka Lozano.<\/p><\/blockquote>\n<p>Este compromiso por parte del Gobierno Nacional y la UNGRD refuerza el objetivo de la Gobernaci\u00f3n del Tolima de proteger y resguardar todo el territorio frente a los desastres naturales. La colaboraci\u00f3n con las brigadas ind\u00edgenas tambi\u00e9n subraya la importancia de un trabajo conjunto y coordinado con las comunidades locales para garantizar una mayor cobertura y protecci\u00f3n en todo el territorio.<\/p>\n<p>La Gobernaci\u00f3n del Tolima y la Secretar\u00eda de Ambiente y Gesti\u00f3n del Riesgo contin\u00faan cumpliendo con sus compromisos para escuchar, proteger y salvaguardar el bienestar de los tolimenses, especialmente en tiempos de crisis clim\u00e1tica. Esta acci\u00f3n reafirma el compromiso del gobierno departamental de trabajar para proporcionar soluciones efectivas y r\u00e1pidas ante las emergencias.<\/p>\n","protected":false},"excerpt":{"rendered":"<p>Secretaria de Ambiente y Gesti\u00f3n del Riesgo present\u00f3 ante director nacional solicitudes de los 47 municipios del Departamento. En un esfuerzo por atender las preocupaciones de los 47 municipios del Departamento ante la inminente temporada de fuertes lluvias, la Gobernaci\u00f3n del Tolima entreg\u00f3 al director de la Unidad Nacional de<span class=\"more-link\"><a href=\"https:\/\/ciudadyregion.com.co\/index.php\/gobernacion-del-tolima-solicito-a-la-ungrd-la-maquinaria-para-enfrentar-emergencias\/nacional\/\">Continuar Leyendo<\/a><\/span><\/p>\n","protected":false},"author":2,"featured_media":14660,"comment_status":"open","ping_status":"open","sticky":false,"template":"","format":"standard","meta":{"_uf_show_specific_survey":0,"_uf_disable_surveys":false,"_jetpack_memberships_contains_paid_content":false,"footnotes":"","jetpack_publicize_message":"","jetpack_publicize_feature_enabled":true,"jetpack_social_post_already_shared":true,"jetpack_social_options":{"image_generator_settings":{"template":"highway","enabled":false},"version":2}},"categories":[23],"tags":[],"class_list":["entry","author-diegoaguirre","post-14658","post","type-post","status-publish","format-standard","has-post-thumbnail","category-nacional"],"jetpack_publicize_connections":[],"yoast_head":"<!-- This site is optimized with the Yoast SEO plugin v24.3 - https:\/\/yoast.com\/wordpress\/plugins\/seo\/ -->\n<title>Gobernaci\u00f3n del Tolima solicit\u00f3 a la UNGRD la maquinaria para enfrentar emergencias - Ciudad y Region<\/title>\n<meta name=\"robots\" content=\"index, follow, max-snippet:-1, max-image-preview:large, max-video-preview:-1\" \/>\n<link rel=\"canonical\" href=\"https:\/\/ciudadyregion.com.co\/index.php\/gobernacion-del-tolima-solicito-a-la-ungrd-la-maquinaria-para-enfrentar-emergencias\/nacional\/\" \/>\n<meta property=\"og:locale\" content=\"es_ES\" \/>\n<meta property=\"og:type\" content=\"article\" \/>\n<meta property=\"og:title\" content=\"Gobernaci\u00f3n del Tolima solicit\u00f3 a la UNGRD la maquinaria para enfrentar emergencias - Ciudad y Region\" \/>\n<meta property=\"og:description\" content=\"Secretaria de Ambiente y Gesti\u00f3n del Riesgo present\u00f3 ante director nacional solicitudes de los 47 municipios del Departamento. En un esfuerzo por atender las preocupaciones de los 47 municipios del Departamento ante la inminente temporada de fuertes lluvias, la Gobernaci\u00f3n del Tolima entreg\u00f3 al director de la Unidad Nacional deContinuar Leyendo\" \/>\n<meta property=\"og:url\" content=\"https:\/\/ciudadyregion.com.co\/index.php\/gobernacion-del-tolima-solicito-a-la-ungrd-la-maquinaria-para-enfrentar-emergencias\/nacional\/\" \/>\n<meta property=\"og:site_name\" content=\"Ciudad y Region\" \/>\n<meta property=\"article:published_time\" content=\"2024-05-23T12:18:39+00:00\" \/>\n<meta property=\"og:image\" content=\"https:\/\/ciudadyregion.com.co\/wp-content\/uploads\/2024\/05\/33-18.jpg\" \/>\n\t<meta property=\"og:image:width\" content=\"800\" \/>\n\t<meta property=\"og:image:height\" content=\"445\" \/>\n\t<meta property=\"og:image:type\" content=\"image\/jpeg\" \/>\n<meta name=\"author\" content=\"David Andr\u00e9s Aguirre\" \/>\n<meta name=\"twitter:card\" content=\"summary_large_image\" \/>\n<meta name=\"twitter:label1\" content=\"Escrito por\" \/>\n\t<meta name=\"twitter:data1\" content=\"David Andr\u00e9s Aguirre\" \/>\n\t<meta name=\"twitter:label2\" content=\"Tiempo de lectura\" \/>\n\t<meta name=\"twitter:data2\" content=\"2 minutos\" \/>\n<script type=\"application\/ld+json\" class=\"yoast-schema-graph\">{\"@context\":\"https:\/\/schema.org\",\"@graph\":[{\"@type\":\"WebPage\",\"@id\":\"https:\/\/ciudadyregion.com.co\/index.php\/gobernacion-del-tolima-solicito-a-la-ungrd-la-maquinaria-para-enfrentar-emergencias\/nacional\/\",\"url\":\"https:\/\/ciudadyregion.com.co\/index.php\/gobernacion-del-tolima-solicito-a-la-ungrd-la-maquinaria-para-enfrentar-emergencias\/nacional\/\",\"name\":\"Gobernaci\u00f3n del Tolima solicit\u00f3 a la UNGRD la maquinaria para enfrentar emergencias - Ciudad y Region\",\"isPartOf\":{\"@id\":\"https:\/\/ciudadyregion.com.co\/#website\"},\"primaryImageOfPage\":{\"@id\":\"https:\/\/ciudadyregion.com.co\/index.php\/gobernacion-del-tolima-solicito-a-la-ungrd-la-maquinaria-para-enfrentar-emergencias\/nacional\/#primaryimage\"},\"image\":{\"@id\":\"https:\/\/ciudadyregion.com.co\/index.php\/gobernacion-del-tolima-solicito-a-la-ungrd-la-maquinaria-para-enfrentar-emergencias\/nacional\/#primaryimage\"},\"thumbnailUrl\":\"https:\/\/i0.wp.com\/ciudadyregion.com.co\/wp-content\/uploads\/2024\/05\/33-18.jpg?fit=800%2C445&ssl=1\",\"datePublished\":\"2024-05-23T12:18:39+00:00\",\"dateModified\":\"2024-05-23T12:18:39+00:00\",\"author\":{\"@id\":\"https:\/\/ciudadyregion.com.co\/#\/schema\/person\/04a4954373ebc4051f46e8c65ff78622\"},\"breadcrumb\":{\"@id\":\"https:\/\/ciudadyregion.com.co\/index.php\/gobernacion-del-tolima-solicito-a-la-ungrd-la-maquinaria-para-enfrentar-emergencias\/nacional\/#breadcrumb\"},\"inLanguage\":\"es\",\"potentialAction\":[{\"@type\":\"ReadAction\",\"target\":[\"https:\/\/ciudadyregion.com.co\/index.php\/gobernacion-del-tolima-solicito-a-la-ungrd-la-maquinaria-para-enfrentar-emergencias\/nacional\/\"]}]},{\"@type\":\"ImageObject\",\"inLanguage\":\"es\",\"@id\":\"https:\/\/ciudadyregion.com.co\/index.php\/gobernacion-del-tolima-solicito-a-la-ungrd-la-maquinaria-para-enfrentar-emergencias\/nacional\/#primaryimage\",\"url\":\"https:\/\/i0.wp.com\/ciudadyregion.com.co\/wp-content\/uploads\/2024\/05\/33-18.jpg?fit=800%2C445&ssl=1\",\"contentUrl\":\"https:\/\/i0.wp.com\/ciudadyregion.com.co\/wp-content\/uploads\/2024\/05\/33-18.jpg?fit=800%2C445&ssl=1\",\"width\":800,\"height\":445},{\"@type\":\"BreadcrumbList\",\"@id\":\"https:\/\/ciudadyregion.com.co\/index.php\/gobernacion-del-tolima-solicito-a-la-ungrd-la-maquinaria-para-enfrentar-emergencias\/nacional\/#breadcrumb\",\"itemListElement\":[{\"@type\":\"ListItem\",\"position\":1,\"name\":\"Portada\",\"item\":\"https:\/\/ciudadyregion.com.co\/\"},{\"@type\":\"ListItem\",\"position\":2,\"name\":\"Gobernaci\u00f3n del Tolima solicit\u00f3 a la UNGRD la maquinaria para enfrentar emergencias\"}]},{\"@type\":\"WebSite\",\"@id\":\"https:\/\/ciudadyregion.com.co\/#website\",\"url\":\"https:\/\/ciudadyregion.com.co\/\",\"name\":\"Ciudad y Region\",\"description\":\"\",\"potentialAction\":[{\"@type\":\"SearchAction\",\"target\":{\"@type\":\"EntryPoint\",\"urlTemplate\":\"https:\/\/ciudadyregion.com.co\/?s={search_term_string}\"},\"query-input\":{\"@type\":\"PropertyValueSpecification\",\"valueRequired\":true,\"valueName\":\"search_term_string\"}}],\"inLanguage\":\"es\"},{\"@type\":\"Person\",\"@id\":\"https:\/\/ciudadyregion.com.co\/#\/schema\/person\/04a4954373ebc4051f46e8c65ff78622\",\"name\":\"David Andr\u00e9s Aguirre\",\"image\":{\"@type\":\"ImageObject\",\"inLanguage\":\"es\",\"@id\":\"https:\/\/ciudadyregion.com.co\/#\/schema\/person\/image\/\",\"url\":\"https:\/\/secure.gravatar.com\/avatar\/bc3c655860202182ee6d1b5edd042dbe?s=96&d=mm&r=g\",\"contentUrl\":\"https:\/\/secure.gravatar.com\/avatar\/bc3c655860202182ee6d1b5edd042dbe?s=96&d=mm&r=g\",\"caption\":\"David Andr\u00e9s Aguirre\"},\"url\":\"https:\/\/ciudadyregion.com.co\/index.php\/author\/diegoaguirre\/\"}]}<\/script>\n<!-- \/ Yoast SEO plugin. -->","yoast_head_json":{"title":"Gobernaci\u00f3n del Tolima solicit\u00f3 a la UNGRD la maquinaria para enfrentar emergencias - Ciudad y Region","robots":{"index":"index","follow":"follow","max-snippet":"max-snippet:-1","max-image-preview":"max-image-preview:large","max-video-preview":"max-video-preview:-1"},"canonical":"https:\/\/ciudadyregion.com.co\/index.php\/gobernacion-del-tolima-solicito-a-la-ungrd-la-maquinaria-para-enfrentar-emergencias\/nacional\/","og_locale":"es_ES","og_type":"article","og_title":"Gobernaci\u00f3n del Tolima solicit\u00f3 a la UNGRD la maquinaria para enfrentar emergencias - Ciudad y Region","og_description":"Secretaria de Ambiente y Gesti\u00f3n del Riesgo present\u00f3 ante director nacional solicitudes de los 47 municipios del Departamento. En un esfuerzo por atender las preocupaciones de los 47 municipios del Departamento ante la inminente temporada de fuertes lluvias, la Gobernaci\u00f3n del Tolima entreg\u00f3 al director de la Unidad Nacional deContinuar Leyendo","og_url":"https:\/\/ciudadyregion.com.co\/index.php\/gobernacion-del-tolima-solicito-a-la-ungrd-la-maquinaria-para-enfrentar-emergencias\/nacional\/","og_site_name":"Ciudad y Region","article_published_time":"2024-05-23T12:18:39+00:00","og_image":[{"width":800,"height":445,"url":"https:\/\/ciudadyregion.com.co\/wp-content\/uploads\/2024\/05\/33-18.jpg","type":"image\/jpeg"}],"author":"David Andr\u00e9s Aguirre","twitter_card":"summary_large_image","twitter_misc":{"Escrito por":"David Andr\u00e9s Aguirre","Tiempo de lectura":"2 minutos"},"schema":{"@context":"https:\/\/schema.org","@graph":[{"@type":"WebPage","@id":"https:\/\/ciudadyregion.com.co\/index.php\/gobernacion-del-tolima-solicito-a-la-ungrd-la-maquinaria-para-enfrentar-emergencias\/nacional\/","url":"https:\/\/ciudadyregion.com.co\/index.php\/gobernacion-del-tolima-solicito-a-la-ungrd-la-maquinaria-para-enfrentar-emergencias\/nacional\/","name":"Gobernaci\u00f3n del Tolima solicit\u00f3 a la UNGRD la maquinaria para enfrentar emergencias - Ciudad y Region","isPartOf":{"@id":"https:\/\/ciudadyregion.com.co\/#website"},"primaryImageOfPage":{"@id":"https:\/\/ciudadyregion.com.co\/index.php\/gobernacion-del-tolima-solicito-a-la-ungrd-la-maquinaria-para-enfrentar-emergencias\/nacional\/#primaryimage"},"image":{"@id":"https:\/\/ciudadyregion.com.co\/index.php\/gobernacion-del-tolima-solicito-a-la-ungrd-la-maquinaria-para-enfrentar-emergencias\/nacional\/#primaryimage"},"thumbnailUrl":"https:\/\/i0.wp.com\/ciudadyregion.com.co\/wp-content\/uploads\/2024\/05\/33-18.jpg?fit=800%2C445&ssl=1","datePublished":"2024-05-23T12:18:39+00:00","dateModified":"2024-05-23T12:18:39+00:00","author":{"@id":"https:\/\/ciudadyregion.com.co\/#\/schema\/person\/04a4954373ebc4051f46e8c65ff78622"},"breadcrumb":{"@id":"https:\/\/ciudadyregion.com.co\/index.php\/gobernacion-del-tolima-solicito-a-la-ungrd-la-maquinaria-para-enfrentar-emergencias\/nacional\/#breadcrumb"},"inLanguage":"es","potentialAction":[{"@type":"ReadAction","target":["https:\/\/ciudadyregion.com.co\/index.php\/gobernacion-del-tolima-solicito-a-la-ungrd-la-maquinaria-para-enfrentar-emergencias\/nacional\/"]}]},{"@type":"ImageObject","inLanguage":"es","@id":"https:\/\/ciudadyregion.com.co\/index.php\/gobernacion-del-tolima-solicito-a-la-ungrd-la-maquinaria-para-enfrentar-emergencias\/nacional\/#primaryimage","url":"https:\/\/i0.wp.com\/ciudadyregion.com.co\/wp-content\/uploads\/2024\/05\/33-18.jpg?fit=800%2C445&ssl=1","contentUrl":"https:\/\/i0.wp.com\/ciudadyregion.com.co\/wp-content\/uploads\/2024\/05\/33-18.jpg?fit=800%2C445&ssl=1","width":800,"height":445},{"@type":"BreadcrumbList","@id":"https:\/\/ciudadyregion.com.co\/index.php\/gobernacion-del-tolima-solicito-a-la-ungrd-la-maquinaria-para-enfrentar-emergencias\/nacional\/#breadcrumb","itemListElement":[{"@type":"ListItem","position":1,"name":"Portada","item":"https:\/\/ciudadyregion.com.co\/"},{"@type":"ListItem","position":2,"name":"Gobernaci\u00f3n del Tolima solicit\u00f3 a la UNGRD la maquinaria para enfrentar emergencias"}]},{"@type":"WebSite","@id":"https:\/\/ciudadyregion.com.co\/#website","url":"https:\/\/ciudadyregion.com.co\/","name":"Ciudad y Region","description":"","potentialAction":[{"@type":"SearchAction","target":{"@type":"EntryPoint","urlTemplate":"https:\/\/ciudadyregion.com.co\/?s={search_term_string}"},"query-input":{"@type":"PropertyValueSpecification","valueRequired":true,"valueName":"search_term_string"}}],"inLanguage":"es"},{"@type":"Person","@id":"https:\/\/ciudadyregion.com.co\/#\/schema\/person\/04a4954373ebc4051f46e8c65ff78622","name":"David Andr\u00e9s Aguirre","image":{"@type":"ImageObject","inLanguage":"es","@id":"https:\/\/ciudadyregion.com.co\/#\/schema\/person\/image\/","url":"https:\/\/secure.gravatar.com\/avatar\/bc3c655860202182ee6d1b5edd042dbe?s=96&d=mm&r=g","contentUrl":"https:\/\/secure.gravatar.com\/avatar\/bc3c655860202182ee6d1b5edd042dbe?s=96&d=mm&r=g","caption":"David Andr\u00e9s Aguirre"},"url":"https:\/\/ciudadyregion.com.co\/index.php\/author\/diegoaguirre\/"}]}},"jetpack_featured_media_url":"https:\/\/i0.wp.com\/ciudadyregion.com.co\/wp-content\/uploads\/2024\/05\/33-18.jpg?fit=800%2C445&ssl=1","jetpack_sharing_enabled":true,"jetpack_shortlink":"https:\/\/wp.me\/pbS7hh-3Oq","jetpack-related-posts":[],"_links":{"self":[{"href":"https:\/\/ciudadyregion.com.co\/index.php\/wp-json\/wp\/v2\/posts\/14658"}],"collection":[{"href":"https:\/\/ciudadyregion.com.co\/index.php\/wp-json\/wp\/v2\/posts"}],"about":[{"href":"https:\/\/ciudadyregion.com.co\/index.php\/wp-json\/wp\/v2\/types\/post"}],"author":[{"embeddable":true,"href":"https:\/\/ciudadyregion.com.co\/index.php\/wp-json\/wp\/v2\/users\/2"}],"replies":[{"embeddable":true,"href":"https:\/\/ciudadyregion.com.co\/index.php\/wp-json\/wp\/v2\/comments?post=14658"}],"version-history":[{"count":1,"href":"https:\/\/ciudadyregion.com.co\/index.php\/wp-json\/wp\/v2\/posts\/14658\/revisions"}],"predecessor-version":[{"id":14661,"href":"https:\/\/ciudadyregion.com.co\/index.php\/wp-json\/wp\/v2\/posts\/14658\/revisions\/14661"}],"wp:featuredmedia":[{"embeddable":true,"href":"https:\/\/ciudadyregion.com.co\/index.php\/wp-json\/wp\/v2\/media\/14660"}],"wp:attachment":[{"href":"https:\/\/ciudadyregion.com.co\/index.php\/wp-json\/wp\/v2\/media?parent=14658"}],"wp:term":[{"taxonomy":"category","embeddable":true,"href":"https:\/\/ciudadyregion.com.co\/index.php\/wp-json\/wp\/v2\/categories?post=14658"},{"taxonomy":"post_tag","embeddable":true,"href":"https:\/\/ciudadyregion.com.co\/index.php\/wp-json\/wp\/v2\/tags?post=14658"}],"curies":[{"name":"wp","href":"https:\/\/api.w.org\/{rel}","templated":true}]}}