{"id":14535,"date":"2024-05-22T07:35:01","date_gmt":"2024-05-22T12:35:01","guid":{"rendered":"https:\/\/ciudadyregion.com.co\/?p=14535"},"modified":"2024-05-22T07:35:01","modified_gmt":"2024-05-22T12:35:01","slug":"exito-total-con-a-la-fija-con-tu-eps-salud-total-atendio-mas-de-250-tramites","status":"publish","type":"post","link":"https:\/\/ciudadyregion.com.co\/index.php\/exito-total-con-a-la-fija-con-tu-eps-salud-total-atendio-mas-de-250-tramites\/salud\/","title":{"rendered":"\u00c9xito total: Con \u2018A la Fija con tu EPS\u2019, Salud Total atendi\u00f3 m\u00e1s de 250 tr\u00e1mites"},"content":{"rendered":"<ul>\n<li><em><strong>El Gobierno Departamental ha implementado esta estrategia para garantizar el derecho a la salud de todos los tolimenses.<\/strong><\/em><\/li>\n<\/ul>\n<p>La jornada se llev\u00f3 a cabo con \u00e9xito en el Centro de Convenciones Alfonso L\u00f3pez Pumarejo, donde se atendi\u00f3 a 256 usuarios de la EPS Salud Total, quienes recibieron soluci\u00f3n a sus peticiones, asignaci\u00f3n de citas especializadas y autorizaci\u00f3n de cirug\u00edas, entre otros servicios.<\/p>\n<blockquote><p>\u201cEste evento es una respuesta a las peticiones de la gente. Son las soluciones que nos ha pedido nuestra gobernadora del Tolima, la doctora Adriana Magali Matiz, soluciones en el territorio para las personas, soluciones inmediatas y efectivas en materia de salud. Esta es una apuesta grande que hemos hecho y seguiremos haciendo\u201d, afirm\u00f3 Douglas Quintero, director de Seguridad Social.<\/p><\/blockquote>\n<p>Cada vez son m\u00e1s los tolimenses que se unen a esta actividad. Por lo tanto, la Secretar\u00eda de Salud continuar\u00e1 adelantando esta estrategia con otras EPS que brindan sus servicios en el departamento, para garantizar que los ciudadanos puedan acceder a sus servicios m\u00e9dicos sin inconvenientes.<\/p>\n<p>Para personas como Hermelinda Qui\u00f1ones, esta jornada representa una soluci\u00f3n a sus peticiones.<\/p>\n<blockquote><p>\u201cVine con un caso muy delicado de mi hermana, el cual llev\u00e1bamos muchos d\u00edas esperando. Necesit\u00e1bamos unas \u00f3rdenes de manera urgente y hoy me voy muy agradecida con la Gobernaci\u00f3n y la EPS Salud Total porque me entregaron las \u00f3rdenes de mi hermana y s\u00e9 que va a iniciar su tratamiento lo m\u00e1s pronto posible\u201d, indic\u00f3 la usuaria.<\/p><\/blockquote>\n<p>Cabe mencionar que pr\u00f3ximamente se realizar\u00e1 esta jornada en conjunto con Asmet Salud. La fecha, el horario y el lugar se informar\u00e1n a trav\u00e9s de las redes sociales de la Secretar\u00eda de Salud del Tolima.<\/p>\n","protected":false},"excerpt":{"rendered":"<p>El Gobierno Departamental ha implementado esta estrategia para garantizar el derecho a la salud de todos los tolimenses. La jornada se llev\u00f3 a cabo con \u00e9xito en el Centro de Convenciones Alfonso L\u00f3pez Pumarejo, donde se atendi\u00f3 a 256 usuarios de la EPS Salud Total, quienes recibieron soluci\u00f3n a sus<span class=\"more-link\"><a href=\"https:\/\/ciudadyregion.com.co\/index.php\/exito-total-con-a-la-fija-con-tu-eps-salud-total-atendio-mas-de-250-tramites\/salud\/\">Continuar Leyendo<\/a><\/span><\/p>\n","protected":false},"author":2,"featured_media":14536,"comment_status":"open","ping_status":"open","sticky":false,"template":"","format":"standard","meta":{"_uf_show_specific_survey":0,"_uf_disable_surveys":false,"_jetpack_memberships_contains_paid_content":false,"footnotes":"","jetpack_publicize_message":"","jetpack_publicize_feature_enabled":true,"jetpack_social_post_already_shared":true,"jetpack_social_options":{"image_generator_settings":{"template":"highway","enabled":false},"version":2}},"categories":[29],"tags":[],"class_list":["entry","author-diegoaguirre","post-14535","post","type-post","status-publish","format-standard","has-post-thumbnail","category-salud"],"jetpack_publicize_connections":[],"yoast_head":"<!-- This site is optimized with the Yoast SEO plugin v24.3 - https:\/\/yoast.com\/wordpress\/plugins\/seo\/ -->\n<title>\u00c9xito total: Con \u2018A la Fija con tu EPS\u2019, Salud Total atendi\u00f3 m\u00e1s de 250 tr\u00e1mites - Ciudad y Region<\/title>\n<meta name=\"robots\" content=\"index, follow, max-snippet:-1, max-image-preview:large, max-video-preview:-1\" \/>\n<link rel=\"canonical\" href=\"https:\/\/ciudadyregion.com.co\/index.php\/exito-total-con-a-la-fija-con-tu-eps-salud-total-atendio-mas-de-250-tramites\/salud\/\" \/>\n<meta property=\"og:locale\" content=\"es_ES\" \/>\n<meta property=\"og:type\" content=\"article\" \/>\n<meta property=\"og:title\" content=\"\u00c9xito total: Con \u2018A la Fija con tu EPS\u2019, Salud Total atendi\u00f3 m\u00e1s de 250 tr\u00e1mites - Ciudad y Region\" \/>\n<meta property=\"og:description\" content=\"El Gobierno Departamental ha implementado esta estrategia para garantizar el derecho a la salud de todos los tolimenses. La jornada se llev\u00f3 a cabo con \u00e9xito en el Centro de Convenciones Alfonso L\u00f3pez Pumarejo, donde se atendi\u00f3 a 256 usuarios de la EPS Salud Total, quienes recibieron soluci\u00f3n a susContinuar Leyendo\" \/>\n<meta property=\"og:url\" content=\"https:\/\/ciudadyregion.com.co\/index.php\/exito-total-con-a-la-fija-con-tu-eps-salud-total-atendio-mas-de-250-tramites\/salud\/\" \/>\n<meta property=\"og:site_name\" content=\"Ciudad y Region\" \/>\n<meta property=\"article:published_time\" content=\"2024-05-22T12:35:01+00:00\" \/>\n<meta property=\"og:image\" content=\"https:\/\/ciudadyregion.com.co\/wp-content\/uploads\/2024\/05\/3-10.jpg\" \/>\n\t<meta property=\"og:image:width\" content=\"800\" \/>\n\t<meta property=\"og:image:height\" content=\"445\" \/>\n\t<meta property=\"og:image:type\" content=\"image\/jpeg\" \/>\n<meta name=\"author\" content=\"David Andr\u00e9s Aguirre\" \/>\n<meta name=\"twitter:card\" content=\"summary_large_image\" \/>\n<meta name=\"twitter:label1\" content=\"Escrito por\" \/>\n\t<meta name=\"twitter:data1\" content=\"David Andr\u00e9s Aguirre\" \/>\n\t<meta name=\"twitter:label2\" content=\"Tiempo de lectura\" \/>\n\t<meta name=\"twitter:data2\" content=\"1 minuto\" \/>\n<script type=\"application\/ld+json\" class=\"yoast-schema-graph\">{\"@context\":\"https:\/\/schema.org\",\"@graph\":[{\"@type\":\"WebPage\",\"@id\":\"https:\/\/ciudadyregion.com.co\/index.php\/exito-total-con-a-la-fija-con-tu-eps-salud-total-atendio-mas-de-250-tramites\/salud\/\",\"url\":\"https:\/\/ciudadyregion.com.co\/index.php\/exito-total-con-a-la-fija-con-tu-eps-salud-total-atendio-mas-de-250-tramites\/salud\/\",\"name\":\"\u00c9xito total: Con \u2018A la Fija con tu EPS\u2019, Salud Total atendi\u00f3 m\u00e1s de 250 tr\u00e1mites - Ciudad y Region\",\"isPartOf\":{\"@id\":\"https:\/\/ciudadyregion.com.co\/#website\"},\"primaryImageOfPage\":{\"@id\":\"https:\/\/ciudadyregion.com.co\/index.php\/exito-total-con-a-la-fija-con-tu-eps-salud-total-atendio-mas-de-250-tramites\/salud\/#primaryimage\"},\"image\":{\"@id\":\"https:\/\/ciudadyregion.com.co\/index.php\/exito-total-con-a-la-fija-con-tu-eps-salud-total-atendio-mas-de-250-tramites\/salud\/#primaryimage\"},\"thumbnailUrl\":\"https:\/\/i0.wp.com\/ciudadyregion.com.co\/wp-content\/uploads\/2024\/05\/3-10.jpg?fit=800%2C445&ssl=1\",\"datePublished\":\"2024-05-22T12:35:01+00:00\",\"dateModified\":\"2024-05-22T12:35:01+00:00\",\"author\":{\"@id\":\"https:\/\/ciudadyregion.com.co\/#\/schema\/person\/04a4954373ebc4051f46e8c65ff78622\"},\"breadcrumb\":{\"@id\":\"https:\/\/ciudadyregion.com.co\/index.php\/exito-total-con-a-la-fija-con-tu-eps-salud-total-atendio-mas-de-250-tramites\/salud\/#breadcrumb\"},\"inLanguage\":\"es\",\"potentialAction\":[{\"@type\":\"ReadAction\",\"target\":[\"https:\/\/ciudadyregion.com.co\/index.php\/exito-total-con-a-la-fija-con-tu-eps-salud-total-atendio-mas-de-250-tramites\/salud\/\"]}]},{\"@type\":\"ImageObject\",\"inLanguage\":\"es\",\"@id\":\"https:\/\/ciudadyregion.com.co\/index.php\/exito-total-con-a-la-fija-con-tu-eps-salud-total-atendio-mas-de-250-tramites\/salud\/#primaryimage\",\"url\":\"https:\/\/i0.wp.com\/ciudadyregion.com.co\/wp-content\/uploads\/2024\/05\/3-10.jpg?fit=800%2C445&ssl=1\",\"contentUrl\":\"https:\/\/i0.wp.com\/ciudadyregion.com.co\/wp-content\/uploads\/2024\/05\/3-10.jpg?fit=800%2C445&ssl=1\",\"width\":800,\"height\":445},{\"@type\":\"BreadcrumbList\",\"@id\":\"https:\/\/ciudadyregion.com.co\/index.php\/exito-total-con-a-la-fija-con-tu-eps-salud-total-atendio-mas-de-250-tramites\/salud\/#breadcrumb\",\"itemListElement\":[{\"@type\":\"ListItem\",\"position\":1,\"name\":\"Portada\",\"item\":\"https:\/\/ciudadyregion.com.co\/\"},{\"@type\":\"ListItem\",\"position\":2,\"name\":\"\u00c9xito total: Con \u2018A la Fija con tu EPS\u2019, Salud Total atendi\u00f3 m\u00e1s de 250 tr\u00e1mites\"}]},{\"@type\":\"WebSite\",\"@id\":\"https:\/\/ciudadyregion.com.co\/#website\",\"url\":\"https:\/\/ciudadyregion.com.co\/\",\"name\":\"Ciudad y Region\",\"description\":\"\",\"potentialAction\":[{\"@type\":\"SearchAction\",\"target\":{\"@type\":\"EntryPoint\",\"urlTemplate\":\"https:\/\/ciudadyregion.com.co\/?s={search_term_string}\"},\"query-input\":{\"@type\":\"PropertyValueSpecification\",\"valueRequired\":true,\"valueName\":\"search_term_string\"}}],\"inLanguage\":\"es\"},{\"@type\":\"Person\",\"@id\":\"https:\/\/ciudadyregion.com.co\/#\/schema\/person\/04a4954373ebc4051f46e8c65ff78622\",\"name\":\"David Andr\u00e9s Aguirre\",\"image\":{\"@type\":\"ImageObject\",\"inLanguage\":\"es\",\"@id\":\"https:\/\/ciudadyregion.com.co\/#\/schema\/person\/image\/\",\"url\":\"https:\/\/secure.gravatar.com\/avatar\/bc3c655860202182ee6d1b5edd042dbe?s=96&d=mm&r=g\",\"contentUrl\":\"https:\/\/secure.gravatar.com\/avatar\/bc3c655860202182ee6d1b5edd042dbe?s=96&d=mm&r=g\",\"caption\":\"David Andr\u00e9s Aguirre\"},\"url\":\"https:\/\/ciudadyregion.com.co\/index.php\/author\/diegoaguirre\/\"}]}<\/script>\n<!-- \/ Yoast SEO plugin. -->","yoast_head_json":{"title":"\u00c9xito total: Con \u2018A la Fija con tu EPS\u2019, Salud Total atendi\u00f3 m\u00e1s de 250 tr\u00e1mites - Ciudad y Region","robots":{"index":"index","follow":"follow","max-snippet":"max-snippet:-1","max-image-preview":"max-image-preview:large","max-video-preview":"max-video-preview:-1"},"canonical":"https:\/\/ciudadyregion.com.co\/index.php\/exito-total-con-a-la-fija-con-tu-eps-salud-total-atendio-mas-de-250-tramites\/salud\/","og_locale":"es_ES","og_type":"article","og_title":"\u00c9xito total: Con \u2018A la Fija con tu EPS\u2019, Salud Total atendi\u00f3 m\u00e1s de 250 tr\u00e1mites - Ciudad y Region","og_description":"El Gobierno Departamental ha implementado esta estrategia para garantizar el derecho a la salud de todos los tolimenses. La jornada se llev\u00f3 a cabo con \u00e9xito en el Centro de Convenciones Alfonso L\u00f3pez Pumarejo, donde se atendi\u00f3 a 256 usuarios de la EPS Salud Total, quienes recibieron soluci\u00f3n a susContinuar Leyendo","og_url":"https:\/\/ciudadyregion.com.co\/index.php\/exito-total-con-a-la-fija-con-tu-eps-salud-total-atendio-mas-de-250-tramites\/salud\/","og_site_name":"Ciudad y Region","article_published_time":"2024-05-22T12:35:01+00:00","og_image":[{"width":800,"height":445,"url":"https:\/\/ciudadyregion.com.co\/wp-content\/uploads\/2024\/05\/3-10.jpg","type":"image\/jpeg"}],"author":"David Andr\u00e9s Aguirre","twitter_card":"summary_large_image","twitter_misc":{"Escrito por":"David Andr\u00e9s Aguirre","Tiempo de lectura":"1 minuto"},"schema":{"@context":"https:\/\/schema.org","@graph":[{"@type":"WebPage","@id":"https:\/\/ciudadyregion.com.co\/index.php\/exito-total-con-a-la-fija-con-tu-eps-salud-total-atendio-mas-de-250-tramites\/salud\/","url":"https:\/\/ciudadyregion.com.co\/index.php\/exito-total-con-a-la-fija-con-tu-eps-salud-total-atendio-mas-de-250-tramites\/salud\/","name":"\u00c9xito total: Con \u2018A la Fija con tu EPS\u2019, Salud Total atendi\u00f3 m\u00e1s de 250 tr\u00e1mites - Ciudad y Region","isPartOf":{"@id":"https:\/\/ciudadyregion.com.co\/#website"},"primaryImageOfPage":{"@id":"https:\/\/ciudadyregion.com.co\/index.php\/exito-total-con-a-la-fija-con-tu-eps-salud-total-atendio-mas-de-250-tramites\/salud\/#primaryimage"},"image":{"@id":"https:\/\/ciudadyregion.com.co\/index.php\/exito-total-con-a-la-fija-con-tu-eps-salud-total-atendio-mas-de-250-tramites\/salud\/#primaryimage"},"thumbnailUrl":"https:\/\/i0.wp.com\/ciudadyregion.com.co\/wp-content\/uploads\/2024\/05\/3-10.jpg?fit=800%2C445&ssl=1","datePublished":"2024-05-22T12:35:01+00:00","dateModified":"2024-05-22T12:35:01+00:00","author":{"@id":"https:\/\/ciudadyregion.com.co\/#\/schema\/person\/04a4954373ebc4051f46e8c65ff78622"},"breadcrumb":{"@id":"https:\/\/ciudadyregion.com.co\/index.php\/exito-total-con-a-la-fija-con-tu-eps-salud-total-atendio-mas-de-250-tramites\/salud\/#breadcrumb"},"inLanguage":"es","potentialAction":[{"@type":"ReadAction","target":["https:\/\/ciudadyregion.com.co\/index.php\/exito-total-con-a-la-fija-con-tu-eps-salud-total-atendio-mas-de-250-tramites\/salud\/"]}]},{"@type":"ImageObject","inLanguage":"es","@id":"https:\/\/ciudadyregion.com.co\/index.php\/exito-total-con-a-la-fija-con-tu-eps-salud-total-atendio-mas-de-250-tramites\/salud\/#primaryimage","url":"https:\/\/i0.wp.com\/ciudadyregion.com.co\/wp-content\/uploads\/2024\/05\/3-10.jpg?fit=800%2C445&ssl=1","contentUrl":"https:\/\/i0.wp.com\/ciudadyregion.com.co\/wp-content\/uploads\/2024\/05\/3-10.jpg?fit=800%2C445&ssl=1","width":800,"height":445},{"@type":"BreadcrumbList","@id":"https:\/\/ciudadyregion.com.co\/index.php\/exito-total-con-a-la-fija-con-tu-eps-salud-total-atendio-mas-de-250-tramites\/salud\/#breadcrumb","itemListElement":[{"@type":"ListItem","position":1,"name":"Portada","item":"https:\/\/ciudadyregion.com.co\/"},{"@type":"ListItem","position":2,"name":"\u00c9xito total: Con \u2018A la Fija con tu EPS\u2019, Salud Total atendi\u00f3 m\u00e1s de 250 tr\u00e1mites"}]},{"@type":"WebSite","@id":"https:\/\/ciudadyregion.com.co\/#website","url":"https:\/\/ciudadyregion.com.co\/","name":"Ciudad y Region","description":"","potentialAction":[{"@type":"SearchAction","target":{"@type":"EntryPoint","urlTemplate":"https:\/\/ciudadyregion.com.co\/?s={search_term_string}"},"query-input":{"@type":"PropertyValueSpecification","valueRequired":true,"valueName":"search_term_string"}}],"inLanguage":"es"},{"@type":"Person","@id":"https:\/\/ciudadyregion.com.co\/#\/schema\/person\/04a4954373ebc4051f46e8c65ff78622","name":"David Andr\u00e9s Aguirre","image":{"@type":"ImageObject","inLanguage":"es","@id":"https:\/\/ciudadyregion.com.co\/#\/schema\/person\/image\/","url":"https:\/\/secure.gravatar.com\/avatar\/bc3c655860202182ee6d1b5edd042dbe?s=96&d=mm&r=g","contentUrl":"https:\/\/secure.gravatar.com\/avatar\/bc3c655860202182ee6d1b5edd042dbe?s=96&d=mm&r=g","caption":"David Andr\u00e9s Aguirre"},"url":"https:\/\/ciudadyregion.com.co\/index.php\/author\/diegoaguirre\/"}]}},"jetpack_featured_media_url":"https:\/\/i0.wp.com\/ciudadyregion.com.co\/wp-content\/uploads\/2024\/05\/3-10.jpg?fit=800%2C445&ssl=1","jetpack_sharing_enabled":true,"jetpack_shortlink":"https:\/\/wp.me\/pbS7hh-3Mr","jetpack-related-posts":[],"_links":{"self":[{"href":"https:\/\/ciudadyregion.com.co\/index.php\/wp-json\/wp\/v2\/posts\/14535"}],"collection":[{"href":"https:\/\/ciudadyregion.com.co\/index.php\/wp-json\/wp\/v2\/posts"}],"about":[{"href":"https:\/\/ciudadyregion.com.co\/index.php\/wp-json\/wp\/v2\/types\/post"}],"author":[{"embeddable":true,"href":"https:\/\/ciudadyregion.com.co\/index.php\/wp-json\/wp\/v2\/users\/2"}],"replies":[{"embeddable":true,"href":"https:\/\/ciudadyregion.com.co\/index.php\/wp-json\/wp\/v2\/comments?post=14535"}],"version-history":[{"count":1,"href":"https:\/\/ciudadyregion.com.co\/index.php\/wp-json\/wp\/v2\/posts\/14535\/revisions"}],"predecessor-version":[{"id":14537,"href":"https:\/\/ciudadyregion.com.co\/index.php\/wp-json\/wp\/v2\/posts\/14535\/revisions\/14537"}],"wp:featuredmedia":[{"embeddable":true,"href":"https:\/\/ciudadyregion.com.co\/index.php\/wp-json\/wp\/v2\/media\/14536"}],"wp:attachment":[{"href":"https:\/\/ciudadyregion.com.co\/index.php\/wp-json\/wp\/v2\/media?parent=14535"}],"wp:term":[{"taxonomy":"category","embeddable":true,"href":"https:\/\/ciudadyregion.com.co\/index.php\/wp-json\/wp\/v2\/categories?post=14535"},{"taxonomy":"post_tag","embeddable":true,"href":"https:\/\/ciudadyregion.com.co\/index.php\/wp-json\/wp\/v2\/tags?post=14535"}],"curies":[{"name":"wp","href":"https:\/\/api.w.org\/{rel}","templated":true}]}}