{"id":14532,"date":"2024-05-22T07:28:10","date_gmt":"2024-05-22T12:28:10","guid":{"rendered":"https:\/\/ciudadyregion.com.co\/?p=14532"},"modified":"2024-05-22T07:28:10","modified_gmt":"2024-05-22T12:28:10","slug":"6-anos-de-prision-para-candidato-electo-a-la-contraloria-de-cartagena","status":"publish","type":"post","link":"https:\/\/ciudadyregion.com.co\/index.php\/6-anos-de-prision-para-candidato-electo-a-la-contraloria-de-cartagena\/judicial\/","title":{"rendered":"6 a\u00f1os de prisi\u00f3n para candidato electo a la Contralor\u00eda de Cartagena"},"content":{"rendered":"<ul>\n<li><em><strong>El Tribunal Superior de Cartagena acept\u00f3 el recurso de apelaci\u00f3n presentado por la Fiscal\u00eda y revoc\u00f3 una decisi\u00f3n de primera instancia que lo hab\u00eda absuelto.<\/strong><\/em><\/li>\n<\/ul>\n<p>Luego de evaluar las pruebas presentadas por la Fiscal\u00eda General de la Naci\u00f3n, la Sala Penal del Tribunal Superior de Cartagena conden\u00f3 a 6 a\u00f1os de prisi\u00f3n a H\u00e9ctor Rodolfo Consuegra Salinas, quien fue elegido Contralor de esa ciudad en julio de 2020 por el Concejo Distrital.<\/p>\n<p>El fallo aval\u00f3 el recurso de apelaci\u00f3n presentado por una fiscal de la Unidad de Administraci\u00f3n P\u00fablica y revoc\u00f3 la decisi\u00f3n de primera instancia proferida en junio de 2023, por un juzgado de conocimiento que en su momento lo absolvi\u00f3 por el delito de fraude procesal.<\/p>\n<p>Las pruebas aportadas en juicio fueron determinantes para probar que Consuegra Salinas, antes de ser elegido ocupaba un cargo p\u00fablico en la rama ejecutiva del orden distrital y por lo tanto no pod\u00eda ostentar el cargo de contralor.<\/p>\n<p>Este hecho violaba uno de los principios del art\u00edculo 272 de la Constituci\u00f3n Pol\u00edtica que exige que dentro del \u00faltimo a\u00f1o, ning\u00fan candidato a contralor debe haber ocupado cargos p\u00fablicos en el nivel ejecutivo del orden departamental, distrital o municipal.<\/p>\n<p>El ente investigador estableci\u00f3 que el hoy sentenciado no le inform\u00f3 a la corporaci\u00f3n administrativa de su inhabilidad e indujo en error a la plenaria, para que su nombre fuese escogido en la sesi\u00f3n del 14 de julio de 2020.<\/p>\n<p>Tras las alertas que se presentaron por dichas irregularidades, el Concejo Distrital se rehus\u00f3 a posesionarlo y luego de una demanda que interpuso un particular ante el Tribunal Administrativo de Bol\u00edvar, se decret\u00f3 la suspensi\u00f3n provisional de ese nombramiento. El hoy sentenciado renunci\u00f3 entonces al cargo para el que fue elegido.<\/p>\n<p>Por disposici\u00f3n de un magistrado, la condena de Consuegra Salinas se llevar\u00e1 a cabo en su lugar de domicilio. Adem\u00e1s, deber\u00e1 cancelar el pago de una multa de 200 salarios m\u00ednimos legales vigentes y cumplir con una inhabilidad por cinco a\u00f1os para el ejercicio de sus funciones p\u00fablicas.<\/p>\n","protected":false},"excerpt":{"rendered":"<p>El Tribunal Superior de Cartagena acept\u00f3 el recurso de apelaci\u00f3n presentado por la Fiscal\u00eda y revoc\u00f3 una decisi\u00f3n de primera instancia que lo hab\u00eda absuelto. Luego de evaluar las pruebas presentadas por la Fiscal\u00eda General de la Naci\u00f3n, la Sala Penal del Tribunal Superior de Cartagena conden\u00f3 a 6 a\u00f1os<span class=\"more-link\"><a href=\"https:\/\/ciudadyregion.com.co\/index.php\/6-anos-de-prision-para-candidato-electo-a-la-contraloria-de-cartagena\/judicial\/\">Continuar Leyendo<\/a><\/span><\/p>\n","protected":false},"author":2,"featured_media":14533,"comment_status":"open","ping_status":"open","sticky":false,"template":"","format":"standard","meta":{"_uf_show_specific_survey":0,"_uf_disable_surveys":false,"_jetpack_memberships_contains_paid_content":false,"footnotes":"","jetpack_publicize_message":"","jetpack_publicize_feature_enabled":true,"jetpack_social_post_already_shared":true,"jetpack_social_options":{"image_generator_settings":{"template":"highway","enabled":false},"version":2}},"categories":[18],"tags":[],"class_list":["entry","author-diegoaguirre","post-14532","post","type-post","status-publish","format-standard","has-post-thumbnail","category-judicial"],"jetpack_publicize_connections":[],"yoast_head":"<!-- This site is optimized with the Yoast SEO plugin v24.3 - https:\/\/yoast.com\/wordpress\/plugins\/seo\/ -->\n<title>6 a\u00f1os de prisi\u00f3n para candidato electo a la Contralor\u00eda de Cartagena - Ciudad y Region<\/title>\n<meta name=\"robots\" content=\"index, follow, max-snippet:-1, max-image-preview:large, max-video-preview:-1\" \/>\n<link rel=\"canonical\" href=\"https:\/\/ciudadyregion.com.co\/index.php\/6-anos-de-prision-para-candidato-electo-a-la-contraloria-de-cartagena\/judicial\/\" \/>\n<meta property=\"og:locale\" content=\"es_ES\" \/>\n<meta property=\"og:type\" content=\"article\" \/>\n<meta property=\"og:title\" content=\"6 a\u00f1os de prisi\u00f3n para candidato electo a la Contralor\u00eda de Cartagena - Ciudad y Region\" \/>\n<meta property=\"og:description\" content=\"El Tribunal Superior de Cartagena acept\u00f3 el recurso de apelaci\u00f3n presentado por la Fiscal\u00eda y revoc\u00f3 una decisi\u00f3n de primera instancia que lo hab\u00eda absuelto. Luego de evaluar las pruebas presentadas por la Fiscal\u00eda General de la Naci\u00f3n, la Sala Penal del Tribunal Superior de Cartagena conden\u00f3 a 6 a\u00f1osContinuar Leyendo\" \/>\n<meta property=\"og:url\" content=\"https:\/\/ciudadyregion.com.co\/index.php\/6-anos-de-prision-para-candidato-electo-a-la-contraloria-de-cartagena\/judicial\/\" \/>\n<meta property=\"og:site_name\" content=\"Ciudad y Region\" \/>\n<meta property=\"article:published_time\" content=\"2024-05-22T12:28:10+00:00\" \/>\n<meta property=\"og:image\" content=\"https:\/\/ciudadyregion.com.co\/wp-content\/uploads\/2024\/05\/contraloria.jpg\" \/>\n\t<meta property=\"og:image:width\" content=\"800\" \/>\n\t<meta property=\"og:image:height\" content=\"445\" \/>\n\t<meta property=\"og:image:type\" content=\"image\/jpeg\" \/>\n<meta name=\"author\" content=\"David Andr\u00e9s Aguirre\" \/>\n<meta name=\"twitter:card\" content=\"summary_large_image\" \/>\n<meta name=\"twitter:label1\" content=\"Escrito por\" \/>\n\t<meta name=\"twitter:data1\" content=\"David Andr\u00e9s Aguirre\" \/>\n\t<meta name=\"twitter:label2\" content=\"Tiempo de lectura\" \/>\n\t<meta name=\"twitter:data2\" content=\"2 minutos\" \/>\n<script type=\"application\/ld+json\" class=\"yoast-schema-graph\">{\"@context\":\"https:\/\/schema.org\",\"@graph\":[{\"@type\":\"WebPage\",\"@id\":\"https:\/\/ciudadyregion.com.co\/index.php\/6-anos-de-prision-para-candidato-electo-a-la-contraloria-de-cartagena\/judicial\/\",\"url\":\"https:\/\/ciudadyregion.com.co\/index.php\/6-anos-de-prision-para-candidato-electo-a-la-contraloria-de-cartagena\/judicial\/\",\"name\":\"6 a\u00f1os de prisi\u00f3n para candidato electo a la Contralor\u00eda de Cartagena - Ciudad y Region\",\"isPartOf\":{\"@id\":\"https:\/\/ciudadyregion.com.co\/#website\"},\"primaryImageOfPage\":{\"@id\":\"https:\/\/ciudadyregion.com.co\/index.php\/6-anos-de-prision-para-candidato-electo-a-la-contraloria-de-cartagena\/judicial\/#primaryimage\"},\"image\":{\"@id\":\"https:\/\/ciudadyregion.com.co\/index.php\/6-anos-de-prision-para-candidato-electo-a-la-contraloria-de-cartagena\/judicial\/#primaryimage\"},\"thumbnailUrl\":\"https:\/\/i0.wp.com\/ciudadyregion.com.co\/wp-content\/uploads\/2024\/05\/contraloria.jpg?fit=800%2C445&ssl=1\",\"datePublished\":\"2024-05-22T12:28:10+00:00\",\"dateModified\":\"2024-05-22T12:28:10+00:00\",\"author\":{\"@id\":\"https:\/\/ciudadyregion.com.co\/#\/schema\/person\/04a4954373ebc4051f46e8c65ff78622\"},\"breadcrumb\":{\"@id\":\"https:\/\/ciudadyregion.com.co\/index.php\/6-anos-de-prision-para-candidato-electo-a-la-contraloria-de-cartagena\/judicial\/#breadcrumb\"},\"inLanguage\":\"es\",\"potentialAction\":[{\"@type\":\"ReadAction\",\"target\":[\"https:\/\/ciudadyregion.com.co\/index.php\/6-anos-de-prision-para-candidato-electo-a-la-contraloria-de-cartagena\/judicial\/\"]}]},{\"@type\":\"ImageObject\",\"inLanguage\":\"es\",\"@id\":\"https:\/\/ciudadyregion.com.co\/index.php\/6-anos-de-prision-para-candidato-electo-a-la-contraloria-de-cartagena\/judicial\/#primaryimage\",\"url\":\"https:\/\/i0.wp.com\/ciudadyregion.com.co\/wp-content\/uploads\/2024\/05\/contraloria.jpg?fit=800%2C445&ssl=1\",\"contentUrl\":\"https:\/\/i0.wp.com\/ciudadyregion.com.co\/wp-content\/uploads\/2024\/05\/contraloria.jpg?fit=800%2C445&ssl=1\",\"width\":800,\"height\":445},{\"@type\":\"BreadcrumbList\",\"@id\":\"https:\/\/ciudadyregion.com.co\/index.php\/6-anos-de-prision-para-candidato-electo-a-la-contraloria-de-cartagena\/judicial\/#breadcrumb\",\"itemListElement\":[{\"@type\":\"ListItem\",\"position\":1,\"name\":\"Portada\",\"item\":\"https:\/\/ciudadyregion.com.co\/\"},{\"@type\":\"ListItem\",\"position\":2,\"name\":\"6 a\u00f1os de prisi\u00f3n para candidato electo a la Contralor\u00eda de Cartagena\"}]},{\"@type\":\"WebSite\",\"@id\":\"https:\/\/ciudadyregion.com.co\/#website\",\"url\":\"https:\/\/ciudadyregion.com.co\/\",\"name\":\"Ciudad y Region\",\"description\":\"\",\"potentialAction\":[{\"@type\":\"SearchAction\",\"target\":{\"@type\":\"EntryPoint\",\"urlTemplate\":\"https:\/\/ciudadyregion.com.co\/?s={search_term_string}\"},\"query-input\":{\"@type\":\"PropertyValueSpecification\",\"valueRequired\":true,\"valueName\":\"search_term_string\"}}],\"inLanguage\":\"es\"},{\"@type\":\"Person\",\"@id\":\"https:\/\/ciudadyregion.com.co\/#\/schema\/person\/04a4954373ebc4051f46e8c65ff78622\",\"name\":\"David Andr\u00e9s Aguirre\",\"image\":{\"@type\":\"ImageObject\",\"inLanguage\":\"es\",\"@id\":\"https:\/\/ciudadyregion.com.co\/#\/schema\/person\/image\/\",\"url\":\"https:\/\/secure.gravatar.com\/avatar\/bc3c655860202182ee6d1b5edd042dbe?s=96&d=mm&r=g\",\"contentUrl\":\"https:\/\/secure.gravatar.com\/avatar\/bc3c655860202182ee6d1b5edd042dbe?s=96&d=mm&r=g\",\"caption\":\"David Andr\u00e9s Aguirre\"},\"url\":\"https:\/\/ciudadyregion.com.co\/index.php\/author\/diegoaguirre\/\"}]}<\/script>\n<!-- \/ Yoast SEO plugin. -->","yoast_head_json":{"title":"6 a\u00f1os de prisi\u00f3n para candidato electo a la Contralor\u00eda de Cartagena - Ciudad y Region","robots":{"index":"index","follow":"follow","max-snippet":"max-snippet:-1","max-image-preview":"max-image-preview:large","max-video-preview":"max-video-preview:-1"},"canonical":"https:\/\/ciudadyregion.com.co\/index.php\/6-anos-de-prision-para-candidato-electo-a-la-contraloria-de-cartagena\/judicial\/","og_locale":"es_ES","og_type":"article","og_title":"6 a\u00f1os de prisi\u00f3n para candidato electo a la Contralor\u00eda de Cartagena - Ciudad y Region","og_description":"El Tribunal Superior de Cartagena acept\u00f3 el recurso de apelaci\u00f3n presentado por la Fiscal\u00eda y revoc\u00f3 una decisi\u00f3n de primera instancia que lo hab\u00eda absuelto. Luego de evaluar las pruebas presentadas por la Fiscal\u00eda General de la Naci\u00f3n, la Sala Penal del Tribunal Superior de Cartagena conden\u00f3 a 6 a\u00f1osContinuar Leyendo","og_url":"https:\/\/ciudadyregion.com.co\/index.php\/6-anos-de-prision-para-candidato-electo-a-la-contraloria-de-cartagena\/judicial\/","og_site_name":"Ciudad y Region","article_published_time":"2024-05-22T12:28:10+00:00","og_image":[{"width":800,"height":445,"url":"https:\/\/ciudadyregion.com.co\/wp-content\/uploads\/2024\/05\/contraloria.jpg","type":"image\/jpeg"}],"author":"David Andr\u00e9s Aguirre","twitter_card":"summary_large_image","twitter_misc":{"Escrito por":"David Andr\u00e9s Aguirre","Tiempo de lectura":"2 minutos"},"schema":{"@context":"https:\/\/schema.org","@graph":[{"@type":"WebPage","@id":"https:\/\/ciudadyregion.com.co\/index.php\/6-anos-de-prision-para-candidato-electo-a-la-contraloria-de-cartagena\/judicial\/","url":"https:\/\/ciudadyregion.com.co\/index.php\/6-anos-de-prision-para-candidato-electo-a-la-contraloria-de-cartagena\/judicial\/","name":"6 a\u00f1os de prisi\u00f3n para candidato electo a la Contralor\u00eda de Cartagena - Ciudad y Region","isPartOf":{"@id":"https:\/\/ciudadyregion.com.co\/#website"},"primaryImageOfPage":{"@id":"https:\/\/ciudadyregion.com.co\/index.php\/6-anos-de-prision-para-candidato-electo-a-la-contraloria-de-cartagena\/judicial\/#primaryimage"},"image":{"@id":"https:\/\/ciudadyregion.com.co\/index.php\/6-anos-de-prision-para-candidato-electo-a-la-contraloria-de-cartagena\/judicial\/#primaryimage"},"thumbnailUrl":"https:\/\/i0.wp.com\/ciudadyregion.com.co\/wp-content\/uploads\/2024\/05\/contraloria.jpg?fit=800%2C445&ssl=1","datePublished":"2024-05-22T12:28:10+00:00","dateModified":"2024-05-22T12:28:10+00:00","author":{"@id":"https:\/\/ciudadyregion.com.co\/#\/schema\/person\/04a4954373ebc4051f46e8c65ff78622"},"breadcrumb":{"@id":"https:\/\/ciudadyregion.com.co\/index.php\/6-anos-de-prision-para-candidato-electo-a-la-contraloria-de-cartagena\/judicial\/#breadcrumb"},"inLanguage":"es","potentialAction":[{"@type":"ReadAction","target":["https:\/\/ciudadyregion.com.co\/index.php\/6-anos-de-prision-para-candidato-electo-a-la-contraloria-de-cartagena\/judicial\/"]}]},{"@type":"ImageObject","inLanguage":"es","@id":"https:\/\/ciudadyregion.com.co\/index.php\/6-anos-de-prision-para-candidato-electo-a-la-contraloria-de-cartagena\/judicial\/#primaryimage","url":"https:\/\/i0.wp.com\/ciudadyregion.com.co\/wp-content\/uploads\/2024\/05\/contraloria.jpg?fit=800%2C445&ssl=1","contentUrl":"https:\/\/i0.wp.com\/ciudadyregion.com.co\/wp-content\/uploads\/2024\/05\/contraloria.jpg?fit=800%2C445&ssl=1","width":800,"height":445},{"@type":"BreadcrumbList","@id":"https:\/\/ciudadyregion.com.co\/index.php\/6-anos-de-prision-para-candidato-electo-a-la-contraloria-de-cartagena\/judicial\/#breadcrumb","itemListElement":[{"@type":"ListItem","position":1,"name":"Portada","item":"https:\/\/ciudadyregion.com.co\/"},{"@type":"ListItem","position":2,"name":"6 a\u00f1os de prisi\u00f3n para candidato electo a la Contralor\u00eda de Cartagena"}]},{"@type":"WebSite","@id":"https:\/\/ciudadyregion.com.co\/#website","url":"https:\/\/ciudadyregion.com.co\/","name":"Ciudad y Region","description":"","potentialAction":[{"@type":"SearchAction","target":{"@type":"EntryPoint","urlTemplate":"https:\/\/ciudadyregion.com.co\/?s={search_term_string}"},"query-input":{"@type":"PropertyValueSpecification","valueRequired":true,"valueName":"search_term_string"}}],"inLanguage":"es"},{"@type":"Person","@id":"https:\/\/ciudadyregion.com.co\/#\/schema\/person\/04a4954373ebc4051f46e8c65ff78622","name":"David Andr\u00e9s Aguirre","image":{"@type":"ImageObject","inLanguage":"es","@id":"https:\/\/ciudadyregion.com.co\/#\/schema\/person\/image\/","url":"https:\/\/secure.gravatar.com\/avatar\/bc3c655860202182ee6d1b5edd042dbe?s=96&d=mm&r=g","contentUrl":"https:\/\/secure.gravatar.com\/avatar\/bc3c655860202182ee6d1b5edd042dbe?s=96&d=mm&r=g","caption":"David Andr\u00e9s Aguirre"},"url":"https:\/\/ciudadyregion.com.co\/index.php\/author\/diegoaguirre\/"}]}},"jetpack_featured_media_url":"https:\/\/i0.wp.com\/ciudadyregion.com.co\/wp-content\/uploads\/2024\/05\/contraloria.jpg?fit=800%2C445&ssl=1","jetpack_sharing_enabled":true,"jetpack_shortlink":"https:\/\/wp.me\/pbS7hh-3Mo","jetpack-related-posts":[],"_links":{"self":[{"href":"https:\/\/ciudadyregion.com.co\/index.php\/wp-json\/wp\/v2\/posts\/14532"}],"collection":[{"href":"https:\/\/ciudadyregion.com.co\/index.php\/wp-json\/wp\/v2\/posts"}],"about":[{"href":"https:\/\/ciudadyregion.com.co\/index.php\/wp-json\/wp\/v2\/types\/post"}],"author":[{"embeddable":true,"href":"https:\/\/ciudadyregion.com.co\/index.php\/wp-json\/wp\/v2\/users\/2"}],"replies":[{"embeddable":true,"href":"https:\/\/ciudadyregion.com.co\/index.php\/wp-json\/wp\/v2\/comments?post=14532"}],"version-history":[{"count":1,"href":"https:\/\/ciudadyregion.com.co\/index.php\/wp-json\/wp\/v2\/posts\/14532\/revisions"}],"predecessor-version":[{"id":14534,"href":"https:\/\/ciudadyregion.com.co\/index.php\/wp-json\/wp\/v2\/posts\/14532\/revisions\/14534"}],"wp:featuredmedia":[{"embeddable":true,"href":"https:\/\/ciudadyregion.com.co\/index.php\/wp-json\/wp\/v2\/media\/14533"}],"wp:attachment":[{"href":"https:\/\/ciudadyregion.com.co\/index.php\/wp-json\/wp\/v2\/media?parent=14532"}],"wp:term":[{"taxonomy":"category","embeddable":true,"href":"https:\/\/ciudadyregion.com.co\/index.php\/wp-json\/wp\/v2\/categories?post=14532"},{"taxonomy":"post_tag","embeddable":true,"href":"https:\/\/ciudadyregion.com.co\/index.php\/wp-json\/wp\/v2\/tags?post=14532"}],"curies":[{"name":"wp","href":"https:\/\/api.w.org\/{rel}","templated":true}]}}