{"id":14529,"date":"2024-05-22T07:24:00","date_gmt":"2024-05-22T12:24:00","guid":{"rendered":"https:\/\/ciudadyregion.com.co\/?p=14529"},"modified":"2024-05-22T07:24:00","modified_gmt":"2024-05-22T12:24:00","slug":"acusan-a-un-general-en-retiro-de-presuntamente-acosar-sexualmente-a-una-subteniente-y-a-una-contratista-de-una-unidad-militar","status":"publish","type":"post","link":"https:\/\/ciudadyregion.com.co\/index.php\/acusan-a-un-general-en-retiro-de-presuntamente-acosar-sexualmente-a-una-subteniente-y-a-una-contratista-de-una-unidad-militar\/judicial\/","title":{"rendered":"Acusan a un general en retiro de presuntamente acosar sexualmente a una subteniente y a una contratista de una unidad militar"},"content":{"rendered":"<ul>\n<li><em><strong>En el curso de la investigaci\u00f3n se acredit\u00f3 que las v\u00edctimas fueron vulneradas en su libertad sexual y sufrieron un profundo choque emocional.<\/strong><\/em><\/li>\n<\/ul>\n<p>La Fiscal\u00eda General de la Naci\u00f3n acus\u00f3 formalmente al brigadier general en retiro del Ej\u00e9rcito Nacional Mauricio Jos\u00e9 Zabala Cardona, como presunto responsable del delito de acoso sexual, del cual fueron v\u00edctimas una subteniente y una civil quienes laboraban en una unidad militar localizada entre Tumaco y Pasto (Nari\u00f1o).<\/p>\n<p>Entre 2018 y 2019, el oficial se desempe\u00f1\u00f3 como comandante de la Fuerza de Despliegue R\u00e1pido 2 (FUDRA 2) y se instal\u00f3 con sus tropas en el Batall\u00f3n de Selva N\u00b053. Los elementos de prueba indican que, durante ese tiempo, habr\u00eda aprovechado su rango, autoridad y mando para hacer comentarios ofensivos e insinuaciones sexuales en contra de una subalterna y una civil.<\/p>\n<p>El primer evento se relaciona con el acoso sexual a una subteniente, quien rechaz\u00f3 las pretensiones que le hac\u00eda el brigadier general (r). En retaliaci\u00f3n, el oficial imparti\u00f3 varias \u00f3rdenes para limitar el contacto de la mujer con el personal masculino, la amenaz\u00f3 con investigaciones y anotaciones negativas en su hoja de vida, se burl\u00f3 en p\u00fablico de ella y dispuso a su grupo de escoltas que deb\u00eda custodiar el puesto de trabajo de la v\u00edctima para mantener el control de sus actividades. Entre otros actos, tambi\u00e9n le orden\u00f3 cambiar la foto del perfil y escribirle continuamente por mensajer\u00eda instant\u00e1nea.<\/p>\n<p>De otra parte, el entonces comandante de la FUDRA 2 tambi\u00e9n realiz\u00f3 insinuaciones de tipo sexual a una contratista de prestaci\u00f3n de servicios que ocupaba el cargo de archivista, a cambio de renovar su vinculaci\u00f3n laboral. La mujer, que tampoco accedi\u00f3 a las pretensiones, fue v\u00edctima de asedio sin posibilidad de continuar en el cargo.<\/p>\n<p>La investigaci\u00f3n liderada por una fiscal\u00eda delegada ante la Corte Suprema de Justicia se sigui\u00f3 con un enfoque diferencial de g\u00e9nero, y estableci\u00f3 que las v\u00edctimas fueron vulneradas en su libertad sexual y sufrieron un profundo choque emocional.<\/p>\n","protected":false},"excerpt":{"rendered":"<p>En el curso de la investigaci\u00f3n se acredit\u00f3 que las v\u00edctimas fueron vulneradas en su libertad sexual y sufrieron un profundo choque emocional. La Fiscal\u00eda General de la Naci\u00f3n acus\u00f3 formalmente al brigadier general en retiro del Ej\u00e9rcito Nacional Mauricio Jos\u00e9 Zabala Cardona, como presunto responsable del delito de acoso<span class=\"more-link\"><a href=\"https:\/\/ciudadyregion.com.co\/index.php\/acusan-a-un-general-en-retiro-de-presuntamente-acosar-sexualmente-a-una-subteniente-y-a-una-contratista-de-una-unidad-militar\/judicial\/\">Continuar Leyendo<\/a><\/span><\/p>\n","protected":false},"author":2,"featured_media":14530,"comment_status":"open","ping_status":"open","sticky":false,"template":"","format":"standard","meta":{"_uf_show_specific_survey":0,"_uf_disable_surveys":false,"_jetpack_memberships_contains_paid_content":false,"footnotes":"","jetpack_publicize_message":"","jetpack_publicize_feature_enabled":true,"jetpack_social_post_already_shared":true,"jetpack_social_options":{"image_generator_settings":{"template":"highway","enabled":false},"version":2}},"categories":[18],"tags":[],"class_list":["entry","author-diegoaguirre","post-14529","post","type-post","status-publish","format-standard","has-post-thumbnail","category-judicial"],"jetpack_publicize_connections":[],"yoast_head":"<!-- This site is optimized with the Yoast SEO plugin v24.3 - https:\/\/yoast.com\/wordpress\/plugins\/seo\/ -->\n<title>Acusan a un general en retiro de presuntamente acosar sexualmente a una subteniente y a una contratista de una unidad militar - Ciudad y Region<\/title>\n<meta name=\"robots\" content=\"index, follow, max-snippet:-1, max-image-preview:large, max-video-preview:-1\" \/>\n<link rel=\"canonical\" href=\"https:\/\/ciudadyregion.com.co\/index.php\/acusan-a-un-general-en-retiro-de-presuntamente-acosar-sexualmente-a-una-subteniente-y-a-una-contratista-de-una-unidad-militar\/judicial\/\" \/>\n<meta property=\"og:locale\" content=\"es_ES\" \/>\n<meta property=\"og:type\" content=\"article\" \/>\n<meta property=\"og:title\" content=\"Acusan a un general en retiro de presuntamente acosar sexualmente a una subteniente y a una contratista de una unidad militar - Ciudad y Region\" \/>\n<meta property=\"og:description\" content=\"En el curso de la investigaci\u00f3n se acredit\u00f3 que las v\u00edctimas fueron vulneradas en su libertad sexual y sufrieron un profundo choque emocional. La Fiscal\u00eda General de la Naci\u00f3n acus\u00f3 formalmente al brigadier general en retiro del Ej\u00e9rcito Nacional Mauricio Jos\u00e9 Zabala Cardona, como presunto responsable del delito de acosoContinuar Leyendo\" \/>\n<meta property=\"og:url\" content=\"https:\/\/ciudadyregion.com.co\/index.php\/acusan-a-un-general-en-retiro-de-presuntamente-acosar-sexualmente-a-una-subteniente-y-a-una-contratista-de-una-unidad-militar\/judicial\/\" \/>\n<meta property=\"og:site_name\" content=\"Ciudad y Region\" \/>\n<meta property=\"article:published_time\" content=\"2024-05-22T12:24:00+00:00\" \/>\n<meta property=\"og:image\" content=\"https:\/\/ciudadyregion.com.co\/wp-content\/uploads\/2024\/05\/soldados-ejercito.jpg\" \/>\n\t<meta property=\"og:image:width\" content=\"800\" \/>\n\t<meta property=\"og:image:height\" content=\"445\" \/>\n\t<meta property=\"og:image:type\" content=\"image\/jpeg\" \/>\n<meta name=\"author\" content=\"David Andr\u00e9s Aguirre\" \/>\n<meta name=\"twitter:card\" content=\"summary_large_image\" \/>\n<meta name=\"twitter:label1\" content=\"Escrito por\" \/>\n\t<meta name=\"twitter:data1\" content=\"David Andr\u00e9s Aguirre\" \/>\n\t<meta name=\"twitter:label2\" content=\"Tiempo de lectura\" \/>\n\t<meta name=\"twitter:data2\" content=\"2 minutos\" \/>\n<script type=\"application\/ld+json\" class=\"yoast-schema-graph\">{\"@context\":\"https:\/\/schema.org\",\"@graph\":[{\"@type\":\"WebPage\",\"@id\":\"https:\/\/ciudadyregion.com.co\/index.php\/acusan-a-un-general-en-retiro-de-presuntamente-acosar-sexualmente-a-una-subteniente-y-a-una-contratista-de-una-unidad-militar\/judicial\/\",\"url\":\"https:\/\/ciudadyregion.com.co\/index.php\/acusan-a-un-general-en-retiro-de-presuntamente-acosar-sexualmente-a-una-subteniente-y-a-una-contratista-de-una-unidad-militar\/judicial\/\",\"name\":\"Acusan a un general en retiro de presuntamente acosar sexualmente a una subteniente y a una contratista de una unidad militar - Ciudad y Region\",\"isPartOf\":{\"@id\":\"https:\/\/ciudadyregion.com.co\/#website\"},\"primaryImageOfPage\":{\"@id\":\"https:\/\/ciudadyregion.com.co\/index.php\/acusan-a-un-general-en-retiro-de-presuntamente-acosar-sexualmente-a-una-subteniente-y-a-una-contratista-de-una-unidad-militar\/judicial\/#primaryimage\"},\"image\":{\"@id\":\"https:\/\/ciudadyregion.com.co\/index.php\/acusan-a-un-general-en-retiro-de-presuntamente-acosar-sexualmente-a-una-subteniente-y-a-una-contratista-de-una-unidad-militar\/judicial\/#primaryimage\"},\"thumbnailUrl\":\"https:\/\/i0.wp.com\/ciudadyregion.com.co\/wp-content\/uploads\/2024\/05\/soldados-ejercito.jpg?fit=800%2C445&ssl=1\",\"datePublished\":\"2024-05-22T12:24:00+00:00\",\"dateModified\":\"2024-05-22T12:24:00+00:00\",\"author\":{\"@id\":\"https:\/\/ciudadyregion.com.co\/#\/schema\/person\/04a4954373ebc4051f46e8c65ff78622\"},\"breadcrumb\":{\"@id\":\"https:\/\/ciudadyregion.com.co\/index.php\/acusan-a-un-general-en-retiro-de-presuntamente-acosar-sexualmente-a-una-subteniente-y-a-una-contratista-de-una-unidad-militar\/judicial\/#breadcrumb\"},\"inLanguage\":\"es\",\"potentialAction\":[{\"@type\":\"ReadAction\",\"target\":[\"https:\/\/ciudadyregion.com.co\/index.php\/acusan-a-un-general-en-retiro-de-presuntamente-acosar-sexualmente-a-una-subteniente-y-a-una-contratista-de-una-unidad-militar\/judicial\/\"]}]},{\"@type\":\"ImageObject\",\"inLanguage\":\"es\",\"@id\":\"https:\/\/ciudadyregion.com.co\/index.php\/acusan-a-un-general-en-retiro-de-presuntamente-acosar-sexualmente-a-una-subteniente-y-a-una-contratista-de-una-unidad-militar\/judicial\/#primaryimage\",\"url\":\"https:\/\/i0.wp.com\/ciudadyregion.com.co\/wp-content\/uploads\/2024\/05\/soldados-ejercito.jpg?fit=800%2C445&ssl=1\",\"contentUrl\":\"https:\/\/i0.wp.com\/ciudadyregion.com.co\/wp-content\/uploads\/2024\/05\/soldados-ejercito.jpg?fit=800%2C445&ssl=1\",\"width\":800,\"height\":445},{\"@type\":\"BreadcrumbList\",\"@id\":\"https:\/\/ciudadyregion.com.co\/index.php\/acusan-a-un-general-en-retiro-de-presuntamente-acosar-sexualmente-a-una-subteniente-y-a-una-contratista-de-una-unidad-militar\/judicial\/#breadcrumb\",\"itemListElement\":[{\"@type\":\"ListItem\",\"position\":1,\"name\":\"Portada\",\"item\":\"https:\/\/ciudadyregion.com.co\/\"},{\"@type\":\"ListItem\",\"position\":2,\"name\":\"Acusan a un general en retiro de presuntamente acosar sexualmente a una subteniente y a una contratista de una unidad militar\"}]},{\"@type\":\"WebSite\",\"@id\":\"https:\/\/ciudadyregion.com.co\/#website\",\"url\":\"https:\/\/ciudadyregion.com.co\/\",\"name\":\"Ciudad y Region\",\"description\":\"\",\"potentialAction\":[{\"@type\":\"SearchAction\",\"target\":{\"@type\":\"EntryPoint\",\"urlTemplate\":\"https:\/\/ciudadyregion.com.co\/?s={search_term_string}\"},\"query-input\":{\"@type\":\"PropertyValueSpecification\",\"valueRequired\":true,\"valueName\":\"search_term_string\"}}],\"inLanguage\":\"es\"},{\"@type\":\"Person\",\"@id\":\"https:\/\/ciudadyregion.com.co\/#\/schema\/person\/04a4954373ebc4051f46e8c65ff78622\",\"name\":\"David Andr\u00e9s Aguirre\",\"image\":{\"@type\":\"ImageObject\",\"inLanguage\":\"es\",\"@id\":\"https:\/\/ciudadyregion.com.co\/#\/schema\/person\/image\/\",\"url\":\"https:\/\/secure.gravatar.com\/avatar\/bc3c655860202182ee6d1b5edd042dbe?s=96&d=mm&r=g\",\"contentUrl\":\"https:\/\/secure.gravatar.com\/avatar\/bc3c655860202182ee6d1b5edd042dbe?s=96&d=mm&r=g\",\"caption\":\"David Andr\u00e9s Aguirre\"},\"url\":\"https:\/\/ciudadyregion.com.co\/index.php\/author\/diegoaguirre\/\"}]}<\/script>\n<!-- \/ Yoast SEO plugin. -->","yoast_head_json":{"title":"Acusan a un general en retiro de presuntamente acosar sexualmente a una subteniente y a una contratista de una unidad militar - Ciudad y Region","robots":{"index":"index","follow":"follow","max-snippet":"max-snippet:-1","max-image-preview":"max-image-preview:large","max-video-preview":"max-video-preview:-1"},"canonical":"https:\/\/ciudadyregion.com.co\/index.php\/acusan-a-un-general-en-retiro-de-presuntamente-acosar-sexualmente-a-una-subteniente-y-a-una-contratista-de-una-unidad-militar\/judicial\/","og_locale":"es_ES","og_type":"article","og_title":"Acusan a un general en retiro de presuntamente acosar sexualmente a una subteniente y a una contratista de una unidad militar - Ciudad y Region","og_description":"En el curso de la investigaci\u00f3n se acredit\u00f3 que las v\u00edctimas fueron vulneradas en su libertad sexual y sufrieron un profundo choque emocional. La Fiscal\u00eda General de la Naci\u00f3n acus\u00f3 formalmente al brigadier general en retiro del Ej\u00e9rcito Nacional Mauricio Jos\u00e9 Zabala Cardona, como presunto responsable del delito de acosoContinuar Leyendo","og_url":"https:\/\/ciudadyregion.com.co\/index.php\/acusan-a-un-general-en-retiro-de-presuntamente-acosar-sexualmente-a-una-subteniente-y-a-una-contratista-de-una-unidad-militar\/judicial\/","og_site_name":"Ciudad y Region","article_published_time":"2024-05-22T12:24:00+00:00","og_image":[{"width":800,"height":445,"url":"https:\/\/ciudadyregion.com.co\/wp-content\/uploads\/2024\/05\/soldados-ejercito.jpg","type":"image\/jpeg"}],"author":"David Andr\u00e9s Aguirre","twitter_card":"summary_large_image","twitter_misc":{"Escrito por":"David Andr\u00e9s Aguirre","Tiempo de lectura":"2 minutos"},"schema":{"@context":"https:\/\/schema.org","@graph":[{"@type":"WebPage","@id":"https:\/\/ciudadyregion.com.co\/index.php\/acusan-a-un-general-en-retiro-de-presuntamente-acosar-sexualmente-a-una-subteniente-y-a-una-contratista-de-una-unidad-militar\/judicial\/","url":"https:\/\/ciudadyregion.com.co\/index.php\/acusan-a-un-general-en-retiro-de-presuntamente-acosar-sexualmente-a-una-subteniente-y-a-una-contratista-de-una-unidad-militar\/judicial\/","name":"Acusan a un general en retiro de presuntamente acosar sexualmente a una subteniente y a una contratista de una unidad militar - Ciudad y Region","isPartOf":{"@id":"https:\/\/ciudadyregion.com.co\/#website"},"primaryImageOfPage":{"@id":"https:\/\/ciudadyregion.com.co\/index.php\/acusan-a-un-general-en-retiro-de-presuntamente-acosar-sexualmente-a-una-subteniente-y-a-una-contratista-de-una-unidad-militar\/judicial\/#primaryimage"},"image":{"@id":"https:\/\/ciudadyregion.com.co\/index.php\/acusan-a-un-general-en-retiro-de-presuntamente-acosar-sexualmente-a-una-subteniente-y-a-una-contratista-de-una-unidad-militar\/judicial\/#primaryimage"},"thumbnailUrl":"https:\/\/i0.wp.com\/ciudadyregion.com.co\/wp-content\/uploads\/2024\/05\/soldados-ejercito.jpg?fit=800%2C445&ssl=1","datePublished":"2024-05-22T12:24:00+00:00","dateModified":"2024-05-22T12:24:00+00:00","author":{"@id":"https:\/\/ciudadyregion.com.co\/#\/schema\/person\/04a4954373ebc4051f46e8c65ff78622"},"breadcrumb":{"@id":"https:\/\/ciudadyregion.com.co\/index.php\/acusan-a-un-general-en-retiro-de-presuntamente-acosar-sexualmente-a-una-subteniente-y-a-una-contratista-de-una-unidad-militar\/judicial\/#breadcrumb"},"inLanguage":"es","potentialAction":[{"@type":"ReadAction","target":["https:\/\/ciudadyregion.com.co\/index.php\/acusan-a-un-general-en-retiro-de-presuntamente-acosar-sexualmente-a-una-subteniente-y-a-una-contratista-de-una-unidad-militar\/judicial\/"]}]},{"@type":"ImageObject","inLanguage":"es","@id":"https:\/\/ciudadyregion.com.co\/index.php\/acusan-a-un-general-en-retiro-de-presuntamente-acosar-sexualmente-a-una-subteniente-y-a-una-contratista-de-una-unidad-militar\/judicial\/#primaryimage","url":"https:\/\/i0.wp.com\/ciudadyregion.com.co\/wp-content\/uploads\/2024\/05\/soldados-ejercito.jpg?fit=800%2C445&ssl=1","contentUrl":"https:\/\/i0.wp.com\/ciudadyregion.com.co\/wp-content\/uploads\/2024\/05\/soldados-ejercito.jpg?fit=800%2C445&ssl=1","width":800,"height":445},{"@type":"BreadcrumbList","@id":"https:\/\/ciudadyregion.com.co\/index.php\/acusan-a-un-general-en-retiro-de-presuntamente-acosar-sexualmente-a-una-subteniente-y-a-una-contratista-de-una-unidad-militar\/judicial\/#breadcrumb","itemListElement":[{"@type":"ListItem","position":1,"name":"Portada","item":"https:\/\/ciudadyregion.com.co\/"},{"@type":"ListItem","position":2,"name":"Acusan a un general en retiro de presuntamente acosar sexualmente a una subteniente y a una contratista de una unidad militar"}]},{"@type":"WebSite","@id":"https:\/\/ciudadyregion.com.co\/#website","url":"https:\/\/ciudadyregion.com.co\/","name":"Ciudad y Region","description":"","potentialAction":[{"@type":"SearchAction","target":{"@type":"EntryPoint","urlTemplate":"https:\/\/ciudadyregion.com.co\/?s={search_term_string}"},"query-input":{"@type":"PropertyValueSpecification","valueRequired":true,"valueName":"search_term_string"}}],"inLanguage":"es"},{"@type":"Person","@id":"https:\/\/ciudadyregion.com.co\/#\/schema\/person\/04a4954373ebc4051f46e8c65ff78622","name":"David Andr\u00e9s Aguirre","image":{"@type":"ImageObject","inLanguage":"es","@id":"https:\/\/ciudadyregion.com.co\/#\/schema\/person\/image\/","url":"https:\/\/secure.gravatar.com\/avatar\/bc3c655860202182ee6d1b5edd042dbe?s=96&d=mm&r=g","contentUrl":"https:\/\/secure.gravatar.com\/avatar\/bc3c655860202182ee6d1b5edd042dbe?s=96&d=mm&r=g","caption":"David Andr\u00e9s Aguirre"},"url":"https:\/\/ciudadyregion.com.co\/index.php\/author\/diegoaguirre\/"}]}},"jetpack_featured_media_url":"https:\/\/i0.wp.com\/ciudadyregion.com.co\/wp-content\/uploads\/2024\/05\/soldados-ejercito.jpg?fit=800%2C445&ssl=1","jetpack_sharing_enabled":true,"jetpack_shortlink":"https:\/\/wp.me\/pbS7hh-3Ml","jetpack-related-posts":[],"_links":{"self":[{"href":"https:\/\/ciudadyregion.com.co\/index.php\/wp-json\/wp\/v2\/posts\/14529"}],"collection":[{"href":"https:\/\/ciudadyregion.com.co\/index.php\/wp-json\/wp\/v2\/posts"}],"about":[{"href":"https:\/\/ciudadyregion.com.co\/index.php\/wp-json\/wp\/v2\/types\/post"}],"author":[{"embeddable":true,"href":"https:\/\/ciudadyregion.com.co\/index.php\/wp-json\/wp\/v2\/users\/2"}],"replies":[{"embeddable":true,"href":"https:\/\/ciudadyregion.com.co\/index.php\/wp-json\/wp\/v2\/comments?post=14529"}],"version-history":[{"count":1,"href":"https:\/\/ciudadyregion.com.co\/index.php\/wp-json\/wp\/v2\/posts\/14529\/revisions"}],"predecessor-version":[{"id":14531,"href":"https:\/\/ciudadyregion.com.co\/index.php\/wp-json\/wp\/v2\/posts\/14529\/revisions\/14531"}],"wp:featuredmedia":[{"embeddable":true,"href":"https:\/\/ciudadyregion.com.co\/index.php\/wp-json\/wp\/v2\/media\/14530"}],"wp:attachment":[{"href":"https:\/\/ciudadyregion.com.co\/index.php\/wp-json\/wp\/v2\/media?parent=14529"}],"wp:term":[{"taxonomy":"category","embeddable":true,"href":"https:\/\/ciudadyregion.com.co\/index.php\/wp-json\/wp\/v2\/categories?post=14529"},{"taxonomy":"post_tag","embeddable":true,"href":"https:\/\/ciudadyregion.com.co\/index.php\/wp-json\/wp\/v2\/tags?post=14529"}],"curies":[{"name":"wp","href":"https:\/\/api.w.org\/{rel}","templated":true}]}}