{"id":14442,"date":"2024-05-21T08:03:55","date_gmt":"2024-05-21T13:03:55","guid":{"rendered":"https:\/\/ciudadyregion.com.co\/?p=14442"},"modified":"2024-05-21T08:13:46","modified_gmt":"2024-05-21T13:13:46","slug":"paso-en-rovira-captura-a-un-sujeto-que-era-requerido-por-acceso-carnal-abusivo-con-menor-de-14-anos","status":"publish","type":"post","link":"https:\/\/ciudadyregion.com.co\/index.php\/paso-en-rovira-captura-a-un-sujeto-que-era-requerido-por-acceso-carnal-abusivo-con-menor-de-14-anos\/judicial\/","title":{"rendered":"Pas\u00f3 en Rovira: Capturan a un sujeto que era requerido por acceso carnal abusivo con menor de 14 a\u00f1os"},"content":{"rendered":"<ul>\n<li><em><strong>La captura se logr\u00f3 en el barrio centro sector parque principal de Rovira.<\/strong><\/em><\/li>\n<li><em><strong>A esta hora contin\u00faan los operativos contra el delito en todo el departamento.<\/strong><\/em><\/li>\n<\/ul>\n<p>Continuando con la implementaci\u00f3n de la estrategia \u00abMarat\u00f3n por la Seguridad\u00bb, en las ultimas horas personal de la unidad b\u00e1sica de investigaci\u00f3n criminal Sijin de la estaci\u00f3n de Polic\u00eda Rovira, lograron la captura de un sujeto requerido por autoridades de la ciudad de Ibagu\u00e9.<\/p>\n<p>El hecho se present\u00f3 sobre las 03:00 de la tarde, gracias a labores de Polic\u00eda Judicial que permitieron que los uniformados llegaran hasta v\u00eda p\u00fablica del barrio centro sector parque principal del municipio de Rovira, lugar donde lograron la materializaci\u00f3n y captura de un sujeto de 27 a\u00f1os, a quien le figuraba orden de captura vigente, expedida por el juzgado s\u00e9ptimo penal municipal de Ibagu\u00e9, por el delito de acceso carnal abusivo con menor de catorce a\u00f1os.<\/p>\n<p>El capturado fue dejado a disposici\u00f3n de la Fiscal\u00eda N\u00b055 de seccional de Caivas Ibagu\u00e9, por el delito antes en menci\u00f3n, el cual despu\u00e9s de audiencia virtual fue cobijado con medida de aseguramiento en centro penitenciario y carcelario.<\/p>\n","protected":false},"excerpt":{"rendered":"<p>La captura se logr\u00f3 en el barrio centro sector parque principal de Rovira. A esta hora contin\u00faan los operativos contra el delito en todo el departamento. Continuando con la implementaci\u00f3n de la estrategia \u00abMarat\u00f3n por la Seguridad\u00bb, en las ultimas horas personal de la unidad b\u00e1sica de investigaci\u00f3n criminal Sijin<span class=\"more-link\"><a href=\"https:\/\/ciudadyregion.com.co\/index.php\/paso-en-rovira-captura-a-un-sujeto-que-era-requerido-por-acceso-carnal-abusivo-con-menor-de-14-anos\/judicial\/\">Continuar Leyendo<\/a><\/span><\/p>\n","protected":false},"author":2,"featured_media":14443,"comment_status":"open","ping_status":"open","sticky":false,"template":"","format":"standard","meta":{"_uf_show_specific_survey":0,"_uf_disable_surveys":false,"_jetpack_memberships_contains_paid_content":false,"footnotes":"","jetpack_publicize_message":"","jetpack_publicize_feature_enabled":true,"jetpack_social_post_already_shared":true,"jetpack_social_options":{"image_generator_settings":{"template":"highway","enabled":false},"version":2}},"categories":[18],"tags":[],"class_list":["entry","author-diegoaguirre","post-14442","post","type-post","status-publish","format-standard","has-post-thumbnail","category-judicial"],"jetpack_publicize_connections":[],"yoast_head":"<!-- This site is optimized with the Yoast SEO plugin v24.3 - https:\/\/yoast.com\/wordpress\/plugins\/seo\/ -->\n<title>Pas\u00f3 en Rovira: Capturan a un sujeto que era requerido por acceso carnal abusivo con menor de 14 a\u00f1os - Ciudad y Region<\/title>\n<meta name=\"robots\" content=\"index, follow, max-snippet:-1, max-image-preview:large, max-video-preview:-1\" \/>\n<link rel=\"canonical\" href=\"https:\/\/ciudadyregion.com.co\/index.php\/paso-en-rovira-captura-a-un-sujeto-que-era-requerido-por-acceso-carnal-abusivo-con-menor-de-14-anos\/judicial\/\" \/>\n<meta property=\"og:locale\" content=\"es_ES\" \/>\n<meta property=\"og:type\" content=\"article\" \/>\n<meta property=\"og:title\" content=\"Pas\u00f3 en Rovira: Capturan a un sujeto que era requerido por acceso carnal abusivo con menor de 14 a\u00f1os - Ciudad y Region\" \/>\n<meta property=\"og:description\" content=\"La captura se logr\u00f3 en el barrio centro sector parque principal de Rovira. A esta hora contin\u00faan los operativos contra el delito en todo el departamento. Continuando con la implementaci\u00f3n de la estrategia \u00abMarat\u00f3n por la Seguridad\u00bb, en las ultimas horas personal de la unidad b\u00e1sica de investigaci\u00f3n criminal SijinContinuar Leyendo\" \/>\n<meta property=\"og:url\" content=\"https:\/\/ciudadyregion.com.co\/index.php\/paso-en-rovira-captura-a-un-sujeto-que-era-requerido-por-acceso-carnal-abusivo-con-menor-de-14-anos\/judicial\/\" \/>\n<meta property=\"og:site_name\" content=\"Ciudad y Region\" \/>\n<meta property=\"article:published_time\" content=\"2024-05-21T13:03:55+00:00\" \/>\n<meta property=\"article:modified_time\" content=\"2024-05-21T13:13:46+00:00\" \/>\n<meta property=\"og:image\" content=\"https:\/\/ciudadyregion.com.co\/wp-content\/uploads\/2024\/05\/8-9.jpg\" \/>\n\t<meta property=\"og:image:width\" content=\"800\" \/>\n\t<meta property=\"og:image:height\" content=\"445\" \/>\n\t<meta property=\"og:image:type\" content=\"image\/jpeg\" \/>\n<meta name=\"author\" content=\"David Andr\u00e9s Aguirre\" \/>\n<meta name=\"twitter:card\" content=\"summary_large_image\" \/>\n<meta name=\"twitter:label1\" content=\"Escrito por\" \/>\n\t<meta name=\"twitter:data1\" content=\"David Andr\u00e9s Aguirre\" \/>\n\t<meta name=\"twitter:label2\" content=\"Tiempo de lectura\" \/>\n\t<meta name=\"twitter:data2\" content=\"1 minuto\" \/>\n<script type=\"application\/ld+json\" class=\"yoast-schema-graph\">{\"@context\":\"https:\/\/schema.org\",\"@graph\":[{\"@type\":\"WebPage\",\"@id\":\"https:\/\/ciudadyregion.com.co\/index.php\/paso-en-rovira-captura-a-un-sujeto-que-era-requerido-por-acceso-carnal-abusivo-con-menor-de-14-anos\/judicial\/\",\"url\":\"https:\/\/ciudadyregion.com.co\/index.php\/paso-en-rovira-captura-a-un-sujeto-que-era-requerido-por-acceso-carnal-abusivo-con-menor-de-14-anos\/judicial\/\",\"name\":\"Pas\u00f3 en Rovira: Capturan a un sujeto que era requerido por acceso carnal abusivo con menor de 14 a\u00f1os - Ciudad y Region\",\"isPartOf\":{\"@id\":\"https:\/\/ciudadyregion.com.co\/#website\"},\"primaryImageOfPage\":{\"@id\":\"https:\/\/ciudadyregion.com.co\/index.php\/paso-en-rovira-captura-a-un-sujeto-que-era-requerido-por-acceso-carnal-abusivo-con-menor-de-14-anos\/judicial\/#primaryimage\"},\"image\":{\"@id\":\"https:\/\/ciudadyregion.com.co\/index.php\/paso-en-rovira-captura-a-un-sujeto-que-era-requerido-por-acceso-carnal-abusivo-con-menor-de-14-anos\/judicial\/#primaryimage\"},\"thumbnailUrl\":\"https:\/\/i0.wp.com\/ciudadyregion.com.co\/wp-content\/uploads\/2024\/05\/8-9.jpg?fit=800%2C445&ssl=1\",\"datePublished\":\"2024-05-21T13:03:55+00:00\",\"dateModified\":\"2024-05-21T13:13:46+00:00\",\"author\":{\"@id\":\"https:\/\/ciudadyregion.com.co\/#\/schema\/person\/04a4954373ebc4051f46e8c65ff78622\"},\"breadcrumb\":{\"@id\":\"https:\/\/ciudadyregion.com.co\/index.php\/paso-en-rovira-captura-a-un-sujeto-que-era-requerido-por-acceso-carnal-abusivo-con-menor-de-14-anos\/judicial\/#breadcrumb\"},\"inLanguage\":\"es\",\"potentialAction\":[{\"@type\":\"ReadAction\",\"target\":[\"https:\/\/ciudadyregion.com.co\/index.php\/paso-en-rovira-captura-a-un-sujeto-que-era-requerido-por-acceso-carnal-abusivo-con-menor-de-14-anos\/judicial\/\"]}]},{\"@type\":\"ImageObject\",\"inLanguage\":\"es\",\"@id\":\"https:\/\/ciudadyregion.com.co\/index.php\/paso-en-rovira-captura-a-un-sujeto-que-era-requerido-por-acceso-carnal-abusivo-con-menor-de-14-anos\/judicial\/#primaryimage\",\"url\":\"https:\/\/i0.wp.com\/ciudadyregion.com.co\/wp-content\/uploads\/2024\/05\/8-9.jpg?fit=800%2C445&ssl=1\",\"contentUrl\":\"https:\/\/i0.wp.com\/ciudadyregion.com.co\/wp-content\/uploads\/2024\/05\/8-9.jpg?fit=800%2C445&ssl=1\",\"width\":800,\"height\":445},{\"@type\":\"BreadcrumbList\",\"@id\":\"https:\/\/ciudadyregion.com.co\/index.php\/paso-en-rovira-captura-a-un-sujeto-que-era-requerido-por-acceso-carnal-abusivo-con-menor-de-14-anos\/judicial\/#breadcrumb\",\"itemListElement\":[{\"@type\":\"ListItem\",\"position\":1,\"name\":\"Portada\",\"item\":\"https:\/\/ciudadyregion.com.co\/\"},{\"@type\":\"ListItem\",\"position\":2,\"name\":\"Pas\u00f3 en Rovira: Capturan a un sujeto que era requerido por acceso carnal abusivo con menor de 14 a\u00f1os\"}]},{\"@type\":\"WebSite\",\"@id\":\"https:\/\/ciudadyregion.com.co\/#website\",\"url\":\"https:\/\/ciudadyregion.com.co\/\",\"name\":\"Ciudad y Region\",\"description\":\"\",\"potentialAction\":[{\"@type\":\"SearchAction\",\"target\":{\"@type\":\"EntryPoint\",\"urlTemplate\":\"https:\/\/ciudadyregion.com.co\/?s={search_term_string}\"},\"query-input\":{\"@type\":\"PropertyValueSpecification\",\"valueRequired\":true,\"valueName\":\"search_term_string\"}}],\"inLanguage\":\"es\"},{\"@type\":\"Person\",\"@id\":\"https:\/\/ciudadyregion.com.co\/#\/schema\/person\/04a4954373ebc4051f46e8c65ff78622\",\"name\":\"David Andr\u00e9s Aguirre\",\"image\":{\"@type\":\"ImageObject\",\"inLanguage\":\"es\",\"@id\":\"https:\/\/ciudadyregion.com.co\/#\/schema\/person\/image\/\",\"url\":\"https:\/\/secure.gravatar.com\/avatar\/bc3c655860202182ee6d1b5edd042dbe?s=96&d=mm&r=g\",\"contentUrl\":\"https:\/\/secure.gravatar.com\/avatar\/bc3c655860202182ee6d1b5edd042dbe?s=96&d=mm&r=g\",\"caption\":\"David Andr\u00e9s Aguirre\"},\"url\":\"https:\/\/ciudadyregion.com.co\/index.php\/author\/diegoaguirre\/\"}]}<\/script>\n<!-- \/ Yoast SEO plugin. -->","yoast_head_json":{"title":"Pas\u00f3 en Rovira: Capturan a un sujeto que era requerido por acceso carnal abusivo con menor de 14 a\u00f1os - Ciudad y Region","robots":{"index":"index","follow":"follow","max-snippet":"max-snippet:-1","max-image-preview":"max-image-preview:large","max-video-preview":"max-video-preview:-1"},"canonical":"https:\/\/ciudadyregion.com.co\/index.php\/paso-en-rovira-captura-a-un-sujeto-que-era-requerido-por-acceso-carnal-abusivo-con-menor-de-14-anos\/judicial\/","og_locale":"es_ES","og_type":"article","og_title":"Pas\u00f3 en Rovira: Capturan a un sujeto que era requerido por acceso carnal abusivo con menor de 14 a\u00f1os - Ciudad y Region","og_description":"La captura se logr\u00f3 en el barrio centro sector parque principal de Rovira. A esta hora contin\u00faan los operativos contra el delito en todo el departamento. Continuando con la implementaci\u00f3n de la estrategia \u00abMarat\u00f3n por la Seguridad\u00bb, en las ultimas horas personal de la unidad b\u00e1sica de investigaci\u00f3n criminal SijinContinuar Leyendo","og_url":"https:\/\/ciudadyregion.com.co\/index.php\/paso-en-rovira-captura-a-un-sujeto-que-era-requerido-por-acceso-carnal-abusivo-con-menor-de-14-anos\/judicial\/","og_site_name":"Ciudad y Region","article_published_time":"2024-05-21T13:03:55+00:00","article_modified_time":"2024-05-21T13:13:46+00:00","og_image":[{"width":800,"height":445,"url":"https:\/\/ciudadyregion.com.co\/wp-content\/uploads\/2024\/05\/8-9.jpg","type":"image\/jpeg"}],"author":"David Andr\u00e9s Aguirre","twitter_card":"summary_large_image","twitter_misc":{"Escrito por":"David Andr\u00e9s Aguirre","Tiempo de lectura":"1 minuto"},"schema":{"@context":"https:\/\/schema.org","@graph":[{"@type":"WebPage","@id":"https:\/\/ciudadyregion.com.co\/index.php\/paso-en-rovira-captura-a-un-sujeto-que-era-requerido-por-acceso-carnal-abusivo-con-menor-de-14-anos\/judicial\/","url":"https:\/\/ciudadyregion.com.co\/index.php\/paso-en-rovira-captura-a-un-sujeto-que-era-requerido-por-acceso-carnal-abusivo-con-menor-de-14-anos\/judicial\/","name":"Pas\u00f3 en Rovira: Capturan a un sujeto que era requerido por acceso carnal abusivo con menor de 14 a\u00f1os - Ciudad y Region","isPartOf":{"@id":"https:\/\/ciudadyregion.com.co\/#website"},"primaryImageOfPage":{"@id":"https:\/\/ciudadyregion.com.co\/index.php\/paso-en-rovira-captura-a-un-sujeto-que-era-requerido-por-acceso-carnal-abusivo-con-menor-de-14-anos\/judicial\/#primaryimage"},"image":{"@id":"https:\/\/ciudadyregion.com.co\/index.php\/paso-en-rovira-captura-a-un-sujeto-que-era-requerido-por-acceso-carnal-abusivo-con-menor-de-14-anos\/judicial\/#primaryimage"},"thumbnailUrl":"https:\/\/i0.wp.com\/ciudadyregion.com.co\/wp-content\/uploads\/2024\/05\/8-9.jpg?fit=800%2C445&ssl=1","datePublished":"2024-05-21T13:03:55+00:00","dateModified":"2024-05-21T13:13:46+00:00","author":{"@id":"https:\/\/ciudadyregion.com.co\/#\/schema\/person\/04a4954373ebc4051f46e8c65ff78622"},"breadcrumb":{"@id":"https:\/\/ciudadyregion.com.co\/index.php\/paso-en-rovira-captura-a-un-sujeto-que-era-requerido-por-acceso-carnal-abusivo-con-menor-de-14-anos\/judicial\/#breadcrumb"},"inLanguage":"es","potentialAction":[{"@type":"ReadAction","target":["https:\/\/ciudadyregion.com.co\/index.php\/paso-en-rovira-captura-a-un-sujeto-que-era-requerido-por-acceso-carnal-abusivo-con-menor-de-14-anos\/judicial\/"]}]},{"@type":"ImageObject","inLanguage":"es","@id":"https:\/\/ciudadyregion.com.co\/index.php\/paso-en-rovira-captura-a-un-sujeto-que-era-requerido-por-acceso-carnal-abusivo-con-menor-de-14-anos\/judicial\/#primaryimage","url":"https:\/\/i0.wp.com\/ciudadyregion.com.co\/wp-content\/uploads\/2024\/05\/8-9.jpg?fit=800%2C445&ssl=1","contentUrl":"https:\/\/i0.wp.com\/ciudadyregion.com.co\/wp-content\/uploads\/2024\/05\/8-9.jpg?fit=800%2C445&ssl=1","width":800,"height":445},{"@type":"BreadcrumbList","@id":"https:\/\/ciudadyregion.com.co\/index.php\/paso-en-rovira-captura-a-un-sujeto-que-era-requerido-por-acceso-carnal-abusivo-con-menor-de-14-anos\/judicial\/#breadcrumb","itemListElement":[{"@type":"ListItem","position":1,"name":"Portada","item":"https:\/\/ciudadyregion.com.co\/"},{"@type":"ListItem","position":2,"name":"Pas\u00f3 en Rovira: Capturan a un sujeto que era requerido por acceso carnal abusivo con menor de 14 a\u00f1os"}]},{"@type":"WebSite","@id":"https:\/\/ciudadyregion.com.co\/#website","url":"https:\/\/ciudadyregion.com.co\/","name":"Ciudad y Region","description":"","potentialAction":[{"@type":"SearchAction","target":{"@type":"EntryPoint","urlTemplate":"https:\/\/ciudadyregion.com.co\/?s={search_term_string}"},"query-input":{"@type":"PropertyValueSpecification","valueRequired":true,"valueName":"search_term_string"}}],"inLanguage":"es"},{"@type":"Person","@id":"https:\/\/ciudadyregion.com.co\/#\/schema\/person\/04a4954373ebc4051f46e8c65ff78622","name":"David Andr\u00e9s Aguirre","image":{"@type":"ImageObject","inLanguage":"es","@id":"https:\/\/ciudadyregion.com.co\/#\/schema\/person\/image\/","url":"https:\/\/secure.gravatar.com\/avatar\/bc3c655860202182ee6d1b5edd042dbe?s=96&d=mm&r=g","contentUrl":"https:\/\/secure.gravatar.com\/avatar\/bc3c655860202182ee6d1b5edd042dbe?s=96&d=mm&r=g","caption":"David Andr\u00e9s Aguirre"},"url":"https:\/\/ciudadyregion.com.co\/index.php\/author\/diegoaguirre\/"}]}},"jetpack_featured_media_url":"https:\/\/i0.wp.com\/ciudadyregion.com.co\/wp-content\/uploads\/2024\/05\/8-9.jpg?fit=800%2C445&ssl=1","jetpack_sharing_enabled":true,"jetpack_shortlink":"https:\/\/wp.me\/pbS7hh-3KW","jetpack-related-posts":[],"_links":{"self":[{"href":"https:\/\/ciudadyregion.com.co\/index.php\/wp-json\/wp\/v2\/posts\/14442"}],"collection":[{"href":"https:\/\/ciudadyregion.com.co\/index.php\/wp-json\/wp\/v2\/posts"}],"about":[{"href":"https:\/\/ciudadyregion.com.co\/index.php\/wp-json\/wp\/v2\/types\/post"}],"author":[{"embeddable":true,"href":"https:\/\/ciudadyregion.com.co\/index.php\/wp-json\/wp\/v2\/users\/2"}],"replies":[{"embeddable":true,"href":"https:\/\/ciudadyregion.com.co\/index.php\/wp-json\/wp\/v2\/comments?post=14442"}],"version-history":[{"count":2,"href":"https:\/\/ciudadyregion.com.co\/index.php\/wp-json\/wp\/v2\/posts\/14442\/revisions"}],"predecessor-version":[{"id":14450,"href":"https:\/\/ciudadyregion.com.co\/index.php\/wp-json\/wp\/v2\/posts\/14442\/revisions\/14450"}],"wp:featuredmedia":[{"embeddable":true,"href":"https:\/\/ciudadyregion.com.co\/index.php\/wp-json\/wp\/v2\/media\/14443"}],"wp:attachment":[{"href":"https:\/\/ciudadyregion.com.co\/index.php\/wp-json\/wp\/v2\/media?parent=14442"}],"wp:term":[{"taxonomy":"category","embeddable":true,"href":"https:\/\/ciudadyregion.com.co\/index.php\/wp-json\/wp\/v2\/categories?post=14442"},{"taxonomy":"post_tag","embeddable":true,"href":"https:\/\/ciudadyregion.com.co\/index.php\/wp-json\/wp\/v2\/tags?post=14442"}],"curies":[{"name":"wp","href":"https:\/\/api.w.org\/{rel}","templated":true}]}}