{"id":14439,"date":"2024-05-21T07:58:02","date_gmt":"2024-05-21T12:58:02","guid":{"rendered":"https:\/\/ciudadyregion.com.co\/?p=14439"},"modified":"2024-05-21T07:58:02","modified_gmt":"2024-05-21T12:58:02","slug":"23-anos-de-carcel-para-este-sujeto-que-asesino-a-otro-hombre-en-ibague-por-el-control-de-ventas-de-drogas-en-una-zona","status":"publish","type":"post","link":"https:\/\/ciudadyregion.com.co\/index.php\/23-anos-de-carcel-para-este-sujeto-que-asesino-a-otro-hombre-en-ibague-por-el-control-de-ventas-de-drogas-en-una-zona\/judicial\/","title":{"rendered":"23 A\u00f1os de c\u00e1rcel para este sujeto que asesin\u00f3 a otro hombre en Ibagu\u00e9 por el control de ventas de drogas en una zona"},"content":{"rendered":"<p>Las pruebas presentadas por la Fiscal\u00eda General de la Naci\u00f3n fueron suficientes para que un juez condenara a Brayan Camilo Mart\u00ednez Capador, alias Papuchis, a 23 a\u00f1os, 11 meses y 20 d\u00edas de prisi\u00f3n, tras ser hallado responsable del homicidio de un joven el 20 de septiembre de 2018, en la invasi\u00f3n Ecopara\u00edso de Ibagu\u00e9 (Tolima).<\/p>\n<p>En la imagen se ve una persona detenida bajo custodia de un investigador del CTI.<\/p>\n<p>El hombre se encuentra detenido por cuenta de otras investigaciones en la c\u00e1rcel Coiba Picale\u00f1a de la ciudad.<\/p>\n<p>La Fiscal\u00eda demostr\u00f3 su culpabilidad en los delitos de homicidio agravado y fabricaci\u00f3n, tr\u00e1fico, porte de armas de fuego o municiones.<\/p>\n<p>Se logr\u00f3 probar que el homicidio se present\u00f3 por el control del tr\u00e1fico de estupefacientes en la zona, ya que el procesado pertenec\u00eda una organizaci\u00f3n delincuencial conocida como Los Papuchis que ten\u00eda su centro de distribuci\u00f3n en el sector de Ecopara\u00edso y La Gaviota de la ciudad.<\/p>\n","protected":false},"excerpt":{"rendered":"<p>Las pruebas presentadas por la Fiscal\u00eda General de la Naci\u00f3n fueron suficientes para que un juez condenara a Brayan Camilo Mart\u00ednez Capador, alias Papuchis, a 23 a\u00f1os, 11 meses y 20 d\u00edas de prisi\u00f3n, tras ser hallado responsable del homicidio de un joven el 20 de septiembre de 2018, en<span class=\"more-link\"><a href=\"https:\/\/ciudadyregion.com.co\/index.php\/23-anos-de-carcel-para-este-sujeto-que-asesino-a-otro-hombre-en-ibague-por-el-control-de-ventas-de-drogas-en-una-zona\/judicial\/\">Continuar Leyendo<\/a><\/span><\/p>\n","protected":false},"author":2,"featured_media":14440,"comment_status":"open","ping_status":"open","sticky":false,"template":"","format":"standard","meta":{"_uf_show_specific_survey":0,"_uf_disable_surveys":false,"_jetpack_memberships_contains_paid_content":false,"footnotes":"","jetpack_publicize_message":"","jetpack_publicize_feature_enabled":true,"jetpack_social_post_already_shared":true,"jetpack_social_options":{"image_generator_settings":{"template":"highway","enabled":false},"version":2}},"categories":[18],"tags":[],"class_list":["entry","author-diegoaguirre","post-14439","post","type-post","status-publish","format-standard","has-post-thumbnail","category-judicial"],"jetpack_publicize_connections":[],"yoast_head":"<!-- This site is optimized with the Yoast SEO plugin v24.3 - https:\/\/yoast.com\/wordpress\/plugins\/seo\/ -->\n<title>23 A\u00f1os de c\u00e1rcel para este sujeto que asesin\u00f3 a otro hombre en Ibagu\u00e9 por el control de ventas de drogas en una zona - Ciudad y Region<\/title>\n<meta name=\"robots\" content=\"index, follow, max-snippet:-1, max-image-preview:large, max-video-preview:-1\" \/>\n<link rel=\"canonical\" href=\"https:\/\/ciudadyregion.com.co\/index.php\/23-anos-de-carcel-para-este-sujeto-que-asesino-a-otro-hombre-en-ibague-por-el-control-de-ventas-de-drogas-en-una-zona\/judicial\/\" \/>\n<meta property=\"og:locale\" content=\"es_ES\" \/>\n<meta property=\"og:type\" content=\"article\" \/>\n<meta property=\"og:title\" content=\"23 A\u00f1os de c\u00e1rcel para este sujeto que asesin\u00f3 a otro hombre en Ibagu\u00e9 por el control de ventas de drogas en una zona - Ciudad y Region\" \/>\n<meta property=\"og:description\" content=\"Las pruebas presentadas por la Fiscal\u00eda General de la Naci\u00f3n fueron suficientes para que un juez condenara a Brayan Camilo Mart\u00ednez Capador, alias Papuchis, a 23 a\u00f1os, 11 meses y 20 d\u00edas de prisi\u00f3n, tras ser hallado responsable del homicidio de un joven el 20 de septiembre de 2018, enContinuar Leyendo\" \/>\n<meta property=\"og:url\" content=\"https:\/\/ciudadyregion.com.co\/index.php\/23-anos-de-carcel-para-este-sujeto-que-asesino-a-otro-hombre-en-ibague-por-el-control-de-ventas-de-drogas-en-una-zona\/judicial\/\" \/>\n<meta property=\"og:site_name\" content=\"Ciudad y Region\" \/>\n<meta property=\"article:published_time\" content=\"2024-05-21T12:58:02+00:00\" \/>\n<meta property=\"og:image\" content=\"https:\/\/ciudadyregion.com.co\/wp-content\/uploads\/2024\/05\/7-10.jpg\" \/>\n\t<meta property=\"og:image:width\" content=\"800\" \/>\n\t<meta property=\"og:image:height\" content=\"445\" \/>\n\t<meta property=\"og:image:type\" content=\"image\/jpeg\" \/>\n<meta name=\"author\" content=\"David Andr\u00e9s Aguirre\" \/>\n<meta name=\"twitter:card\" content=\"summary_large_image\" \/>\n<meta name=\"twitter:label1\" content=\"Escrito por\" \/>\n\t<meta name=\"twitter:data1\" content=\"David Andr\u00e9s Aguirre\" \/>\n\t<meta name=\"twitter:label2\" content=\"Tiempo de lectura\" \/>\n\t<meta name=\"twitter:data2\" content=\"1 minuto\" \/>\n<script type=\"application\/ld+json\" class=\"yoast-schema-graph\">{\"@context\":\"https:\/\/schema.org\",\"@graph\":[{\"@type\":\"WebPage\",\"@id\":\"https:\/\/ciudadyregion.com.co\/index.php\/23-anos-de-carcel-para-este-sujeto-que-asesino-a-otro-hombre-en-ibague-por-el-control-de-ventas-de-drogas-en-una-zona\/judicial\/\",\"url\":\"https:\/\/ciudadyregion.com.co\/index.php\/23-anos-de-carcel-para-este-sujeto-que-asesino-a-otro-hombre-en-ibague-por-el-control-de-ventas-de-drogas-en-una-zona\/judicial\/\",\"name\":\"23 A\u00f1os de c\u00e1rcel para este sujeto que asesin\u00f3 a otro hombre en Ibagu\u00e9 por el control de ventas de drogas en una zona - Ciudad y Region\",\"isPartOf\":{\"@id\":\"https:\/\/ciudadyregion.com.co\/#website\"},\"primaryImageOfPage\":{\"@id\":\"https:\/\/ciudadyregion.com.co\/index.php\/23-anos-de-carcel-para-este-sujeto-que-asesino-a-otro-hombre-en-ibague-por-el-control-de-ventas-de-drogas-en-una-zona\/judicial\/#primaryimage\"},\"image\":{\"@id\":\"https:\/\/ciudadyregion.com.co\/index.php\/23-anos-de-carcel-para-este-sujeto-que-asesino-a-otro-hombre-en-ibague-por-el-control-de-ventas-de-drogas-en-una-zona\/judicial\/#primaryimage\"},\"thumbnailUrl\":\"https:\/\/i0.wp.com\/ciudadyregion.com.co\/wp-content\/uploads\/2024\/05\/7-10.jpg?fit=800%2C445&ssl=1\",\"datePublished\":\"2024-05-21T12:58:02+00:00\",\"dateModified\":\"2024-05-21T12:58:02+00:00\",\"author\":{\"@id\":\"https:\/\/ciudadyregion.com.co\/#\/schema\/person\/04a4954373ebc4051f46e8c65ff78622\"},\"breadcrumb\":{\"@id\":\"https:\/\/ciudadyregion.com.co\/index.php\/23-anos-de-carcel-para-este-sujeto-que-asesino-a-otro-hombre-en-ibague-por-el-control-de-ventas-de-drogas-en-una-zona\/judicial\/#breadcrumb\"},\"inLanguage\":\"es\",\"potentialAction\":[{\"@type\":\"ReadAction\",\"target\":[\"https:\/\/ciudadyregion.com.co\/index.php\/23-anos-de-carcel-para-este-sujeto-que-asesino-a-otro-hombre-en-ibague-por-el-control-de-ventas-de-drogas-en-una-zona\/judicial\/\"]}]},{\"@type\":\"ImageObject\",\"inLanguage\":\"es\",\"@id\":\"https:\/\/ciudadyregion.com.co\/index.php\/23-anos-de-carcel-para-este-sujeto-que-asesino-a-otro-hombre-en-ibague-por-el-control-de-ventas-de-drogas-en-una-zona\/judicial\/#primaryimage\",\"url\":\"https:\/\/i0.wp.com\/ciudadyregion.com.co\/wp-content\/uploads\/2024\/05\/7-10.jpg?fit=800%2C445&ssl=1\",\"contentUrl\":\"https:\/\/i0.wp.com\/ciudadyregion.com.co\/wp-content\/uploads\/2024\/05\/7-10.jpg?fit=800%2C445&ssl=1\",\"width\":800,\"height\":445},{\"@type\":\"BreadcrumbList\",\"@id\":\"https:\/\/ciudadyregion.com.co\/index.php\/23-anos-de-carcel-para-este-sujeto-que-asesino-a-otro-hombre-en-ibague-por-el-control-de-ventas-de-drogas-en-una-zona\/judicial\/#breadcrumb\",\"itemListElement\":[{\"@type\":\"ListItem\",\"position\":1,\"name\":\"Portada\",\"item\":\"https:\/\/ciudadyregion.com.co\/\"},{\"@type\":\"ListItem\",\"position\":2,\"name\":\"23 A\u00f1os de c\u00e1rcel para este sujeto que asesin\u00f3 a otro hombre en Ibagu\u00e9 por el control de ventas de drogas en una zona\"}]},{\"@type\":\"WebSite\",\"@id\":\"https:\/\/ciudadyregion.com.co\/#website\",\"url\":\"https:\/\/ciudadyregion.com.co\/\",\"name\":\"Ciudad y Region\",\"description\":\"\",\"potentialAction\":[{\"@type\":\"SearchAction\",\"target\":{\"@type\":\"EntryPoint\",\"urlTemplate\":\"https:\/\/ciudadyregion.com.co\/?s={search_term_string}\"},\"query-input\":{\"@type\":\"PropertyValueSpecification\",\"valueRequired\":true,\"valueName\":\"search_term_string\"}}],\"inLanguage\":\"es\"},{\"@type\":\"Person\",\"@id\":\"https:\/\/ciudadyregion.com.co\/#\/schema\/person\/04a4954373ebc4051f46e8c65ff78622\",\"name\":\"David Andr\u00e9s Aguirre\",\"image\":{\"@type\":\"ImageObject\",\"inLanguage\":\"es\",\"@id\":\"https:\/\/ciudadyregion.com.co\/#\/schema\/person\/image\/\",\"url\":\"https:\/\/secure.gravatar.com\/avatar\/bc3c655860202182ee6d1b5edd042dbe?s=96&d=mm&r=g\",\"contentUrl\":\"https:\/\/secure.gravatar.com\/avatar\/bc3c655860202182ee6d1b5edd042dbe?s=96&d=mm&r=g\",\"caption\":\"David Andr\u00e9s Aguirre\"},\"url\":\"https:\/\/ciudadyregion.com.co\/index.php\/author\/diegoaguirre\/\"}]}<\/script>\n<!-- \/ Yoast SEO plugin. -->","yoast_head_json":{"title":"23 A\u00f1os de c\u00e1rcel para este sujeto que asesin\u00f3 a otro hombre en Ibagu\u00e9 por el control de ventas de drogas en una zona - Ciudad y Region","robots":{"index":"index","follow":"follow","max-snippet":"max-snippet:-1","max-image-preview":"max-image-preview:large","max-video-preview":"max-video-preview:-1"},"canonical":"https:\/\/ciudadyregion.com.co\/index.php\/23-anos-de-carcel-para-este-sujeto-que-asesino-a-otro-hombre-en-ibague-por-el-control-de-ventas-de-drogas-en-una-zona\/judicial\/","og_locale":"es_ES","og_type":"article","og_title":"23 A\u00f1os de c\u00e1rcel para este sujeto que asesin\u00f3 a otro hombre en Ibagu\u00e9 por el control de ventas de drogas en una zona - Ciudad y Region","og_description":"Las pruebas presentadas por la Fiscal\u00eda General de la Naci\u00f3n fueron suficientes para que un juez condenara a Brayan Camilo Mart\u00ednez Capador, alias Papuchis, a 23 a\u00f1os, 11 meses y 20 d\u00edas de prisi\u00f3n, tras ser hallado responsable del homicidio de un joven el 20 de septiembre de 2018, enContinuar Leyendo","og_url":"https:\/\/ciudadyregion.com.co\/index.php\/23-anos-de-carcel-para-este-sujeto-que-asesino-a-otro-hombre-en-ibague-por-el-control-de-ventas-de-drogas-en-una-zona\/judicial\/","og_site_name":"Ciudad y Region","article_published_time":"2024-05-21T12:58:02+00:00","og_image":[{"width":800,"height":445,"url":"https:\/\/ciudadyregion.com.co\/wp-content\/uploads\/2024\/05\/7-10.jpg","type":"image\/jpeg"}],"author":"David Andr\u00e9s Aguirre","twitter_card":"summary_large_image","twitter_misc":{"Escrito por":"David Andr\u00e9s Aguirre","Tiempo de lectura":"1 minuto"},"schema":{"@context":"https:\/\/schema.org","@graph":[{"@type":"WebPage","@id":"https:\/\/ciudadyregion.com.co\/index.php\/23-anos-de-carcel-para-este-sujeto-que-asesino-a-otro-hombre-en-ibague-por-el-control-de-ventas-de-drogas-en-una-zona\/judicial\/","url":"https:\/\/ciudadyregion.com.co\/index.php\/23-anos-de-carcel-para-este-sujeto-que-asesino-a-otro-hombre-en-ibague-por-el-control-de-ventas-de-drogas-en-una-zona\/judicial\/","name":"23 A\u00f1os de c\u00e1rcel para este sujeto que asesin\u00f3 a otro hombre en Ibagu\u00e9 por el control de ventas de drogas en una zona - Ciudad y Region","isPartOf":{"@id":"https:\/\/ciudadyregion.com.co\/#website"},"primaryImageOfPage":{"@id":"https:\/\/ciudadyregion.com.co\/index.php\/23-anos-de-carcel-para-este-sujeto-que-asesino-a-otro-hombre-en-ibague-por-el-control-de-ventas-de-drogas-en-una-zona\/judicial\/#primaryimage"},"image":{"@id":"https:\/\/ciudadyregion.com.co\/index.php\/23-anos-de-carcel-para-este-sujeto-que-asesino-a-otro-hombre-en-ibague-por-el-control-de-ventas-de-drogas-en-una-zona\/judicial\/#primaryimage"},"thumbnailUrl":"https:\/\/i0.wp.com\/ciudadyregion.com.co\/wp-content\/uploads\/2024\/05\/7-10.jpg?fit=800%2C445&ssl=1","datePublished":"2024-05-21T12:58:02+00:00","dateModified":"2024-05-21T12:58:02+00:00","author":{"@id":"https:\/\/ciudadyregion.com.co\/#\/schema\/person\/04a4954373ebc4051f46e8c65ff78622"},"breadcrumb":{"@id":"https:\/\/ciudadyregion.com.co\/index.php\/23-anos-de-carcel-para-este-sujeto-que-asesino-a-otro-hombre-en-ibague-por-el-control-de-ventas-de-drogas-en-una-zona\/judicial\/#breadcrumb"},"inLanguage":"es","potentialAction":[{"@type":"ReadAction","target":["https:\/\/ciudadyregion.com.co\/index.php\/23-anos-de-carcel-para-este-sujeto-que-asesino-a-otro-hombre-en-ibague-por-el-control-de-ventas-de-drogas-en-una-zona\/judicial\/"]}]},{"@type":"ImageObject","inLanguage":"es","@id":"https:\/\/ciudadyregion.com.co\/index.php\/23-anos-de-carcel-para-este-sujeto-que-asesino-a-otro-hombre-en-ibague-por-el-control-de-ventas-de-drogas-en-una-zona\/judicial\/#primaryimage","url":"https:\/\/i0.wp.com\/ciudadyregion.com.co\/wp-content\/uploads\/2024\/05\/7-10.jpg?fit=800%2C445&ssl=1","contentUrl":"https:\/\/i0.wp.com\/ciudadyregion.com.co\/wp-content\/uploads\/2024\/05\/7-10.jpg?fit=800%2C445&ssl=1","width":800,"height":445},{"@type":"BreadcrumbList","@id":"https:\/\/ciudadyregion.com.co\/index.php\/23-anos-de-carcel-para-este-sujeto-que-asesino-a-otro-hombre-en-ibague-por-el-control-de-ventas-de-drogas-en-una-zona\/judicial\/#breadcrumb","itemListElement":[{"@type":"ListItem","position":1,"name":"Portada","item":"https:\/\/ciudadyregion.com.co\/"},{"@type":"ListItem","position":2,"name":"23 A\u00f1os de c\u00e1rcel para este sujeto que asesin\u00f3 a otro hombre en Ibagu\u00e9 por el control de ventas de drogas en una zona"}]},{"@type":"WebSite","@id":"https:\/\/ciudadyregion.com.co\/#website","url":"https:\/\/ciudadyregion.com.co\/","name":"Ciudad y Region","description":"","potentialAction":[{"@type":"SearchAction","target":{"@type":"EntryPoint","urlTemplate":"https:\/\/ciudadyregion.com.co\/?s={search_term_string}"},"query-input":{"@type":"PropertyValueSpecification","valueRequired":true,"valueName":"search_term_string"}}],"inLanguage":"es"},{"@type":"Person","@id":"https:\/\/ciudadyregion.com.co\/#\/schema\/person\/04a4954373ebc4051f46e8c65ff78622","name":"David Andr\u00e9s Aguirre","image":{"@type":"ImageObject","inLanguage":"es","@id":"https:\/\/ciudadyregion.com.co\/#\/schema\/person\/image\/","url":"https:\/\/secure.gravatar.com\/avatar\/bc3c655860202182ee6d1b5edd042dbe?s=96&d=mm&r=g","contentUrl":"https:\/\/secure.gravatar.com\/avatar\/bc3c655860202182ee6d1b5edd042dbe?s=96&d=mm&r=g","caption":"David Andr\u00e9s Aguirre"},"url":"https:\/\/ciudadyregion.com.co\/index.php\/author\/diegoaguirre\/"}]}},"jetpack_featured_media_url":"https:\/\/i0.wp.com\/ciudadyregion.com.co\/wp-content\/uploads\/2024\/05\/7-10.jpg?fit=800%2C445&ssl=1","jetpack_sharing_enabled":true,"jetpack_shortlink":"https:\/\/wp.me\/pbS7hh-3KT","jetpack-related-posts":[],"_links":{"self":[{"href":"https:\/\/ciudadyregion.com.co\/index.php\/wp-json\/wp\/v2\/posts\/14439"}],"collection":[{"href":"https:\/\/ciudadyregion.com.co\/index.php\/wp-json\/wp\/v2\/posts"}],"about":[{"href":"https:\/\/ciudadyregion.com.co\/index.php\/wp-json\/wp\/v2\/types\/post"}],"author":[{"embeddable":true,"href":"https:\/\/ciudadyregion.com.co\/index.php\/wp-json\/wp\/v2\/users\/2"}],"replies":[{"embeddable":true,"href":"https:\/\/ciudadyregion.com.co\/index.php\/wp-json\/wp\/v2\/comments?post=14439"}],"version-history":[{"count":1,"href":"https:\/\/ciudadyregion.com.co\/index.php\/wp-json\/wp\/v2\/posts\/14439\/revisions"}],"predecessor-version":[{"id":14441,"href":"https:\/\/ciudadyregion.com.co\/index.php\/wp-json\/wp\/v2\/posts\/14439\/revisions\/14441"}],"wp:featuredmedia":[{"embeddable":true,"href":"https:\/\/ciudadyregion.com.co\/index.php\/wp-json\/wp\/v2\/media\/14440"}],"wp:attachment":[{"href":"https:\/\/ciudadyregion.com.co\/index.php\/wp-json\/wp\/v2\/media?parent=14439"}],"wp:term":[{"taxonomy":"category","embeddable":true,"href":"https:\/\/ciudadyregion.com.co\/index.php\/wp-json\/wp\/v2\/categories?post=14439"},{"taxonomy":"post_tag","embeddable":true,"href":"https:\/\/ciudadyregion.com.co\/index.php\/wp-json\/wp\/v2\/tags?post=14439"}],"curies":[{"name":"wp","href":"https:\/\/api.w.org\/{rel}","templated":true}]}}