{"id":14433,"date":"2024-05-21T07:44:04","date_gmt":"2024-05-21T12:44:04","guid":{"rendered":"https:\/\/ciudadyregion.com.co\/?p=14433"},"modified":"2024-05-21T07:44:04","modified_gmt":"2024-05-21T12:44:04","slug":"40-de-los-45-municipios-del-tolima-que-firmaron-el-convenio-del-transporte-escolar-con-la-gobernacion-ya-tienen-el-servicio-en-funcionamiento","status":"publish","type":"post","link":"https:\/\/ciudadyregion.com.co\/index.php\/40-de-los-45-municipios-del-tolima-que-firmaron-el-convenio-del-transporte-escolar-con-la-gobernacion-ya-tienen-el-servicio-en-funcionamiento\/regional\/","title":{"rendered":"40 de los 45 municipios del Tolima que firmaron el convenio del transporte escolar con la Gobernaci\u00f3n ya tienen el servicio en funcionamiento"},"content":{"rendered":"<ul>\n<li><em><strong>Uno de los compromisos de la gobernadora Adriana Magali Matiz con los estudiantes del departamento desde el inicio de su Gobierno fue brindar los recursos necesarios para garantizar el transporte escolar desde el primer semestre del a\u00f1o y lo ha cumplido.<\/strong><\/em><\/li>\n<\/ul>\n<p>M\u00e1s de $13. 600 millones fueron destinados para que se facilitara el traslado de los ni\u00f1os, ni\u00f1as, j\u00f3venes y adolescentes de los distintos municipios hasta sus instituciones educativas con la intenci\u00f3n de disminuir la deserci\u00f3n escolar y garantizar su derecho fundamental a la educaci\u00f3n.<\/p>\n<p>Es as\u00ed como 40 de los 45 municipios que firmaron el convenio con la Gobernaci\u00f3n del Tolima ya tienen el servicio en funcionamiento; mientras que Melgar y Guamo arrancar\u00e1n el pr\u00f3ximo 23 de mayo, Honda, Flandes y El Espinal ya est\u00e1n en sus procesos contractuales.<\/p>\n<blockquote><p>\u201cDesde la Direcci\u00f3n de Cobertura en cabeza de nuestra secretaria, Patricia Pinz\u00f3n, hemos venido trabajando junto al equipo de supervisi\u00f3n, revisando de manera constante y continua que este servicio se preste con normalidad y as\u00ed le garanticemos el derecho a la educaci\u00f3n a los estudiantes del Departamento del Tolima\u201d, coment\u00f3 el director de Gesti\u00f3n de Cobertura Educativa de la secretar\u00eda de Educaci\u00f3n del Tolima, Felipe Urue\u00f1a.<\/p><\/blockquote>\n","protected":false},"excerpt":{"rendered":"<p>Uno de los compromisos de la gobernadora Adriana Magali Matiz con los estudiantes del departamento desde el inicio de su Gobierno fue brindar los recursos necesarios para garantizar el transporte escolar desde el primer semestre del a\u00f1o y lo ha cumplido. M\u00e1s de $13. 600 millones fueron destinados para que<span class=\"more-link\"><a href=\"https:\/\/ciudadyregion.com.co\/index.php\/40-de-los-45-municipios-del-tolima-que-firmaron-el-convenio-del-transporte-escolar-con-la-gobernacion-ya-tienen-el-servicio-en-funcionamiento\/regional\/\">Continuar Leyendo<\/a><\/span><\/p>\n","protected":false},"author":2,"featured_media":14434,"comment_status":"open","ping_status":"open","sticky":false,"template":"","format":"standard","meta":{"_uf_show_specific_survey":0,"_uf_disable_surveys":false,"_jetpack_memberships_contains_paid_content":false,"footnotes":"","jetpack_publicize_message":"","jetpack_publicize_feature_enabled":true,"jetpack_social_post_already_shared":true,"jetpack_social_options":{"image_generator_settings":{"template":"highway","enabled":false},"version":2}},"categories":[13],"tags":[],"class_list":["entry","author-diegoaguirre","post-14433","post","type-post","status-publish","format-standard","has-post-thumbnail","category-regional"],"jetpack_publicize_connections":[],"yoast_head":"<!-- This site is optimized with the Yoast SEO plugin v24.3 - https:\/\/yoast.com\/wordpress\/plugins\/seo\/ -->\n<title>40 de los 45 municipios del Tolima que firmaron el convenio del transporte escolar con la Gobernaci\u00f3n ya tienen el servicio en funcionamiento - Ciudad y Region<\/title>\n<meta name=\"robots\" content=\"index, follow, max-snippet:-1, max-image-preview:large, max-video-preview:-1\" \/>\n<link rel=\"canonical\" href=\"https:\/\/ciudadyregion.com.co\/index.php\/40-de-los-45-municipios-del-tolima-que-firmaron-el-convenio-del-transporte-escolar-con-la-gobernacion-ya-tienen-el-servicio-en-funcionamiento\/regional\/\" \/>\n<meta property=\"og:locale\" content=\"es_ES\" \/>\n<meta property=\"og:type\" content=\"article\" \/>\n<meta property=\"og:title\" content=\"40 de los 45 municipios del Tolima que firmaron el convenio del transporte escolar con la Gobernaci\u00f3n ya tienen el servicio en funcionamiento - Ciudad y Region\" \/>\n<meta property=\"og:description\" content=\"Uno de los compromisos de la gobernadora Adriana Magali Matiz con los estudiantes del departamento desde el inicio de su Gobierno fue brindar los recursos necesarios para garantizar el transporte escolar desde el primer semestre del a\u00f1o y lo ha cumplido. M\u00e1s de $13. 600 millones fueron destinados para queContinuar Leyendo\" \/>\n<meta property=\"og:url\" content=\"https:\/\/ciudadyregion.com.co\/index.php\/40-de-los-45-municipios-del-tolima-que-firmaron-el-convenio-del-transporte-escolar-con-la-gobernacion-ya-tienen-el-servicio-en-funcionamiento\/regional\/\" \/>\n<meta property=\"og:site_name\" content=\"Ciudad y Region\" \/>\n<meta property=\"article:published_time\" content=\"2024-05-21T12:44:04+00:00\" \/>\n<meta property=\"og:image\" content=\"https:\/\/ciudadyregion.com.co\/wp-content\/uploads\/2024\/05\/4-transporte-escolar.jpg\" \/>\n\t<meta property=\"og:image:width\" content=\"800\" \/>\n\t<meta property=\"og:image:height\" content=\"445\" \/>\n\t<meta property=\"og:image:type\" content=\"image\/jpeg\" \/>\n<meta name=\"author\" content=\"David Andr\u00e9s Aguirre\" \/>\n<meta name=\"twitter:card\" content=\"summary_large_image\" \/>\n<meta name=\"twitter:label1\" content=\"Escrito por\" \/>\n\t<meta name=\"twitter:data1\" content=\"David Andr\u00e9s Aguirre\" \/>\n\t<meta name=\"twitter:label2\" content=\"Tiempo de lectura\" \/>\n\t<meta name=\"twitter:data2\" content=\"1 minuto\" \/>\n<script type=\"application\/ld+json\" class=\"yoast-schema-graph\">{\"@context\":\"https:\/\/schema.org\",\"@graph\":[{\"@type\":\"WebPage\",\"@id\":\"https:\/\/ciudadyregion.com.co\/index.php\/40-de-los-45-municipios-del-tolima-que-firmaron-el-convenio-del-transporte-escolar-con-la-gobernacion-ya-tienen-el-servicio-en-funcionamiento\/regional\/\",\"url\":\"https:\/\/ciudadyregion.com.co\/index.php\/40-de-los-45-municipios-del-tolima-que-firmaron-el-convenio-del-transporte-escolar-con-la-gobernacion-ya-tienen-el-servicio-en-funcionamiento\/regional\/\",\"name\":\"40 de los 45 municipios del Tolima que firmaron el convenio del transporte escolar con la Gobernaci\u00f3n ya tienen el servicio en funcionamiento - Ciudad y Region\",\"isPartOf\":{\"@id\":\"https:\/\/ciudadyregion.com.co\/#website\"},\"primaryImageOfPage\":{\"@id\":\"https:\/\/ciudadyregion.com.co\/index.php\/40-de-los-45-municipios-del-tolima-que-firmaron-el-convenio-del-transporte-escolar-con-la-gobernacion-ya-tienen-el-servicio-en-funcionamiento\/regional\/#primaryimage\"},\"image\":{\"@id\":\"https:\/\/ciudadyregion.com.co\/index.php\/40-de-los-45-municipios-del-tolima-que-firmaron-el-convenio-del-transporte-escolar-con-la-gobernacion-ya-tienen-el-servicio-en-funcionamiento\/regional\/#primaryimage\"},\"thumbnailUrl\":\"https:\/\/i0.wp.com\/ciudadyregion.com.co\/wp-content\/uploads\/2024\/05\/4-transporte-escolar.jpg?fit=800%2C445&ssl=1\",\"datePublished\":\"2024-05-21T12:44:04+00:00\",\"dateModified\":\"2024-05-21T12:44:04+00:00\",\"author\":{\"@id\":\"https:\/\/ciudadyregion.com.co\/#\/schema\/person\/04a4954373ebc4051f46e8c65ff78622\"},\"breadcrumb\":{\"@id\":\"https:\/\/ciudadyregion.com.co\/index.php\/40-de-los-45-municipios-del-tolima-que-firmaron-el-convenio-del-transporte-escolar-con-la-gobernacion-ya-tienen-el-servicio-en-funcionamiento\/regional\/#breadcrumb\"},\"inLanguage\":\"es\",\"potentialAction\":[{\"@type\":\"ReadAction\",\"target\":[\"https:\/\/ciudadyregion.com.co\/index.php\/40-de-los-45-municipios-del-tolima-que-firmaron-el-convenio-del-transporte-escolar-con-la-gobernacion-ya-tienen-el-servicio-en-funcionamiento\/regional\/\"]}]},{\"@type\":\"ImageObject\",\"inLanguage\":\"es\",\"@id\":\"https:\/\/ciudadyregion.com.co\/index.php\/40-de-los-45-municipios-del-tolima-que-firmaron-el-convenio-del-transporte-escolar-con-la-gobernacion-ya-tienen-el-servicio-en-funcionamiento\/regional\/#primaryimage\",\"url\":\"https:\/\/i0.wp.com\/ciudadyregion.com.co\/wp-content\/uploads\/2024\/05\/4-transporte-escolar.jpg?fit=800%2C445&ssl=1\",\"contentUrl\":\"https:\/\/i0.wp.com\/ciudadyregion.com.co\/wp-content\/uploads\/2024\/05\/4-transporte-escolar.jpg?fit=800%2C445&ssl=1\",\"width\":800,\"height\":445},{\"@type\":\"BreadcrumbList\",\"@id\":\"https:\/\/ciudadyregion.com.co\/index.php\/40-de-los-45-municipios-del-tolima-que-firmaron-el-convenio-del-transporte-escolar-con-la-gobernacion-ya-tienen-el-servicio-en-funcionamiento\/regional\/#breadcrumb\",\"itemListElement\":[{\"@type\":\"ListItem\",\"position\":1,\"name\":\"Portada\",\"item\":\"https:\/\/ciudadyregion.com.co\/\"},{\"@type\":\"ListItem\",\"position\":2,\"name\":\"40 de los 45 municipios del Tolima que firmaron el convenio del transporte escolar con la Gobernaci\u00f3n ya tienen el servicio en funcionamiento\"}]},{\"@type\":\"WebSite\",\"@id\":\"https:\/\/ciudadyregion.com.co\/#website\",\"url\":\"https:\/\/ciudadyregion.com.co\/\",\"name\":\"Ciudad y Region\",\"description\":\"\",\"potentialAction\":[{\"@type\":\"SearchAction\",\"target\":{\"@type\":\"EntryPoint\",\"urlTemplate\":\"https:\/\/ciudadyregion.com.co\/?s={search_term_string}\"},\"query-input\":{\"@type\":\"PropertyValueSpecification\",\"valueRequired\":true,\"valueName\":\"search_term_string\"}}],\"inLanguage\":\"es\"},{\"@type\":\"Person\",\"@id\":\"https:\/\/ciudadyregion.com.co\/#\/schema\/person\/04a4954373ebc4051f46e8c65ff78622\",\"name\":\"David Andr\u00e9s Aguirre\",\"image\":{\"@type\":\"ImageObject\",\"inLanguage\":\"es\",\"@id\":\"https:\/\/ciudadyregion.com.co\/#\/schema\/person\/image\/\",\"url\":\"https:\/\/secure.gravatar.com\/avatar\/bc3c655860202182ee6d1b5edd042dbe?s=96&d=mm&r=g\",\"contentUrl\":\"https:\/\/secure.gravatar.com\/avatar\/bc3c655860202182ee6d1b5edd042dbe?s=96&d=mm&r=g\",\"caption\":\"David Andr\u00e9s Aguirre\"},\"url\":\"https:\/\/ciudadyregion.com.co\/index.php\/author\/diegoaguirre\/\"}]}<\/script>\n<!-- \/ Yoast SEO plugin. -->","yoast_head_json":{"title":"40 de los 45 municipios del Tolima que firmaron el convenio del transporte escolar con la Gobernaci\u00f3n ya tienen el servicio en funcionamiento - Ciudad y Region","robots":{"index":"index","follow":"follow","max-snippet":"max-snippet:-1","max-image-preview":"max-image-preview:large","max-video-preview":"max-video-preview:-1"},"canonical":"https:\/\/ciudadyregion.com.co\/index.php\/40-de-los-45-municipios-del-tolima-que-firmaron-el-convenio-del-transporte-escolar-con-la-gobernacion-ya-tienen-el-servicio-en-funcionamiento\/regional\/","og_locale":"es_ES","og_type":"article","og_title":"40 de los 45 municipios del Tolima que firmaron el convenio del transporte escolar con la Gobernaci\u00f3n ya tienen el servicio en funcionamiento - Ciudad y Region","og_description":"Uno de los compromisos de la gobernadora Adriana Magali Matiz con los estudiantes del departamento desde el inicio de su Gobierno fue brindar los recursos necesarios para garantizar el transporte escolar desde el primer semestre del a\u00f1o y lo ha cumplido. M\u00e1s de $13. 600 millones fueron destinados para queContinuar Leyendo","og_url":"https:\/\/ciudadyregion.com.co\/index.php\/40-de-los-45-municipios-del-tolima-que-firmaron-el-convenio-del-transporte-escolar-con-la-gobernacion-ya-tienen-el-servicio-en-funcionamiento\/regional\/","og_site_name":"Ciudad y Region","article_published_time":"2024-05-21T12:44:04+00:00","og_image":[{"width":800,"height":445,"url":"https:\/\/ciudadyregion.com.co\/wp-content\/uploads\/2024\/05\/4-transporte-escolar.jpg","type":"image\/jpeg"}],"author":"David Andr\u00e9s Aguirre","twitter_card":"summary_large_image","twitter_misc":{"Escrito por":"David Andr\u00e9s Aguirre","Tiempo de lectura":"1 minuto"},"schema":{"@context":"https:\/\/schema.org","@graph":[{"@type":"WebPage","@id":"https:\/\/ciudadyregion.com.co\/index.php\/40-de-los-45-municipios-del-tolima-que-firmaron-el-convenio-del-transporte-escolar-con-la-gobernacion-ya-tienen-el-servicio-en-funcionamiento\/regional\/","url":"https:\/\/ciudadyregion.com.co\/index.php\/40-de-los-45-municipios-del-tolima-que-firmaron-el-convenio-del-transporte-escolar-con-la-gobernacion-ya-tienen-el-servicio-en-funcionamiento\/regional\/","name":"40 de los 45 municipios del Tolima que firmaron el convenio del transporte escolar con la Gobernaci\u00f3n ya tienen el servicio en funcionamiento - Ciudad y Region","isPartOf":{"@id":"https:\/\/ciudadyregion.com.co\/#website"},"primaryImageOfPage":{"@id":"https:\/\/ciudadyregion.com.co\/index.php\/40-de-los-45-municipios-del-tolima-que-firmaron-el-convenio-del-transporte-escolar-con-la-gobernacion-ya-tienen-el-servicio-en-funcionamiento\/regional\/#primaryimage"},"image":{"@id":"https:\/\/ciudadyregion.com.co\/index.php\/40-de-los-45-municipios-del-tolima-que-firmaron-el-convenio-del-transporte-escolar-con-la-gobernacion-ya-tienen-el-servicio-en-funcionamiento\/regional\/#primaryimage"},"thumbnailUrl":"https:\/\/i0.wp.com\/ciudadyregion.com.co\/wp-content\/uploads\/2024\/05\/4-transporte-escolar.jpg?fit=800%2C445&ssl=1","datePublished":"2024-05-21T12:44:04+00:00","dateModified":"2024-05-21T12:44:04+00:00","author":{"@id":"https:\/\/ciudadyregion.com.co\/#\/schema\/person\/04a4954373ebc4051f46e8c65ff78622"},"breadcrumb":{"@id":"https:\/\/ciudadyregion.com.co\/index.php\/40-de-los-45-municipios-del-tolima-que-firmaron-el-convenio-del-transporte-escolar-con-la-gobernacion-ya-tienen-el-servicio-en-funcionamiento\/regional\/#breadcrumb"},"inLanguage":"es","potentialAction":[{"@type":"ReadAction","target":["https:\/\/ciudadyregion.com.co\/index.php\/40-de-los-45-municipios-del-tolima-que-firmaron-el-convenio-del-transporte-escolar-con-la-gobernacion-ya-tienen-el-servicio-en-funcionamiento\/regional\/"]}]},{"@type":"ImageObject","inLanguage":"es","@id":"https:\/\/ciudadyregion.com.co\/index.php\/40-de-los-45-municipios-del-tolima-que-firmaron-el-convenio-del-transporte-escolar-con-la-gobernacion-ya-tienen-el-servicio-en-funcionamiento\/regional\/#primaryimage","url":"https:\/\/i0.wp.com\/ciudadyregion.com.co\/wp-content\/uploads\/2024\/05\/4-transporte-escolar.jpg?fit=800%2C445&ssl=1","contentUrl":"https:\/\/i0.wp.com\/ciudadyregion.com.co\/wp-content\/uploads\/2024\/05\/4-transporte-escolar.jpg?fit=800%2C445&ssl=1","width":800,"height":445},{"@type":"BreadcrumbList","@id":"https:\/\/ciudadyregion.com.co\/index.php\/40-de-los-45-municipios-del-tolima-que-firmaron-el-convenio-del-transporte-escolar-con-la-gobernacion-ya-tienen-el-servicio-en-funcionamiento\/regional\/#breadcrumb","itemListElement":[{"@type":"ListItem","position":1,"name":"Portada","item":"https:\/\/ciudadyregion.com.co\/"},{"@type":"ListItem","position":2,"name":"40 de los 45 municipios del Tolima que firmaron el convenio del transporte escolar con la Gobernaci\u00f3n ya tienen el servicio en funcionamiento"}]},{"@type":"WebSite","@id":"https:\/\/ciudadyregion.com.co\/#website","url":"https:\/\/ciudadyregion.com.co\/","name":"Ciudad y Region","description":"","potentialAction":[{"@type":"SearchAction","target":{"@type":"EntryPoint","urlTemplate":"https:\/\/ciudadyregion.com.co\/?s={search_term_string}"},"query-input":{"@type":"PropertyValueSpecification","valueRequired":true,"valueName":"search_term_string"}}],"inLanguage":"es"},{"@type":"Person","@id":"https:\/\/ciudadyregion.com.co\/#\/schema\/person\/04a4954373ebc4051f46e8c65ff78622","name":"David Andr\u00e9s Aguirre","image":{"@type":"ImageObject","inLanguage":"es","@id":"https:\/\/ciudadyregion.com.co\/#\/schema\/person\/image\/","url":"https:\/\/secure.gravatar.com\/avatar\/bc3c655860202182ee6d1b5edd042dbe?s=96&d=mm&r=g","contentUrl":"https:\/\/secure.gravatar.com\/avatar\/bc3c655860202182ee6d1b5edd042dbe?s=96&d=mm&r=g","caption":"David Andr\u00e9s Aguirre"},"url":"https:\/\/ciudadyregion.com.co\/index.php\/author\/diegoaguirre\/"}]}},"jetpack_featured_media_url":"https:\/\/i0.wp.com\/ciudadyregion.com.co\/wp-content\/uploads\/2024\/05\/4-transporte-escolar.jpg?fit=800%2C445&ssl=1","jetpack_sharing_enabled":true,"jetpack_shortlink":"https:\/\/wp.me\/pbS7hh-3KN","jetpack-related-posts":[],"_links":{"self":[{"href":"https:\/\/ciudadyregion.com.co\/index.php\/wp-json\/wp\/v2\/posts\/14433"}],"collection":[{"href":"https:\/\/ciudadyregion.com.co\/index.php\/wp-json\/wp\/v2\/posts"}],"about":[{"href":"https:\/\/ciudadyregion.com.co\/index.php\/wp-json\/wp\/v2\/types\/post"}],"author":[{"embeddable":true,"href":"https:\/\/ciudadyregion.com.co\/index.php\/wp-json\/wp\/v2\/users\/2"}],"replies":[{"embeddable":true,"href":"https:\/\/ciudadyregion.com.co\/index.php\/wp-json\/wp\/v2\/comments?post=14433"}],"version-history":[{"count":1,"href":"https:\/\/ciudadyregion.com.co\/index.php\/wp-json\/wp\/v2\/posts\/14433\/revisions"}],"predecessor-version":[{"id":14435,"href":"https:\/\/ciudadyregion.com.co\/index.php\/wp-json\/wp\/v2\/posts\/14433\/revisions\/14435"}],"wp:featuredmedia":[{"embeddable":true,"href":"https:\/\/ciudadyregion.com.co\/index.php\/wp-json\/wp\/v2\/media\/14434"}],"wp:attachment":[{"href":"https:\/\/ciudadyregion.com.co\/index.php\/wp-json\/wp\/v2\/media?parent=14433"}],"wp:term":[{"taxonomy":"category","embeddable":true,"href":"https:\/\/ciudadyregion.com.co\/index.php\/wp-json\/wp\/v2\/categories?post=14433"},{"taxonomy":"post_tag","embeddable":true,"href":"https:\/\/ciudadyregion.com.co\/index.php\/wp-json\/wp\/v2\/tags?post=14433"}],"curies":[{"name":"wp","href":"https:\/\/api.w.org\/{rel}","templated":true}]}}