{"id":14356,"date":"2024-05-20T08:45:10","date_gmt":"2024-05-20T13:45:10","guid":{"rendered":"https:\/\/ciudadyregion.com.co\/?p=14356"},"modified":"2024-05-20T08:45:10","modified_gmt":"2024-05-20T13:45:10","slug":"excelentes-noticias-el-aeropuerto-perales-de-ibague-se-preparara-para-recibir-vuelos-nocturnos","status":"publish","type":"post","link":"https:\/\/ciudadyregion.com.co\/index.php\/excelentes-noticias-el-aeropuerto-perales-de-ibague-se-preparara-para-recibir-vuelos-nocturnos\/ibague\/","title":{"rendered":"Excelentes noticias: El Aeropuerto Perales de Ibagu\u00e9 se preparar\u00e1 para recibir vuelos nocturnos"},"content":{"rendered":"<div><span style=\"font-family: Arial;\">Excelentes noticias recibi\u00f3 la Alcald\u00eda de Ibagu\u00e9 con relaci\u00f3n al inicio de la modernizaci\u00f3n del Aeropuerto Perales. As\u00ed se ratific\u00f3 durante una visita a la Aeron\u00e1utica Civil, en Bogot\u00e1, donde se logr\u00f3 establecer c\u00f3mo va el proceso de las luces para la pista.<\/span><\/div>\n<div><span style=\"font-family: Arial;\">\u00a0<\/span><\/div>\n<div><span style=\"font-family: Arial;\">De esta manera, la Aerocivil confirm\u00f3 la adquisici\u00f3n de dichos elementos que permitir\u00e1n una precisa aproximaci\u00f3n de los aviones en los vuelos nocturnos. Estas luces, denominadas PAPI, ser\u00e1n el complemento del sistema ALS lo que aumentar\u00e1 las frecuencias de manera especial en las noches.<\/span><\/div>\n<div><span style=\"font-family: Arial;\">\u00a0<\/span><\/div>\n<blockquote>\n<div><span style=\"font-family: Arial;\">\u201c<i>Estas luces ya est\u00e1n en Ibagu\u00e9, ahora nos falta que la Aeron\u00e1utica contrate la infraestructura e instalaci\u00f3n de las mismas. Esta ser\u00e1 la primera etapa de mejoramiento de las condiciones de aproximaci\u00f3n del aeropuerto<\/i>\u201d, mencion\u00f3 Carlos Jos\u00e9 Corral, gerente de Proyectos Estrat\u00e9gicos.<\/span><\/div>\n<\/blockquote>\n<div><span style=\"font-family: Arial;\">\u00a0<\/span><\/div>\n<div><span style=\"font-family: Arial;\">Asimismo, con el inicio de esta fase, la Capital Musical tendr\u00e1 un mayor crecimiento econ\u00f3mico. Se espera que para el pr\u00f3ximo semestre arranque la instalaci\u00f3n del sistema ALS, cuyos levantamientos topogr\u00e1ficos se adelantan actualmente.\u00a0<\/span><\/div>\n<div><span style=\"font-family: Arial;\">\u00a0<\/span><\/div>\n<blockquote>\n<div><span style=\"font-family: Arial;\">\u201c<i>Esto nos ayudar\u00e1 para que nuestros turistas y visitantes tengan m\u00e1s opciones de llegar a nuestra ciudad, que seguramente ser\u00e1 m\u00e1s competitiva<\/i>\u201d, dijo Nayd\u00fa Romero, secretaria de Desarrollo Econ\u00f3mico.<\/span><\/div>\n<\/blockquote>\n","protected":false},"excerpt":{"rendered":"<p>Excelentes noticias recibi\u00f3 la Alcald\u00eda de Ibagu\u00e9 con relaci\u00f3n al inicio de la modernizaci\u00f3n del Aeropuerto Perales. As\u00ed se ratific\u00f3 durante una visita a la Aeron\u00e1utica Civil, en Bogot\u00e1, donde se logr\u00f3 establecer c\u00f3mo va el proceso de las luces para la pista. \u00a0 De esta manera, la Aerocivil confirm\u00f3<span class=\"more-link\"><a href=\"https:\/\/ciudadyregion.com.co\/index.php\/excelentes-noticias-el-aeropuerto-perales-de-ibague-se-preparara-para-recibir-vuelos-nocturnos\/ibague\/\">Continuar Leyendo<\/a><\/span><\/p>\n","protected":false},"author":2,"featured_media":8839,"comment_status":"open","ping_status":"open","sticky":false,"template":"","format":"standard","meta":{"_uf_show_specific_survey":0,"_uf_disable_surveys":false,"_jetpack_memberships_contains_paid_content":false,"footnotes":"","jetpack_publicize_message":"","jetpack_publicize_feature_enabled":true,"jetpack_social_post_already_shared":true,"jetpack_social_options":{"image_generator_settings":{"template":"highway","enabled":false},"version":2}},"categories":[14],"tags":[],"class_list":["entry","author-diegoaguirre","post-14356","post","type-post","status-publish","format-standard","has-post-thumbnail","category-ibague"],"jetpack_publicize_connections":[],"yoast_head":"<!-- This site is optimized with the Yoast SEO plugin v24.3 - https:\/\/yoast.com\/wordpress\/plugins\/seo\/ -->\n<title>Excelentes noticias: El Aeropuerto Perales de Ibagu\u00e9 se preparar\u00e1 para recibir vuelos nocturnos - Ciudad y Region<\/title>\n<meta name=\"robots\" content=\"index, follow, max-snippet:-1, max-image-preview:large, max-video-preview:-1\" \/>\n<link rel=\"canonical\" href=\"https:\/\/ciudadyregion.com.co\/index.php\/excelentes-noticias-el-aeropuerto-perales-de-ibague-se-preparara-para-recibir-vuelos-nocturnos\/ibague\/\" \/>\n<meta property=\"og:locale\" content=\"es_ES\" \/>\n<meta property=\"og:type\" content=\"article\" \/>\n<meta property=\"og:title\" content=\"Excelentes noticias: El Aeropuerto Perales de Ibagu\u00e9 se preparar\u00e1 para recibir vuelos nocturnos - Ciudad y Region\" \/>\n<meta property=\"og:description\" content=\"Excelentes noticias recibi\u00f3 la Alcald\u00eda de Ibagu\u00e9 con relaci\u00f3n al inicio de la modernizaci\u00f3n del Aeropuerto Perales. As\u00ed se ratific\u00f3 durante una visita a la Aeron\u00e1utica Civil, en Bogot\u00e1, donde se logr\u00f3 establecer c\u00f3mo va el proceso de las luces para la pista. \u00a0 De esta manera, la Aerocivil confirm\u00f3Continuar Leyendo\" \/>\n<meta property=\"og:url\" content=\"https:\/\/ciudadyregion.com.co\/index.php\/excelentes-noticias-el-aeropuerto-perales-de-ibague-se-preparara-para-recibir-vuelos-nocturnos\/ibague\/\" \/>\n<meta property=\"og:site_name\" content=\"Ciudad y Region\" \/>\n<meta property=\"article:published_time\" content=\"2024-05-20T13:45:10+00:00\" \/>\n<meta property=\"og:image\" content=\"https:\/\/ciudadyregion.com.co\/wp-content\/uploads\/2024\/03\/1-aeropuerto-perales-ibague.jpg\" \/>\n\t<meta property=\"og:image:width\" content=\"800\" \/>\n\t<meta property=\"og:image:height\" content=\"445\" \/>\n\t<meta property=\"og:image:type\" content=\"image\/jpeg\" \/>\n<meta name=\"author\" content=\"David Andr\u00e9s Aguirre\" \/>\n<meta name=\"twitter:card\" content=\"summary_large_image\" \/>\n<meta name=\"twitter:label1\" content=\"Escrito por\" \/>\n\t<meta name=\"twitter:data1\" content=\"David Andr\u00e9s Aguirre\" \/>\n\t<meta name=\"twitter:label2\" content=\"Tiempo de lectura\" \/>\n\t<meta name=\"twitter:data2\" content=\"1 minuto\" \/>\n<script type=\"application\/ld+json\" class=\"yoast-schema-graph\">{\"@context\":\"https:\/\/schema.org\",\"@graph\":[{\"@type\":\"WebPage\",\"@id\":\"https:\/\/ciudadyregion.com.co\/index.php\/excelentes-noticias-el-aeropuerto-perales-de-ibague-se-preparara-para-recibir-vuelos-nocturnos\/ibague\/\",\"url\":\"https:\/\/ciudadyregion.com.co\/index.php\/excelentes-noticias-el-aeropuerto-perales-de-ibague-se-preparara-para-recibir-vuelos-nocturnos\/ibague\/\",\"name\":\"Excelentes noticias: El Aeropuerto Perales de Ibagu\u00e9 se preparar\u00e1 para recibir vuelos nocturnos - Ciudad y Region\",\"isPartOf\":{\"@id\":\"https:\/\/ciudadyregion.com.co\/#website\"},\"primaryImageOfPage\":{\"@id\":\"https:\/\/ciudadyregion.com.co\/index.php\/excelentes-noticias-el-aeropuerto-perales-de-ibague-se-preparara-para-recibir-vuelos-nocturnos\/ibague\/#primaryimage\"},\"image\":{\"@id\":\"https:\/\/ciudadyregion.com.co\/index.php\/excelentes-noticias-el-aeropuerto-perales-de-ibague-se-preparara-para-recibir-vuelos-nocturnos\/ibague\/#primaryimage\"},\"thumbnailUrl\":\"https:\/\/i0.wp.com\/ciudadyregion.com.co\/wp-content\/uploads\/2024\/03\/1-aeropuerto-perales-ibague.jpg?fit=800%2C445&ssl=1\",\"datePublished\":\"2024-05-20T13:45:10+00:00\",\"dateModified\":\"2024-05-20T13:45:10+00:00\",\"author\":{\"@id\":\"https:\/\/ciudadyregion.com.co\/#\/schema\/person\/04a4954373ebc4051f46e8c65ff78622\"},\"breadcrumb\":{\"@id\":\"https:\/\/ciudadyregion.com.co\/index.php\/excelentes-noticias-el-aeropuerto-perales-de-ibague-se-preparara-para-recibir-vuelos-nocturnos\/ibague\/#breadcrumb\"},\"inLanguage\":\"es\",\"potentialAction\":[{\"@type\":\"ReadAction\",\"target\":[\"https:\/\/ciudadyregion.com.co\/index.php\/excelentes-noticias-el-aeropuerto-perales-de-ibague-se-preparara-para-recibir-vuelos-nocturnos\/ibague\/\"]}]},{\"@type\":\"ImageObject\",\"inLanguage\":\"es\",\"@id\":\"https:\/\/ciudadyregion.com.co\/index.php\/excelentes-noticias-el-aeropuerto-perales-de-ibague-se-preparara-para-recibir-vuelos-nocturnos\/ibague\/#primaryimage\",\"url\":\"https:\/\/i0.wp.com\/ciudadyregion.com.co\/wp-content\/uploads\/2024\/03\/1-aeropuerto-perales-ibague.jpg?fit=800%2C445&ssl=1\",\"contentUrl\":\"https:\/\/i0.wp.com\/ciudadyregion.com.co\/wp-content\/uploads\/2024\/03\/1-aeropuerto-perales-ibague.jpg?fit=800%2C445&ssl=1\",\"width\":800,\"height\":445},{\"@type\":\"BreadcrumbList\",\"@id\":\"https:\/\/ciudadyregion.com.co\/index.php\/excelentes-noticias-el-aeropuerto-perales-de-ibague-se-preparara-para-recibir-vuelos-nocturnos\/ibague\/#breadcrumb\",\"itemListElement\":[{\"@type\":\"ListItem\",\"position\":1,\"name\":\"Portada\",\"item\":\"https:\/\/ciudadyregion.com.co\/\"},{\"@type\":\"ListItem\",\"position\":2,\"name\":\"Excelentes noticias: El Aeropuerto Perales de Ibagu\u00e9 se preparar\u00e1 para recibir vuelos nocturnos\"}]},{\"@type\":\"WebSite\",\"@id\":\"https:\/\/ciudadyregion.com.co\/#website\",\"url\":\"https:\/\/ciudadyregion.com.co\/\",\"name\":\"Ciudad y Region\",\"description\":\"\",\"potentialAction\":[{\"@type\":\"SearchAction\",\"target\":{\"@type\":\"EntryPoint\",\"urlTemplate\":\"https:\/\/ciudadyregion.com.co\/?s={search_term_string}\"},\"query-input\":{\"@type\":\"PropertyValueSpecification\",\"valueRequired\":true,\"valueName\":\"search_term_string\"}}],\"inLanguage\":\"es\"},{\"@type\":\"Person\",\"@id\":\"https:\/\/ciudadyregion.com.co\/#\/schema\/person\/04a4954373ebc4051f46e8c65ff78622\",\"name\":\"David Andr\u00e9s Aguirre\",\"image\":{\"@type\":\"ImageObject\",\"inLanguage\":\"es\",\"@id\":\"https:\/\/ciudadyregion.com.co\/#\/schema\/person\/image\/\",\"url\":\"https:\/\/secure.gravatar.com\/avatar\/bc3c655860202182ee6d1b5edd042dbe?s=96&d=mm&r=g\",\"contentUrl\":\"https:\/\/secure.gravatar.com\/avatar\/bc3c655860202182ee6d1b5edd042dbe?s=96&d=mm&r=g\",\"caption\":\"David Andr\u00e9s Aguirre\"},\"url\":\"https:\/\/ciudadyregion.com.co\/index.php\/author\/diegoaguirre\/\"}]}<\/script>\n<!-- \/ Yoast SEO plugin. -->","yoast_head_json":{"title":"Excelentes noticias: El Aeropuerto Perales de Ibagu\u00e9 se preparar\u00e1 para recibir vuelos nocturnos - Ciudad y Region","robots":{"index":"index","follow":"follow","max-snippet":"max-snippet:-1","max-image-preview":"max-image-preview:large","max-video-preview":"max-video-preview:-1"},"canonical":"https:\/\/ciudadyregion.com.co\/index.php\/excelentes-noticias-el-aeropuerto-perales-de-ibague-se-preparara-para-recibir-vuelos-nocturnos\/ibague\/","og_locale":"es_ES","og_type":"article","og_title":"Excelentes noticias: El Aeropuerto Perales de Ibagu\u00e9 se preparar\u00e1 para recibir vuelos nocturnos - Ciudad y Region","og_description":"Excelentes noticias recibi\u00f3 la Alcald\u00eda de Ibagu\u00e9 con relaci\u00f3n al inicio de la modernizaci\u00f3n del Aeropuerto Perales. As\u00ed se ratific\u00f3 durante una visita a la Aeron\u00e1utica Civil, en Bogot\u00e1, donde se logr\u00f3 establecer c\u00f3mo va el proceso de las luces para la pista. \u00a0 De esta manera, la Aerocivil confirm\u00f3Continuar Leyendo","og_url":"https:\/\/ciudadyregion.com.co\/index.php\/excelentes-noticias-el-aeropuerto-perales-de-ibague-se-preparara-para-recibir-vuelos-nocturnos\/ibague\/","og_site_name":"Ciudad y Region","article_published_time":"2024-05-20T13:45:10+00:00","og_image":[{"width":800,"height":445,"url":"https:\/\/ciudadyregion.com.co\/wp-content\/uploads\/2024\/03\/1-aeropuerto-perales-ibague.jpg","type":"image\/jpeg"}],"author":"David Andr\u00e9s Aguirre","twitter_card":"summary_large_image","twitter_misc":{"Escrito por":"David Andr\u00e9s Aguirre","Tiempo de lectura":"1 minuto"},"schema":{"@context":"https:\/\/schema.org","@graph":[{"@type":"WebPage","@id":"https:\/\/ciudadyregion.com.co\/index.php\/excelentes-noticias-el-aeropuerto-perales-de-ibague-se-preparara-para-recibir-vuelos-nocturnos\/ibague\/","url":"https:\/\/ciudadyregion.com.co\/index.php\/excelentes-noticias-el-aeropuerto-perales-de-ibague-se-preparara-para-recibir-vuelos-nocturnos\/ibague\/","name":"Excelentes noticias: El Aeropuerto Perales de Ibagu\u00e9 se preparar\u00e1 para recibir vuelos nocturnos - Ciudad y Region","isPartOf":{"@id":"https:\/\/ciudadyregion.com.co\/#website"},"primaryImageOfPage":{"@id":"https:\/\/ciudadyregion.com.co\/index.php\/excelentes-noticias-el-aeropuerto-perales-de-ibague-se-preparara-para-recibir-vuelos-nocturnos\/ibague\/#primaryimage"},"image":{"@id":"https:\/\/ciudadyregion.com.co\/index.php\/excelentes-noticias-el-aeropuerto-perales-de-ibague-se-preparara-para-recibir-vuelos-nocturnos\/ibague\/#primaryimage"},"thumbnailUrl":"https:\/\/i0.wp.com\/ciudadyregion.com.co\/wp-content\/uploads\/2024\/03\/1-aeropuerto-perales-ibague.jpg?fit=800%2C445&ssl=1","datePublished":"2024-05-20T13:45:10+00:00","dateModified":"2024-05-20T13:45:10+00:00","author":{"@id":"https:\/\/ciudadyregion.com.co\/#\/schema\/person\/04a4954373ebc4051f46e8c65ff78622"},"breadcrumb":{"@id":"https:\/\/ciudadyregion.com.co\/index.php\/excelentes-noticias-el-aeropuerto-perales-de-ibague-se-preparara-para-recibir-vuelos-nocturnos\/ibague\/#breadcrumb"},"inLanguage":"es","potentialAction":[{"@type":"ReadAction","target":["https:\/\/ciudadyregion.com.co\/index.php\/excelentes-noticias-el-aeropuerto-perales-de-ibague-se-preparara-para-recibir-vuelos-nocturnos\/ibague\/"]}]},{"@type":"ImageObject","inLanguage":"es","@id":"https:\/\/ciudadyregion.com.co\/index.php\/excelentes-noticias-el-aeropuerto-perales-de-ibague-se-preparara-para-recibir-vuelos-nocturnos\/ibague\/#primaryimage","url":"https:\/\/i0.wp.com\/ciudadyregion.com.co\/wp-content\/uploads\/2024\/03\/1-aeropuerto-perales-ibague.jpg?fit=800%2C445&ssl=1","contentUrl":"https:\/\/i0.wp.com\/ciudadyregion.com.co\/wp-content\/uploads\/2024\/03\/1-aeropuerto-perales-ibague.jpg?fit=800%2C445&ssl=1","width":800,"height":445},{"@type":"BreadcrumbList","@id":"https:\/\/ciudadyregion.com.co\/index.php\/excelentes-noticias-el-aeropuerto-perales-de-ibague-se-preparara-para-recibir-vuelos-nocturnos\/ibague\/#breadcrumb","itemListElement":[{"@type":"ListItem","position":1,"name":"Portada","item":"https:\/\/ciudadyregion.com.co\/"},{"@type":"ListItem","position":2,"name":"Excelentes noticias: El Aeropuerto Perales de Ibagu\u00e9 se preparar\u00e1 para recibir vuelos nocturnos"}]},{"@type":"WebSite","@id":"https:\/\/ciudadyregion.com.co\/#website","url":"https:\/\/ciudadyregion.com.co\/","name":"Ciudad y Region","description":"","potentialAction":[{"@type":"SearchAction","target":{"@type":"EntryPoint","urlTemplate":"https:\/\/ciudadyregion.com.co\/?s={search_term_string}"},"query-input":{"@type":"PropertyValueSpecification","valueRequired":true,"valueName":"search_term_string"}}],"inLanguage":"es"},{"@type":"Person","@id":"https:\/\/ciudadyregion.com.co\/#\/schema\/person\/04a4954373ebc4051f46e8c65ff78622","name":"David Andr\u00e9s Aguirre","image":{"@type":"ImageObject","inLanguage":"es","@id":"https:\/\/ciudadyregion.com.co\/#\/schema\/person\/image\/","url":"https:\/\/secure.gravatar.com\/avatar\/bc3c655860202182ee6d1b5edd042dbe?s=96&d=mm&r=g","contentUrl":"https:\/\/secure.gravatar.com\/avatar\/bc3c655860202182ee6d1b5edd042dbe?s=96&d=mm&r=g","caption":"David Andr\u00e9s Aguirre"},"url":"https:\/\/ciudadyregion.com.co\/index.php\/author\/diegoaguirre\/"}]}},"jetpack_featured_media_url":"https:\/\/i0.wp.com\/ciudadyregion.com.co\/wp-content\/uploads\/2024\/03\/1-aeropuerto-perales-ibague.jpg?fit=800%2C445&ssl=1","jetpack_sharing_enabled":true,"jetpack_shortlink":"https:\/\/wp.me\/pbS7hh-3Jy","jetpack-related-posts":[],"_links":{"self":[{"href":"https:\/\/ciudadyregion.com.co\/index.php\/wp-json\/wp\/v2\/posts\/14356"}],"collection":[{"href":"https:\/\/ciudadyregion.com.co\/index.php\/wp-json\/wp\/v2\/posts"}],"about":[{"href":"https:\/\/ciudadyregion.com.co\/index.php\/wp-json\/wp\/v2\/types\/post"}],"author":[{"embeddable":true,"href":"https:\/\/ciudadyregion.com.co\/index.php\/wp-json\/wp\/v2\/users\/2"}],"replies":[{"embeddable":true,"href":"https:\/\/ciudadyregion.com.co\/index.php\/wp-json\/wp\/v2\/comments?post=14356"}],"version-history":[{"count":1,"href":"https:\/\/ciudadyregion.com.co\/index.php\/wp-json\/wp\/v2\/posts\/14356\/revisions"}],"predecessor-version":[{"id":14357,"href":"https:\/\/ciudadyregion.com.co\/index.php\/wp-json\/wp\/v2\/posts\/14356\/revisions\/14357"}],"wp:featuredmedia":[{"embeddable":true,"href":"https:\/\/ciudadyregion.com.co\/index.php\/wp-json\/wp\/v2\/media\/8839"}],"wp:attachment":[{"href":"https:\/\/ciudadyregion.com.co\/index.php\/wp-json\/wp\/v2\/media?parent=14356"}],"wp:term":[{"taxonomy":"category","embeddable":true,"href":"https:\/\/ciudadyregion.com.co\/index.php\/wp-json\/wp\/v2\/categories?post=14356"},{"taxonomy":"post_tag","embeddable":true,"href":"https:\/\/ciudadyregion.com.co\/index.php\/wp-json\/wp\/v2\/tags?post=14356"}],"curies":[{"name":"wp","href":"https:\/\/api.w.org\/{rel}","templated":true}]}}