{"id":14353,"date":"2024-05-20T08:42:58","date_gmt":"2024-05-20T13:42:58","guid":{"rendered":"https:\/\/ciudadyregion.com.co\/?p=14353"},"modified":"2024-05-20T08:42:58","modified_gmt":"2024-05-20T13:42:58","slug":"en-ibague-abren-inscripciones-para-la-plataforma-municipal-de-juventudes","status":"publish","type":"post","link":"https:\/\/ciudadyregion.com.co\/index.php\/en-ibague-abren-inscripciones-para-la-plataforma-municipal-de-juventudes\/ibague\/","title":{"rendered":"En Ibagu\u00e9 abren inscripciones para la Plataforma Municipal de Juventudes"},"content":{"rendered":"<div><span style=\"font-family: Arial;\">La Alcald\u00eda de Ibagu\u00e9 dar\u00e1 apertura a la convocatoria para la Plataforma Municipal de Juventudes. Las inscripciones estar\u00e1n abiertas desde este lunes 20 de mayo hasta el jueves 20 de junio de 2024.<\/span><\/div>\n<div><span style=\"font-family: Arial;\">\u00a0<\/span><\/div>\n<blockquote>\n<div><span style=\"font-family: Arial;\">\u00ab<i>Es importante que nuestros j\u00f3venes tengan sus espacios consolidados donde puedan expresar sus ideas y realizar sus valiosos aportes en la construcci\u00f3n de ciudad. Ellos son un pilar fundamental para el desarrollo de la regi\u00f3n en aras de encaminar un futuro promisorio con oportunidades para sus vidas<\/i>\u00ab, destac\u00f3 Yury Cuadros, directora de Infancia, Adolescencia y Juventud.<\/span><\/div>\n<\/blockquote>\n<div><span style=\"font-family: Arial;\">\u00a0<\/span><\/div>\n<div><span style=\"font-family: Arial;\">Los interesados en participar deben tener entre 14 y 28 a\u00f1os, formar parte de alg\u00fan parche, organizaci\u00f3n o colectivo juvenil y acceder al siguiente enlace para la respectiva inscripci\u00f3n.<\/span><\/div>\n<div><\/div>\n<div><a href=\"https:\/\/forms.gle\/wbV7y2NKx9a38iSo7\"><span style=\"font-family: Arial;\"> https:\/\/forms.gle\/wbV7y2NKx9a38iSo7<\/span><\/a><\/div>\n<div><span style=\"font-family: Arial;\">\u00a0<\/span><\/div>\n<blockquote>\n<div><span style=\"font-family: Arial;\">\u00ab<i>Con nuestro trabajo tratamos de abrir espacios de participaci\u00f3n s\u00f3lidos, con la intenci\u00f3n de brindarles garant\u00edas a nuestros j\u00f3venes para que su opini\u00f3n sea escuchada y tomada en cuenta por la administraci\u00f3n. La invitaci\u00f3n es a que se inscriban y hagan parte de la transformaci\u00f3n de ciudad al lado de un gobierno inclusivo que toma en cuenta a todas las comunidades<\/i>\u00ab, agreg\u00f3 Daniela Var\u00f3n, enlace de juventudes.<\/span><\/div>\n<\/blockquote>\n<div><span style=\"font-family: Arial;\">\u00a0<\/span><\/div>\n<div><span style=\"font-family: Arial;\">Esta iniciativa busca fortalecer la participaci\u00f3n de esta poblaci\u00f3n en el desarrollo social y comunitario, ofreciendo un espacio de di\u00e1logo y acci\u00f3n a quienes deseen contribuir al progreso de Ibagu\u00e9.<\/span><\/div>\n","protected":false},"excerpt":{"rendered":"<p>La Alcald\u00eda de Ibagu\u00e9 dar\u00e1 apertura a la convocatoria para la Plataforma Municipal de Juventudes. Las inscripciones estar\u00e1n abiertas desde este lunes 20 de mayo hasta el jueves 20 de junio de 2024. \u00a0 \u00abEs importante que nuestros j\u00f3venes tengan sus espacios consolidados donde puedan expresar sus ideas y realizar<span class=\"more-link\"><a href=\"https:\/\/ciudadyregion.com.co\/index.php\/en-ibague-abren-inscripciones-para-la-plataforma-municipal-de-juventudes\/ibague\/\">Continuar Leyendo<\/a><\/span><\/p>\n","protected":false},"author":2,"featured_media":14354,"comment_status":"open","ping_status":"open","sticky":false,"template":"","format":"standard","meta":{"_uf_show_specific_survey":0,"_uf_disable_surveys":false,"_jetpack_memberships_contains_paid_content":false,"footnotes":"","jetpack_publicize_message":"","jetpack_publicize_feature_enabled":true,"jetpack_social_post_already_shared":true,"jetpack_social_options":{"image_generator_settings":{"template":"highway","enabled":false},"version":2}},"categories":[14],"tags":[],"class_list":["entry","author-diegoaguirre","post-14353","post","type-post","status-publish","format-standard","has-post-thumbnail","category-ibague"],"jetpack_publicize_connections":[],"yoast_head":"<!-- This site is optimized with the Yoast SEO plugin v24.3 - https:\/\/yoast.com\/wordpress\/plugins\/seo\/ -->\n<title>En Ibagu\u00e9 abren inscripciones para la Plataforma Municipal de Juventudes - Ciudad y Region<\/title>\n<meta name=\"robots\" content=\"index, follow, max-snippet:-1, max-image-preview:large, max-video-preview:-1\" \/>\n<link rel=\"canonical\" href=\"https:\/\/ciudadyregion.com.co\/index.php\/en-ibague-abren-inscripciones-para-la-plataforma-municipal-de-juventudes\/ibague\/\" \/>\n<meta property=\"og:locale\" content=\"es_ES\" \/>\n<meta property=\"og:type\" content=\"article\" \/>\n<meta property=\"og:title\" content=\"En Ibagu\u00e9 abren inscripciones para la Plataforma Municipal de Juventudes - Ciudad y Region\" \/>\n<meta property=\"og:description\" content=\"La Alcald\u00eda de Ibagu\u00e9 dar\u00e1 apertura a la convocatoria para la Plataforma Municipal de Juventudes. Las inscripciones estar\u00e1n abiertas desde este lunes 20 de mayo hasta el jueves 20 de junio de 2024. \u00a0 \u00abEs importante que nuestros j\u00f3venes tengan sus espacios consolidados donde puedan expresar sus ideas y realizarContinuar Leyendo\" \/>\n<meta property=\"og:url\" content=\"https:\/\/ciudadyregion.com.co\/index.php\/en-ibague-abren-inscripciones-para-la-plataforma-municipal-de-juventudes\/ibague\/\" \/>\n<meta property=\"og:site_name\" content=\"Ciudad y Region\" \/>\n<meta property=\"article:published_time\" content=\"2024-05-20T13:42:58+00:00\" \/>\n<meta property=\"og:image\" content=\"https:\/\/ciudadyregion.com.co\/wp-content\/uploads\/2024\/05\/jovenes.jpg\" \/>\n\t<meta property=\"og:image:width\" content=\"800\" \/>\n\t<meta property=\"og:image:height\" content=\"445\" \/>\n\t<meta property=\"og:image:type\" content=\"image\/jpeg\" \/>\n<meta name=\"author\" content=\"David Andr\u00e9s Aguirre\" \/>\n<meta name=\"twitter:card\" content=\"summary_large_image\" \/>\n<meta name=\"twitter:label1\" content=\"Escrito por\" \/>\n\t<meta name=\"twitter:data1\" content=\"David Andr\u00e9s Aguirre\" \/>\n\t<meta name=\"twitter:label2\" content=\"Tiempo de lectura\" \/>\n\t<meta name=\"twitter:data2\" content=\"1 minuto\" \/>\n<script type=\"application\/ld+json\" class=\"yoast-schema-graph\">{\"@context\":\"https:\/\/schema.org\",\"@graph\":[{\"@type\":\"WebPage\",\"@id\":\"https:\/\/ciudadyregion.com.co\/index.php\/en-ibague-abren-inscripciones-para-la-plataforma-municipal-de-juventudes\/ibague\/\",\"url\":\"https:\/\/ciudadyregion.com.co\/index.php\/en-ibague-abren-inscripciones-para-la-plataforma-municipal-de-juventudes\/ibague\/\",\"name\":\"En Ibagu\u00e9 abren inscripciones para la Plataforma Municipal de Juventudes - Ciudad y Region\",\"isPartOf\":{\"@id\":\"https:\/\/ciudadyregion.com.co\/#website\"},\"primaryImageOfPage\":{\"@id\":\"https:\/\/ciudadyregion.com.co\/index.php\/en-ibague-abren-inscripciones-para-la-plataforma-municipal-de-juventudes\/ibague\/#primaryimage\"},\"image\":{\"@id\":\"https:\/\/ciudadyregion.com.co\/index.php\/en-ibague-abren-inscripciones-para-la-plataforma-municipal-de-juventudes\/ibague\/#primaryimage\"},\"thumbnailUrl\":\"https:\/\/i0.wp.com\/ciudadyregion.com.co\/wp-content\/uploads\/2024\/05\/jovenes.jpg?fit=800%2C445&ssl=1\",\"datePublished\":\"2024-05-20T13:42:58+00:00\",\"dateModified\":\"2024-05-20T13:42:58+00:00\",\"author\":{\"@id\":\"https:\/\/ciudadyregion.com.co\/#\/schema\/person\/04a4954373ebc4051f46e8c65ff78622\"},\"breadcrumb\":{\"@id\":\"https:\/\/ciudadyregion.com.co\/index.php\/en-ibague-abren-inscripciones-para-la-plataforma-municipal-de-juventudes\/ibague\/#breadcrumb\"},\"inLanguage\":\"es\",\"potentialAction\":[{\"@type\":\"ReadAction\",\"target\":[\"https:\/\/ciudadyregion.com.co\/index.php\/en-ibague-abren-inscripciones-para-la-plataforma-municipal-de-juventudes\/ibague\/\"]}]},{\"@type\":\"ImageObject\",\"inLanguage\":\"es\",\"@id\":\"https:\/\/ciudadyregion.com.co\/index.php\/en-ibague-abren-inscripciones-para-la-plataforma-municipal-de-juventudes\/ibague\/#primaryimage\",\"url\":\"https:\/\/i0.wp.com\/ciudadyregion.com.co\/wp-content\/uploads\/2024\/05\/jovenes.jpg?fit=800%2C445&ssl=1\",\"contentUrl\":\"https:\/\/i0.wp.com\/ciudadyregion.com.co\/wp-content\/uploads\/2024\/05\/jovenes.jpg?fit=800%2C445&ssl=1\",\"width\":800,\"height\":445},{\"@type\":\"BreadcrumbList\",\"@id\":\"https:\/\/ciudadyregion.com.co\/index.php\/en-ibague-abren-inscripciones-para-la-plataforma-municipal-de-juventudes\/ibague\/#breadcrumb\",\"itemListElement\":[{\"@type\":\"ListItem\",\"position\":1,\"name\":\"Portada\",\"item\":\"https:\/\/ciudadyregion.com.co\/\"},{\"@type\":\"ListItem\",\"position\":2,\"name\":\"En Ibagu\u00e9 abren inscripciones para la Plataforma Municipal de Juventudes\"}]},{\"@type\":\"WebSite\",\"@id\":\"https:\/\/ciudadyregion.com.co\/#website\",\"url\":\"https:\/\/ciudadyregion.com.co\/\",\"name\":\"Ciudad y Region\",\"description\":\"\",\"potentialAction\":[{\"@type\":\"SearchAction\",\"target\":{\"@type\":\"EntryPoint\",\"urlTemplate\":\"https:\/\/ciudadyregion.com.co\/?s={search_term_string}\"},\"query-input\":{\"@type\":\"PropertyValueSpecification\",\"valueRequired\":true,\"valueName\":\"search_term_string\"}}],\"inLanguage\":\"es\"},{\"@type\":\"Person\",\"@id\":\"https:\/\/ciudadyregion.com.co\/#\/schema\/person\/04a4954373ebc4051f46e8c65ff78622\",\"name\":\"David Andr\u00e9s Aguirre\",\"image\":{\"@type\":\"ImageObject\",\"inLanguage\":\"es\",\"@id\":\"https:\/\/ciudadyregion.com.co\/#\/schema\/person\/image\/\",\"url\":\"https:\/\/secure.gravatar.com\/avatar\/bc3c655860202182ee6d1b5edd042dbe?s=96&d=mm&r=g\",\"contentUrl\":\"https:\/\/secure.gravatar.com\/avatar\/bc3c655860202182ee6d1b5edd042dbe?s=96&d=mm&r=g\",\"caption\":\"David Andr\u00e9s Aguirre\"},\"url\":\"https:\/\/ciudadyregion.com.co\/index.php\/author\/diegoaguirre\/\"}]}<\/script>\n<!-- \/ Yoast SEO plugin. -->","yoast_head_json":{"title":"En Ibagu\u00e9 abren inscripciones para la Plataforma Municipal de Juventudes - Ciudad y Region","robots":{"index":"index","follow":"follow","max-snippet":"max-snippet:-1","max-image-preview":"max-image-preview:large","max-video-preview":"max-video-preview:-1"},"canonical":"https:\/\/ciudadyregion.com.co\/index.php\/en-ibague-abren-inscripciones-para-la-plataforma-municipal-de-juventudes\/ibague\/","og_locale":"es_ES","og_type":"article","og_title":"En Ibagu\u00e9 abren inscripciones para la Plataforma Municipal de Juventudes - Ciudad y Region","og_description":"La Alcald\u00eda de Ibagu\u00e9 dar\u00e1 apertura a la convocatoria para la Plataforma Municipal de Juventudes. Las inscripciones estar\u00e1n abiertas desde este lunes 20 de mayo hasta el jueves 20 de junio de 2024. \u00a0 \u00abEs importante que nuestros j\u00f3venes tengan sus espacios consolidados donde puedan expresar sus ideas y realizarContinuar Leyendo","og_url":"https:\/\/ciudadyregion.com.co\/index.php\/en-ibague-abren-inscripciones-para-la-plataforma-municipal-de-juventudes\/ibague\/","og_site_name":"Ciudad y Region","article_published_time":"2024-05-20T13:42:58+00:00","og_image":[{"width":800,"height":445,"url":"https:\/\/ciudadyregion.com.co\/wp-content\/uploads\/2024\/05\/jovenes.jpg","type":"image\/jpeg"}],"author":"David Andr\u00e9s Aguirre","twitter_card":"summary_large_image","twitter_misc":{"Escrito por":"David Andr\u00e9s Aguirre","Tiempo de lectura":"1 minuto"},"schema":{"@context":"https:\/\/schema.org","@graph":[{"@type":"WebPage","@id":"https:\/\/ciudadyregion.com.co\/index.php\/en-ibague-abren-inscripciones-para-la-plataforma-municipal-de-juventudes\/ibague\/","url":"https:\/\/ciudadyregion.com.co\/index.php\/en-ibague-abren-inscripciones-para-la-plataforma-municipal-de-juventudes\/ibague\/","name":"En Ibagu\u00e9 abren inscripciones para la Plataforma Municipal de Juventudes - Ciudad y Region","isPartOf":{"@id":"https:\/\/ciudadyregion.com.co\/#website"},"primaryImageOfPage":{"@id":"https:\/\/ciudadyregion.com.co\/index.php\/en-ibague-abren-inscripciones-para-la-plataforma-municipal-de-juventudes\/ibague\/#primaryimage"},"image":{"@id":"https:\/\/ciudadyregion.com.co\/index.php\/en-ibague-abren-inscripciones-para-la-plataforma-municipal-de-juventudes\/ibague\/#primaryimage"},"thumbnailUrl":"https:\/\/i0.wp.com\/ciudadyregion.com.co\/wp-content\/uploads\/2024\/05\/jovenes.jpg?fit=800%2C445&ssl=1","datePublished":"2024-05-20T13:42:58+00:00","dateModified":"2024-05-20T13:42:58+00:00","author":{"@id":"https:\/\/ciudadyregion.com.co\/#\/schema\/person\/04a4954373ebc4051f46e8c65ff78622"},"breadcrumb":{"@id":"https:\/\/ciudadyregion.com.co\/index.php\/en-ibague-abren-inscripciones-para-la-plataforma-municipal-de-juventudes\/ibague\/#breadcrumb"},"inLanguage":"es","potentialAction":[{"@type":"ReadAction","target":["https:\/\/ciudadyregion.com.co\/index.php\/en-ibague-abren-inscripciones-para-la-plataforma-municipal-de-juventudes\/ibague\/"]}]},{"@type":"ImageObject","inLanguage":"es","@id":"https:\/\/ciudadyregion.com.co\/index.php\/en-ibague-abren-inscripciones-para-la-plataforma-municipal-de-juventudes\/ibague\/#primaryimage","url":"https:\/\/i0.wp.com\/ciudadyregion.com.co\/wp-content\/uploads\/2024\/05\/jovenes.jpg?fit=800%2C445&ssl=1","contentUrl":"https:\/\/i0.wp.com\/ciudadyregion.com.co\/wp-content\/uploads\/2024\/05\/jovenes.jpg?fit=800%2C445&ssl=1","width":800,"height":445},{"@type":"BreadcrumbList","@id":"https:\/\/ciudadyregion.com.co\/index.php\/en-ibague-abren-inscripciones-para-la-plataforma-municipal-de-juventudes\/ibague\/#breadcrumb","itemListElement":[{"@type":"ListItem","position":1,"name":"Portada","item":"https:\/\/ciudadyregion.com.co\/"},{"@type":"ListItem","position":2,"name":"En Ibagu\u00e9 abren inscripciones para la Plataforma Municipal de Juventudes"}]},{"@type":"WebSite","@id":"https:\/\/ciudadyregion.com.co\/#website","url":"https:\/\/ciudadyregion.com.co\/","name":"Ciudad y Region","description":"","potentialAction":[{"@type":"SearchAction","target":{"@type":"EntryPoint","urlTemplate":"https:\/\/ciudadyregion.com.co\/?s={search_term_string}"},"query-input":{"@type":"PropertyValueSpecification","valueRequired":true,"valueName":"search_term_string"}}],"inLanguage":"es"},{"@type":"Person","@id":"https:\/\/ciudadyregion.com.co\/#\/schema\/person\/04a4954373ebc4051f46e8c65ff78622","name":"David Andr\u00e9s Aguirre","image":{"@type":"ImageObject","inLanguage":"es","@id":"https:\/\/ciudadyregion.com.co\/#\/schema\/person\/image\/","url":"https:\/\/secure.gravatar.com\/avatar\/bc3c655860202182ee6d1b5edd042dbe?s=96&d=mm&r=g","contentUrl":"https:\/\/secure.gravatar.com\/avatar\/bc3c655860202182ee6d1b5edd042dbe?s=96&d=mm&r=g","caption":"David Andr\u00e9s Aguirre"},"url":"https:\/\/ciudadyregion.com.co\/index.php\/author\/diegoaguirre\/"}]}},"jetpack_featured_media_url":"https:\/\/i0.wp.com\/ciudadyregion.com.co\/wp-content\/uploads\/2024\/05\/jovenes.jpg?fit=800%2C445&ssl=1","jetpack_sharing_enabled":true,"jetpack_shortlink":"https:\/\/wp.me\/pbS7hh-3Jv","jetpack-related-posts":[],"_links":{"self":[{"href":"https:\/\/ciudadyregion.com.co\/index.php\/wp-json\/wp\/v2\/posts\/14353"}],"collection":[{"href":"https:\/\/ciudadyregion.com.co\/index.php\/wp-json\/wp\/v2\/posts"}],"about":[{"href":"https:\/\/ciudadyregion.com.co\/index.php\/wp-json\/wp\/v2\/types\/post"}],"author":[{"embeddable":true,"href":"https:\/\/ciudadyregion.com.co\/index.php\/wp-json\/wp\/v2\/users\/2"}],"replies":[{"embeddable":true,"href":"https:\/\/ciudadyregion.com.co\/index.php\/wp-json\/wp\/v2\/comments?post=14353"}],"version-history":[{"count":1,"href":"https:\/\/ciudadyregion.com.co\/index.php\/wp-json\/wp\/v2\/posts\/14353\/revisions"}],"predecessor-version":[{"id":14355,"href":"https:\/\/ciudadyregion.com.co\/index.php\/wp-json\/wp\/v2\/posts\/14353\/revisions\/14355"}],"wp:featuredmedia":[{"embeddable":true,"href":"https:\/\/ciudadyregion.com.co\/index.php\/wp-json\/wp\/v2\/media\/14354"}],"wp:attachment":[{"href":"https:\/\/ciudadyregion.com.co\/index.php\/wp-json\/wp\/v2\/media?parent=14353"}],"wp:term":[{"taxonomy":"category","embeddable":true,"href":"https:\/\/ciudadyregion.com.co\/index.php\/wp-json\/wp\/v2\/categories?post=14353"},{"taxonomy":"post_tag","embeddable":true,"href":"https:\/\/ciudadyregion.com.co\/index.php\/wp-json\/wp\/v2\/tags?post=14353"}],"curies":[{"name":"wp","href":"https:\/\/api.w.org\/{rel}","templated":true}]}}