{"id":14345,"date":"2024-05-20T08:26:36","date_gmt":"2024-05-20T13:26:36","guid":{"rendered":"https:\/\/ciudadyregion.com.co\/?p=14345"},"modified":"2024-05-20T08:26:36","modified_gmt":"2024-05-20T13:26:36","slug":"desalmado-condenan-a-un-hombre-que-arrastro-y-causo-una-grave-fractura-a-su-animal-de-compania","status":"publish","type":"post","link":"https:\/\/ciudadyregion.com.co\/index.php\/desalmado-condenan-a-un-hombre-que-arrastro-y-causo-una-grave-fractura-a-su-animal-de-compania\/judicial\/","title":{"rendered":"Desalmado: Condenan a un hombre que arrastr\u00f3 y caus\u00f3 una grave fractura a su animal de compa\u00f1\u00eda"},"content":{"rendered":"<ul>\n<li><em><strong>Por otro hecho ocurrido en Tolima, fue judicializado un hombre que habr\u00eda atacado con un arma blanca a un canino.<\/strong><\/em><\/li>\n<\/ul>\n<p>Fiscales del Grupo Especial para la Lucha contra el Maltrato Animal (Gelma) obtuvieron condena y realizaron una imputaci\u00f3n, en contra de dos hombres que estar\u00edan involucrados en graves agresiones a perros en Bogot\u00e1 y Guamo (Tolima).<\/p>\n<p><strong>Condena por agresi\u00f3n a \u2018Sahory\u2019<\/strong><\/p>\n<p>La contundencia de las pruebas presentadas por la Fiscal\u00eda General de la Naci\u00f3n fue determinante para que un juez de conocimiento condenara a Andr\u00e9s Fernando Concha Cantor por la agresi\u00f3n cometida contra su animal de compa\u00f1\u00eda, una canina llamada \u2018Sahory\u2019.<\/p>\n<p>El 15 de diciembre de 2019, en una zona com\u00fan de un conjunto residencial de Bogot\u00e1, Concha Cantor arroj\u00f3 al animal contra el piso y lo arrastr\u00f3 con la correa caus\u00e1ndole una grave fractura en el f\u00e9mur. \u2018Sahory\u2019 fue trasladada a un centro veterinario e intervenida quir\u00fargicamente.<\/p>\n<p>El agresor fue sentenciado a 12 meses de prisi\u00f3n por el delito de maltrato animal e inhabilitado para la tenencia de animales por el mismo tiempo.<br \/>\nAgresi\u00f3n a \u2018Goccy\u2019 El pasado 23 de marzo, en la vereda Sam\u00e1n, en el Guamo (Tolima), Helmer Nicol\u00e1s Murillo Quimbay habr\u00eda atacado con un arma blanca a un perro llamado Goccy.<\/p>\n<p>De acuerdo con la investigaci\u00f3n, el hombre caminaba con un ganado, cuando el animal supuestamente les ladr\u00f3. En ese momento, al parecer, sac\u00f3 un elemento cortopunzante y le caus\u00f3 una herida al canino en el lomo. \u2018Goccy\u2019 fue sometido a una operaci\u00f3n para salvarle la vida. Por su parte, Murillo Quimbay fue imputado por el delito de maltrato animal agravado, cargo que no fue aceptado.<\/p>\n","protected":false},"excerpt":{"rendered":"<p>Por otro hecho ocurrido en Tolima, fue judicializado un hombre que habr\u00eda atacado con un arma blanca a un canino. Fiscales del Grupo Especial para la Lucha contra el Maltrato Animal (Gelma) obtuvieron condena y realizaron una imputaci\u00f3n, en contra de dos hombres que estar\u00edan involucrados en graves agresiones a<span class=\"more-link\"><a href=\"https:\/\/ciudadyregion.com.co\/index.php\/desalmado-condenan-a-un-hombre-que-arrastro-y-causo-una-grave-fractura-a-su-animal-de-compania\/judicial\/\">Continuar Leyendo<\/a><\/span><\/p>\n","protected":false},"author":2,"featured_media":14346,"comment_status":"open","ping_status":"open","sticky":false,"template":"","format":"standard","meta":{"_uf_show_specific_survey":0,"_uf_disable_surveys":false,"_jetpack_memberships_contains_paid_content":false,"footnotes":"","jetpack_publicize_message":"","jetpack_publicize_feature_enabled":true,"jetpack_social_post_already_shared":true,"jetpack_social_options":{"image_generator_settings":{"template":"highway","enabled":false},"version":2}},"categories":[18],"tags":[],"class_list":["entry","author-diegoaguirre","post-14345","post","type-post","status-publish","format-standard","has-post-thumbnail","category-judicial"],"jetpack_publicize_connections":[],"yoast_head":"<!-- This site is optimized with the Yoast SEO plugin v24.3 - https:\/\/yoast.com\/wordpress\/plugins\/seo\/ -->\n<title>Desalmado: Condenan a un hombre que arrastr\u00f3 y caus\u00f3 una grave fractura a su animal de compa\u00f1\u00eda - Ciudad y Region<\/title>\n<meta name=\"robots\" content=\"index, follow, max-snippet:-1, max-image-preview:large, max-video-preview:-1\" \/>\n<link rel=\"canonical\" href=\"https:\/\/ciudadyregion.com.co\/index.php\/desalmado-condenan-a-un-hombre-que-arrastro-y-causo-una-grave-fractura-a-su-animal-de-compania\/judicial\/\" \/>\n<meta property=\"og:locale\" content=\"es_ES\" \/>\n<meta property=\"og:type\" content=\"article\" \/>\n<meta property=\"og:title\" content=\"Desalmado: Condenan a un hombre que arrastr\u00f3 y caus\u00f3 una grave fractura a su animal de compa\u00f1\u00eda - Ciudad y Region\" \/>\n<meta property=\"og:description\" content=\"Por otro hecho ocurrido en Tolima, fue judicializado un hombre que habr\u00eda atacado con un arma blanca a un canino. Fiscales del Grupo Especial para la Lucha contra el Maltrato Animal (Gelma) obtuvieron condena y realizaron una imputaci\u00f3n, en contra de dos hombres que estar\u00edan involucrados en graves agresiones aContinuar Leyendo\" \/>\n<meta property=\"og:url\" content=\"https:\/\/ciudadyregion.com.co\/index.php\/desalmado-condenan-a-un-hombre-que-arrastro-y-causo-una-grave-fractura-a-su-animal-de-compania\/judicial\/\" \/>\n<meta property=\"og:site_name\" content=\"Ciudad y Region\" \/>\n<meta property=\"article:published_time\" content=\"2024-05-20T13:26:36+00:00\" \/>\n<meta property=\"og:image\" content=\"https:\/\/ciudadyregion.com.co\/wp-content\/uploads\/2024\/05\/8-7-1.jpg\" \/>\n\t<meta property=\"og:image:width\" content=\"800\" \/>\n\t<meta property=\"og:image:height\" content=\"445\" \/>\n\t<meta property=\"og:image:type\" content=\"image\/jpeg\" \/>\n<meta name=\"author\" content=\"David Andr\u00e9s Aguirre\" \/>\n<meta name=\"twitter:card\" content=\"summary_large_image\" \/>\n<meta name=\"twitter:label1\" content=\"Escrito por\" \/>\n\t<meta name=\"twitter:data1\" content=\"David Andr\u00e9s Aguirre\" \/>\n\t<meta name=\"twitter:label2\" content=\"Tiempo de lectura\" \/>\n\t<meta name=\"twitter:data2\" content=\"2 minutos\" \/>\n<script type=\"application\/ld+json\" class=\"yoast-schema-graph\">{\"@context\":\"https:\/\/schema.org\",\"@graph\":[{\"@type\":\"WebPage\",\"@id\":\"https:\/\/ciudadyregion.com.co\/index.php\/desalmado-condenan-a-un-hombre-que-arrastro-y-causo-una-grave-fractura-a-su-animal-de-compania\/judicial\/\",\"url\":\"https:\/\/ciudadyregion.com.co\/index.php\/desalmado-condenan-a-un-hombre-que-arrastro-y-causo-una-grave-fractura-a-su-animal-de-compania\/judicial\/\",\"name\":\"Desalmado: Condenan a un hombre que arrastr\u00f3 y caus\u00f3 una grave fractura a su animal de compa\u00f1\u00eda - Ciudad y Region\",\"isPartOf\":{\"@id\":\"https:\/\/ciudadyregion.com.co\/#website\"},\"primaryImageOfPage\":{\"@id\":\"https:\/\/ciudadyregion.com.co\/index.php\/desalmado-condenan-a-un-hombre-que-arrastro-y-causo-una-grave-fractura-a-su-animal-de-compania\/judicial\/#primaryimage\"},\"image\":{\"@id\":\"https:\/\/ciudadyregion.com.co\/index.php\/desalmado-condenan-a-un-hombre-que-arrastro-y-causo-una-grave-fractura-a-su-animal-de-compania\/judicial\/#primaryimage\"},\"thumbnailUrl\":\"https:\/\/i0.wp.com\/ciudadyregion.com.co\/wp-content\/uploads\/2024\/05\/8-7-1.jpg?fit=800%2C445&ssl=1\",\"datePublished\":\"2024-05-20T13:26:36+00:00\",\"dateModified\":\"2024-05-20T13:26:36+00:00\",\"author\":{\"@id\":\"https:\/\/ciudadyregion.com.co\/#\/schema\/person\/04a4954373ebc4051f46e8c65ff78622\"},\"breadcrumb\":{\"@id\":\"https:\/\/ciudadyregion.com.co\/index.php\/desalmado-condenan-a-un-hombre-que-arrastro-y-causo-una-grave-fractura-a-su-animal-de-compania\/judicial\/#breadcrumb\"},\"inLanguage\":\"es\",\"potentialAction\":[{\"@type\":\"ReadAction\",\"target\":[\"https:\/\/ciudadyregion.com.co\/index.php\/desalmado-condenan-a-un-hombre-que-arrastro-y-causo-una-grave-fractura-a-su-animal-de-compania\/judicial\/\"]}]},{\"@type\":\"ImageObject\",\"inLanguage\":\"es\",\"@id\":\"https:\/\/ciudadyregion.com.co\/index.php\/desalmado-condenan-a-un-hombre-que-arrastro-y-causo-una-grave-fractura-a-su-animal-de-compania\/judicial\/#primaryimage\",\"url\":\"https:\/\/i0.wp.com\/ciudadyregion.com.co\/wp-content\/uploads\/2024\/05\/8-7-1.jpg?fit=800%2C445&ssl=1\",\"contentUrl\":\"https:\/\/i0.wp.com\/ciudadyregion.com.co\/wp-content\/uploads\/2024\/05\/8-7-1.jpg?fit=800%2C445&ssl=1\",\"width\":800,\"height\":445},{\"@type\":\"BreadcrumbList\",\"@id\":\"https:\/\/ciudadyregion.com.co\/index.php\/desalmado-condenan-a-un-hombre-que-arrastro-y-causo-una-grave-fractura-a-su-animal-de-compania\/judicial\/#breadcrumb\",\"itemListElement\":[{\"@type\":\"ListItem\",\"position\":1,\"name\":\"Portada\",\"item\":\"https:\/\/ciudadyregion.com.co\/\"},{\"@type\":\"ListItem\",\"position\":2,\"name\":\"Desalmado: Condenan a un hombre que arrastr\u00f3 y caus\u00f3 una grave fractura a su animal de compa\u00f1\u00eda\"}]},{\"@type\":\"WebSite\",\"@id\":\"https:\/\/ciudadyregion.com.co\/#website\",\"url\":\"https:\/\/ciudadyregion.com.co\/\",\"name\":\"Ciudad y Region\",\"description\":\"\",\"potentialAction\":[{\"@type\":\"SearchAction\",\"target\":{\"@type\":\"EntryPoint\",\"urlTemplate\":\"https:\/\/ciudadyregion.com.co\/?s={search_term_string}\"},\"query-input\":{\"@type\":\"PropertyValueSpecification\",\"valueRequired\":true,\"valueName\":\"search_term_string\"}}],\"inLanguage\":\"es\"},{\"@type\":\"Person\",\"@id\":\"https:\/\/ciudadyregion.com.co\/#\/schema\/person\/04a4954373ebc4051f46e8c65ff78622\",\"name\":\"David Andr\u00e9s Aguirre\",\"image\":{\"@type\":\"ImageObject\",\"inLanguage\":\"es\",\"@id\":\"https:\/\/ciudadyregion.com.co\/#\/schema\/person\/image\/\",\"url\":\"https:\/\/secure.gravatar.com\/avatar\/bc3c655860202182ee6d1b5edd042dbe?s=96&d=mm&r=g\",\"contentUrl\":\"https:\/\/secure.gravatar.com\/avatar\/bc3c655860202182ee6d1b5edd042dbe?s=96&d=mm&r=g\",\"caption\":\"David Andr\u00e9s Aguirre\"},\"url\":\"https:\/\/ciudadyregion.com.co\/index.php\/author\/diegoaguirre\/\"}]}<\/script>\n<!-- \/ Yoast SEO plugin. -->","yoast_head_json":{"title":"Desalmado: Condenan a un hombre que arrastr\u00f3 y caus\u00f3 una grave fractura a su animal de compa\u00f1\u00eda - Ciudad y Region","robots":{"index":"index","follow":"follow","max-snippet":"max-snippet:-1","max-image-preview":"max-image-preview:large","max-video-preview":"max-video-preview:-1"},"canonical":"https:\/\/ciudadyregion.com.co\/index.php\/desalmado-condenan-a-un-hombre-que-arrastro-y-causo-una-grave-fractura-a-su-animal-de-compania\/judicial\/","og_locale":"es_ES","og_type":"article","og_title":"Desalmado: Condenan a un hombre que arrastr\u00f3 y caus\u00f3 una grave fractura a su animal de compa\u00f1\u00eda - Ciudad y Region","og_description":"Por otro hecho ocurrido en Tolima, fue judicializado un hombre que habr\u00eda atacado con un arma blanca a un canino. Fiscales del Grupo Especial para la Lucha contra el Maltrato Animal (Gelma) obtuvieron condena y realizaron una imputaci\u00f3n, en contra de dos hombres que estar\u00edan involucrados en graves agresiones aContinuar Leyendo","og_url":"https:\/\/ciudadyregion.com.co\/index.php\/desalmado-condenan-a-un-hombre-que-arrastro-y-causo-una-grave-fractura-a-su-animal-de-compania\/judicial\/","og_site_name":"Ciudad y Region","article_published_time":"2024-05-20T13:26:36+00:00","og_image":[{"width":800,"height":445,"url":"https:\/\/ciudadyregion.com.co\/wp-content\/uploads\/2024\/05\/8-7-1.jpg","type":"image\/jpeg"}],"author":"David Andr\u00e9s Aguirre","twitter_card":"summary_large_image","twitter_misc":{"Escrito por":"David Andr\u00e9s Aguirre","Tiempo de lectura":"2 minutos"},"schema":{"@context":"https:\/\/schema.org","@graph":[{"@type":"WebPage","@id":"https:\/\/ciudadyregion.com.co\/index.php\/desalmado-condenan-a-un-hombre-que-arrastro-y-causo-una-grave-fractura-a-su-animal-de-compania\/judicial\/","url":"https:\/\/ciudadyregion.com.co\/index.php\/desalmado-condenan-a-un-hombre-que-arrastro-y-causo-una-grave-fractura-a-su-animal-de-compania\/judicial\/","name":"Desalmado: Condenan a un hombre que arrastr\u00f3 y caus\u00f3 una grave fractura a su animal de compa\u00f1\u00eda - Ciudad y Region","isPartOf":{"@id":"https:\/\/ciudadyregion.com.co\/#website"},"primaryImageOfPage":{"@id":"https:\/\/ciudadyregion.com.co\/index.php\/desalmado-condenan-a-un-hombre-que-arrastro-y-causo-una-grave-fractura-a-su-animal-de-compania\/judicial\/#primaryimage"},"image":{"@id":"https:\/\/ciudadyregion.com.co\/index.php\/desalmado-condenan-a-un-hombre-que-arrastro-y-causo-una-grave-fractura-a-su-animal-de-compania\/judicial\/#primaryimage"},"thumbnailUrl":"https:\/\/i0.wp.com\/ciudadyregion.com.co\/wp-content\/uploads\/2024\/05\/8-7-1.jpg?fit=800%2C445&ssl=1","datePublished":"2024-05-20T13:26:36+00:00","dateModified":"2024-05-20T13:26:36+00:00","author":{"@id":"https:\/\/ciudadyregion.com.co\/#\/schema\/person\/04a4954373ebc4051f46e8c65ff78622"},"breadcrumb":{"@id":"https:\/\/ciudadyregion.com.co\/index.php\/desalmado-condenan-a-un-hombre-que-arrastro-y-causo-una-grave-fractura-a-su-animal-de-compania\/judicial\/#breadcrumb"},"inLanguage":"es","potentialAction":[{"@type":"ReadAction","target":["https:\/\/ciudadyregion.com.co\/index.php\/desalmado-condenan-a-un-hombre-que-arrastro-y-causo-una-grave-fractura-a-su-animal-de-compania\/judicial\/"]}]},{"@type":"ImageObject","inLanguage":"es","@id":"https:\/\/ciudadyregion.com.co\/index.php\/desalmado-condenan-a-un-hombre-que-arrastro-y-causo-una-grave-fractura-a-su-animal-de-compania\/judicial\/#primaryimage","url":"https:\/\/i0.wp.com\/ciudadyregion.com.co\/wp-content\/uploads\/2024\/05\/8-7-1.jpg?fit=800%2C445&ssl=1","contentUrl":"https:\/\/i0.wp.com\/ciudadyregion.com.co\/wp-content\/uploads\/2024\/05\/8-7-1.jpg?fit=800%2C445&ssl=1","width":800,"height":445},{"@type":"BreadcrumbList","@id":"https:\/\/ciudadyregion.com.co\/index.php\/desalmado-condenan-a-un-hombre-que-arrastro-y-causo-una-grave-fractura-a-su-animal-de-compania\/judicial\/#breadcrumb","itemListElement":[{"@type":"ListItem","position":1,"name":"Portada","item":"https:\/\/ciudadyregion.com.co\/"},{"@type":"ListItem","position":2,"name":"Desalmado: Condenan a un hombre que arrastr\u00f3 y caus\u00f3 una grave fractura a su animal de compa\u00f1\u00eda"}]},{"@type":"WebSite","@id":"https:\/\/ciudadyregion.com.co\/#website","url":"https:\/\/ciudadyregion.com.co\/","name":"Ciudad y Region","description":"","potentialAction":[{"@type":"SearchAction","target":{"@type":"EntryPoint","urlTemplate":"https:\/\/ciudadyregion.com.co\/?s={search_term_string}"},"query-input":{"@type":"PropertyValueSpecification","valueRequired":true,"valueName":"search_term_string"}}],"inLanguage":"es"},{"@type":"Person","@id":"https:\/\/ciudadyregion.com.co\/#\/schema\/person\/04a4954373ebc4051f46e8c65ff78622","name":"David Andr\u00e9s Aguirre","image":{"@type":"ImageObject","inLanguage":"es","@id":"https:\/\/ciudadyregion.com.co\/#\/schema\/person\/image\/","url":"https:\/\/secure.gravatar.com\/avatar\/bc3c655860202182ee6d1b5edd042dbe?s=96&d=mm&r=g","contentUrl":"https:\/\/secure.gravatar.com\/avatar\/bc3c655860202182ee6d1b5edd042dbe?s=96&d=mm&r=g","caption":"David Andr\u00e9s Aguirre"},"url":"https:\/\/ciudadyregion.com.co\/index.php\/author\/diegoaguirre\/"}]}},"jetpack_featured_media_url":"https:\/\/i0.wp.com\/ciudadyregion.com.co\/wp-content\/uploads\/2024\/05\/8-7-1.jpg?fit=800%2C445&ssl=1","jetpack_sharing_enabled":true,"jetpack_shortlink":"https:\/\/wp.me\/pbS7hh-3Jn","jetpack-related-posts":[],"_links":{"self":[{"href":"https:\/\/ciudadyregion.com.co\/index.php\/wp-json\/wp\/v2\/posts\/14345"}],"collection":[{"href":"https:\/\/ciudadyregion.com.co\/index.php\/wp-json\/wp\/v2\/posts"}],"about":[{"href":"https:\/\/ciudadyregion.com.co\/index.php\/wp-json\/wp\/v2\/types\/post"}],"author":[{"embeddable":true,"href":"https:\/\/ciudadyregion.com.co\/index.php\/wp-json\/wp\/v2\/users\/2"}],"replies":[{"embeddable":true,"href":"https:\/\/ciudadyregion.com.co\/index.php\/wp-json\/wp\/v2\/comments?post=14345"}],"version-history":[{"count":1,"href":"https:\/\/ciudadyregion.com.co\/index.php\/wp-json\/wp\/v2\/posts\/14345\/revisions"}],"predecessor-version":[{"id":14347,"href":"https:\/\/ciudadyregion.com.co\/index.php\/wp-json\/wp\/v2\/posts\/14345\/revisions\/14347"}],"wp:featuredmedia":[{"embeddable":true,"href":"https:\/\/ciudadyregion.com.co\/index.php\/wp-json\/wp\/v2\/media\/14346"}],"wp:attachment":[{"href":"https:\/\/ciudadyregion.com.co\/index.php\/wp-json\/wp\/v2\/media?parent=14345"}],"wp:term":[{"taxonomy":"category","embeddable":true,"href":"https:\/\/ciudadyregion.com.co\/index.php\/wp-json\/wp\/v2\/categories?post=14345"},{"taxonomy":"post_tag","embeddable":true,"href":"https:\/\/ciudadyregion.com.co\/index.php\/wp-json\/wp\/v2\/tags?post=14345"}],"curies":[{"name":"wp","href":"https:\/\/api.w.org\/{rel}","templated":true}]}}