{"id":14342,"date":"2024-05-20T08:21:40","date_gmt":"2024-05-20T13:21:40","guid":{"rendered":"https:\/\/ciudadyregion.com.co\/?p=14342"},"modified":"2024-05-20T08:21:40","modified_gmt":"2024-05-20T13:21:40","slug":"32-personas-fueron-capturadas-por-la-policia-de-cundinamarca-durante-el-fin-de-semana","status":"publish","type":"post","link":"https:\/\/ciudadyregion.com.co\/index.php\/32-personas-fueron-capturadas-por-la-policia-de-cundinamarca-durante-el-fin-de-semana\/judicial\/","title":{"rendered":"32 personas fueron capturadas por la Polic\u00eda de Cundinamarca durante el fin de semana"},"content":{"rendered":"<ul>\n<li><em><strong>En el departamento se desarrollaron en total 9 eventos entre ferias y fiestas, se realiz\u00f3 el lanzamiento del Plan Cosecha en Chaguan\u00ed para trabajar por la seguridad del gremio cafetero. Durante el fin de semana se registr\u00f3 un homicidio en el municipio de Guayabal de S\u00edquima.<\/strong><\/em><\/li>\n<\/ul>\n<p>En el marco del nuevo modelo del servicio de Polic\u00eda; orientado a las personas y los territorios, que articula el trabajo de nuestros hombres y mujeres, de las diferentes especialidades de la instituci\u00f3n, permiti\u00f3 la captura de 32 personas por diferentes delitos, 30 de ellas en flagrancia, 2 por orden judicial y una aprehensi\u00f3n.<\/p>\n<p>Tambi\u00e9n se incaut\u00f3 3 armas de fuego, la recuperaci\u00f3n de 2 veh\u00edculos, 2 motocicletas que hab\u00edan sido hurtadas, y la incautaci\u00f3n de 1.125 dosis de estupefacientes.<\/p>\n<p>Se destaca la materializaci\u00f3n de una orden de registro y allanamiento en el municipio de Fusagasug\u00e1; en donde se logra capturar a dos personas y la aprehensi\u00f3n de un menor de edad, por el delito de tr\u00e1fico fabricaci\u00f3n y porte de estupefacientes. A estas personas se les incaut\u00f3 m\u00e1s de 600 dosis de estupefacientes, 8 celulares y dinero en efectivo.<\/p>\n<p>Fueron dejados a disposici\u00f3n de la autoridad legal competente. Frente al comportamiento delictivo se present\u00f3 un caso de homicidio en el departamento, estos hechos ocurrieron al interior de una finca en zona rural del municipio de Guayabal\u00a0de S\u00edquima; en donde se encuentra el cuerpo sin vida de un hombre de 55 a\u00f1os, con m\u00faltiples impactos de arma de fuego.<\/p>\n<p>Realizamos el lanzamiento del plan cosecha 2024 con las autoridades pol\u00edtico administrativas de la provincia del Magdalena Centro y el gremio Cafetero, para construir l\u00edneas de trabajo para la seguridad y convivencia de esta poblaci\u00f3n.<\/p>\n<p>Este fin de semana, apoyamos con la seguridad de las fiestas en Tibacuy, La mesa, Cachipay, Nimaima, La Vega, San Francisco, Puerto Bogot\u00e1, F\u00faquene y Guayabetal. La Polic\u00eda Nacional, continuar\u00e1 realizando estas actividades de alto impacto en la jurisdicci\u00f3n, invitamos a la comunidad en general, a denunciar a trav\u00e9s de la l\u00ednea de emergencia 123, cualquier hecho que afecte la tranquilidad de la comunidad.<\/p>\n","protected":false},"excerpt":{"rendered":"<p>En el departamento se desarrollaron en total 9 eventos entre ferias y fiestas, se realiz\u00f3 el lanzamiento del Plan Cosecha en Chaguan\u00ed para trabajar por la seguridad del gremio cafetero. Durante el fin de semana se registr\u00f3 un homicidio en el municipio de Guayabal de S\u00edquima. En el marco del<span class=\"more-link\"><a href=\"https:\/\/ciudadyregion.com.co\/index.php\/32-personas-fueron-capturadas-por-la-policia-de-cundinamarca-durante-el-fin-de-semana\/judicial\/\">Continuar Leyendo<\/a><\/span><\/p>\n","protected":false},"author":2,"featured_media":11806,"comment_status":"open","ping_status":"open","sticky":false,"template":"","format":"standard","meta":{"_uf_show_specific_survey":0,"_uf_disable_surveys":false,"_jetpack_memberships_contains_paid_content":false,"footnotes":"","jetpack_publicize_message":"","jetpack_publicize_feature_enabled":true,"jetpack_social_post_already_shared":true,"jetpack_social_options":{"image_generator_settings":{"template":"highway","enabled":false},"version":2}},"categories":[18],"tags":[],"class_list":["entry","author-diegoaguirre","post-14342","post","type-post","status-publish","format-standard","has-post-thumbnail","category-judicial"],"jetpack_publicize_connections":[],"yoast_head":"<!-- This site is optimized with the Yoast SEO plugin v24.3 - https:\/\/yoast.com\/wordpress\/plugins\/seo\/ -->\n<title>32 personas fueron capturadas por la Polic\u00eda de Cundinamarca durante el fin de semana - Ciudad y Region<\/title>\n<meta name=\"robots\" content=\"index, follow, max-snippet:-1, max-image-preview:large, max-video-preview:-1\" \/>\n<link rel=\"canonical\" href=\"https:\/\/ciudadyregion.com.co\/index.php\/32-personas-fueron-capturadas-por-la-policia-de-cundinamarca-durante-el-fin-de-semana\/judicial\/\" \/>\n<meta property=\"og:locale\" content=\"es_ES\" \/>\n<meta property=\"og:type\" content=\"article\" \/>\n<meta property=\"og:title\" content=\"32 personas fueron capturadas por la Polic\u00eda de Cundinamarca durante el fin de semana - Ciudad y Region\" \/>\n<meta property=\"og:description\" content=\"En el departamento se desarrollaron en total 9 eventos entre ferias y fiestas, se realiz\u00f3 el lanzamiento del Plan Cosecha en Chaguan\u00ed para trabajar por la seguridad del gremio cafetero. Durante el fin de semana se registr\u00f3 un homicidio en el municipio de Guayabal de S\u00edquima. En el marco delContinuar Leyendo\" \/>\n<meta property=\"og:url\" content=\"https:\/\/ciudadyregion.com.co\/index.php\/32-personas-fueron-capturadas-por-la-policia-de-cundinamarca-durante-el-fin-de-semana\/judicial\/\" \/>\n<meta property=\"og:site_name\" content=\"Ciudad y Region\" \/>\n<meta property=\"article:published_time\" content=\"2024-05-20T13:21:40+00:00\" \/>\n<meta property=\"og:image\" content=\"https:\/\/ciudadyregion.com.co\/wp-content\/uploads\/2024\/04\/menor-de-edad-ladron-hurto-capturado-detenido-esposado-1.jpg\" \/>\n\t<meta property=\"og:image:width\" content=\"800\" \/>\n\t<meta property=\"og:image:height\" content=\"445\" \/>\n\t<meta property=\"og:image:type\" content=\"image\/jpeg\" \/>\n<meta name=\"author\" content=\"David Andr\u00e9s Aguirre\" \/>\n<meta name=\"twitter:card\" content=\"summary_large_image\" \/>\n<meta name=\"twitter:label1\" content=\"Escrito por\" \/>\n\t<meta name=\"twitter:data1\" content=\"David Andr\u00e9s Aguirre\" \/>\n\t<meta name=\"twitter:label2\" content=\"Tiempo de lectura\" \/>\n\t<meta name=\"twitter:data2\" content=\"2 minutos\" \/>\n<script type=\"application\/ld+json\" class=\"yoast-schema-graph\">{\"@context\":\"https:\/\/schema.org\",\"@graph\":[{\"@type\":\"WebPage\",\"@id\":\"https:\/\/ciudadyregion.com.co\/index.php\/32-personas-fueron-capturadas-por-la-policia-de-cundinamarca-durante-el-fin-de-semana\/judicial\/\",\"url\":\"https:\/\/ciudadyregion.com.co\/index.php\/32-personas-fueron-capturadas-por-la-policia-de-cundinamarca-durante-el-fin-de-semana\/judicial\/\",\"name\":\"32 personas fueron capturadas por la Polic\u00eda de Cundinamarca durante el fin de semana - Ciudad y Region\",\"isPartOf\":{\"@id\":\"https:\/\/ciudadyregion.com.co\/#website\"},\"primaryImageOfPage\":{\"@id\":\"https:\/\/ciudadyregion.com.co\/index.php\/32-personas-fueron-capturadas-por-la-policia-de-cundinamarca-durante-el-fin-de-semana\/judicial\/#primaryimage\"},\"image\":{\"@id\":\"https:\/\/ciudadyregion.com.co\/index.php\/32-personas-fueron-capturadas-por-la-policia-de-cundinamarca-durante-el-fin-de-semana\/judicial\/#primaryimage\"},\"thumbnailUrl\":\"https:\/\/i0.wp.com\/ciudadyregion.com.co\/wp-content\/uploads\/2024\/04\/menor-de-edad-ladron-hurto-capturado-detenido-esposado-1.jpg?fit=800%2C445&ssl=1\",\"datePublished\":\"2024-05-20T13:21:40+00:00\",\"dateModified\":\"2024-05-20T13:21:40+00:00\",\"author\":{\"@id\":\"https:\/\/ciudadyregion.com.co\/#\/schema\/person\/04a4954373ebc4051f46e8c65ff78622\"},\"breadcrumb\":{\"@id\":\"https:\/\/ciudadyregion.com.co\/index.php\/32-personas-fueron-capturadas-por-la-policia-de-cundinamarca-durante-el-fin-de-semana\/judicial\/#breadcrumb\"},\"inLanguage\":\"es\",\"potentialAction\":[{\"@type\":\"ReadAction\",\"target\":[\"https:\/\/ciudadyregion.com.co\/index.php\/32-personas-fueron-capturadas-por-la-policia-de-cundinamarca-durante-el-fin-de-semana\/judicial\/\"]}]},{\"@type\":\"ImageObject\",\"inLanguage\":\"es\",\"@id\":\"https:\/\/ciudadyregion.com.co\/index.php\/32-personas-fueron-capturadas-por-la-policia-de-cundinamarca-durante-el-fin-de-semana\/judicial\/#primaryimage\",\"url\":\"https:\/\/i0.wp.com\/ciudadyregion.com.co\/wp-content\/uploads\/2024\/04\/menor-de-edad-ladron-hurto-capturado-detenido-esposado-1.jpg?fit=800%2C445&ssl=1\",\"contentUrl\":\"https:\/\/i0.wp.com\/ciudadyregion.com.co\/wp-content\/uploads\/2024\/04\/menor-de-edad-ladron-hurto-capturado-detenido-esposado-1.jpg?fit=800%2C445&ssl=1\",\"width\":800,\"height\":445},{\"@type\":\"BreadcrumbList\",\"@id\":\"https:\/\/ciudadyregion.com.co\/index.php\/32-personas-fueron-capturadas-por-la-policia-de-cundinamarca-durante-el-fin-de-semana\/judicial\/#breadcrumb\",\"itemListElement\":[{\"@type\":\"ListItem\",\"position\":1,\"name\":\"Portada\",\"item\":\"https:\/\/ciudadyregion.com.co\/\"},{\"@type\":\"ListItem\",\"position\":2,\"name\":\"32 personas fueron capturadas por la Polic\u00eda de Cundinamarca durante el fin de semana\"}]},{\"@type\":\"WebSite\",\"@id\":\"https:\/\/ciudadyregion.com.co\/#website\",\"url\":\"https:\/\/ciudadyregion.com.co\/\",\"name\":\"Ciudad y Region\",\"description\":\"\",\"potentialAction\":[{\"@type\":\"SearchAction\",\"target\":{\"@type\":\"EntryPoint\",\"urlTemplate\":\"https:\/\/ciudadyregion.com.co\/?s={search_term_string}\"},\"query-input\":{\"@type\":\"PropertyValueSpecification\",\"valueRequired\":true,\"valueName\":\"search_term_string\"}}],\"inLanguage\":\"es\"},{\"@type\":\"Person\",\"@id\":\"https:\/\/ciudadyregion.com.co\/#\/schema\/person\/04a4954373ebc4051f46e8c65ff78622\",\"name\":\"David Andr\u00e9s Aguirre\",\"image\":{\"@type\":\"ImageObject\",\"inLanguage\":\"es\",\"@id\":\"https:\/\/ciudadyregion.com.co\/#\/schema\/person\/image\/\",\"url\":\"https:\/\/secure.gravatar.com\/avatar\/bc3c655860202182ee6d1b5edd042dbe?s=96&d=mm&r=g\",\"contentUrl\":\"https:\/\/secure.gravatar.com\/avatar\/bc3c655860202182ee6d1b5edd042dbe?s=96&d=mm&r=g\",\"caption\":\"David Andr\u00e9s Aguirre\"},\"url\":\"https:\/\/ciudadyregion.com.co\/index.php\/author\/diegoaguirre\/\"}]}<\/script>\n<!-- \/ Yoast SEO plugin. -->","yoast_head_json":{"title":"32 personas fueron capturadas por la Polic\u00eda de Cundinamarca durante el fin de semana - Ciudad y Region","robots":{"index":"index","follow":"follow","max-snippet":"max-snippet:-1","max-image-preview":"max-image-preview:large","max-video-preview":"max-video-preview:-1"},"canonical":"https:\/\/ciudadyregion.com.co\/index.php\/32-personas-fueron-capturadas-por-la-policia-de-cundinamarca-durante-el-fin-de-semana\/judicial\/","og_locale":"es_ES","og_type":"article","og_title":"32 personas fueron capturadas por la Polic\u00eda de Cundinamarca durante el fin de semana - Ciudad y Region","og_description":"En el departamento se desarrollaron en total 9 eventos entre ferias y fiestas, se realiz\u00f3 el lanzamiento del Plan Cosecha en Chaguan\u00ed para trabajar por la seguridad del gremio cafetero. Durante el fin de semana se registr\u00f3 un homicidio en el municipio de Guayabal de S\u00edquima. En el marco delContinuar Leyendo","og_url":"https:\/\/ciudadyregion.com.co\/index.php\/32-personas-fueron-capturadas-por-la-policia-de-cundinamarca-durante-el-fin-de-semana\/judicial\/","og_site_name":"Ciudad y Region","article_published_time":"2024-05-20T13:21:40+00:00","og_image":[{"width":800,"height":445,"url":"https:\/\/ciudadyregion.com.co\/wp-content\/uploads\/2024\/04\/menor-de-edad-ladron-hurto-capturado-detenido-esposado-1.jpg","type":"image\/jpeg"}],"author":"David Andr\u00e9s Aguirre","twitter_card":"summary_large_image","twitter_misc":{"Escrito por":"David Andr\u00e9s Aguirre","Tiempo de lectura":"2 minutos"},"schema":{"@context":"https:\/\/schema.org","@graph":[{"@type":"WebPage","@id":"https:\/\/ciudadyregion.com.co\/index.php\/32-personas-fueron-capturadas-por-la-policia-de-cundinamarca-durante-el-fin-de-semana\/judicial\/","url":"https:\/\/ciudadyregion.com.co\/index.php\/32-personas-fueron-capturadas-por-la-policia-de-cundinamarca-durante-el-fin-de-semana\/judicial\/","name":"32 personas fueron capturadas por la Polic\u00eda de Cundinamarca durante el fin de semana - Ciudad y Region","isPartOf":{"@id":"https:\/\/ciudadyregion.com.co\/#website"},"primaryImageOfPage":{"@id":"https:\/\/ciudadyregion.com.co\/index.php\/32-personas-fueron-capturadas-por-la-policia-de-cundinamarca-durante-el-fin-de-semana\/judicial\/#primaryimage"},"image":{"@id":"https:\/\/ciudadyregion.com.co\/index.php\/32-personas-fueron-capturadas-por-la-policia-de-cundinamarca-durante-el-fin-de-semana\/judicial\/#primaryimage"},"thumbnailUrl":"https:\/\/i0.wp.com\/ciudadyregion.com.co\/wp-content\/uploads\/2024\/04\/menor-de-edad-ladron-hurto-capturado-detenido-esposado-1.jpg?fit=800%2C445&ssl=1","datePublished":"2024-05-20T13:21:40+00:00","dateModified":"2024-05-20T13:21:40+00:00","author":{"@id":"https:\/\/ciudadyregion.com.co\/#\/schema\/person\/04a4954373ebc4051f46e8c65ff78622"},"breadcrumb":{"@id":"https:\/\/ciudadyregion.com.co\/index.php\/32-personas-fueron-capturadas-por-la-policia-de-cundinamarca-durante-el-fin-de-semana\/judicial\/#breadcrumb"},"inLanguage":"es","potentialAction":[{"@type":"ReadAction","target":["https:\/\/ciudadyregion.com.co\/index.php\/32-personas-fueron-capturadas-por-la-policia-de-cundinamarca-durante-el-fin-de-semana\/judicial\/"]}]},{"@type":"ImageObject","inLanguage":"es","@id":"https:\/\/ciudadyregion.com.co\/index.php\/32-personas-fueron-capturadas-por-la-policia-de-cundinamarca-durante-el-fin-de-semana\/judicial\/#primaryimage","url":"https:\/\/i0.wp.com\/ciudadyregion.com.co\/wp-content\/uploads\/2024\/04\/menor-de-edad-ladron-hurto-capturado-detenido-esposado-1.jpg?fit=800%2C445&ssl=1","contentUrl":"https:\/\/i0.wp.com\/ciudadyregion.com.co\/wp-content\/uploads\/2024\/04\/menor-de-edad-ladron-hurto-capturado-detenido-esposado-1.jpg?fit=800%2C445&ssl=1","width":800,"height":445},{"@type":"BreadcrumbList","@id":"https:\/\/ciudadyregion.com.co\/index.php\/32-personas-fueron-capturadas-por-la-policia-de-cundinamarca-durante-el-fin-de-semana\/judicial\/#breadcrumb","itemListElement":[{"@type":"ListItem","position":1,"name":"Portada","item":"https:\/\/ciudadyregion.com.co\/"},{"@type":"ListItem","position":2,"name":"32 personas fueron capturadas por la Polic\u00eda de Cundinamarca durante el fin de semana"}]},{"@type":"WebSite","@id":"https:\/\/ciudadyregion.com.co\/#website","url":"https:\/\/ciudadyregion.com.co\/","name":"Ciudad y Region","description":"","potentialAction":[{"@type":"SearchAction","target":{"@type":"EntryPoint","urlTemplate":"https:\/\/ciudadyregion.com.co\/?s={search_term_string}"},"query-input":{"@type":"PropertyValueSpecification","valueRequired":true,"valueName":"search_term_string"}}],"inLanguage":"es"},{"@type":"Person","@id":"https:\/\/ciudadyregion.com.co\/#\/schema\/person\/04a4954373ebc4051f46e8c65ff78622","name":"David Andr\u00e9s Aguirre","image":{"@type":"ImageObject","inLanguage":"es","@id":"https:\/\/ciudadyregion.com.co\/#\/schema\/person\/image\/","url":"https:\/\/secure.gravatar.com\/avatar\/bc3c655860202182ee6d1b5edd042dbe?s=96&d=mm&r=g","contentUrl":"https:\/\/secure.gravatar.com\/avatar\/bc3c655860202182ee6d1b5edd042dbe?s=96&d=mm&r=g","caption":"David Andr\u00e9s Aguirre"},"url":"https:\/\/ciudadyregion.com.co\/index.php\/author\/diegoaguirre\/"}]}},"jetpack_featured_media_url":"https:\/\/i0.wp.com\/ciudadyregion.com.co\/wp-content\/uploads\/2024\/04\/menor-de-edad-ladron-hurto-capturado-detenido-esposado-1.jpg?fit=800%2C445&ssl=1","jetpack_sharing_enabled":true,"jetpack_shortlink":"https:\/\/wp.me\/pbS7hh-3Jk","jetpack-related-posts":[],"_links":{"self":[{"href":"https:\/\/ciudadyregion.com.co\/index.php\/wp-json\/wp\/v2\/posts\/14342"}],"collection":[{"href":"https:\/\/ciudadyregion.com.co\/index.php\/wp-json\/wp\/v2\/posts"}],"about":[{"href":"https:\/\/ciudadyregion.com.co\/index.php\/wp-json\/wp\/v2\/types\/post"}],"author":[{"embeddable":true,"href":"https:\/\/ciudadyregion.com.co\/index.php\/wp-json\/wp\/v2\/users\/2"}],"replies":[{"embeddable":true,"href":"https:\/\/ciudadyregion.com.co\/index.php\/wp-json\/wp\/v2\/comments?post=14342"}],"version-history":[{"count":2,"href":"https:\/\/ciudadyregion.com.co\/index.php\/wp-json\/wp\/v2\/posts\/14342\/revisions"}],"predecessor-version":[{"id":14344,"href":"https:\/\/ciudadyregion.com.co\/index.php\/wp-json\/wp\/v2\/posts\/14342\/revisions\/14344"}],"wp:featuredmedia":[{"embeddable":true,"href":"https:\/\/ciudadyregion.com.co\/index.php\/wp-json\/wp\/v2\/media\/11806"}],"wp:attachment":[{"href":"https:\/\/ciudadyregion.com.co\/index.php\/wp-json\/wp\/v2\/media?parent=14342"}],"wp:term":[{"taxonomy":"category","embeddable":true,"href":"https:\/\/ciudadyregion.com.co\/index.php\/wp-json\/wp\/v2\/categories?post=14342"},{"taxonomy":"post_tag","embeddable":true,"href":"https:\/\/ciudadyregion.com.co\/index.php\/wp-json\/wp\/v2\/tags?post=14342"}],"curies":[{"name":"wp","href":"https:\/\/api.w.org\/{rel}","templated":true}]}}