{"id":14091,"date":"2024-05-16T04:12:58","date_gmt":"2024-05-16T09:12:58","guid":{"rendered":"https:\/\/ciudadyregion.com.co\/?p=14091"},"modified":"2024-05-15T22:13:21","modified_gmt":"2024-05-16T03:13:21","slug":"quienes-acabaron-el-ministerio-de-la-igualdad-no-quieren-la-equidad-en-colombia-presidente-petro","status":"publish","type":"post","link":"https:\/\/ciudadyregion.com.co\/index.php\/quienes-acabaron-el-ministerio-de-la-igualdad-no-quieren-la-equidad-en-colombia-presidente-petro\/politica\/","title":{"rendered":"\u00abQuienes acabaron el Ministerio de la Igualdad no quieren la equidad en Colombia\u00bb: Presidente Petro"},"content":{"rendered":"<ul>\n<li><strong><em>En su encuentro con los j\u00f3venes de todo el pa\u00eds, el jefe del Estado dijo que el papel de la juventud es luchar, pensar y actuar.<\/em><\/strong><\/li>\n<li><strong><em>Asegur\u00f3 que una fuerza juvenil delante de la sociedad, la transforma.<\/em><\/strong><\/li>\n<\/ul>\n<p>\u201cEl Ministerio de Igualdad o quienes quisieron da\u00f1arlo, simplemente era porque en el fondo no quieren la igualdad en Colombia\u00bb, dijo el presidente Gustavo Petro durante la sesi\u00f3n conjunta del subsistema de participaci\u00f3n juvenil que se realiz\u00f3 en Bogot\u00e1.<\/p>\n<p>En su intervenci\u00f3n, asegur\u00f3 que \u00abla palabra igualdad parece una groser\u00eda en Colombia\u00bb, al insistir en que la igualdad \u201ces la base de todos estos siglos de construcci\u00f3n de una Rep\u00fablica, de unas democracias en todo el mundo. Ni m\u00e1s ni menos\u00bb.<\/p>\n<p>Enfatiz\u00f3 que:<\/p>\n<blockquote><p>\u201ctenemos una sociedad profundamente desigual, aberrantemente desigual, hoy ya es la m\u00e1s desigual de Am\u00e9rica Latina, y Am\u00e9rica Latina es de las m\u00e1s sociedades m\u00e1s desiguales del mundo. Luego, Colombia es una de las cuatro sociedades m\u00e1s desiguales del planeta Tierra. Eso es aberrante\u00bb.<\/p><\/blockquote>\n<p>Se\u00f1al\u00f3 que muchos sectores de la sociedad no quieren la igualdad, porque est\u00e1n acostumbrados a la exclusi\u00f3n.<\/p>\n<blockquote><p>\u00abLa igualdad es que, como seres humanos, seamos tratados iguales ante las posibilidades, ante los derechos y ante la vida\u00bb, subray\u00f3.<\/p><\/blockquote>\n<h2>La juve\u200b\u200bntud y el estallido social<\/h2>\n<p>\u200bEl presidente se refiri\u00f3 al estallido social en Colombia y a la participaci\u00f3n de los j\u00f3venes de la Primera L\u00ednea. Afirm\u00f3 que no eran terroristas, como algunos medios de comunicaci\u00f3n los etiquetaron, sino que protestaban por su derecho a vivir.<\/p>\n<p>Por ello, inst\u00f3 a los j\u00f3venes a luchar por una sociedad m\u00e1s equitativa y a no conformarse con las formas tradicionales de la pol\u00edtica que perpet\u00faan la exclusi\u00f3n.<\/p>\n<blockquote><p>\u201cUna fuerza juvenil delante de la sociedad, es una fuerza que transforma la sociedad. Luego, ser j\u00f3venes y estar frente a la sociedad, no contra sino llev\u00e1ndola en el arte, la poes\u00eda, en la danza, en la pintura, en las matem\u00e1ticas, en la ciencia, en la danza, en el canto como aqu\u00ed, etc., en la pol\u00edtica, en la acci\u00f3n social, en la decisi\u00f3n\u00bb, dijo.<\/p><\/blockquote>\n<p>En su conclusi\u00f3n, el presidente se cuestion\u00f3:<\/p>\n<blockquote><p>\u201c\u00bfCu\u00e1l es el papel de la juventud en este momento?\u00bb y respondi\u00f3 que \u201cyo creo, humildemente, que es el de luchar, el de juntarse, el de pensar y el de actuar\u00bb.<\/p><\/blockquote>\n","protected":false},"excerpt":{"rendered":"<p>En su encuentro con los j\u00f3venes de todo el pa\u00eds, el jefe del Estado dijo que el papel de la juventud es luchar, pensar y actuar. Asegur\u00f3 que una fuerza juvenil delante de la sociedad, la transforma. \u201cEl Ministerio de Igualdad o quienes quisieron da\u00f1arlo, simplemente era porque en el<span class=\"more-link\"><a href=\"https:\/\/ciudadyregion.com.co\/index.php\/quienes-acabaron-el-ministerio-de-la-igualdad-no-quieren-la-equidad-en-colombia-presidente-petro\/politica\/\">Continuar Leyendo<\/a><\/span><\/p>\n","protected":false},"author":2,"featured_media":14094,"comment_status":"open","ping_status":"open","sticky":false,"template":"","format":"standard","meta":{"_uf_show_specific_survey":0,"_uf_disable_surveys":false,"_jetpack_memberships_contains_paid_content":false,"footnotes":"","jetpack_publicize_message":"","jetpack_publicize_feature_enabled":true,"jetpack_social_post_already_shared":true,"jetpack_social_options":{"image_generator_settings":{"template":"highway","enabled":false},"version":2}},"categories":[17],"tags":[],"class_list":["entry","author-diegoaguirre","post-14091","post","type-post","status-publish","format-standard","has-post-thumbnail","category-politica"],"jetpack_publicize_connections":[],"yoast_head":"<!-- This site is optimized with the Yoast SEO plugin v24.3 - https:\/\/yoast.com\/wordpress\/plugins\/seo\/ -->\n<title>&quot;Quienes acabaron el Ministerio de la Igualdad no quieren la equidad en Colombia&quot;: Presidente Petro - Ciudad y Region<\/title>\n<meta name=\"robots\" content=\"index, follow, max-snippet:-1, max-image-preview:large, max-video-preview:-1\" \/>\n<link rel=\"canonical\" href=\"https:\/\/ciudadyregion.com.co\/index.php\/quienes-acabaron-el-ministerio-de-la-igualdad-no-quieren-la-equidad-en-colombia-presidente-petro\/politica\/\" \/>\n<meta property=\"og:locale\" content=\"es_ES\" \/>\n<meta property=\"og:type\" content=\"article\" \/>\n<meta property=\"og:title\" content=\"&quot;Quienes acabaron el Ministerio de la Igualdad no quieren la equidad en Colombia&quot;: Presidente Petro - Ciudad y Region\" \/>\n<meta property=\"og:description\" content=\"En su encuentro con los j\u00f3venes de todo el pa\u00eds, el jefe del Estado dijo que el papel de la juventud es luchar, pensar y actuar. Asegur\u00f3 que una fuerza juvenil delante de la sociedad, la transforma. \u201cEl Ministerio de Igualdad o quienes quisieron da\u00f1arlo, simplemente era porque en elContinuar Leyendo\" \/>\n<meta property=\"og:url\" content=\"https:\/\/ciudadyregion.com.co\/index.php\/quienes-acabaron-el-ministerio-de-la-igualdad-no-quieren-la-equidad-en-colombia-presidente-petro\/politica\/\" \/>\n<meta property=\"og:site_name\" content=\"Ciudad y Region\" \/>\n<meta property=\"article:published_time\" content=\"2024-05-16T09:12:58+00:00\" \/>\n<meta property=\"article:modified_time\" content=\"2024-05-16T03:13:21+00:00\" \/>\n<meta property=\"og:image\" content=\"https:\/\/i0.wp.com\/ciudadyregion.com.co\/wp-content\/uploads\/2024\/05\/1-2.jpg?fit=800%2C445&ssl=1\" \/>\n\t<meta property=\"og:image:width\" content=\"800\" \/>\n\t<meta property=\"og:image:height\" content=\"445\" \/>\n\t<meta property=\"og:image:type\" content=\"image\/jpeg\" \/>\n<meta name=\"author\" content=\"David Andr\u00e9s Aguirre\" \/>\n<meta name=\"twitter:card\" content=\"summary_large_image\" \/>\n<meta name=\"twitter:label1\" content=\"Escrito por\" \/>\n\t<meta name=\"twitter:data1\" content=\"David Andr\u00e9s Aguirre\" \/>\n\t<meta name=\"twitter:label2\" content=\"Tiempo de lectura\" \/>\n\t<meta name=\"twitter:data2\" content=\"1 minuto\" \/>\n<script type=\"application\/ld+json\" class=\"yoast-schema-graph\">{\"@context\":\"https:\/\/schema.org\",\"@graph\":[{\"@type\":\"WebPage\",\"@id\":\"https:\/\/ciudadyregion.com.co\/index.php\/quienes-acabaron-el-ministerio-de-la-igualdad-no-quieren-la-equidad-en-colombia-presidente-petro\/politica\/\",\"url\":\"https:\/\/ciudadyregion.com.co\/index.php\/quienes-acabaron-el-ministerio-de-la-igualdad-no-quieren-la-equidad-en-colombia-presidente-petro\/politica\/\",\"name\":\"\\\"Quienes acabaron el Ministerio de la Igualdad no quieren la equidad en Colombia\\\": Presidente Petro - Ciudad y Region\",\"isPartOf\":{\"@id\":\"https:\/\/ciudadyregion.com.co\/#website\"},\"primaryImageOfPage\":{\"@id\":\"https:\/\/ciudadyregion.com.co\/index.php\/quienes-acabaron-el-ministerio-de-la-igualdad-no-quieren-la-equidad-en-colombia-presidente-petro\/politica\/#primaryimage\"},\"image\":{\"@id\":\"https:\/\/ciudadyregion.com.co\/index.php\/quienes-acabaron-el-ministerio-de-la-igualdad-no-quieren-la-equidad-en-colombia-presidente-petro\/politica\/#primaryimage\"},\"thumbnailUrl\":\"https:\/\/i0.wp.com\/ciudadyregion.com.co\/wp-content\/uploads\/2024\/05\/1-2.jpg?fit=800%2C445&ssl=1\",\"datePublished\":\"2024-05-16T09:12:58+00:00\",\"dateModified\":\"2024-05-16T03:13:21+00:00\",\"author\":{\"@id\":\"https:\/\/ciudadyregion.com.co\/#\/schema\/person\/04a4954373ebc4051f46e8c65ff78622\"},\"breadcrumb\":{\"@id\":\"https:\/\/ciudadyregion.com.co\/index.php\/quienes-acabaron-el-ministerio-de-la-igualdad-no-quieren-la-equidad-en-colombia-presidente-petro\/politica\/#breadcrumb\"},\"inLanguage\":\"es\",\"potentialAction\":[{\"@type\":\"ReadAction\",\"target\":[\"https:\/\/ciudadyregion.com.co\/index.php\/quienes-acabaron-el-ministerio-de-la-igualdad-no-quieren-la-equidad-en-colombia-presidente-petro\/politica\/\"]}]},{\"@type\":\"ImageObject\",\"inLanguage\":\"es\",\"@id\":\"https:\/\/ciudadyregion.com.co\/index.php\/quienes-acabaron-el-ministerio-de-la-igualdad-no-quieren-la-equidad-en-colombia-presidente-petro\/politica\/#primaryimage\",\"url\":\"https:\/\/i0.wp.com\/ciudadyregion.com.co\/wp-content\/uploads\/2024\/05\/1-2.jpg?fit=800%2C445&ssl=1\",\"contentUrl\":\"https:\/\/i0.wp.com\/ciudadyregion.com.co\/wp-content\/uploads\/2024\/05\/1-2.jpg?fit=800%2C445&ssl=1\",\"width\":800,\"height\":445},{\"@type\":\"BreadcrumbList\",\"@id\":\"https:\/\/ciudadyregion.com.co\/index.php\/quienes-acabaron-el-ministerio-de-la-igualdad-no-quieren-la-equidad-en-colombia-presidente-petro\/politica\/#breadcrumb\",\"itemListElement\":[{\"@type\":\"ListItem\",\"position\":1,\"name\":\"Portada\",\"item\":\"https:\/\/ciudadyregion.com.co\/\"},{\"@type\":\"ListItem\",\"position\":2,\"name\":\"&#8220;Quienes acabaron el Ministerio de la Igualdad no quieren la equidad en Colombia&#8221;: Presidente Petro\"}]},{\"@type\":\"WebSite\",\"@id\":\"https:\/\/ciudadyregion.com.co\/#website\",\"url\":\"https:\/\/ciudadyregion.com.co\/\",\"name\":\"Ciudad y Region\",\"description\":\"\",\"potentialAction\":[{\"@type\":\"SearchAction\",\"target\":{\"@type\":\"EntryPoint\",\"urlTemplate\":\"https:\/\/ciudadyregion.com.co\/?s={search_term_string}\"},\"query-input\":{\"@type\":\"PropertyValueSpecification\",\"valueRequired\":true,\"valueName\":\"search_term_string\"}}],\"inLanguage\":\"es\"},{\"@type\":\"Person\",\"@id\":\"https:\/\/ciudadyregion.com.co\/#\/schema\/person\/04a4954373ebc4051f46e8c65ff78622\",\"name\":\"David Andr\u00e9s Aguirre\",\"image\":{\"@type\":\"ImageObject\",\"inLanguage\":\"es\",\"@id\":\"https:\/\/ciudadyregion.com.co\/#\/schema\/person\/image\/\",\"url\":\"https:\/\/secure.gravatar.com\/avatar\/bc3c655860202182ee6d1b5edd042dbe?s=96&d=mm&r=g\",\"contentUrl\":\"https:\/\/secure.gravatar.com\/avatar\/bc3c655860202182ee6d1b5edd042dbe?s=96&d=mm&r=g\",\"caption\":\"David Andr\u00e9s Aguirre\"},\"url\":\"https:\/\/ciudadyregion.com.co\/index.php\/author\/diegoaguirre\/\"}]}<\/script>\n<!-- \/ Yoast SEO plugin. -->","yoast_head_json":{"title":"\"Quienes acabaron el Ministerio de la Igualdad no quieren la equidad en Colombia\": Presidente Petro - Ciudad y Region","robots":{"index":"index","follow":"follow","max-snippet":"max-snippet:-1","max-image-preview":"max-image-preview:large","max-video-preview":"max-video-preview:-1"},"canonical":"https:\/\/ciudadyregion.com.co\/index.php\/quienes-acabaron-el-ministerio-de-la-igualdad-no-quieren-la-equidad-en-colombia-presidente-petro\/politica\/","og_locale":"es_ES","og_type":"article","og_title":"\"Quienes acabaron el Ministerio de la Igualdad no quieren la equidad en Colombia\": Presidente Petro - Ciudad y Region","og_description":"En su encuentro con los j\u00f3venes de todo el pa\u00eds, el jefe del Estado dijo que el papel de la juventud es luchar, pensar y actuar. Asegur\u00f3 que una fuerza juvenil delante de la sociedad, la transforma. \u201cEl Ministerio de Igualdad o quienes quisieron da\u00f1arlo, simplemente era porque en elContinuar Leyendo","og_url":"https:\/\/ciudadyregion.com.co\/index.php\/quienes-acabaron-el-ministerio-de-la-igualdad-no-quieren-la-equidad-en-colombia-presidente-petro\/politica\/","og_site_name":"Ciudad y Region","article_published_time":"2024-05-16T09:12:58+00:00","article_modified_time":"2024-05-16T03:13:21+00:00","og_image":[{"width":800,"height":445,"url":"https:\/\/i0.wp.com\/ciudadyregion.com.co\/wp-content\/uploads\/2024\/05\/1-2.jpg?fit=800%2C445&ssl=1","type":"image\/jpeg"}],"author":"David Andr\u00e9s Aguirre","twitter_card":"summary_large_image","twitter_misc":{"Escrito por":"David Andr\u00e9s Aguirre","Tiempo de lectura":"1 minuto"},"schema":{"@context":"https:\/\/schema.org","@graph":[{"@type":"WebPage","@id":"https:\/\/ciudadyregion.com.co\/index.php\/quienes-acabaron-el-ministerio-de-la-igualdad-no-quieren-la-equidad-en-colombia-presidente-petro\/politica\/","url":"https:\/\/ciudadyregion.com.co\/index.php\/quienes-acabaron-el-ministerio-de-la-igualdad-no-quieren-la-equidad-en-colombia-presidente-petro\/politica\/","name":"\"Quienes acabaron el Ministerio de la Igualdad no quieren la equidad en Colombia\": Presidente Petro - Ciudad y Region","isPartOf":{"@id":"https:\/\/ciudadyregion.com.co\/#website"},"primaryImageOfPage":{"@id":"https:\/\/ciudadyregion.com.co\/index.php\/quienes-acabaron-el-ministerio-de-la-igualdad-no-quieren-la-equidad-en-colombia-presidente-petro\/politica\/#primaryimage"},"image":{"@id":"https:\/\/ciudadyregion.com.co\/index.php\/quienes-acabaron-el-ministerio-de-la-igualdad-no-quieren-la-equidad-en-colombia-presidente-petro\/politica\/#primaryimage"},"thumbnailUrl":"https:\/\/i0.wp.com\/ciudadyregion.com.co\/wp-content\/uploads\/2024\/05\/1-2.jpg?fit=800%2C445&ssl=1","datePublished":"2024-05-16T09:12:58+00:00","dateModified":"2024-05-16T03:13:21+00:00","author":{"@id":"https:\/\/ciudadyregion.com.co\/#\/schema\/person\/04a4954373ebc4051f46e8c65ff78622"},"breadcrumb":{"@id":"https:\/\/ciudadyregion.com.co\/index.php\/quienes-acabaron-el-ministerio-de-la-igualdad-no-quieren-la-equidad-en-colombia-presidente-petro\/politica\/#breadcrumb"},"inLanguage":"es","potentialAction":[{"@type":"ReadAction","target":["https:\/\/ciudadyregion.com.co\/index.php\/quienes-acabaron-el-ministerio-de-la-igualdad-no-quieren-la-equidad-en-colombia-presidente-petro\/politica\/"]}]},{"@type":"ImageObject","inLanguage":"es","@id":"https:\/\/ciudadyregion.com.co\/index.php\/quienes-acabaron-el-ministerio-de-la-igualdad-no-quieren-la-equidad-en-colombia-presidente-petro\/politica\/#primaryimage","url":"https:\/\/i0.wp.com\/ciudadyregion.com.co\/wp-content\/uploads\/2024\/05\/1-2.jpg?fit=800%2C445&ssl=1","contentUrl":"https:\/\/i0.wp.com\/ciudadyregion.com.co\/wp-content\/uploads\/2024\/05\/1-2.jpg?fit=800%2C445&ssl=1","width":800,"height":445},{"@type":"BreadcrumbList","@id":"https:\/\/ciudadyregion.com.co\/index.php\/quienes-acabaron-el-ministerio-de-la-igualdad-no-quieren-la-equidad-en-colombia-presidente-petro\/politica\/#breadcrumb","itemListElement":[{"@type":"ListItem","position":1,"name":"Portada","item":"https:\/\/ciudadyregion.com.co\/"},{"@type":"ListItem","position":2,"name":"&#8220;Quienes acabaron el Ministerio de la Igualdad no quieren la equidad en Colombia&#8221;: Presidente Petro"}]},{"@type":"WebSite","@id":"https:\/\/ciudadyregion.com.co\/#website","url":"https:\/\/ciudadyregion.com.co\/","name":"Ciudad y Region","description":"","potentialAction":[{"@type":"SearchAction","target":{"@type":"EntryPoint","urlTemplate":"https:\/\/ciudadyregion.com.co\/?s={search_term_string}"},"query-input":{"@type":"PropertyValueSpecification","valueRequired":true,"valueName":"search_term_string"}}],"inLanguage":"es"},{"@type":"Person","@id":"https:\/\/ciudadyregion.com.co\/#\/schema\/person\/04a4954373ebc4051f46e8c65ff78622","name":"David Andr\u00e9s Aguirre","image":{"@type":"ImageObject","inLanguage":"es","@id":"https:\/\/ciudadyregion.com.co\/#\/schema\/person\/image\/","url":"https:\/\/secure.gravatar.com\/avatar\/bc3c655860202182ee6d1b5edd042dbe?s=96&d=mm&r=g","contentUrl":"https:\/\/secure.gravatar.com\/avatar\/bc3c655860202182ee6d1b5edd042dbe?s=96&d=mm&r=g","caption":"David Andr\u00e9s Aguirre"},"url":"https:\/\/ciudadyregion.com.co\/index.php\/author\/diegoaguirre\/"}]}},"jetpack_featured_media_url":"https:\/\/i0.wp.com\/ciudadyregion.com.co\/wp-content\/uploads\/2024\/05\/1-2.jpg?fit=800%2C445&ssl=1","jetpack_sharing_enabled":true,"jetpack_shortlink":"https:\/\/wp.me\/pbS7hh-3Fh","jetpack-related-posts":[],"_links":{"self":[{"href":"https:\/\/ciudadyregion.com.co\/index.php\/wp-json\/wp\/v2\/posts\/14091"}],"collection":[{"href":"https:\/\/ciudadyregion.com.co\/index.php\/wp-json\/wp\/v2\/posts"}],"about":[{"href":"https:\/\/ciudadyregion.com.co\/index.php\/wp-json\/wp\/v2\/types\/post"}],"author":[{"embeddable":true,"href":"https:\/\/ciudadyregion.com.co\/index.php\/wp-json\/wp\/v2\/users\/2"}],"replies":[{"embeddable":true,"href":"https:\/\/ciudadyregion.com.co\/index.php\/wp-json\/wp\/v2\/comments?post=14091"}],"version-history":[{"count":1,"href":"https:\/\/ciudadyregion.com.co\/index.php\/wp-json\/wp\/v2\/posts\/14091\/revisions"}],"predecessor-version":[{"id":14095,"href":"https:\/\/ciudadyregion.com.co\/index.php\/wp-json\/wp\/v2\/posts\/14091\/revisions\/14095"}],"wp:featuredmedia":[{"embeddable":true,"href":"https:\/\/ciudadyregion.com.co\/index.php\/wp-json\/wp\/v2\/media\/14094"}],"wp:attachment":[{"href":"https:\/\/ciudadyregion.com.co\/index.php\/wp-json\/wp\/v2\/media?parent=14091"}],"wp:term":[{"taxonomy":"category","embeddable":true,"href":"https:\/\/ciudadyregion.com.co\/index.php\/wp-json\/wp\/v2\/categories?post=14091"},{"taxonomy":"post_tag","embeddable":true,"href":"https:\/\/ciudadyregion.com.co\/index.php\/wp-json\/wp\/v2\/tags?post=14091"}],"curies":[{"name":"wp","href":"https:\/\/api.w.org\/{rel}","templated":true}]}}