{"id":13910,"date":"2024-05-14T11:16:10","date_gmt":"2024-05-14T16:16:10","guid":{"rendered":"https:\/\/ciudadyregion.com.co\/?p=13910"},"modified":"2024-05-14T11:16:10","modified_gmt":"2024-05-14T16:16:10","slug":"desquiciado-condenan-a-un-hombre-que-asesino-a-un-habitante-de-calle-sin-razon-alguna-con-arma-blanca","status":"publish","type":"post","link":"https:\/\/ciudadyregion.com.co\/index.php\/desquiciado-condenan-a-un-hombre-que-asesino-a-un-habitante-de-calle-sin-razon-alguna-con-arma-blanca\/judicial\/","title":{"rendered":"Desquiciado: Condenan a un hombre que asesin\u00f3 a un habitante de calle sin raz\u00f3n alguna con arma blanca"},"content":{"rendered":"<blockquote>\n<ul>\n<li><strong><em>Deber\u00e1 cumplir una pena superior a los 45 a\u00f1os de prisi\u00f3n.<\/em><\/strong><\/li>\n<\/ul>\n<\/blockquote>\n<p>Luego de valorar las pruebas presentadas por la Fiscal\u00eda General de la Naci\u00f3n,\u00a0un juez penal de conocimiento conden\u00f3 a Juan Guillermo G\u00f3mez Pineda a 45 a\u00f1os y 10 meses de prisi\u00f3n, por ocasionarle la muerte a un habitante de calle en Medell\u00edn, la madrugada el 23 de junio de 2022.<\/p>\n<p>De acuerdo con la investigaci\u00f3n, liderada por un fiscal de la Unidad de Delitos contra la Vida de la Seccional Medell\u00edn,\u00a0la v\u00edctima, de 40 a\u00f1os, dorm\u00eda debajo de un puente peatonal ubicado en inmediaciones de la Plaza Minorista de\u00a0la ciudad, cuando fue atacada con armas blancas por dos hombres.<\/p>\n<p>Se estableci\u00f3 que, al momento de cometer el crimen, G\u00f3mez Pineda se hallaba en prisi\u00f3n domiciliaria, por cuenta de otra condena en su contra, de 16 a\u00f1os y 9 meses de prisi\u00f3n, por un crimen perpetrado en San Carlos (Antioquia).<\/p>\n<p>La nueva sentencia en su contra lo declar\u00f3 responsable del delito de homicidio agravado y estableci\u00f3 que deber\u00e1 cumplir la pena en establecimiento carcelario.<\/p>\n<p>El fallo es de primera instancia y en su contra proceden los recursos de ley<\/p>\n","protected":false},"excerpt":{"rendered":"<p>Deber\u00e1 cumplir una pena superior a los 45 a\u00f1os de prisi\u00f3n. Luego de valorar las pruebas presentadas por la Fiscal\u00eda General de la Naci\u00f3n,\u00a0un juez penal de conocimiento conden\u00f3 a Juan Guillermo G\u00f3mez Pineda a 45 a\u00f1os y 10 meses de prisi\u00f3n, por ocasionarle la muerte a un habitante de<span class=\"more-link\"><a href=\"https:\/\/ciudadyregion.com.co\/index.php\/desquiciado-condenan-a-un-hombre-que-asesino-a-un-habitante-de-calle-sin-razon-alguna-con-arma-blanca\/judicial\/\">Continuar Leyendo<\/a><\/span><\/p>\n","protected":false},"author":2,"featured_media":13911,"comment_status":"open","ping_status":"open","sticky":false,"template":"","format":"standard","meta":{"_uf_show_specific_survey":0,"_uf_disable_surveys":false,"_jetpack_memberships_contains_paid_content":false,"footnotes":"","jetpack_publicize_message":"","jetpack_publicize_feature_enabled":true,"jetpack_social_post_already_shared":true,"jetpack_social_options":{"image_generator_settings":{"template":"highway","enabled":false},"version":2}},"categories":[18],"tags":[],"class_list":["entry","author-diegoaguirre","post-13910","post","type-post","status-publish","format-standard","has-post-thumbnail","category-judicial"],"jetpack_publicize_connections":[],"yoast_head":"<!-- This site is optimized with the Yoast SEO plugin v24.3 - https:\/\/yoast.com\/wordpress\/plugins\/seo\/ -->\n<title>Desquiciado: Condenan a un hombre que asesin\u00f3 a un habitante de calle sin raz\u00f3n alguna con arma blanca - Ciudad y Region<\/title>\n<meta name=\"robots\" content=\"index, follow, max-snippet:-1, max-image-preview:large, max-video-preview:-1\" \/>\n<link rel=\"canonical\" href=\"https:\/\/ciudadyregion.com.co\/index.php\/desquiciado-condenan-a-un-hombre-que-asesino-a-un-habitante-de-calle-sin-razon-alguna-con-arma-blanca\/judicial\/\" \/>\n<meta property=\"og:locale\" content=\"es_ES\" \/>\n<meta property=\"og:type\" content=\"article\" \/>\n<meta property=\"og:title\" content=\"Desquiciado: Condenan a un hombre que asesin\u00f3 a un habitante de calle sin raz\u00f3n alguna con arma blanca - Ciudad y Region\" \/>\n<meta property=\"og:description\" content=\"Deber\u00e1 cumplir una pena superior a los 45 a\u00f1os de prisi\u00f3n. Luego de valorar las pruebas presentadas por la Fiscal\u00eda General de la Naci\u00f3n,\u00a0un juez penal de conocimiento conden\u00f3 a Juan Guillermo G\u00f3mez Pineda a 45 a\u00f1os y 10 meses de prisi\u00f3n, por ocasionarle la muerte a un habitante deContinuar Leyendo\" \/>\n<meta property=\"og:url\" content=\"https:\/\/ciudadyregion.com.co\/index.php\/desquiciado-condenan-a-un-hombre-que-asesino-a-un-habitante-de-calle-sin-razon-alguna-con-arma-blanca\/judicial\/\" \/>\n<meta property=\"og:site_name\" content=\"Ciudad y Region\" \/>\n<meta property=\"article:published_time\" content=\"2024-05-14T16:16:10+00:00\" \/>\n<meta property=\"og:image\" content=\"https:\/\/ciudadyregion.com.co\/wp-content\/uploads\/2024\/05\/punal-apunalado-herido-homicidio-cuchillo.jpg\" \/>\n\t<meta property=\"og:image:width\" content=\"800\" \/>\n\t<meta property=\"og:image:height\" content=\"445\" \/>\n\t<meta property=\"og:image:type\" content=\"image\/jpeg\" \/>\n<meta name=\"author\" content=\"David Andr\u00e9s Aguirre\" \/>\n<meta name=\"twitter:card\" content=\"summary_large_image\" \/>\n<meta name=\"twitter:label1\" content=\"Escrito por\" \/>\n\t<meta name=\"twitter:data1\" content=\"David Andr\u00e9s Aguirre\" \/>\n\t<meta name=\"twitter:label2\" content=\"Tiempo de lectura\" \/>\n\t<meta name=\"twitter:data2\" content=\"1 minuto\" \/>\n<script type=\"application\/ld+json\" class=\"yoast-schema-graph\">{\"@context\":\"https:\/\/schema.org\",\"@graph\":[{\"@type\":\"WebPage\",\"@id\":\"https:\/\/ciudadyregion.com.co\/index.php\/desquiciado-condenan-a-un-hombre-que-asesino-a-un-habitante-de-calle-sin-razon-alguna-con-arma-blanca\/judicial\/\",\"url\":\"https:\/\/ciudadyregion.com.co\/index.php\/desquiciado-condenan-a-un-hombre-que-asesino-a-un-habitante-de-calle-sin-razon-alguna-con-arma-blanca\/judicial\/\",\"name\":\"Desquiciado: Condenan a un hombre que asesin\u00f3 a un habitante de calle sin raz\u00f3n alguna con arma blanca - Ciudad y Region\",\"isPartOf\":{\"@id\":\"https:\/\/ciudadyregion.com.co\/#website\"},\"primaryImageOfPage\":{\"@id\":\"https:\/\/ciudadyregion.com.co\/index.php\/desquiciado-condenan-a-un-hombre-que-asesino-a-un-habitante-de-calle-sin-razon-alguna-con-arma-blanca\/judicial\/#primaryimage\"},\"image\":{\"@id\":\"https:\/\/ciudadyregion.com.co\/index.php\/desquiciado-condenan-a-un-hombre-que-asesino-a-un-habitante-de-calle-sin-razon-alguna-con-arma-blanca\/judicial\/#primaryimage\"},\"thumbnailUrl\":\"https:\/\/i0.wp.com\/ciudadyregion.com.co\/wp-content\/uploads\/2024\/05\/punal-apunalado-herido-homicidio-cuchillo.jpg?fit=800%2C445&ssl=1\",\"datePublished\":\"2024-05-14T16:16:10+00:00\",\"dateModified\":\"2024-05-14T16:16:10+00:00\",\"author\":{\"@id\":\"https:\/\/ciudadyregion.com.co\/#\/schema\/person\/04a4954373ebc4051f46e8c65ff78622\"},\"breadcrumb\":{\"@id\":\"https:\/\/ciudadyregion.com.co\/index.php\/desquiciado-condenan-a-un-hombre-que-asesino-a-un-habitante-de-calle-sin-razon-alguna-con-arma-blanca\/judicial\/#breadcrumb\"},\"inLanguage\":\"es\",\"potentialAction\":[{\"@type\":\"ReadAction\",\"target\":[\"https:\/\/ciudadyregion.com.co\/index.php\/desquiciado-condenan-a-un-hombre-que-asesino-a-un-habitante-de-calle-sin-razon-alguna-con-arma-blanca\/judicial\/\"]}]},{\"@type\":\"ImageObject\",\"inLanguage\":\"es\",\"@id\":\"https:\/\/ciudadyregion.com.co\/index.php\/desquiciado-condenan-a-un-hombre-que-asesino-a-un-habitante-de-calle-sin-razon-alguna-con-arma-blanca\/judicial\/#primaryimage\",\"url\":\"https:\/\/i0.wp.com\/ciudadyregion.com.co\/wp-content\/uploads\/2024\/05\/punal-apunalado-herido-homicidio-cuchillo.jpg?fit=800%2C445&ssl=1\",\"contentUrl\":\"https:\/\/i0.wp.com\/ciudadyregion.com.co\/wp-content\/uploads\/2024\/05\/punal-apunalado-herido-homicidio-cuchillo.jpg?fit=800%2C445&ssl=1\",\"width\":800,\"height\":445},{\"@type\":\"BreadcrumbList\",\"@id\":\"https:\/\/ciudadyregion.com.co\/index.php\/desquiciado-condenan-a-un-hombre-que-asesino-a-un-habitante-de-calle-sin-razon-alguna-con-arma-blanca\/judicial\/#breadcrumb\",\"itemListElement\":[{\"@type\":\"ListItem\",\"position\":1,\"name\":\"Portada\",\"item\":\"https:\/\/ciudadyregion.com.co\/\"},{\"@type\":\"ListItem\",\"position\":2,\"name\":\"Desquiciado: Condenan a un hombre que asesin\u00f3 a un habitante de calle sin raz\u00f3n alguna con arma blanca\"}]},{\"@type\":\"WebSite\",\"@id\":\"https:\/\/ciudadyregion.com.co\/#website\",\"url\":\"https:\/\/ciudadyregion.com.co\/\",\"name\":\"Ciudad y Region\",\"description\":\"\",\"potentialAction\":[{\"@type\":\"SearchAction\",\"target\":{\"@type\":\"EntryPoint\",\"urlTemplate\":\"https:\/\/ciudadyregion.com.co\/?s={search_term_string}\"},\"query-input\":{\"@type\":\"PropertyValueSpecification\",\"valueRequired\":true,\"valueName\":\"search_term_string\"}}],\"inLanguage\":\"es\"},{\"@type\":\"Person\",\"@id\":\"https:\/\/ciudadyregion.com.co\/#\/schema\/person\/04a4954373ebc4051f46e8c65ff78622\",\"name\":\"David Andr\u00e9s Aguirre\",\"image\":{\"@type\":\"ImageObject\",\"inLanguage\":\"es\",\"@id\":\"https:\/\/ciudadyregion.com.co\/#\/schema\/person\/image\/\",\"url\":\"https:\/\/secure.gravatar.com\/avatar\/bc3c655860202182ee6d1b5edd042dbe?s=96&d=mm&r=g\",\"contentUrl\":\"https:\/\/secure.gravatar.com\/avatar\/bc3c655860202182ee6d1b5edd042dbe?s=96&d=mm&r=g\",\"caption\":\"David Andr\u00e9s Aguirre\"},\"url\":\"https:\/\/ciudadyregion.com.co\/index.php\/author\/diegoaguirre\/\"}]}<\/script>\n<!-- \/ Yoast SEO plugin. -->","yoast_head_json":{"title":"Desquiciado: Condenan a un hombre que asesin\u00f3 a un habitante de calle sin raz\u00f3n alguna con arma blanca - Ciudad y Region","robots":{"index":"index","follow":"follow","max-snippet":"max-snippet:-1","max-image-preview":"max-image-preview:large","max-video-preview":"max-video-preview:-1"},"canonical":"https:\/\/ciudadyregion.com.co\/index.php\/desquiciado-condenan-a-un-hombre-que-asesino-a-un-habitante-de-calle-sin-razon-alguna-con-arma-blanca\/judicial\/","og_locale":"es_ES","og_type":"article","og_title":"Desquiciado: Condenan a un hombre que asesin\u00f3 a un habitante de calle sin raz\u00f3n alguna con arma blanca - Ciudad y Region","og_description":"Deber\u00e1 cumplir una pena superior a los 45 a\u00f1os de prisi\u00f3n. Luego de valorar las pruebas presentadas por la Fiscal\u00eda General de la Naci\u00f3n,\u00a0un juez penal de conocimiento conden\u00f3 a Juan Guillermo G\u00f3mez Pineda a 45 a\u00f1os y 10 meses de prisi\u00f3n, por ocasionarle la muerte a un habitante deContinuar Leyendo","og_url":"https:\/\/ciudadyregion.com.co\/index.php\/desquiciado-condenan-a-un-hombre-que-asesino-a-un-habitante-de-calle-sin-razon-alguna-con-arma-blanca\/judicial\/","og_site_name":"Ciudad y Region","article_published_time":"2024-05-14T16:16:10+00:00","og_image":[{"width":800,"height":445,"url":"https:\/\/ciudadyregion.com.co\/wp-content\/uploads\/2024\/05\/punal-apunalado-herido-homicidio-cuchillo.jpg","type":"image\/jpeg"}],"author":"David Andr\u00e9s Aguirre","twitter_card":"summary_large_image","twitter_misc":{"Escrito por":"David Andr\u00e9s Aguirre","Tiempo de lectura":"1 minuto"},"schema":{"@context":"https:\/\/schema.org","@graph":[{"@type":"WebPage","@id":"https:\/\/ciudadyregion.com.co\/index.php\/desquiciado-condenan-a-un-hombre-que-asesino-a-un-habitante-de-calle-sin-razon-alguna-con-arma-blanca\/judicial\/","url":"https:\/\/ciudadyregion.com.co\/index.php\/desquiciado-condenan-a-un-hombre-que-asesino-a-un-habitante-de-calle-sin-razon-alguna-con-arma-blanca\/judicial\/","name":"Desquiciado: Condenan a un hombre que asesin\u00f3 a un habitante de calle sin raz\u00f3n alguna con arma blanca - Ciudad y Region","isPartOf":{"@id":"https:\/\/ciudadyregion.com.co\/#website"},"primaryImageOfPage":{"@id":"https:\/\/ciudadyregion.com.co\/index.php\/desquiciado-condenan-a-un-hombre-que-asesino-a-un-habitante-de-calle-sin-razon-alguna-con-arma-blanca\/judicial\/#primaryimage"},"image":{"@id":"https:\/\/ciudadyregion.com.co\/index.php\/desquiciado-condenan-a-un-hombre-que-asesino-a-un-habitante-de-calle-sin-razon-alguna-con-arma-blanca\/judicial\/#primaryimage"},"thumbnailUrl":"https:\/\/i0.wp.com\/ciudadyregion.com.co\/wp-content\/uploads\/2024\/05\/punal-apunalado-herido-homicidio-cuchillo.jpg?fit=800%2C445&ssl=1","datePublished":"2024-05-14T16:16:10+00:00","dateModified":"2024-05-14T16:16:10+00:00","author":{"@id":"https:\/\/ciudadyregion.com.co\/#\/schema\/person\/04a4954373ebc4051f46e8c65ff78622"},"breadcrumb":{"@id":"https:\/\/ciudadyregion.com.co\/index.php\/desquiciado-condenan-a-un-hombre-que-asesino-a-un-habitante-de-calle-sin-razon-alguna-con-arma-blanca\/judicial\/#breadcrumb"},"inLanguage":"es","potentialAction":[{"@type":"ReadAction","target":["https:\/\/ciudadyregion.com.co\/index.php\/desquiciado-condenan-a-un-hombre-que-asesino-a-un-habitante-de-calle-sin-razon-alguna-con-arma-blanca\/judicial\/"]}]},{"@type":"ImageObject","inLanguage":"es","@id":"https:\/\/ciudadyregion.com.co\/index.php\/desquiciado-condenan-a-un-hombre-que-asesino-a-un-habitante-de-calle-sin-razon-alguna-con-arma-blanca\/judicial\/#primaryimage","url":"https:\/\/i0.wp.com\/ciudadyregion.com.co\/wp-content\/uploads\/2024\/05\/punal-apunalado-herido-homicidio-cuchillo.jpg?fit=800%2C445&ssl=1","contentUrl":"https:\/\/i0.wp.com\/ciudadyregion.com.co\/wp-content\/uploads\/2024\/05\/punal-apunalado-herido-homicidio-cuchillo.jpg?fit=800%2C445&ssl=1","width":800,"height":445},{"@type":"BreadcrumbList","@id":"https:\/\/ciudadyregion.com.co\/index.php\/desquiciado-condenan-a-un-hombre-que-asesino-a-un-habitante-de-calle-sin-razon-alguna-con-arma-blanca\/judicial\/#breadcrumb","itemListElement":[{"@type":"ListItem","position":1,"name":"Portada","item":"https:\/\/ciudadyregion.com.co\/"},{"@type":"ListItem","position":2,"name":"Desquiciado: Condenan a un hombre que asesin\u00f3 a un habitante de calle sin raz\u00f3n alguna con arma blanca"}]},{"@type":"WebSite","@id":"https:\/\/ciudadyregion.com.co\/#website","url":"https:\/\/ciudadyregion.com.co\/","name":"Ciudad y Region","description":"","potentialAction":[{"@type":"SearchAction","target":{"@type":"EntryPoint","urlTemplate":"https:\/\/ciudadyregion.com.co\/?s={search_term_string}"},"query-input":{"@type":"PropertyValueSpecification","valueRequired":true,"valueName":"search_term_string"}}],"inLanguage":"es"},{"@type":"Person","@id":"https:\/\/ciudadyregion.com.co\/#\/schema\/person\/04a4954373ebc4051f46e8c65ff78622","name":"David Andr\u00e9s Aguirre","image":{"@type":"ImageObject","inLanguage":"es","@id":"https:\/\/ciudadyregion.com.co\/#\/schema\/person\/image\/","url":"https:\/\/secure.gravatar.com\/avatar\/bc3c655860202182ee6d1b5edd042dbe?s=96&d=mm&r=g","contentUrl":"https:\/\/secure.gravatar.com\/avatar\/bc3c655860202182ee6d1b5edd042dbe?s=96&d=mm&r=g","caption":"David Andr\u00e9s Aguirre"},"url":"https:\/\/ciudadyregion.com.co\/index.php\/author\/diegoaguirre\/"}]}},"jetpack_featured_media_url":"https:\/\/i0.wp.com\/ciudadyregion.com.co\/wp-content\/uploads\/2024\/05\/punal-apunalado-herido-homicidio-cuchillo.jpg?fit=800%2C445&ssl=1","jetpack_sharing_enabled":true,"jetpack_shortlink":"https:\/\/wp.me\/pbS7hh-3Cm","jetpack-related-posts":[],"_links":{"self":[{"href":"https:\/\/ciudadyregion.com.co\/index.php\/wp-json\/wp\/v2\/posts\/13910"}],"collection":[{"href":"https:\/\/ciudadyregion.com.co\/index.php\/wp-json\/wp\/v2\/posts"}],"about":[{"href":"https:\/\/ciudadyregion.com.co\/index.php\/wp-json\/wp\/v2\/types\/post"}],"author":[{"embeddable":true,"href":"https:\/\/ciudadyregion.com.co\/index.php\/wp-json\/wp\/v2\/users\/2"}],"replies":[{"embeddable":true,"href":"https:\/\/ciudadyregion.com.co\/index.php\/wp-json\/wp\/v2\/comments?post=13910"}],"version-history":[{"count":1,"href":"https:\/\/ciudadyregion.com.co\/index.php\/wp-json\/wp\/v2\/posts\/13910\/revisions"}],"predecessor-version":[{"id":13912,"href":"https:\/\/ciudadyregion.com.co\/index.php\/wp-json\/wp\/v2\/posts\/13910\/revisions\/13912"}],"wp:featuredmedia":[{"embeddable":true,"href":"https:\/\/ciudadyregion.com.co\/index.php\/wp-json\/wp\/v2\/media\/13911"}],"wp:attachment":[{"href":"https:\/\/ciudadyregion.com.co\/index.php\/wp-json\/wp\/v2\/media?parent=13910"}],"wp:term":[{"taxonomy":"category","embeddable":true,"href":"https:\/\/ciudadyregion.com.co\/index.php\/wp-json\/wp\/v2\/categories?post=13910"},{"taxonomy":"post_tag","embeddable":true,"href":"https:\/\/ciudadyregion.com.co\/index.php\/wp-json\/wp\/v2\/tags?post=13910"}],"curies":[{"name":"wp","href":"https:\/\/api.w.org\/{rel}","templated":true}]}}