{"id":13907,"date":"2024-05-14T11:11:14","date_gmt":"2024-05-14T16:11:14","guid":{"rendered":"https:\/\/ciudadyregion.com.co\/?p=13907"},"modified":"2024-05-14T11:11:14","modified_gmt":"2024-05-14T16:11:14","slug":"carcel-para-3-responsables-de-atracos-violentos-a-bici-usuarios-en-bogota-y-cundinamarca","status":"publish","type":"post","link":"https:\/\/ciudadyregion.com.co\/index.php\/carcel-para-3-responsables-de-atracos-violentos-a-bici-usuarios-en-bogota-y-cundinamarca\/judicial\/","title":{"rendered":"C\u00e1rcel para 3 responsables de atracos violentos a \u2018bici usuarios\u2019 en Bogot\u00e1 y Cundinamarca"},"content":{"rendered":"<ul>\n<li>\n<h4><strong><i>Los<\/i><i>\u00a0<\/i><i>procesados<\/i><i>\u00a0<\/i><i>fueron<\/i><i>\u00a0<\/i><i>capturados<\/i><i>\u00a0<\/i><i>en<\/i><i>\u00a0<\/i><i>flagrancia<\/i><i>\u00a0<\/i><i>luego<\/i><i>\u00a0<\/i><i>de,<\/i><i>\u00a0<\/i><i>aparentemente,<\/i><i>\u00a0<\/i><i>hurtar<\/i><i>\u00a0<\/i><i>dos bicicletas avaluadas en 60 millones de pesos.<\/i><\/strong><\/h4>\n<\/li>\n<li>\n<h4><strong><i>Uno de<\/i><i>\u00a0<\/i><i>los<\/i><i>\u00a0<\/i><i>procesados<\/i><i>\u00a0<\/i><i>habr\u00eda participado en el<\/i><i>\u00a0<\/i><i>asalto a un joven<\/i><i>\u00a0<\/i><i>a quien le<\/i><i>\u00a0<\/i><i>hurtaron su patineta el\u00e9ctrica en el noroccidente de la capital colombiana.<\/i><\/strong><\/h4>\n<\/li>\n<\/ul>\n<p>Las actividades realizadas por la Fiscal\u00eda General de la Naci\u00f3n, en coordinaci\u00f3n con la Polic\u00eda Nacional, en la lucha contra el hurto en sus diferentes modalidades permitieron judicializar a tres extranjeros presuntamente responsables de\u00a0cometer hurtos violentos en Bogot\u00e1 y Cundinamarca,\u00a0especialmente a ciudadanos que se movilizan en trasporte alternativo.<\/p>\n<p>Se trata de Arles Luis Olivares Rodr\u00edguez,\u00a0Donafer Alejandro\u00a0Lunar Ben\u00edtez y Reinel Antonio Granadilla Sangroni, quienes fueron capturados por servidores de la Seccional de Tr\u00e1nsito de la Polic\u00eda de Cundinamarca luego de que presuntamente\u00a0asaltaran a dos ciclistas en Bogot\u00e1 a los que despojaron de bicicletas avaluadas en 20 y 40 millones de pesos.<\/p>\n<p>Los ahora procesados fueron detenidos cuando se movilizaban por la v\u00eda que comunica a Bogot\u00e1 con Choach\u00ed (Cundinamarca).\u00a0Las autoridades constataron\u00a0que uno\u00a0de los veh\u00edculos en\u00a0que viajaban,\u00a0al\u00a0parecer,\u00a0era hurtado.\u00a0En\u00a0su\u00a0poder\u00a0fueron\u00a0encontradas las\u00a0dos ciclas\u00a0y\u00a0un arma traum\u00e1tica.<\/p>\n<p>Los procesados, al parecer, identificaban a sus v\u00edctimas en ciclorrutas y pasos peatonales donde las despojaban de sus pertenencias.<\/p>\n<p>Otro hecho investigado en el que habr\u00edan participado los capturados ocurri\u00f3 en\u00a0febrero pasado en el noroccidente de Bogot\u00e1 donde a un joven le fue hurtada una patineta el\u00e9ctrica y su celular.<\/p>\n<p>Un\u00a0fiscal\u00a0de\u00a0la\u00a0Seccional\u00a0Cundinamarca\u00a0les\u00a0imput\u00f3\u00a0a\u00a0los\u00a0hombres\u00a0el\u00a0delito\u00a0de\u00a0hurto\u00a0calificado y agravado. Gracias a la contundencia del material probatorio presentado los procesados aceptaron su responsabilidad en los hechos que les fueron atribuidos.<\/p>\n<p>Un\u00a0juez\u00a0con\u00a0funci\u00f3n\u00a0de garant\u00edas\u00a0los\u00a0priv\u00f3\u00a0de la libertad\u00a0en\u00a0un\u00a0establecimiento\u00a0carcelario. Esta informaci\u00f3n se publica por razones de inter\u00e9s general.<\/p>\n","protected":false},"excerpt":{"rendered":"<p>Los\u00a0procesados\u00a0fueron\u00a0capturados\u00a0en\u00a0flagrancia\u00a0luego\u00a0de,\u00a0aparentemente,\u00a0hurtar\u00a0dos bicicletas avaluadas en 60 millones de pesos. Uno de\u00a0los\u00a0procesados\u00a0habr\u00eda participado en el\u00a0asalto a un joven\u00a0a quien le\u00a0hurtaron su patineta el\u00e9ctrica en el noroccidente de la capital colombiana. Las actividades realizadas por la Fiscal\u00eda General de la Naci\u00f3n, en coordinaci\u00f3n con la Polic\u00eda Nacional, en la lucha contra el hurto<span class=\"more-link\"><a href=\"https:\/\/ciudadyregion.com.co\/index.php\/carcel-para-3-responsables-de-atracos-violentos-a-bici-usuarios-en-bogota-y-cundinamarca\/judicial\/\">Continuar Leyendo<\/a><\/span><\/p>\n","protected":false},"author":2,"featured_media":13908,"comment_status":"open","ping_status":"open","sticky":false,"template":"","format":"standard","meta":{"_uf_show_specific_survey":0,"_uf_disable_surveys":false,"_jetpack_memberships_contains_paid_content":false,"footnotes":"","jetpack_publicize_message":"","jetpack_publicize_feature_enabled":true,"jetpack_social_post_already_shared":true,"jetpack_social_options":{"image_generator_settings":{"template":"highway","enabled":false},"version":2}},"categories":[18],"tags":[],"class_list":["entry","author-diegoaguirre","post-13907","post","type-post","status-publish","format-standard","has-post-thumbnail","category-judicial"],"jetpack_publicize_connections":[],"yoast_head":"<!-- This site is optimized with the Yoast SEO plugin v24.3 - https:\/\/yoast.com\/wordpress\/plugins\/seo\/ -->\n<title>C\u00e1rcel para 3 responsables de atracos violentos a \u2018bici usuarios\u2019 en Bogot\u00e1 y Cundinamarca - Ciudad y Region<\/title>\n<meta name=\"robots\" content=\"index, follow, max-snippet:-1, max-image-preview:large, max-video-preview:-1\" \/>\n<link rel=\"canonical\" href=\"https:\/\/ciudadyregion.com.co\/index.php\/carcel-para-3-responsables-de-atracos-violentos-a-bici-usuarios-en-bogota-y-cundinamarca\/judicial\/\" \/>\n<meta property=\"og:locale\" content=\"es_ES\" \/>\n<meta property=\"og:type\" content=\"article\" \/>\n<meta property=\"og:title\" content=\"C\u00e1rcel para 3 responsables de atracos violentos a \u2018bici usuarios\u2019 en Bogot\u00e1 y Cundinamarca - Ciudad y Region\" \/>\n<meta property=\"og:description\" content=\"Los\u00a0procesados\u00a0fueron\u00a0capturados\u00a0en\u00a0flagrancia\u00a0luego\u00a0de,\u00a0aparentemente,\u00a0hurtar\u00a0dos bicicletas avaluadas en 60 millones de pesos. Uno de\u00a0los\u00a0procesados\u00a0habr\u00eda participado en el\u00a0asalto a un joven\u00a0a quien le\u00a0hurtaron su patineta el\u00e9ctrica en el noroccidente de la capital colombiana. Las actividades realizadas por la Fiscal\u00eda General de la Naci\u00f3n, en coordinaci\u00f3n con la Polic\u00eda Nacional, en la lucha contra el hurtoContinuar Leyendo\" \/>\n<meta property=\"og:url\" content=\"https:\/\/ciudadyregion.com.co\/index.php\/carcel-para-3-responsables-de-atracos-violentos-a-bici-usuarios-en-bogota-y-cundinamarca\/judicial\/\" \/>\n<meta property=\"og:site_name\" content=\"Ciudad y Region\" \/>\n<meta property=\"article:published_time\" content=\"2024-05-14T16:11:14+00:00\" \/>\n<meta property=\"og:image\" content=\"https:\/\/ciudadyregion.com.co\/wp-content\/uploads\/2024\/05\/3-carcel-prision-capturado-detenido.jpg\" \/>\n\t<meta property=\"og:image:width\" content=\"800\" \/>\n\t<meta property=\"og:image:height\" content=\"445\" \/>\n\t<meta property=\"og:image:type\" content=\"image\/jpeg\" \/>\n<meta name=\"author\" content=\"David Andr\u00e9s Aguirre\" \/>\n<meta name=\"twitter:card\" content=\"summary_large_image\" \/>\n<meta name=\"twitter:label1\" content=\"Escrito por\" \/>\n\t<meta name=\"twitter:data1\" content=\"David Andr\u00e9s Aguirre\" \/>\n\t<meta name=\"twitter:label2\" content=\"Tiempo de lectura\" \/>\n\t<meta name=\"twitter:data2\" content=\"2 minutos\" \/>\n<script type=\"application\/ld+json\" class=\"yoast-schema-graph\">{\"@context\":\"https:\/\/schema.org\",\"@graph\":[{\"@type\":\"WebPage\",\"@id\":\"https:\/\/ciudadyregion.com.co\/index.php\/carcel-para-3-responsables-de-atracos-violentos-a-bici-usuarios-en-bogota-y-cundinamarca\/judicial\/\",\"url\":\"https:\/\/ciudadyregion.com.co\/index.php\/carcel-para-3-responsables-de-atracos-violentos-a-bici-usuarios-en-bogota-y-cundinamarca\/judicial\/\",\"name\":\"C\u00e1rcel para 3 responsables de atracos violentos a \u2018bici usuarios\u2019 en Bogot\u00e1 y Cundinamarca - Ciudad y Region\",\"isPartOf\":{\"@id\":\"https:\/\/ciudadyregion.com.co\/#website\"},\"primaryImageOfPage\":{\"@id\":\"https:\/\/ciudadyregion.com.co\/index.php\/carcel-para-3-responsables-de-atracos-violentos-a-bici-usuarios-en-bogota-y-cundinamarca\/judicial\/#primaryimage\"},\"image\":{\"@id\":\"https:\/\/ciudadyregion.com.co\/index.php\/carcel-para-3-responsables-de-atracos-violentos-a-bici-usuarios-en-bogota-y-cundinamarca\/judicial\/#primaryimage\"},\"thumbnailUrl\":\"https:\/\/i0.wp.com\/ciudadyregion.com.co\/wp-content\/uploads\/2024\/05\/3-carcel-prision-capturado-detenido.jpg?fit=800%2C445&ssl=1\",\"datePublished\":\"2024-05-14T16:11:14+00:00\",\"dateModified\":\"2024-05-14T16:11:14+00:00\",\"author\":{\"@id\":\"https:\/\/ciudadyregion.com.co\/#\/schema\/person\/04a4954373ebc4051f46e8c65ff78622\"},\"breadcrumb\":{\"@id\":\"https:\/\/ciudadyregion.com.co\/index.php\/carcel-para-3-responsables-de-atracos-violentos-a-bici-usuarios-en-bogota-y-cundinamarca\/judicial\/#breadcrumb\"},\"inLanguage\":\"es\",\"potentialAction\":[{\"@type\":\"ReadAction\",\"target\":[\"https:\/\/ciudadyregion.com.co\/index.php\/carcel-para-3-responsables-de-atracos-violentos-a-bici-usuarios-en-bogota-y-cundinamarca\/judicial\/\"]}]},{\"@type\":\"ImageObject\",\"inLanguage\":\"es\",\"@id\":\"https:\/\/ciudadyregion.com.co\/index.php\/carcel-para-3-responsables-de-atracos-violentos-a-bici-usuarios-en-bogota-y-cundinamarca\/judicial\/#primaryimage\",\"url\":\"https:\/\/i0.wp.com\/ciudadyregion.com.co\/wp-content\/uploads\/2024\/05\/3-carcel-prision-capturado-detenido.jpg?fit=800%2C445&ssl=1\",\"contentUrl\":\"https:\/\/i0.wp.com\/ciudadyregion.com.co\/wp-content\/uploads\/2024\/05\/3-carcel-prision-capturado-detenido.jpg?fit=800%2C445&ssl=1\",\"width\":800,\"height\":445},{\"@type\":\"BreadcrumbList\",\"@id\":\"https:\/\/ciudadyregion.com.co\/index.php\/carcel-para-3-responsables-de-atracos-violentos-a-bici-usuarios-en-bogota-y-cundinamarca\/judicial\/#breadcrumb\",\"itemListElement\":[{\"@type\":\"ListItem\",\"position\":1,\"name\":\"Portada\",\"item\":\"https:\/\/ciudadyregion.com.co\/\"},{\"@type\":\"ListItem\",\"position\":2,\"name\":\"C\u00e1rcel para 3 responsables de atracos violentos a \u2018bici usuarios\u2019 en Bogot\u00e1 y Cundinamarca\"}]},{\"@type\":\"WebSite\",\"@id\":\"https:\/\/ciudadyregion.com.co\/#website\",\"url\":\"https:\/\/ciudadyregion.com.co\/\",\"name\":\"Ciudad y Region\",\"description\":\"\",\"potentialAction\":[{\"@type\":\"SearchAction\",\"target\":{\"@type\":\"EntryPoint\",\"urlTemplate\":\"https:\/\/ciudadyregion.com.co\/?s={search_term_string}\"},\"query-input\":{\"@type\":\"PropertyValueSpecification\",\"valueRequired\":true,\"valueName\":\"search_term_string\"}}],\"inLanguage\":\"es\"},{\"@type\":\"Person\",\"@id\":\"https:\/\/ciudadyregion.com.co\/#\/schema\/person\/04a4954373ebc4051f46e8c65ff78622\",\"name\":\"David Andr\u00e9s Aguirre\",\"image\":{\"@type\":\"ImageObject\",\"inLanguage\":\"es\",\"@id\":\"https:\/\/ciudadyregion.com.co\/#\/schema\/person\/image\/\",\"url\":\"https:\/\/secure.gravatar.com\/avatar\/bc3c655860202182ee6d1b5edd042dbe?s=96&d=mm&r=g\",\"contentUrl\":\"https:\/\/secure.gravatar.com\/avatar\/bc3c655860202182ee6d1b5edd042dbe?s=96&d=mm&r=g\",\"caption\":\"David Andr\u00e9s Aguirre\"},\"url\":\"https:\/\/ciudadyregion.com.co\/index.php\/author\/diegoaguirre\/\"}]}<\/script>\n<!-- \/ Yoast SEO plugin. -->","yoast_head_json":{"title":"C\u00e1rcel para 3 responsables de atracos violentos a \u2018bici usuarios\u2019 en Bogot\u00e1 y Cundinamarca - Ciudad y Region","robots":{"index":"index","follow":"follow","max-snippet":"max-snippet:-1","max-image-preview":"max-image-preview:large","max-video-preview":"max-video-preview:-1"},"canonical":"https:\/\/ciudadyregion.com.co\/index.php\/carcel-para-3-responsables-de-atracos-violentos-a-bici-usuarios-en-bogota-y-cundinamarca\/judicial\/","og_locale":"es_ES","og_type":"article","og_title":"C\u00e1rcel para 3 responsables de atracos violentos a \u2018bici usuarios\u2019 en Bogot\u00e1 y Cundinamarca - Ciudad y Region","og_description":"Los\u00a0procesados\u00a0fueron\u00a0capturados\u00a0en\u00a0flagrancia\u00a0luego\u00a0de,\u00a0aparentemente,\u00a0hurtar\u00a0dos bicicletas avaluadas en 60 millones de pesos. Uno de\u00a0los\u00a0procesados\u00a0habr\u00eda participado en el\u00a0asalto a un joven\u00a0a quien le\u00a0hurtaron su patineta el\u00e9ctrica en el noroccidente de la capital colombiana. Las actividades realizadas por la Fiscal\u00eda General de la Naci\u00f3n, en coordinaci\u00f3n con la Polic\u00eda Nacional, en la lucha contra el hurtoContinuar Leyendo","og_url":"https:\/\/ciudadyregion.com.co\/index.php\/carcel-para-3-responsables-de-atracos-violentos-a-bici-usuarios-en-bogota-y-cundinamarca\/judicial\/","og_site_name":"Ciudad y Region","article_published_time":"2024-05-14T16:11:14+00:00","og_image":[{"width":800,"height":445,"url":"https:\/\/ciudadyregion.com.co\/wp-content\/uploads\/2024\/05\/3-carcel-prision-capturado-detenido.jpg","type":"image\/jpeg"}],"author":"David Andr\u00e9s Aguirre","twitter_card":"summary_large_image","twitter_misc":{"Escrito por":"David Andr\u00e9s Aguirre","Tiempo de lectura":"2 minutos"},"schema":{"@context":"https:\/\/schema.org","@graph":[{"@type":"WebPage","@id":"https:\/\/ciudadyregion.com.co\/index.php\/carcel-para-3-responsables-de-atracos-violentos-a-bici-usuarios-en-bogota-y-cundinamarca\/judicial\/","url":"https:\/\/ciudadyregion.com.co\/index.php\/carcel-para-3-responsables-de-atracos-violentos-a-bici-usuarios-en-bogota-y-cundinamarca\/judicial\/","name":"C\u00e1rcel para 3 responsables de atracos violentos a \u2018bici usuarios\u2019 en Bogot\u00e1 y Cundinamarca - Ciudad y Region","isPartOf":{"@id":"https:\/\/ciudadyregion.com.co\/#website"},"primaryImageOfPage":{"@id":"https:\/\/ciudadyregion.com.co\/index.php\/carcel-para-3-responsables-de-atracos-violentos-a-bici-usuarios-en-bogota-y-cundinamarca\/judicial\/#primaryimage"},"image":{"@id":"https:\/\/ciudadyregion.com.co\/index.php\/carcel-para-3-responsables-de-atracos-violentos-a-bici-usuarios-en-bogota-y-cundinamarca\/judicial\/#primaryimage"},"thumbnailUrl":"https:\/\/i0.wp.com\/ciudadyregion.com.co\/wp-content\/uploads\/2024\/05\/3-carcel-prision-capturado-detenido.jpg?fit=800%2C445&ssl=1","datePublished":"2024-05-14T16:11:14+00:00","dateModified":"2024-05-14T16:11:14+00:00","author":{"@id":"https:\/\/ciudadyregion.com.co\/#\/schema\/person\/04a4954373ebc4051f46e8c65ff78622"},"breadcrumb":{"@id":"https:\/\/ciudadyregion.com.co\/index.php\/carcel-para-3-responsables-de-atracos-violentos-a-bici-usuarios-en-bogota-y-cundinamarca\/judicial\/#breadcrumb"},"inLanguage":"es","potentialAction":[{"@type":"ReadAction","target":["https:\/\/ciudadyregion.com.co\/index.php\/carcel-para-3-responsables-de-atracos-violentos-a-bici-usuarios-en-bogota-y-cundinamarca\/judicial\/"]}]},{"@type":"ImageObject","inLanguage":"es","@id":"https:\/\/ciudadyregion.com.co\/index.php\/carcel-para-3-responsables-de-atracos-violentos-a-bici-usuarios-en-bogota-y-cundinamarca\/judicial\/#primaryimage","url":"https:\/\/i0.wp.com\/ciudadyregion.com.co\/wp-content\/uploads\/2024\/05\/3-carcel-prision-capturado-detenido.jpg?fit=800%2C445&ssl=1","contentUrl":"https:\/\/i0.wp.com\/ciudadyregion.com.co\/wp-content\/uploads\/2024\/05\/3-carcel-prision-capturado-detenido.jpg?fit=800%2C445&ssl=1","width":800,"height":445},{"@type":"BreadcrumbList","@id":"https:\/\/ciudadyregion.com.co\/index.php\/carcel-para-3-responsables-de-atracos-violentos-a-bici-usuarios-en-bogota-y-cundinamarca\/judicial\/#breadcrumb","itemListElement":[{"@type":"ListItem","position":1,"name":"Portada","item":"https:\/\/ciudadyregion.com.co\/"},{"@type":"ListItem","position":2,"name":"C\u00e1rcel para 3 responsables de atracos violentos a \u2018bici usuarios\u2019 en Bogot\u00e1 y Cundinamarca"}]},{"@type":"WebSite","@id":"https:\/\/ciudadyregion.com.co\/#website","url":"https:\/\/ciudadyregion.com.co\/","name":"Ciudad y Region","description":"","potentialAction":[{"@type":"SearchAction","target":{"@type":"EntryPoint","urlTemplate":"https:\/\/ciudadyregion.com.co\/?s={search_term_string}"},"query-input":{"@type":"PropertyValueSpecification","valueRequired":true,"valueName":"search_term_string"}}],"inLanguage":"es"},{"@type":"Person","@id":"https:\/\/ciudadyregion.com.co\/#\/schema\/person\/04a4954373ebc4051f46e8c65ff78622","name":"David Andr\u00e9s Aguirre","image":{"@type":"ImageObject","inLanguage":"es","@id":"https:\/\/ciudadyregion.com.co\/#\/schema\/person\/image\/","url":"https:\/\/secure.gravatar.com\/avatar\/bc3c655860202182ee6d1b5edd042dbe?s=96&d=mm&r=g","contentUrl":"https:\/\/secure.gravatar.com\/avatar\/bc3c655860202182ee6d1b5edd042dbe?s=96&d=mm&r=g","caption":"David Andr\u00e9s Aguirre"},"url":"https:\/\/ciudadyregion.com.co\/index.php\/author\/diegoaguirre\/"}]}},"jetpack_featured_media_url":"https:\/\/i0.wp.com\/ciudadyregion.com.co\/wp-content\/uploads\/2024\/05\/3-carcel-prision-capturado-detenido.jpg?fit=800%2C445&ssl=1","jetpack_sharing_enabled":true,"jetpack_shortlink":"https:\/\/wp.me\/pbS7hh-3Cj","jetpack-related-posts":[],"_links":{"self":[{"href":"https:\/\/ciudadyregion.com.co\/index.php\/wp-json\/wp\/v2\/posts\/13907"}],"collection":[{"href":"https:\/\/ciudadyregion.com.co\/index.php\/wp-json\/wp\/v2\/posts"}],"about":[{"href":"https:\/\/ciudadyregion.com.co\/index.php\/wp-json\/wp\/v2\/types\/post"}],"author":[{"embeddable":true,"href":"https:\/\/ciudadyregion.com.co\/index.php\/wp-json\/wp\/v2\/users\/2"}],"replies":[{"embeddable":true,"href":"https:\/\/ciudadyregion.com.co\/index.php\/wp-json\/wp\/v2\/comments?post=13907"}],"version-history":[{"count":1,"href":"https:\/\/ciudadyregion.com.co\/index.php\/wp-json\/wp\/v2\/posts\/13907\/revisions"}],"predecessor-version":[{"id":13909,"href":"https:\/\/ciudadyregion.com.co\/index.php\/wp-json\/wp\/v2\/posts\/13907\/revisions\/13909"}],"wp:featuredmedia":[{"embeddable":true,"href":"https:\/\/ciudadyregion.com.co\/index.php\/wp-json\/wp\/v2\/media\/13908"}],"wp:attachment":[{"href":"https:\/\/ciudadyregion.com.co\/index.php\/wp-json\/wp\/v2\/media?parent=13907"}],"wp:term":[{"taxonomy":"category","embeddable":true,"href":"https:\/\/ciudadyregion.com.co\/index.php\/wp-json\/wp\/v2\/categories?post=13907"},{"taxonomy":"post_tag","embeddable":true,"href":"https:\/\/ciudadyregion.com.co\/index.php\/wp-json\/wp\/v2\/tags?post=13907"}],"curies":[{"name":"wp","href":"https:\/\/api.w.org\/{rel}","templated":true}]}}