{"id":13902,"date":"2024-05-14T09:53:28","date_gmt":"2024-05-14T14:53:28","guid":{"rendered":"https:\/\/ciudadyregion.com.co\/?p=13902"},"modified":"2024-05-14T09:53:28","modified_gmt":"2024-05-14T14:53:28","slug":"universidad-del-tolima-entrego-diploma-en-el-cuidado-forestal-a-mujeres-del-bajo-calima","status":"publish","type":"post","link":"https:\/\/ciudadyregion.com.co\/index.php\/universidad-del-tolima-entrego-diploma-en-el-cuidado-forestal-a-mujeres-del-bajo-calima\/regional\/","title":{"rendered":"Universidad del Tolima entreg\u00f3 diploma en el cuidado forestal a mujeres del Bajo Calima\u00a0"},"content":{"rendered":"<p data-wahfont=\"14\">En un esfuerzo por promover la participaci\u00f3n de la mujer afrodescendiente en el cuidado y conservaci\u00f3n de los bosques del Litoral Pac\u00edfico Colombiano, la Universidad del Tolima llev\u00f3 a cabo una capacitaci\u00f3n especializada en medici\u00f3n y conservaci\u00f3n de ecosistemas forestales.<\/p>\n<p data-wahfont=\"14\">Este espacio de aprendizaje tuvo lugar en el Centro Forestal Tropical Pedro Antonio Pineda y cont\u00f3 con la participaci\u00f3n de ocho mujeres madres cabeza de familia provenientes de la comunidad de Las Brisas en el Bajo Calima, quienes se integraron en el ejercicio con estudiantes de quinto semestre del Programa de Ingenier\u00eda Forestal de la UT.<\/p>\n<p data-wahfont=\"14\">El liderazgo y la coordinaci\u00f3n de este evento estuvo a cargo del decano de la Facultad de Ingenier\u00eda Forestal, el profesor Omar Melo, cuyo compromiso con la formaci\u00f3n y empoderamiento de las mujeres en el campo forestal ha sido fundamental para el \u00e9xito de esta iniciativa.<\/p>\n<blockquote>\n<p data-wahfont=\"14\">\u201cVenimos trabajando con un grupo de mujeres de esta comunidad que se han convertido en las guardianas del bosque para protegerlo, cuidarlo y restaurarlo [\u2026]Hemos querido valorar el trabajo que hacen las lideresas de la comunidad en ese proceso de acompa\u00f1amiento para los estudiantes de la Facultad de Ingenier\u00eda Forestal\u201d, indic\u00f3 el Decano.<\/p>\n<\/blockquote>\n<p data-wahfont=\"14\">Es as\u00ed como durante tres d\u00edas intensivos las participantes no solo compartieron con los j\u00f3venes, sino que tambi\u00e9n tuvieron la oportunidad de adquirir conocimientos fundamentales para llevar a cabo labores relacionadas con la identificaci\u00f3n y medici\u00f3n de \u00e1rboles, as\u00ed como t\u00e9cnicas de manejo forestal sostenible, conocimientos que se sumaron a sus saberes ancestrales.<\/p>\n<p data-wahfont=\"14\">Esta iniciativa no solo brind\u00f3 herramientas pr\u00e1cticas, sino que tambi\u00e9n fortaleci\u00f3 la capacidad de las mujeres para contribuir activamente al cuidado de los recursos naturales en su comunidad.<\/p>\n<p data-wahfont=\"14\">Como reconocimiento a su dedicaci\u00f3n y esfuerzo, se llev\u00f3 a cabo una emotiva ceremonia de clausura en las instalaciones del Centro Tropical Forestal en la que se entregaron certificados a las participantes.<\/p>\n<blockquote>\n<p data-wahfont=\"14\">\u201cEse certificado, es un reconocimiento que hace la Universidad del Tolima por sus conocimientos, sus experiencias y sus roles de lideresas dentro de la comunidad. Pero tambi\u00e9n, es importante porque en un proyecto futuro que haya en la regi\u00f3n puedan decir que est\u00e1n capacitadas con el respaldo de la Universidad y son aptas para ejercer como asistentes de campo en cualquier proyecto relacionado al manejo del bosque\u201d, a\u00f1adi\u00f3 el profesor Melo.<\/p>\n<\/blockquote>\n<p data-wahfont=\"14\">Durante este importante espacio, Adelina Adv\u00edncula, una de las lideresas beneficiadas con esta iniciativa, expres\u00f3 con alegr\u00eda: \u201c\u00a1gracias por tenernos en cuenta!\u201d. Palabras que nos motivan a continuar trabajando por las comunidades en las que tenemos impacto.<\/p>\n<p data-wahfont=\"14\">Este gesto simb\u00f3lico no solo representa el logro individual de cada una de las mujeres capacitadas, sino tambi\u00e9n el compromiso de la Universidad del Tolima con la equidad de g\u00e9nero y el desarrollo sostenible en las comunidades locales.<\/p>\n","protected":false},"excerpt":{"rendered":"<p>En un esfuerzo por promover la participaci\u00f3n de la mujer afrodescendiente en el cuidado y conservaci\u00f3n de los bosques del Litoral Pac\u00edfico Colombiano, la Universidad del Tolima llev\u00f3 a cabo una capacitaci\u00f3n especializada en medici\u00f3n y conservaci\u00f3n de ecosistemas forestales. Este espacio de aprendizaje tuvo lugar en el Centro Forestal<span class=\"more-link\"><a href=\"https:\/\/ciudadyregion.com.co\/index.php\/universidad-del-tolima-entrego-diploma-en-el-cuidado-forestal-a-mujeres-del-bajo-calima\/regional\/\">Continuar Leyendo<\/a><\/span><\/p>\n","protected":false},"author":2,"featured_media":13903,"comment_status":"open","ping_status":"open","sticky":false,"template":"","format":"standard","meta":{"_uf_show_specific_survey":0,"_uf_disable_surveys":false,"_jetpack_memberships_contains_paid_content":false,"footnotes":"","jetpack_publicize_message":"","jetpack_publicize_feature_enabled":true,"jetpack_social_post_already_shared":true,"jetpack_social_options":{"image_generator_settings":{"template":"highway","enabled":false},"version":2}},"categories":[13],"tags":[],"class_list":["entry","author-diegoaguirre","post-13902","post","type-post","status-publish","format-standard","has-post-thumbnail","category-regional"],"jetpack_publicize_connections":[],"yoast_head":"<!-- This site is optimized with the Yoast SEO plugin v24.3 - https:\/\/yoast.com\/wordpress\/plugins\/seo\/ -->\n<title>Universidad del Tolima entreg\u00f3 diploma en el cuidado forestal a mujeres del Bajo Calima\u00a0 - Ciudad y Region<\/title>\n<meta name=\"robots\" content=\"index, follow, max-snippet:-1, max-image-preview:large, max-video-preview:-1\" \/>\n<link rel=\"canonical\" href=\"https:\/\/ciudadyregion.com.co\/index.php\/universidad-del-tolima-entrego-diploma-en-el-cuidado-forestal-a-mujeres-del-bajo-calima\/regional\/\" \/>\n<meta property=\"og:locale\" content=\"es_ES\" \/>\n<meta property=\"og:type\" content=\"article\" \/>\n<meta property=\"og:title\" content=\"Universidad del Tolima entreg\u00f3 diploma en el cuidado forestal a mujeres del Bajo Calima\u00a0 - Ciudad y Region\" \/>\n<meta property=\"og:description\" content=\"En un esfuerzo por promover la participaci\u00f3n de la mujer afrodescendiente en el cuidado y conservaci\u00f3n de los bosques del Litoral Pac\u00edfico Colombiano, la Universidad del Tolima llev\u00f3 a cabo una capacitaci\u00f3n especializada en medici\u00f3n y conservaci\u00f3n de ecosistemas forestales. Este espacio de aprendizaje tuvo lugar en el Centro ForestalContinuar Leyendo\" \/>\n<meta property=\"og:url\" content=\"https:\/\/ciudadyregion.com.co\/index.php\/universidad-del-tolima-entrego-diploma-en-el-cuidado-forestal-a-mujeres-del-bajo-calima\/regional\/\" \/>\n<meta property=\"og:site_name\" content=\"Ciudad y Region\" \/>\n<meta property=\"article:published_time\" content=\"2024-05-14T14:53:28+00:00\" \/>\n<meta property=\"og:image\" content=\"https:\/\/ciudadyregion.com.co\/wp-content\/uploads\/2024\/05\/2-8.jpg\" \/>\n\t<meta property=\"og:image:width\" content=\"800\" \/>\n\t<meta property=\"og:image:height\" content=\"445\" \/>\n\t<meta property=\"og:image:type\" content=\"image\/jpeg\" \/>\n<meta name=\"author\" content=\"David Andr\u00e9s Aguirre\" \/>\n<meta name=\"twitter:card\" content=\"summary_large_image\" \/>\n<meta name=\"twitter:label1\" content=\"Escrito por\" \/>\n\t<meta name=\"twitter:data1\" content=\"David Andr\u00e9s Aguirre\" \/>\n\t<meta name=\"twitter:label2\" content=\"Tiempo de lectura\" \/>\n\t<meta name=\"twitter:data2\" content=\"2 minutos\" \/>\n<script type=\"application\/ld+json\" class=\"yoast-schema-graph\">{\"@context\":\"https:\/\/schema.org\",\"@graph\":[{\"@type\":\"WebPage\",\"@id\":\"https:\/\/ciudadyregion.com.co\/index.php\/universidad-del-tolima-entrego-diploma-en-el-cuidado-forestal-a-mujeres-del-bajo-calima\/regional\/\",\"url\":\"https:\/\/ciudadyregion.com.co\/index.php\/universidad-del-tolima-entrego-diploma-en-el-cuidado-forestal-a-mujeres-del-bajo-calima\/regional\/\",\"name\":\"Universidad del Tolima entreg\u00f3 diploma en el cuidado forestal a mujeres del Bajo Calima\u00a0 - Ciudad y Region\",\"isPartOf\":{\"@id\":\"https:\/\/ciudadyregion.com.co\/#website\"},\"primaryImageOfPage\":{\"@id\":\"https:\/\/ciudadyregion.com.co\/index.php\/universidad-del-tolima-entrego-diploma-en-el-cuidado-forestal-a-mujeres-del-bajo-calima\/regional\/#primaryimage\"},\"image\":{\"@id\":\"https:\/\/ciudadyregion.com.co\/index.php\/universidad-del-tolima-entrego-diploma-en-el-cuidado-forestal-a-mujeres-del-bajo-calima\/regional\/#primaryimage\"},\"thumbnailUrl\":\"https:\/\/i0.wp.com\/ciudadyregion.com.co\/wp-content\/uploads\/2024\/05\/2-8.jpg?fit=800%2C445&ssl=1\",\"datePublished\":\"2024-05-14T14:53:28+00:00\",\"dateModified\":\"2024-05-14T14:53:28+00:00\",\"author\":{\"@id\":\"https:\/\/ciudadyregion.com.co\/#\/schema\/person\/04a4954373ebc4051f46e8c65ff78622\"},\"breadcrumb\":{\"@id\":\"https:\/\/ciudadyregion.com.co\/index.php\/universidad-del-tolima-entrego-diploma-en-el-cuidado-forestal-a-mujeres-del-bajo-calima\/regional\/#breadcrumb\"},\"inLanguage\":\"es\",\"potentialAction\":[{\"@type\":\"ReadAction\",\"target\":[\"https:\/\/ciudadyregion.com.co\/index.php\/universidad-del-tolima-entrego-diploma-en-el-cuidado-forestal-a-mujeres-del-bajo-calima\/regional\/\"]}]},{\"@type\":\"ImageObject\",\"inLanguage\":\"es\",\"@id\":\"https:\/\/ciudadyregion.com.co\/index.php\/universidad-del-tolima-entrego-diploma-en-el-cuidado-forestal-a-mujeres-del-bajo-calima\/regional\/#primaryimage\",\"url\":\"https:\/\/i0.wp.com\/ciudadyregion.com.co\/wp-content\/uploads\/2024\/05\/2-8.jpg?fit=800%2C445&ssl=1\",\"contentUrl\":\"https:\/\/i0.wp.com\/ciudadyregion.com.co\/wp-content\/uploads\/2024\/05\/2-8.jpg?fit=800%2C445&ssl=1\",\"width\":800,\"height\":445},{\"@type\":\"BreadcrumbList\",\"@id\":\"https:\/\/ciudadyregion.com.co\/index.php\/universidad-del-tolima-entrego-diploma-en-el-cuidado-forestal-a-mujeres-del-bajo-calima\/regional\/#breadcrumb\",\"itemListElement\":[{\"@type\":\"ListItem\",\"position\":1,\"name\":\"Portada\",\"item\":\"https:\/\/ciudadyregion.com.co\/\"},{\"@type\":\"ListItem\",\"position\":2,\"name\":\"Universidad del Tolima entreg\u00f3 diploma en el cuidado forestal a mujeres del Bajo Calima\u00a0\"}]},{\"@type\":\"WebSite\",\"@id\":\"https:\/\/ciudadyregion.com.co\/#website\",\"url\":\"https:\/\/ciudadyregion.com.co\/\",\"name\":\"Ciudad y Region\",\"description\":\"\",\"potentialAction\":[{\"@type\":\"SearchAction\",\"target\":{\"@type\":\"EntryPoint\",\"urlTemplate\":\"https:\/\/ciudadyregion.com.co\/?s={search_term_string}\"},\"query-input\":{\"@type\":\"PropertyValueSpecification\",\"valueRequired\":true,\"valueName\":\"search_term_string\"}}],\"inLanguage\":\"es\"},{\"@type\":\"Person\",\"@id\":\"https:\/\/ciudadyregion.com.co\/#\/schema\/person\/04a4954373ebc4051f46e8c65ff78622\",\"name\":\"David Andr\u00e9s Aguirre\",\"image\":{\"@type\":\"ImageObject\",\"inLanguage\":\"es\",\"@id\":\"https:\/\/ciudadyregion.com.co\/#\/schema\/person\/image\/\",\"url\":\"https:\/\/secure.gravatar.com\/avatar\/bc3c655860202182ee6d1b5edd042dbe?s=96&d=mm&r=g\",\"contentUrl\":\"https:\/\/secure.gravatar.com\/avatar\/bc3c655860202182ee6d1b5edd042dbe?s=96&d=mm&r=g\",\"caption\":\"David Andr\u00e9s Aguirre\"},\"url\":\"https:\/\/ciudadyregion.com.co\/index.php\/author\/diegoaguirre\/\"}]}<\/script>\n<!-- \/ Yoast SEO plugin. -->","yoast_head_json":{"title":"Universidad del Tolima entreg\u00f3 diploma en el cuidado forestal a mujeres del Bajo Calima\u00a0 - Ciudad y Region","robots":{"index":"index","follow":"follow","max-snippet":"max-snippet:-1","max-image-preview":"max-image-preview:large","max-video-preview":"max-video-preview:-1"},"canonical":"https:\/\/ciudadyregion.com.co\/index.php\/universidad-del-tolima-entrego-diploma-en-el-cuidado-forestal-a-mujeres-del-bajo-calima\/regional\/","og_locale":"es_ES","og_type":"article","og_title":"Universidad del Tolima entreg\u00f3 diploma en el cuidado forestal a mujeres del Bajo Calima\u00a0 - Ciudad y Region","og_description":"En un esfuerzo por promover la participaci\u00f3n de la mujer afrodescendiente en el cuidado y conservaci\u00f3n de los bosques del Litoral Pac\u00edfico Colombiano, la Universidad del Tolima llev\u00f3 a cabo una capacitaci\u00f3n especializada en medici\u00f3n y conservaci\u00f3n de ecosistemas forestales. Este espacio de aprendizaje tuvo lugar en el Centro ForestalContinuar Leyendo","og_url":"https:\/\/ciudadyregion.com.co\/index.php\/universidad-del-tolima-entrego-diploma-en-el-cuidado-forestal-a-mujeres-del-bajo-calima\/regional\/","og_site_name":"Ciudad y Region","article_published_time":"2024-05-14T14:53:28+00:00","og_image":[{"width":800,"height":445,"url":"https:\/\/ciudadyregion.com.co\/wp-content\/uploads\/2024\/05\/2-8.jpg","type":"image\/jpeg"}],"author":"David Andr\u00e9s Aguirre","twitter_card":"summary_large_image","twitter_misc":{"Escrito por":"David Andr\u00e9s Aguirre","Tiempo de lectura":"2 minutos"},"schema":{"@context":"https:\/\/schema.org","@graph":[{"@type":"WebPage","@id":"https:\/\/ciudadyregion.com.co\/index.php\/universidad-del-tolima-entrego-diploma-en-el-cuidado-forestal-a-mujeres-del-bajo-calima\/regional\/","url":"https:\/\/ciudadyregion.com.co\/index.php\/universidad-del-tolima-entrego-diploma-en-el-cuidado-forestal-a-mujeres-del-bajo-calima\/regional\/","name":"Universidad del Tolima entreg\u00f3 diploma en el cuidado forestal a mujeres del Bajo Calima\u00a0 - Ciudad y Region","isPartOf":{"@id":"https:\/\/ciudadyregion.com.co\/#website"},"primaryImageOfPage":{"@id":"https:\/\/ciudadyregion.com.co\/index.php\/universidad-del-tolima-entrego-diploma-en-el-cuidado-forestal-a-mujeres-del-bajo-calima\/regional\/#primaryimage"},"image":{"@id":"https:\/\/ciudadyregion.com.co\/index.php\/universidad-del-tolima-entrego-diploma-en-el-cuidado-forestal-a-mujeres-del-bajo-calima\/regional\/#primaryimage"},"thumbnailUrl":"https:\/\/i0.wp.com\/ciudadyregion.com.co\/wp-content\/uploads\/2024\/05\/2-8.jpg?fit=800%2C445&ssl=1","datePublished":"2024-05-14T14:53:28+00:00","dateModified":"2024-05-14T14:53:28+00:00","author":{"@id":"https:\/\/ciudadyregion.com.co\/#\/schema\/person\/04a4954373ebc4051f46e8c65ff78622"},"breadcrumb":{"@id":"https:\/\/ciudadyregion.com.co\/index.php\/universidad-del-tolima-entrego-diploma-en-el-cuidado-forestal-a-mujeres-del-bajo-calima\/regional\/#breadcrumb"},"inLanguage":"es","potentialAction":[{"@type":"ReadAction","target":["https:\/\/ciudadyregion.com.co\/index.php\/universidad-del-tolima-entrego-diploma-en-el-cuidado-forestal-a-mujeres-del-bajo-calima\/regional\/"]}]},{"@type":"ImageObject","inLanguage":"es","@id":"https:\/\/ciudadyregion.com.co\/index.php\/universidad-del-tolima-entrego-diploma-en-el-cuidado-forestal-a-mujeres-del-bajo-calima\/regional\/#primaryimage","url":"https:\/\/i0.wp.com\/ciudadyregion.com.co\/wp-content\/uploads\/2024\/05\/2-8.jpg?fit=800%2C445&ssl=1","contentUrl":"https:\/\/i0.wp.com\/ciudadyregion.com.co\/wp-content\/uploads\/2024\/05\/2-8.jpg?fit=800%2C445&ssl=1","width":800,"height":445},{"@type":"BreadcrumbList","@id":"https:\/\/ciudadyregion.com.co\/index.php\/universidad-del-tolima-entrego-diploma-en-el-cuidado-forestal-a-mujeres-del-bajo-calima\/regional\/#breadcrumb","itemListElement":[{"@type":"ListItem","position":1,"name":"Portada","item":"https:\/\/ciudadyregion.com.co\/"},{"@type":"ListItem","position":2,"name":"Universidad del Tolima entreg\u00f3 diploma en el cuidado forestal a mujeres del Bajo Calima\u00a0"}]},{"@type":"WebSite","@id":"https:\/\/ciudadyregion.com.co\/#website","url":"https:\/\/ciudadyregion.com.co\/","name":"Ciudad y Region","description":"","potentialAction":[{"@type":"SearchAction","target":{"@type":"EntryPoint","urlTemplate":"https:\/\/ciudadyregion.com.co\/?s={search_term_string}"},"query-input":{"@type":"PropertyValueSpecification","valueRequired":true,"valueName":"search_term_string"}}],"inLanguage":"es"},{"@type":"Person","@id":"https:\/\/ciudadyregion.com.co\/#\/schema\/person\/04a4954373ebc4051f46e8c65ff78622","name":"David Andr\u00e9s Aguirre","image":{"@type":"ImageObject","inLanguage":"es","@id":"https:\/\/ciudadyregion.com.co\/#\/schema\/person\/image\/","url":"https:\/\/secure.gravatar.com\/avatar\/bc3c655860202182ee6d1b5edd042dbe?s=96&d=mm&r=g","contentUrl":"https:\/\/secure.gravatar.com\/avatar\/bc3c655860202182ee6d1b5edd042dbe?s=96&d=mm&r=g","caption":"David Andr\u00e9s Aguirre"},"url":"https:\/\/ciudadyregion.com.co\/index.php\/author\/diegoaguirre\/"}]}},"jetpack_featured_media_url":"https:\/\/i0.wp.com\/ciudadyregion.com.co\/wp-content\/uploads\/2024\/05\/2-8.jpg?fit=800%2C445&ssl=1","jetpack_sharing_enabled":true,"jetpack_shortlink":"https:\/\/wp.me\/pbS7hh-3Ce","jetpack-related-posts":[],"_links":{"self":[{"href":"https:\/\/ciudadyregion.com.co\/index.php\/wp-json\/wp\/v2\/posts\/13902"}],"collection":[{"href":"https:\/\/ciudadyregion.com.co\/index.php\/wp-json\/wp\/v2\/posts"}],"about":[{"href":"https:\/\/ciudadyregion.com.co\/index.php\/wp-json\/wp\/v2\/types\/post"}],"author":[{"embeddable":true,"href":"https:\/\/ciudadyregion.com.co\/index.php\/wp-json\/wp\/v2\/users\/2"}],"replies":[{"embeddable":true,"href":"https:\/\/ciudadyregion.com.co\/index.php\/wp-json\/wp\/v2\/comments?post=13902"}],"version-history":[{"count":1,"href":"https:\/\/ciudadyregion.com.co\/index.php\/wp-json\/wp\/v2\/posts\/13902\/revisions"}],"predecessor-version":[{"id":13904,"href":"https:\/\/ciudadyregion.com.co\/index.php\/wp-json\/wp\/v2\/posts\/13902\/revisions\/13904"}],"wp:featuredmedia":[{"embeddable":true,"href":"https:\/\/ciudadyregion.com.co\/index.php\/wp-json\/wp\/v2\/media\/13903"}],"wp:attachment":[{"href":"https:\/\/ciudadyregion.com.co\/index.php\/wp-json\/wp\/v2\/media?parent=13902"}],"wp:term":[{"taxonomy":"category","embeddable":true,"href":"https:\/\/ciudadyregion.com.co\/index.php\/wp-json\/wp\/v2\/categories?post=13902"},{"taxonomy":"post_tag","embeddable":true,"href":"https:\/\/ciudadyregion.com.co\/index.php\/wp-json\/wp\/v2\/tags?post=13902"}],"curies":[{"name":"wp","href":"https:\/\/api.w.org\/{rel}","templated":true}]}}