{"id":13899,"date":"2024-05-14T09:50:09","date_gmt":"2024-05-14T14:50:09","guid":{"rendered":"https:\/\/ciudadyregion.com.co\/?p=13899"},"modified":"2024-05-14T09:50:09","modified_gmt":"2024-05-14T14:50:09","slug":"las-veredas-de-ibague-mas-afectadas-por-lluvias-recibieron-ayudas-humanitarias","status":"publish","type":"post","link":"https:\/\/ciudadyregion.com.co\/index.php\/las-veredas-de-ibague-mas-afectadas-por-lluvias-recibieron-ayudas-humanitarias\/ibague\/","title":{"rendered":"Las veredas de Ibagu\u00e9 m\u00e1s afectadas por lluvias\u00a0 recibieron ayudas humanitarias"},"content":{"rendered":"<div>La temporada de m\u00e1s lluvias que est\u00e1 enfrentando la ciudad ha causado algunas afectaciones en la Capital Musical, por ello toda la Administraci\u00f3n Municipal ha decidido desplazarse a la zona rural para llevar ayudas humanitarias a los afectados por las precipitaciones.<\/div>\n<div><span style=\"font-family: Arial, Verdana;\">\u00a0<\/span><\/div>\n<blockquote>\n<div><span style=\"font-family: Arial, Verdana;\"><i>\u201cPor instrucci\u00f3n de nuestra Alcaldesa, Johana Aranda todos en la Alcald\u00eda armamos un plan de trabajo, hoy domingo, para visitar las veredas donde se reportaron familias afectadas por las lluvias de los \u00faltimos d\u00edas. Nos hemos divido para abarcar todos los sectores rurales y llegar a cada persona que ha pasado por un dif\u00edcil momento\u201d<\/i>, manifest\u00f3 Jessica Salcedo, secretaria de Ambiente y Gesti\u00f3n del Riesgo.<\/span><\/div>\n<\/blockquote>\n<div><span style=\"font-family: Arial, Verdana;\">\u00a0<\/span><\/div>\n<div><span style=\"font-family: Arial, Verdana;\">Es as\u00ed, como durante el d\u00eda se lleg\u00f3 a: Totumo 1 y 2, San Juan de la China, Cay, Calambeo, China Alta, Salado, San Bernardo, Tapias, Toche, Ca\u00f1\u00f3n del Combeima, La Martinica, La Florida, San Francisco, Calambeo, Dantas y Laureles.<\/span><\/div>\n<div><span style=\"font-family: Arial, Verdana;\">\u00a0<\/span><\/div>\n<div><span style=\"font-family: Arial, Verdana;\">Entre algunas de las ayudas que llevaban resaltan: colchonetas, frazadas, s\u00e1banas, kits de aseo, kits de cocina, alimentos, entre otros, seg\u00fan la circunstancias de afectaci\u00f3n que hayan tenido las familias.<\/span><\/div>\n<div><span style=\"font-family: Arial, Verdana;\">\u00a0<\/span><\/div>\n<div><span style=\"font-family: Arial, Verdana;\">Desde la Alcald\u00eda se seguir\u00e1 atentos a otras emergencias que puedan presentarse y se hace un llamado de reportar cualquier novedad a las l\u00edneas 123 y 116.<\/span><\/div>\n","protected":false},"excerpt":{"rendered":"<p>La temporada de m\u00e1s lluvias que est\u00e1 enfrentando la ciudad ha causado algunas afectaciones en la Capital Musical, por ello toda la Administraci\u00f3n Municipal ha decidido desplazarse a la zona rural para llevar ayudas humanitarias a los afectados por las precipitaciones. \u00a0 \u201cPor instrucci\u00f3n de nuestra Alcaldesa, Johana Aranda todos<span class=\"more-link\"><a href=\"https:\/\/ciudadyregion.com.co\/index.php\/las-veredas-de-ibague-mas-afectadas-por-lluvias-recibieron-ayudas-humanitarias\/ibague\/\">Continuar Leyendo<\/a><\/span><\/p>\n","protected":false},"author":2,"featured_media":13900,"comment_status":"open","ping_status":"open","sticky":false,"template":"","format":"standard","meta":{"_uf_show_specific_survey":0,"_uf_disable_surveys":false,"_jetpack_memberships_contains_paid_content":false,"footnotes":"","jetpack_publicize_message":"","jetpack_publicize_feature_enabled":true,"jetpack_social_post_already_shared":true,"jetpack_social_options":{"image_generator_settings":{"template":"highway","enabled":false},"version":2}},"categories":[14],"tags":[],"class_list":["entry","author-diegoaguirre","post-13899","post","type-post","status-publish","format-standard","has-post-thumbnail","category-ibague"],"jetpack_publicize_connections":[],"yoast_head":"<!-- This site is optimized with the Yoast SEO plugin v24.3 - https:\/\/yoast.com\/wordpress\/plugins\/seo\/ -->\n<title>Las veredas de Ibagu\u00e9 m\u00e1s afectadas por lluvias\u00a0 recibieron ayudas humanitarias - Ciudad y Region<\/title>\n<meta name=\"robots\" content=\"index, follow, max-snippet:-1, max-image-preview:large, max-video-preview:-1\" \/>\n<link rel=\"canonical\" href=\"https:\/\/ciudadyregion.com.co\/index.php\/las-veredas-de-ibague-mas-afectadas-por-lluvias-recibieron-ayudas-humanitarias\/ibague\/\" \/>\n<meta property=\"og:locale\" content=\"es_ES\" \/>\n<meta property=\"og:type\" content=\"article\" \/>\n<meta property=\"og:title\" content=\"Las veredas de Ibagu\u00e9 m\u00e1s afectadas por lluvias\u00a0 recibieron ayudas humanitarias - Ciudad y Region\" \/>\n<meta property=\"og:description\" content=\"La temporada de m\u00e1s lluvias que est\u00e1 enfrentando la ciudad ha causado algunas afectaciones en la Capital Musical, por ello toda la Administraci\u00f3n Municipal ha decidido desplazarse a la zona rural para llevar ayudas humanitarias a los afectados por las precipitaciones. \u00a0 \u201cPor instrucci\u00f3n de nuestra Alcaldesa, Johana Aranda todosContinuar Leyendo\" \/>\n<meta property=\"og:url\" content=\"https:\/\/ciudadyregion.com.co\/index.php\/las-veredas-de-ibague-mas-afectadas-por-lluvias-recibieron-ayudas-humanitarias\/ibague\/\" \/>\n<meta property=\"og:site_name\" content=\"Ciudad y Region\" \/>\n<meta property=\"article:published_time\" content=\"2024-05-14T14:50:09+00:00\" \/>\n<meta property=\"og:image\" content=\"https:\/\/ciudadyregion.com.co\/wp-content\/uploads\/2024\/05\/2-7.jpg\" \/>\n\t<meta property=\"og:image:width\" content=\"800\" \/>\n\t<meta property=\"og:image:height\" content=\"445\" \/>\n\t<meta property=\"og:image:type\" content=\"image\/jpeg\" \/>\n<meta name=\"author\" content=\"David Andr\u00e9s Aguirre\" \/>\n<meta name=\"twitter:card\" content=\"summary_large_image\" \/>\n<meta name=\"twitter:label1\" content=\"Escrito por\" \/>\n\t<meta name=\"twitter:data1\" content=\"David Andr\u00e9s Aguirre\" \/>\n\t<meta name=\"twitter:label2\" content=\"Tiempo de lectura\" \/>\n\t<meta name=\"twitter:data2\" content=\"1 minuto\" \/>\n<script type=\"application\/ld+json\" class=\"yoast-schema-graph\">{\"@context\":\"https:\/\/schema.org\",\"@graph\":[{\"@type\":\"WebPage\",\"@id\":\"https:\/\/ciudadyregion.com.co\/index.php\/las-veredas-de-ibague-mas-afectadas-por-lluvias-recibieron-ayudas-humanitarias\/ibague\/\",\"url\":\"https:\/\/ciudadyregion.com.co\/index.php\/las-veredas-de-ibague-mas-afectadas-por-lluvias-recibieron-ayudas-humanitarias\/ibague\/\",\"name\":\"Las veredas de Ibagu\u00e9 m\u00e1s afectadas por lluvias\u00a0 recibieron ayudas humanitarias - Ciudad y Region\",\"isPartOf\":{\"@id\":\"https:\/\/ciudadyregion.com.co\/#website\"},\"primaryImageOfPage\":{\"@id\":\"https:\/\/ciudadyregion.com.co\/index.php\/las-veredas-de-ibague-mas-afectadas-por-lluvias-recibieron-ayudas-humanitarias\/ibague\/#primaryimage\"},\"image\":{\"@id\":\"https:\/\/ciudadyregion.com.co\/index.php\/las-veredas-de-ibague-mas-afectadas-por-lluvias-recibieron-ayudas-humanitarias\/ibague\/#primaryimage\"},\"thumbnailUrl\":\"https:\/\/i0.wp.com\/ciudadyregion.com.co\/wp-content\/uploads\/2024\/05\/2-7.jpg?fit=800%2C445&ssl=1\",\"datePublished\":\"2024-05-14T14:50:09+00:00\",\"dateModified\":\"2024-05-14T14:50:09+00:00\",\"author\":{\"@id\":\"https:\/\/ciudadyregion.com.co\/#\/schema\/person\/04a4954373ebc4051f46e8c65ff78622\"},\"breadcrumb\":{\"@id\":\"https:\/\/ciudadyregion.com.co\/index.php\/las-veredas-de-ibague-mas-afectadas-por-lluvias-recibieron-ayudas-humanitarias\/ibague\/#breadcrumb\"},\"inLanguage\":\"es\",\"potentialAction\":[{\"@type\":\"ReadAction\",\"target\":[\"https:\/\/ciudadyregion.com.co\/index.php\/las-veredas-de-ibague-mas-afectadas-por-lluvias-recibieron-ayudas-humanitarias\/ibague\/\"]}]},{\"@type\":\"ImageObject\",\"inLanguage\":\"es\",\"@id\":\"https:\/\/ciudadyregion.com.co\/index.php\/las-veredas-de-ibague-mas-afectadas-por-lluvias-recibieron-ayudas-humanitarias\/ibague\/#primaryimage\",\"url\":\"https:\/\/i0.wp.com\/ciudadyregion.com.co\/wp-content\/uploads\/2024\/05\/2-7.jpg?fit=800%2C445&ssl=1\",\"contentUrl\":\"https:\/\/i0.wp.com\/ciudadyregion.com.co\/wp-content\/uploads\/2024\/05\/2-7.jpg?fit=800%2C445&ssl=1\",\"width\":800,\"height\":445},{\"@type\":\"BreadcrumbList\",\"@id\":\"https:\/\/ciudadyregion.com.co\/index.php\/las-veredas-de-ibague-mas-afectadas-por-lluvias-recibieron-ayudas-humanitarias\/ibague\/#breadcrumb\",\"itemListElement\":[{\"@type\":\"ListItem\",\"position\":1,\"name\":\"Portada\",\"item\":\"https:\/\/ciudadyregion.com.co\/\"},{\"@type\":\"ListItem\",\"position\":2,\"name\":\"Las veredas de Ibagu\u00e9 m\u00e1s afectadas por lluvias\u00a0 recibieron ayudas humanitarias\"}]},{\"@type\":\"WebSite\",\"@id\":\"https:\/\/ciudadyregion.com.co\/#website\",\"url\":\"https:\/\/ciudadyregion.com.co\/\",\"name\":\"Ciudad y Region\",\"description\":\"\",\"potentialAction\":[{\"@type\":\"SearchAction\",\"target\":{\"@type\":\"EntryPoint\",\"urlTemplate\":\"https:\/\/ciudadyregion.com.co\/?s={search_term_string}\"},\"query-input\":{\"@type\":\"PropertyValueSpecification\",\"valueRequired\":true,\"valueName\":\"search_term_string\"}}],\"inLanguage\":\"es\"},{\"@type\":\"Person\",\"@id\":\"https:\/\/ciudadyregion.com.co\/#\/schema\/person\/04a4954373ebc4051f46e8c65ff78622\",\"name\":\"David Andr\u00e9s Aguirre\",\"image\":{\"@type\":\"ImageObject\",\"inLanguage\":\"es\",\"@id\":\"https:\/\/ciudadyregion.com.co\/#\/schema\/person\/image\/\",\"url\":\"https:\/\/secure.gravatar.com\/avatar\/bc3c655860202182ee6d1b5edd042dbe?s=96&d=mm&r=g\",\"contentUrl\":\"https:\/\/secure.gravatar.com\/avatar\/bc3c655860202182ee6d1b5edd042dbe?s=96&d=mm&r=g\",\"caption\":\"David Andr\u00e9s Aguirre\"},\"url\":\"https:\/\/ciudadyregion.com.co\/index.php\/author\/diegoaguirre\/\"}]}<\/script>\n<!-- \/ Yoast SEO plugin. -->","yoast_head_json":{"title":"Las veredas de Ibagu\u00e9 m\u00e1s afectadas por lluvias\u00a0 recibieron ayudas humanitarias - Ciudad y Region","robots":{"index":"index","follow":"follow","max-snippet":"max-snippet:-1","max-image-preview":"max-image-preview:large","max-video-preview":"max-video-preview:-1"},"canonical":"https:\/\/ciudadyregion.com.co\/index.php\/las-veredas-de-ibague-mas-afectadas-por-lluvias-recibieron-ayudas-humanitarias\/ibague\/","og_locale":"es_ES","og_type":"article","og_title":"Las veredas de Ibagu\u00e9 m\u00e1s afectadas por lluvias\u00a0 recibieron ayudas humanitarias - Ciudad y Region","og_description":"La temporada de m\u00e1s lluvias que est\u00e1 enfrentando la ciudad ha causado algunas afectaciones en la Capital Musical, por ello toda la Administraci\u00f3n Municipal ha decidido desplazarse a la zona rural para llevar ayudas humanitarias a los afectados por las precipitaciones. \u00a0 \u201cPor instrucci\u00f3n de nuestra Alcaldesa, Johana Aranda todosContinuar Leyendo","og_url":"https:\/\/ciudadyregion.com.co\/index.php\/las-veredas-de-ibague-mas-afectadas-por-lluvias-recibieron-ayudas-humanitarias\/ibague\/","og_site_name":"Ciudad y Region","article_published_time":"2024-05-14T14:50:09+00:00","og_image":[{"width":800,"height":445,"url":"https:\/\/ciudadyregion.com.co\/wp-content\/uploads\/2024\/05\/2-7.jpg","type":"image\/jpeg"}],"author":"David Andr\u00e9s Aguirre","twitter_card":"summary_large_image","twitter_misc":{"Escrito por":"David Andr\u00e9s Aguirre","Tiempo de lectura":"1 minuto"},"schema":{"@context":"https:\/\/schema.org","@graph":[{"@type":"WebPage","@id":"https:\/\/ciudadyregion.com.co\/index.php\/las-veredas-de-ibague-mas-afectadas-por-lluvias-recibieron-ayudas-humanitarias\/ibague\/","url":"https:\/\/ciudadyregion.com.co\/index.php\/las-veredas-de-ibague-mas-afectadas-por-lluvias-recibieron-ayudas-humanitarias\/ibague\/","name":"Las veredas de Ibagu\u00e9 m\u00e1s afectadas por lluvias\u00a0 recibieron ayudas humanitarias - Ciudad y Region","isPartOf":{"@id":"https:\/\/ciudadyregion.com.co\/#website"},"primaryImageOfPage":{"@id":"https:\/\/ciudadyregion.com.co\/index.php\/las-veredas-de-ibague-mas-afectadas-por-lluvias-recibieron-ayudas-humanitarias\/ibague\/#primaryimage"},"image":{"@id":"https:\/\/ciudadyregion.com.co\/index.php\/las-veredas-de-ibague-mas-afectadas-por-lluvias-recibieron-ayudas-humanitarias\/ibague\/#primaryimage"},"thumbnailUrl":"https:\/\/i0.wp.com\/ciudadyregion.com.co\/wp-content\/uploads\/2024\/05\/2-7.jpg?fit=800%2C445&ssl=1","datePublished":"2024-05-14T14:50:09+00:00","dateModified":"2024-05-14T14:50:09+00:00","author":{"@id":"https:\/\/ciudadyregion.com.co\/#\/schema\/person\/04a4954373ebc4051f46e8c65ff78622"},"breadcrumb":{"@id":"https:\/\/ciudadyregion.com.co\/index.php\/las-veredas-de-ibague-mas-afectadas-por-lluvias-recibieron-ayudas-humanitarias\/ibague\/#breadcrumb"},"inLanguage":"es","potentialAction":[{"@type":"ReadAction","target":["https:\/\/ciudadyregion.com.co\/index.php\/las-veredas-de-ibague-mas-afectadas-por-lluvias-recibieron-ayudas-humanitarias\/ibague\/"]}]},{"@type":"ImageObject","inLanguage":"es","@id":"https:\/\/ciudadyregion.com.co\/index.php\/las-veredas-de-ibague-mas-afectadas-por-lluvias-recibieron-ayudas-humanitarias\/ibague\/#primaryimage","url":"https:\/\/i0.wp.com\/ciudadyregion.com.co\/wp-content\/uploads\/2024\/05\/2-7.jpg?fit=800%2C445&ssl=1","contentUrl":"https:\/\/i0.wp.com\/ciudadyregion.com.co\/wp-content\/uploads\/2024\/05\/2-7.jpg?fit=800%2C445&ssl=1","width":800,"height":445},{"@type":"BreadcrumbList","@id":"https:\/\/ciudadyregion.com.co\/index.php\/las-veredas-de-ibague-mas-afectadas-por-lluvias-recibieron-ayudas-humanitarias\/ibague\/#breadcrumb","itemListElement":[{"@type":"ListItem","position":1,"name":"Portada","item":"https:\/\/ciudadyregion.com.co\/"},{"@type":"ListItem","position":2,"name":"Las veredas de Ibagu\u00e9 m\u00e1s afectadas por lluvias\u00a0 recibieron ayudas humanitarias"}]},{"@type":"WebSite","@id":"https:\/\/ciudadyregion.com.co\/#website","url":"https:\/\/ciudadyregion.com.co\/","name":"Ciudad y Region","description":"","potentialAction":[{"@type":"SearchAction","target":{"@type":"EntryPoint","urlTemplate":"https:\/\/ciudadyregion.com.co\/?s={search_term_string}"},"query-input":{"@type":"PropertyValueSpecification","valueRequired":true,"valueName":"search_term_string"}}],"inLanguage":"es"},{"@type":"Person","@id":"https:\/\/ciudadyregion.com.co\/#\/schema\/person\/04a4954373ebc4051f46e8c65ff78622","name":"David Andr\u00e9s Aguirre","image":{"@type":"ImageObject","inLanguage":"es","@id":"https:\/\/ciudadyregion.com.co\/#\/schema\/person\/image\/","url":"https:\/\/secure.gravatar.com\/avatar\/bc3c655860202182ee6d1b5edd042dbe?s=96&d=mm&r=g","contentUrl":"https:\/\/secure.gravatar.com\/avatar\/bc3c655860202182ee6d1b5edd042dbe?s=96&d=mm&r=g","caption":"David Andr\u00e9s Aguirre"},"url":"https:\/\/ciudadyregion.com.co\/index.php\/author\/diegoaguirre\/"}]}},"jetpack_featured_media_url":"https:\/\/i0.wp.com\/ciudadyregion.com.co\/wp-content\/uploads\/2024\/05\/2-7.jpg?fit=800%2C445&ssl=1","jetpack_sharing_enabled":true,"jetpack_shortlink":"https:\/\/wp.me\/pbS7hh-3Cb","jetpack-related-posts":[],"_links":{"self":[{"href":"https:\/\/ciudadyregion.com.co\/index.php\/wp-json\/wp\/v2\/posts\/13899"}],"collection":[{"href":"https:\/\/ciudadyregion.com.co\/index.php\/wp-json\/wp\/v2\/posts"}],"about":[{"href":"https:\/\/ciudadyregion.com.co\/index.php\/wp-json\/wp\/v2\/types\/post"}],"author":[{"embeddable":true,"href":"https:\/\/ciudadyregion.com.co\/index.php\/wp-json\/wp\/v2\/users\/2"}],"replies":[{"embeddable":true,"href":"https:\/\/ciudadyregion.com.co\/index.php\/wp-json\/wp\/v2\/comments?post=13899"}],"version-history":[{"count":1,"href":"https:\/\/ciudadyregion.com.co\/index.php\/wp-json\/wp\/v2\/posts\/13899\/revisions"}],"predecessor-version":[{"id":13901,"href":"https:\/\/ciudadyregion.com.co\/index.php\/wp-json\/wp\/v2\/posts\/13899\/revisions\/13901"}],"wp:featuredmedia":[{"embeddable":true,"href":"https:\/\/ciudadyregion.com.co\/index.php\/wp-json\/wp\/v2\/media\/13900"}],"wp:attachment":[{"href":"https:\/\/ciudadyregion.com.co\/index.php\/wp-json\/wp\/v2\/media?parent=13899"}],"wp:term":[{"taxonomy":"category","embeddable":true,"href":"https:\/\/ciudadyregion.com.co\/index.php\/wp-json\/wp\/v2\/categories?post=13899"},{"taxonomy":"post_tag","embeddable":true,"href":"https:\/\/ciudadyregion.com.co\/index.php\/wp-json\/wp\/v2\/tags?post=13899"}],"curies":[{"name":"wp","href":"https:\/\/api.w.org\/{rel}","templated":true}]}}