{"id":13876,"date":"2024-05-14T08:29:26","date_gmt":"2024-05-14T13:29:26","guid":{"rendered":"https:\/\/ciudadyregion.com.co\/?p=13876"},"modified":"2024-05-14T08:29:26","modified_gmt":"2024-05-14T13:29:26","slug":"cae-pez-gordo-judicializan-a-cabecilla-de-las-disidencias-de-las-farc-a-quien-se-le-atribuyen-21-homicidios","status":"publish","type":"post","link":"https:\/\/ciudadyregion.com.co\/index.php\/cae-pez-gordo-judicializan-a-cabecilla-de-las-disidencias-de-las-farc-a-quien-se-le-atribuyen-21-homicidios\/judicial\/","title":{"rendered":"Cae pez gordo: Judicializan a cabecilla de las disidencias de las Farc, a quien se le atribuyen 21 homicidios"},"content":{"rendered":"<ul>\n<li><em><strong>Alias El Guajiro fue imputado por nueve cr\u00edmenes sucedidos entre 2021 y 2023. Con esta acci\u00f3n judicial son 21 muertes violentas que se le atribuyen.<\/strong><\/em><\/li>\n<\/ul>\n<p>La Fiscal\u00eda General de la Naci\u00f3n obtuvo material de prueba suficiente que da cuenta del actuar criminal de Edwin Collo Dagua, alias Guajiro, un posible cabecilla del componente armado del autodenominado frente Ismael Ruiz de las disidencias de las Farc, se\u00f1alado de promover una ola de homicidios en municipios de Tolima y Huila.<\/p>\n<p>Este hombre, al parecer, particip\u00f3 en nueve muertes violentas ocurridas entre mayo de 2021 y mayo de 2023. Todos los eventos fueron perpetrados con armas de fuego y en zona rural.<\/p>\n<p>Uno de los cr\u00edmenes sucedi\u00f3 el 28 de mayo de 2021, en la vereda San Agust\u00edn, en Planadas (Tolima). Alias Guajiro, en compa\u00f1\u00eda de otros integrantes del grupo armado ilegal, presuntamente atac\u00f3 indiscriminadamente a un hombre. Posteriormente, el 23 de diciembre de 2021, habr\u00eda participado en un triple homicidio en el corregimiento de Aipecito, en Neiva (Huila).<\/p>\n<p>De acuerdo con el material de prueba, tambi\u00e9n estar\u00eda involucrado en un asesinato registrado el 15 de mayo de 2023, en un billar del corregimiento La Marina, en Chaparral (Tolima).<\/p>\n<p>Por todo lo anterior, una fiscal de la Direcci\u00f3n de Apoyo Territorial imput\u00f3 a Collo Dagua los delitos de homicidio agravado; y fabricaci\u00f3n, tr\u00e1fico, porte o tenencia de armas de fuego, accesorios, partes o municiones.<\/p>\n<p>Con estos nuevos hechos acreditados, son 21 homicidios por los que es investigado alias Guajiro. Recientemente, fue judicializado y enviado a la c\u00e1rcel por otras acciones criminales, como el ataque armado a una patrulla de la Polic\u00eda Nacional, que dej\u00f3 siete uniformados muertos el 2 de septiembre de 2022, en el corregimiento San Luis, en Neiva (Huila).<\/p>\n","protected":false},"excerpt":{"rendered":"<p>Alias El Guajiro fue imputado por nueve cr\u00edmenes sucedidos entre 2021 y 2023. Con esta acci\u00f3n judicial son 21 muertes violentas que se le atribuyen. La Fiscal\u00eda General de la Naci\u00f3n obtuvo material de prueba suficiente que da cuenta del actuar criminal de Edwin Collo Dagua, alias Guajiro, un posible<span class=\"more-link\"><a href=\"https:\/\/ciudadyregion.com.co\/index.php\/cae-pez-gordo-judicializan-a-cabecilla-de-las-disidencias-de-las-farc-a-quien-se-le-atribuyen-21-homicidios\/judicial\/\">Continuar Leyendo<\/a><\/span><\/p>\n","protected":false},"author":2,"featured_media":13877,"comment_status":"open","ping_status":"open","sticky":false,"template":"","format":"standard","meta":{"_uf_show_specific_survey":0,"_uf_disable_surveys":false,"_jetpack_memberships_contains_paid_content":false,"footnotes":"","jetpack_publicize_message":"","jetpack_publicize_feature_enabled":true,"jetpack_social_post_already_shared":true,"jetpack_social_options":{"image_generator_settings":{"template":"highway","enabled":false},"version":2}},"categories":[18],"tags":[],"class_list":["entry","author-diegoaguirre","post-13876","post","type-post","status-publish","format-standard","has-post-thumbnail","category-judicial"],"jetpack_publicize_connections":[],"yoast_head":"<!-- This site is optimized with the Yoast SEO plugin v24.3 - https:\/\/yoast.com\/wordpress\/plugins\/seo\/ -->\n<title>Cae pez gordo: Judicializan a cabecilla de las disidencias de las Farc, a quien se le atribuyen 21 homicidios - Ciudad y Region<\/title>\n<meta name=\"robots\" content=\"index, follow, max-snippet:-1, max-image-preview:large, max-video-preview:-1\" \/>\n<link rel=\"canonical\" href=\"https:\/\/ciudadyregion.com.co\/index.php\/cae-pez-gordo-judicializan-a-cabecilla-de-las-disidencias-de-las-farc-a-quien-se-le-atribuyen-21-homicidios\/judicial\/\" \/>\n<meta property=\"og:locale\" content=\"es_ES\" \/>\n<meta property=\"og:type\" content=\"article\" \/>\n<meta property=\"og:title\" content=\"Cae pez gordo: Judicializan a cabecilla de las disidencias de las Farc, a quien se le atribuyen 21 homicidios - Ciudad y Region\" \/>\n<meta property=\"og:description\" content=\"Alias El Guajiro fue imputado por nueve cr\u00edmenes sucedidos entre 2021 y 2023. Con esta acci\u00f3n judicial son 21 muertes violentas que se le atribuyen. La Fiscal\u00eda General de la Naci\u00f3n obtuvo material de prueba suficiente que da cuenta del actuar criminal de Edwin Collo Dagua, alias Guajiro, un posibleContinuar Leyendo\" \/>\n<meta property=\"og:url\" content=\"https:\/\/ciudadyregion.com.co\/index.php\/cae-pez-gordo-judicializan-a-cabecilla-de-las-disidencias-de-las-farc-a-quien-se-le-atribuyen-21-homicidios\/judicial\/\" \/>\n<meta property=\"og:site_name\" content=\"Ciudad y Region\" \/>\n<meta property=\"article:published_time\" content=\"2024-05-14T13:29:26+00:00\" \/>\n<meta property=\"og:image\" content=\"https:\/\/ciudadyregion.com.co\/wp-content\/uploads\/2024\/05\/5-3.jpg\" \/>\n\t<meta property=\"og:image:width\" content=\"800\" \/>\n\t<meta property=\"og:image:height\" content=\"445\" \/>\n\t<meta property=\"og:image:type\" content=\"image\/jpeg\" \/>\n<meta name=\"author\" content=\"David Andr\u00e9s Aguirre\" \/>\n<meta name=\"twitter:card\" content=\"summary_large_image\" \/>\n<meta name=\"twitter:label1\" content=\"Escrito por\" \/>\n\t<meta name=\"twitter:data1\" content=\"David Andr\u00e9s Aguirre\" \/>\n\t<meta name=\"twitter:label2\" content=\"Tiempo de lectura\" \/>\n\t<meta name=\"twitter:data2\" content=\"2 minutos\" \/>\n<script type=\"application\/ld+json\" class=\"yoast-schema-graph\">{\"@context\":\"https:\/\/schema.org\",\"@graph\":[{\"@type\":\"WebPage\",\"@id\":\"https:\/\/ciudadyregion.com.co\/index.php\/cae-pez-gordo-judicializan-a-cabecilla-de-las-disidencias-de-las-farc-a-quien-se-le-atribuyen-21-homicidios\/judicial\/\",\"url\":\"https:\/\/ciudadyregion.com.co\/index.php\/cae-pez-gordo-judicializan-a-cabecilla-de-las-disidencias-de-las-farc-a-quien-se-le-atribuyen-21-homicidios\/judicial\/\",\"name\":\"Cae pez gordo: Judicializan a cabecilla de las disidencias de las Farc, a quien se le atribuyen 21 homicidios - Ciudad y Region\",\"isPartOf\":{\"@id\":\"https:\/\/ciudadyregion.com.co\/#website\"},\"primaryImageOfPage\":{\"@id\":\"https:\/\/ciudadyregion.com.co\/index.php\/cae-pez-gordo-judicializan-a-cabecilla-de-las-disidencias-de-las-farc-a-quien-se-le-atribuyen-21-homicidios\/judicial\/#primaryimage\"},\"image\":{\"@id\":\"https:\/\/ciudadyregion.com.co\/index.php\/cae-pez-gordo-judicializan-a-cabecilla-de-las-disidencias-de-las-farc-a-quien-se-le-atribuyen-21-homicidios\/judicial\/#primaryimage\"},\"thumbnailUrl\":\"https:\/\/i0.wp.com\/ciudadyregion.com.co\/wp-content\/uploads\/2024\/05\/5-3.jpg?fit=800%2C445&ssl=1\",\"datePublished\":\"2024-05-14T13:29:26+00:00\",\"dateModified\":\"2024-05-14T13:29:26+00:00\",\"author\":{\"@id\":\"https:\/\/ciudadyregion.com.co\/#\/schema\/person\/04a4954373ebc4051f46e8c65ff78622\"},\"breadcrumb\":{\"@id\":\"https:\/\/ciudadyregion.com.co\/index.php\/cae-pez-gordo-judicializan-a-cabecilla-de-las-disidencias-de-las-farc-a-quien-se-le-atribuyen-21-homicidios\/judicial\/#breadcrumb\"},\"inLanguage\":\"es\",\"potentialAction\":[{\"@type\":\"ReadAction\",\"target\":[\"https:\/\/ciudadyregion.com.co\/index.php\/cae-pez-gordo-judicializan-a-cabecilla-de-las-disidencias-de-las-farc-a-quien-se-le-atribuyen-21-homicidios\/judicial\/\"]}]},{\"@type\":\"ImageObject\",\"inLanguage\":\"es\",\"@id\":\"https:\/\/ciudadyregion.com.co\/index.php\/cae-pez-gordo-judicializan-a-cabecilla-de-las-disidencias-de-las-farc-a-quien-se-le-atribuyen-21-homicidios\/judicial\/#primaryimage\",\"url\":\"https:\/\/i0.wp.com\/ciudadyregion.com.co\/wp-content\/uploads\/2024\/05\/5-3.jpg?fit=800%2C445&ssl=1\",\"contentUrl\":\"https:\/\/i0.wp.com\/ciudadyregion.com.co\/wp-content\/uploads\/2024\/05\/5-3.jpg?fit=800%2C445&ssl=1\",\"width\":800,\"height\":445},{\"@type\":\"BreadcrumbList\",\"@id\":\"https:\/\/ciudadyregion.com.co\/index.php\/cae-pez-gordo-judicializan-a-cabecilla-de-las-disidencias-de-las-farc-a-quien-se-le-atribuyen-21-homicidios\/judicial\/#breadcrumb\",\"itemListElement\":[{\"@type\":\"ListItem\",\"position\":1,\"name\":\"Portada\",\"item\":\"https:\/\/ciudadyregion.com.co\/\"},{\"@type\":\"ListItem\",\"position\":2,\"name\":\"Cae pez gordo: Judicializan a cabecilla de las disidencias de las Farc, a quien se le atribuyen 21 homicidios\"}]},{\"@type\":\"WebSite\",\"@id\":\"https:\/\/ciudadyregion.com.co\/#website\",\"url\":\"https:\/\/ciudadyregion.com.co\/\",\"name\":\"Ciudad y Region\",\"description\":\"\",\"potentialAction\":[{\"@type\":\"SearchAction\",\"target\":{\"@type\":\"EntryPoint\",\"urlTemplate\":\"https:\/\/ciudadyregion.com.co\/?s={search_term_string}\"},\"query-input\":{\"@type\":\"PropertyValueSpecification\",\"valueRequired\":true,\"valueName\":\"search_term_string\"}}],\"inLanguage\":\"es\"},{\"@type\":\"Person\",\"@id\":\"https:\/\/ciudadyregion.com.co\/#\/schema\/person\/04a4954373ebc4051f46e8c65ff78622\",\"name\":\"David Andr\u00e9s Aguirre\",\"image\":{\"@type\":\"ImageObject\",\"inLanguage\":\"es\",\"@id\":\"https:\/\/ciudadyregion.com.co\/#\/schema\/person\/image\/\",\"url\":\"https:\/\/secure.gravatar.com\/avatar\/bc3c655860202182ee6d1b5edd042dbe?s=96&d=mm&r=g\",\"contentUrl\":\"https:\/\/secure.gravatar.com\/avatar\/bc3c655860202182ee6d1b5edd042dbe?s=96&d=mm&r=g\",\"caption\":\"David Andr\u00e9s Aguirre\"},\"url\":\"https:\/\/ciudadyregion.com.co\/index.php\/author\/diegoaguirre\/\"}]}<\/script>\n<!-- \/ Yoast SEO plugin. -->","yoast_head_json":{"title":"Cae pez gordo: Judicializan a cabecilla de las disidencias de las Farc, a quien se le atribuyen 21 homicidios - Ciudad y Region","robots":{"index":"index","follow":"follow","max-snippet":"max-snippet:-1","max-image-preview":"max-image-preview:large","max-video-preview":"max-video-preview:-1"},"canonical":"https:\/\/ciudadyregion.com.co\/index.php\/cae-pez-gordo-judicializan-a-cabecilla-de-las-disidencias-de-las-farc-a-quien-se-le-atribuyen-21-homicidios\/judicial\/","og_locale":"es_ES","og_type":"article","og_title":"Cae pez gordo: Judicializan a cabecilla de las disidencias de las Farc, a quien se le atribuyen 21 homicidios - Ciudad y Region","og_description":"Alias El Guajiro fue imputado por nueve cr\u00edmenes sucedidos entre 2021 y 2023. Con esta acci\u00f3n judicial son 21 muertes violentas que se le atribuyen. La Fiscal\u00eda General de la Naci\u00f3n obtuvo material de prueba suficiente que da cuenta del actuar criminal de Edwin Collo Dagua, alias Guajiro, un posibleContinuar Leyendo","og_url":"https:\/\/ciudadyregion.com.co\/index.php\/cae-pez-gordo-judicializan-a-cabecilla-de-las-disidencias-de-las-farc-a-quien-se-le-atribuyen-21-homicidios\/judicial\/","og_site_name":"Ciudad y Region","article_published_time":"2024-05-14T13:29:26+00:00","og_image":[{"width":800,"height":445,"url":"https:\/\/ciudadyregion.com.co\/wp-content\/uploads\/2024\/05\/5-3.jpg","type":"image\/jpeg"}],"author":"David Andr\u00e9s Aguirre","twitter_card":"summary_large_image","twitter_misc":{"Escrito por":"David Andr\u00e9s Aguirre","Tiempo de lectura":"2 minutos"},"schema":{"@context":"https:\/\/schema.org","@graph":[{"@type":"WebPage","@id":"https:\/\/ciudadyregion.com.co\/index.php\/cae-pez-gordo-judicializan-a-cabecilla-de-las-disidencias-de-las-farc-a-quien-se-le-atribuyen-21-homicidios\/judicial\/","url":"https:\/\/ciudadyregion.com.co\/index.php\/cae-pez-gordo-judicializan-a-cabecilla-de-las-disidencias-de-las-farc-a-quien-se-le-atribuyen-21-homicidios\/judicial\/","name":"Cae pez gordo: Judicializan a cabecilla de las disidencias de las Farc, a quien se le atribuyen 21 homicidios - Ciudad y Region","isPartOf":{"@id":"https:\/\/ciudadyregion.com.co\/#website"},"primaryImageOfPage":{"@id":"https:\/\/ciudadyregion.com.co\/index.php\/cae-pez-gordo-judicializan-a-cabecilla-de-las-disidencias-de-las-farc-a-quien-se-le-atribuyen-21-homicidios\/judicial\/#primaryimage"},"image":{"@id":"https:\/\/ciudadyregion.com.co\/index.php\/cae-pez-gordo-judicializan-a-cabecilla-de-las-disidencias-de-las-farc-a-quien-se-le-atribuyen-21-homicidios\/judicial\/#primaryimage"},"thumbnailUrl":"https:\/\/i0.wp.com\/ciudadyregion.com.co\/wp-content\/uploads\/2024\/05\/5-3.jpg?fit=800%2C445&ssl=1","datePublished":"2024-05-14T13:29:26+00:00","dateModified":"2024-05-14T13:29:26+00:00","author":{"@id":"https:\/\/ciudadyregion.com.co\/#\/schema\/person\/04a4954373ebc4051f46e8c65ff78622"},"breadcrumb":{"@id":"https:\/\/ciudadyregion.com.co\/index.php\/cae-pez-gordo-judicializan-a-cabecilla-de-las-disidencias-de-las-farc-a-quien-se-le-atribuyen-21-homicidios\/judicial\/#breadcrumb"},"inLanguage":"es","potentialAction":[{"@type":"ReadAction","target":["https:\/\/ciudadyregion.com.co\/index.php\/cae-pez-gordo-judicializan-a-cabecilla-de-las-disidencias-de-las-farc-a-quien-se-le-atribuyen-21-homicidios\/judicial\/"]}]},{"@type":"ImageObject","inLanguage":"es","@id":"https:\/\/ciudadyregion.com.co\/index.php\/cae-pez-gordo-judicializan-a-cabecilla-de-las-disidencias-de-las-farc-a-quien-se-le-atribuyen-21-homicidios\/judicial\/#primaryimage","url":"https:\/\/i0.wp.com\/ciudadyregion.com.co\/wp-content\/uploads\/2024\/05\/5-3.jpg?fit=800%2C445&ssl=1","contentUrl":"https:\/\/i0.wp.com\/ciudadyregion.com.co\/wp-content\/uploads\/2024\/05\/5-3.jpg?fit=800%2C445&ssl=1","width":800,"height":445},{"@type":"BreadcrumbList","@id":"https:\/\/ciudadyregion.com.co\/index.php\/cae-pez-gordo-judicializan-a-cabecilla-de-las-disidencias-de-las-farc-a-quien-se-le-atribuyen-21-homicidios\/judicial\/#breadcrumb","itemListElement":[{"@type":"ListItem","position":1,"name":"Portada","item":"https:\/\/ciudadyregion.com.co\/"},{"@type":"ListItem","position":2,"name":"Cae pez gordo: Judicializan a cabecilla de las disidencias de las Farc, a quien se le atribuyen 21 homicidios"}]},{"@type":"WebSite","@id":"https:\/\/ciudadyregion.com.co\/#website","url":"https:\/\/ciudadyregion.com.co\/","name":"Ciudad y Region","description":"","potentialAction":[{"@type":"SearchAction","target":{"@type":"EntryPoint","urlTemplate":"https:\/\/ciudadyregion.com.co\/?s={search_term_string}"},"query-input":{"@type":"PropertyValueSpecification","valueRequired":true,"valueName":"search_term_string"}}],"inLanguage":"es"},{"@type":"Person","@id":"https:\/\/ciudadyregion.com.co\/#\/schema\/person\/04a4954373ebc4051f46e8c65ff78622","name":"David Andr\u00e9s Aguirre","image":{"@type":"ImageObject","inLanguage":"es","@id":"https:\/\/ciudadyregion.com.co\/#\/schema\/person\/image\/","url":"https:\/\/secure.gravatar.com\/avatar\/bc3c655860202182ee6d1b5edd042dbe?s=96&d=mm&r=g","contentUrl":"https:\/\/secure.gravatar.com\/avatar\/bc3c655860202182ee6d1b5edd042dbe?s=96&d=mm&r=g","caption":"David Andr\u00e9s Aguirre"},"url":"https:\/\/ciudadyregion.com.co\/index.php\/author\/diegoaguirre\/"}]}},"jetpack_featured_media_url":"https:\/\/i0.wp.com\/ciudadyregion.com.co\/wp-content\/uploads\/2024\/05\/5-3.jpg?fit=800%2C445&ssl=1","jetpack_sharing_enabled":true,"jetpack_shortlink":"https:\/\/wp.me\/pbS7hh-3BO","jetpack-related-posts":[],"_links":{"self":[{"href":"https:\/\/ciudadyregion.com.co\/index.php\/wp-json\/wp\/v2\/posts\/13876"}],"collection":[{"href":"https:\/\/ciudadyregion.com.co\/index.php\/wp-json\/wp\/v2\/posts"}],"about":[{"href":"https:\/\/ciudadyregion.com.co\/index.php\/wp-json\/wp\/v2\/types\/post"}],"author":[{"embeddable":true,"href":"https:\/\/ciudadyregion.com.co\/index.php\/wp-json\/wp\/v2\/users\/2"}],"replies":[{"embeddable":true,"href":"https:\/\/ciudadyregion.com.co\/index.php\/wp-json\/wp\/v2\/comments?post=13876"}],"version-history":[{"count":1,"href":"https:\/\/ciudadyregion.com.co\/index.php\/wp-json\/wp\/v2\/posts\/13876\/revisions"}],"predecessor-version":[{"id":13878,"href":"https:\/\/ciudadyregion.com.co\/index.php\/wp-json\/wp\/v2\/posts\/13876\/revisions\/13878"}],"wp:featuredmedia":[{"embeddable":true,"href":"https:\/\/ciudadyregion.com.co\/index.php\/wp-json\/wp\/v2\/media\/13877"}],"wp:attachment":[{"href":"https:\/\/ciudadyregion.com.co\/index.php\/wp-json\/wp\/v2\/media?parent=13876"}],"wp:term":[{"taxonomy":"category","embeddable":true,"href":"https:\/\/ciudadyregion.com.co\/index.php\/wp-json\/wp\/v2\/categories?post=13876"},{"taxonomy":"post_tag","embeddable":true,"href":"https:\/\/ciudadyregion.com.co\/index.php\/wp-json\/wp\/v2\/tags?post=13876"}],"curies":[{"name":"wp","href":"https:\/\/api.w.org\/{rel}","templated":true}]}}