{"id":1308,"date":"2023-11-07T07:45:33","date_gmt":"2023-11-07T12:45:33","guid":{"rendered":"https:\/\/ciudadyregion.com.co\/?p=1308"},"modified":"2023-11-07T07:45:33","modified_gmt":"2023-11-07T12:45:33","slug":"asi-se-puede-preparar-para-enfrentar-el-fenomeno-del-nino-que-entro-pleno-en-el-pais","status":"publish","type":"post","link":"https:\/\/ciudadyregion.com.co\/index.php\/asi-se-puede-preparar-para-enfrentar-el-fenomeno-del-nino-que-entro-pleno-en-el-pais\/medio-ambiente\/","title":{"rendered":"As\u00ed se puede preparar para enfrentar el fen\u00f3meno del Ni\u00f1o que entr\u00f3 &#8216;pleno&#8217; en el pa\u00eds"},"content":{"rendered":"<ul>\n<li>El Ideam adopt\u00f3 la declaratoria debido a que los criterios t\u00e9cnicos se cumplieron durante cinco trimestres m\u00f3viles continuos.<\/li>\n<li>El Gobierno pide prepararse para afrontar los efectos del fen\u00f3meno natural.<\/li>\n<\/ul>\n<p>El Gobierno del Cambio declar\u00f3 oficialmente el fen\u00f3meno de El Ni\u00f1o y alert\u00f3 nuevamente al pa\u00eds que debe seguir prepar\u00e1ndose para mitigar sus efectos.<\/p>\n<p>Ghisliane Echeverry Prieto, directora del Instituto de Hidrolog\u00eda, Meteorolog\u00eda y Estudios Ambientales (Ideam), confirm\u00f3 que, aunque desde junio la entidad viene informando que las condiciones para este fen\u00f3meno se encuentran presentes, \u201choy se cumplen los criterios t\u00e9cnicos para esta declaratoria oficial, entre ellos la anomal\u00eda de la temperatura en el Oc\u00e9ano Pac\u00edfico que ha cumplido cinco trimestres m\u00f3viles continuos\u201d.<\/p>\n<p>La directora del Ideam explic\u00f3 que durante cinco trimestres consecutivos se registraron valores superiores a 0.5 \u00b0C, lo cual permite declarar el inicio del fen\u00f3meno de El Ni\u00f1o en el mes de mayo de 2023.<\/p>\n<p>Seg\u00fan el informe t\u00e9cnico, el valor del \u00edndice oce\u00e1nico de El Ni\u00f1o para el trimestre agosto-septiembre-octubre fue de 1,5 \u00b0C, correspondiente al quinto periodo consecutivo de condiciones c\u00e1lidas en la regi\u00f3n, y de acuerdo con el Centro de Predicci\u00f3n Clim\u00e1tica de la Administraci\u00f3n para la Atm\u00f3sfera y el Oc\u00e9ano, \u201cel fen\u00f3meno ha llegado a su madurez\u201d.<\/p>\n<p>El Ni\u00f1o es un cambio en las din\u00e1micas atmosf\u00e9ricas ocasionado por el aumento en la temperatura del oc\u00e9ano. Por su ubicaci\u00f3n, en Colombia se presentan lluvias en algunas zonas, por lo tanto, se recomienda el almacenamiento de agua que pueda servir para cuidar animales y el riego de cultivos ante las sequ\u00edas.<\/p>\n<p>Por su parte, el teniente Giovanni Jim\u00e9nez S\u00e1nchez, subdirector de Meteorolog\u00eda del Ideam, se\u00f1al\u00f3 que \u201cel fen\u00f3meno de El Ni\u00f1o nos da las condiciones de fondo. Sin embargo, el territorio nacional est\u00e1 afectado por otros fen\u00f3menos meteorol\u00f3gicos que nos causan las precipitaciones en el corto plazo\u201d.<\/p>\n<p>Quiere decir, dijo el oficial, que a pesar de las lluvias en los \u00faltimos d\u00edas, el fen\u00f3meno natural ha venido causando d\u00e9ficit en las precipitaciones. \u201cCon el inicio de la temporada seca de fin de a\u00f1o esperamos que estos impactos se intensifiquen causando aumento de las temperaturas y disminuci\u00f3n de las precipitaciones\u201d, a\u00f1adi\u00f3.<\/p>\n<p><strong>A prepara\u200b\u200brse<\/strong><\/p>\n<p>Le puede interesar:Presidente Petro insiste a los alcaldes ahorrar agua lluvia para enfrentar el fen\u00f3meno de El Ni\u00f1o<\/p>\n<p>Por su parte, el Ministerio de Ambiente y Desarrollo Sostenible record\u00f3 que el Gobierno del Cambio destin\u00f3 $2,2 billones para atender emergencias en el pa\u00eds, priorizando la atenci\u00f3n en 176 municipios por su mayor nivel de vulnerabilidad a sufrir desabastecimiento de agua, afectaciones por sequ\u00eda, incendios forestales, entre otros. De esos 176 municipios, 33 presentan alta susceptibilidad, 78 moderada y 65 baja.<\/p>\n<p>Tambi\u00e9n se lanz\u00f3 la campa\u00f1a \u2018El Ni\u00f1o no es un juego\u2019 que busca mantener a las comunidades informadas ante los posibles impactos del fen\u00f3meno, promover la adaptaci\u00f3n a sus efectos, reducir riesgos para la salud, prevenir incendios forestales, proteger y racionalizar el uso del agua, conservar los recursos naturales, promover la resiliencia clim\u00e1tica y garantizar entornos m\u00e1s seguros y sostenibles.<\/p>\n<blockquote><p>\u201cDe acuerdo con el Ideam y todas las instituciones internacionales de meteorolog\u00eda, el fen\u00f3meno de El Ni\u00f1o ha llegado a su madurez y se puede declarar oficialmente su presencia en Colombia. Esto significa que el pa\u00eds tiene que continuar con su preparaci\u00f3n. El Ni\u00f1o no es un juego: prep\u00e1rate y act\u00faa\u201d, asegur\u00f3 la ministra de Ambiente, Susana Muhamad.<\/p><\/blockquote>\n<p>El calentamiento del Oc\u00e9ano Pac\u00edfico tiene efectos en las din\u00e1micas atmosf\u00e9ricas, representadas en aumento de temperaturas y disminuci\u00f3n de las lluvias, pero hay presencia de ciclones tropicales qu\u200be han generado las lluvias de los \u00faltimos d\u00edas en el Caribe y la regi\u00f3n Andina.<\/p>\n<p>Al respecto, la directora del Ideam agreg\u00f3 que \u201cestamos pronosticando que durante el mes de noviembre gran parte del territorio tenga temporada de lluvias por estas condiciones. Aunque las precipitaciones son intensas, el promedio se encuentra por debajo de los registros y estamos evidenciando aumento de temperaturas. La \u00e9poca seca iniciar\u00e1 en diciembre y podr\u00e1 extenderse durante varios meses en 2024\u201d.<\/p>\n<p><img data-recalc-dims=\"1\" decoding=\"async\" src=\"https:\/\/i0.wp.com\/petro.presidencia.gov.co\/prensa\/galFotosNotas\/231104-Gobierno-declara-oficialmente-la-madurez-del-fenomeno-de-El-Nino.jpg?w=1440&#038;ssl=1\" \/><\/p>\n<p><img data-recalc-dims=\"1\" loading=\"lazy\" decoding=\"async\" class=\" wp-image-1309\" src=\"https:\/\/i0.wp.com\/ciudadyregion.com.co\/wp-content\/uploads\/2023\/11\/0.1.jpg?resize=444%2C250&#038;ssl=1\" alt=\"\" width=\"444\" height=\"250\" srcset=\"https:\/\/i0.wp.com\/ciudadyregion.com.co\/wp-content\/uploads\/2023\/11\/0.1.jpg?resize=300%2C169&amp;ssl=1 300w, https:\/\/i0.wp.com\/ciudadyregion.com.co\/wp-content\/uploads\/2023\/11\/0.1.jpg?resize=1024%2C576&amp;ssl=1 1024w, https:\/\/i0.wp.com\/ciudadyregion.com.co\/wp-content\/uploads\/2023\/11\/0.1.jpg?resize=768%2C432&amp;ssl=1 768w, https:\/\/i0.wp.com\/ciudadyregion.com.co\/wp-content\/uploads\/2023\/11\/0.1.jpg?resize=465%2C262&amp;ssl=1 465w, https:\/\/i0.wp.com\/ciudadyregion.com.co\/wp-content\/uploads\/2023\/11\/0.1.jpg?resize=695%2C391&amp;ssl=1 695w, https:\/\/i0.wp.com\/ciudadyregion.com.co\/wp-content\/uploads\/2023\/11\/0.1.jpg?w=1280&amp;ssl=1 1280w\" sizes=\"(max-width: 444px) 100vw, 444px\" \/><\/p>\n<p><strong>Recomend\u200baciones<\/strong><\/p>\n<p>El Ideam y el Ministerio de Ambiente recomendaron a las autoridades territoriales fortalecer las redes de monitoreo hidrometeorol\u00f3gico y los Sistemas de Alerta Temprana en cuencas hidrogr\u00e1ficas para prevenir posibles amenazas y establecer la estrategia de reducci\u00f3n del riesgo para la poblaci\u00f3n.<br \/>\nA la ciudadan\u00eda tambi\u00e9n se le recomienda:<\/p>\n<ul>\n<li>Ahorre agua: cierre la llave del agua cuando se cepille los dientes, tome ba\u00f1os cortos, utilice baldes y no manguera para lavar el carro o los garajes.<\/li>\n<li>Evite el uso de fogatas, pueden salirse de control ante los fuertes vientos y generar un incendio.<\/li>\n<li>Si est\u00e1 en un lugar al aire libre no arroje colillas de cigarrillo encendidas, apague completamente las fogatas y no deje envases de vidrio que puedan ocasionar incendios.<\/li>\n<li>Reporte a las autoridades competentes cuando tenga conocimiento de un incendio en las l\u00edneas de atenci\u00f3n: Cruz Roja (132), Defensa Civil (144), Bomberos (119), Polic\u00eda Nacional (123) y el estado de las v\u00edas al #767.<\/li>\n<\/ul>\n<p>El Ideam, por su parte, inform\u00f3 que continuar\u00e1 monitoreando las condiciones atmosf\u00e9ricas y recomienda a las entidades del Sistema Nacional para la Gesti\u00f3n del Riesgo de Desastres y al Sistema Nacional Ambiental, estar atentos a la informaci\u00f3n que emita el Instituto durante la presente temporada, con el fin de activar en caso de ser necesario los planes de contingencia.<\/p>\n","protected":false},"excerpt":{"rendered":"<p>El Ideam adopt\u00f3 la declaratoria debido a que los criterios t\u00e9cnicos se cumplieron durante cinco trimestres m\u00f3viles continuos. El Gobierno pide prepararse para afrontar los efectos del fen\u00f3meno natural. El Gobierno del Cambio declar\u00f3 oficialmente el fen\u00f3meno de El Ni\u00f1o y alert\u00f3 nuevamente al pa\u00eds que debe seguir prepar\u00e1ndose para<span class=\"more-link\"><a href=\"https:\/\/ciudadyregion.com.co\/index.php\/asi-se-puede-preparar-para-enfrentar-el-fenomeno-del-nino-que-entro-pleno-en-el-pais\/medio-ambiente\/\">Continuar Leyendo<\/a><\/span><\/p>\n","protected":false},"author":2,"featured_media":1006,"comment_status":"open","ping_status":"open","sticky":false,"template":"","format":"standard","meta":{"_uf_show_specific_survey":0,"_uf_disable_surveys":false,"_jetpack_memberships_contains_paid_content":false,"footnotes":"","jetpack_publicize_message":"","jetpack_publicize_feature_enabled":true,"jetpack_social_post_already_shared":false,"jetpack_social_options":{"image_generator_settings":{"template":"highway","enabled":false},"version":2}},"categories":[32],"tags":[],"class_list":["entry","author-diegoaguirre","post-1308","post","type-post","status-publish","format-standard","has-post-thumbnail","category-medio-ambiente"],"jetpack_publicize_connections":[],"yoast_head":"<!-- This site is optimized with the Yoast SEO plugin v24.3 - https:\/\/yoast.com\/wordpress\/plugins\/seo\/ -->\n<title>As\u00ed se puede preparar para enfrentar el fen\u00f3meno del Ni\u00f1o que entr\u00f3 &#039;pleno&#039; en el pa\u00eds - Ciudad y Region<\/title>\n<meta name=\"robots\" content=\"index, follow, max-snippet:-1, max-image-preview:large, max-video-preview:-1\" \/>\n<link rel=\"canonical\" href=\"https:\/\/ciudadyregion.com.co\/index.php\/asi-se-puede-preparar-para-enfrentar-el-fenomeno-del-nino-que-entro-pleno-en-el-pais\/medio-ambiente\/\" \/>\n<meta property=\"og:locale\" content=\"es_ES\" \/>\n<meta property=\"og:type\" content=\"article\" \/>\n<meta property=\"og:title\" content=\"As\u00ed se puede preparar para enfrentar el fen\u00f3meno del Ni\u00f1o que entr\u00f3 &#039;pleno&#039; en el pa\u00eds - Ciudad y Region\" \/>\n<meta property=\"og:description\" content=\"El Ideam adopt\u00f3 la declaratoria debido a que los criterios t\u00e9cnicos se cumplieron durante cinco trimestres m\u00f3viles continuos. El Gobierno pide prepararse para afrontar los efectos del fen\u00f3meno natural. El Gobierno del Cambio declar\u00f3 oficialmente el fen\u00f3meno de El Ni\u00f1o y alert\u00f3 nuevamente al pa\u00eds que debe seguir prepar\u00e1ndose paraContinuar Leyendo\" \/>\n<meta property=\"og:url\" content=\"https:\/\/ciudadyregion.com.co\/index.php\/asi-se-puede-preparar-para-enfrentar-el-fenomeno-del-nino-que-entro-pleno-en-el-pais\/medio-ambiente\/\" \/>\n<meta property=\"og:site_name\" content=\"Ciudad y Region\" \/>\n<meta property=\"article:published_time\" content=\"2023-11-07T12:45:33+00:00\" \/>\n<meta property=\"og:image\" content=\"https:\/\/ciudadyregion.com.co\/wp-content\/uploads\/2023\/11\/10-clima-tormenta-lluvias.jpg\" \/>\n\t<meta property=\"og:image:width\" content=\"800\" \/>\n\t<meta property=\"og:image:height\" content=\"445\" \/>\n\t<meta property=\"og:image:type\" content=\"image\/jpeg\" \/>\n<meta name=\"author\" content=\"David Andr\u00e9s Aguirre\" \/>\n<meta name=\"twitter:card\" content=\"summary_large_image\" \/>\n<meta name=\"twitter:label1\" content=\"Escrito por\" \/>\n\t<meta name=\"twitter:data1\" content=\"David Andr\u00e9s Aguirre\" \/>\n\t<meta name=\"twitter:label2\" content=\"Tiempo de lectura\" \/>\n\t<meta name=\"twitter:data2\" content=\"5 minutos\" \/>\n<script type=\"application\/ld+json\" class=\"yoast-schema-graph\">{\"@context\":\"https:\/\/schema.org\",\"@graph\":[{\"@type\":\"WebPage\",\"@id\":\"https:\/\/ciudadyregion.com.co\/index.php\/asi-se-puede-preparar-para-enfrentar-el-fenomeno-del-nino-que-entro-pleno-en-el-pais\/medio-ambiente\/\",\"url\":\"https:\/\/ciudadyregion.com.co\/index.php\/asi-se-puede-preparar-para-enfrentar-el-fenomeno-del-nino-que-entro-pleno-en-el-pais\/medio-ambiente\/\",\"name\":\"As\u00ed se puede preparar para enfrentar el fen\u00f3meno del Ni\u00f1o que entr\u00f3 'pleno' en el pa\u00eds - Ciudad y Region\",\"isPartOf\":{\"@id\":\"https:\/\/ciudadyregion.com.co\/#website\"},\"primaryImageOfPage\":{\"@id\":\"https:\/\/ciudadyregion.com.co\/index.php\/asi-se-puede-preparar-para-enfrentar-el-fenomeno-del-nino-que-entro-pleno-en-el-pais\/medio-ambiente\/#primaryimage\"},\"image\":{\"@id\":\"https:\/\/ciudadyregion.com.co\/index.php\/asi-se-puede-preparar-para-enfrentar-el-fenomeno-del-nino-que-entro-pleno-en-el-pais\/medio-ambiente\/#primaryimage\"},\"thumbnailUrl\":\"https:\/\/i0.wp.com\/ciudadyregion.com.co\/wp-content\/uploads\/2023\/11\/10-clima-tormenta-lluvias.jpg?fit=800%2C445&ssl=1\",\"datePublished\":\"2023-11-07T12:45:33+00:00\",\"dateModified\":\"2023-11-07T12:45:33+00:00\",\"author\":{\"@id\":\"https:\/\/ciudadyregion.com.co\/#\/schema\/person\/04a4954373ebc4051f46e8c65ff78622\"},\"breadcrumb\":{\"@id\":\"https:\/\/ciudadyregion.com.co\/index.php\/asi-se-puede-preparar-para-enfrentar-el-fenomeno-del-nino-que-entro-pleno-en-el-pais\/medio-ambiente\/#breadcrumb\"},\"inLanguage\":\"es\",\"potentialAction\":[{\"@type\":\"ReadAction\",\"target\":[\"https:\/\/ciudadyregion.com.co\/index.php\/asi-se-puede-preparar-para-enfrentar-el-fenomeno-del-nino-que-entro-pleno-en-el-pais\/medio-ambiente\/\"]}]},{\"@type\":\"ImageObject\",\"inLanguage\":\"es\",\"@id\":\"https:\/\/ciudadyregion.com.co\/index.php\/asi-se-puede-preparar-para-enfrentar-el-fenomeno-del-nino-que-entro-pleno-en-el-pais\/medio-ambiente\/#primaryimage\",\"url\":\"https:\/\/i0.wp.com\/ciudadyregion.com.co\/wp-content\/uploads\/2023\/11\/10-clima-tormenta-lluvias.jpg?fit=800%2C445&ssl=1\",\"contentUrl\":\"https:\/\/i0.wp.com\/ciudadyregion.com.co\/wp-content\/uploads\/2023\/11\/10-clima-tormenta-lluvias.jpg?fit=800%2C445&ssl=1\",\"width\":800,\"height\":445},{\"@type\":\"BreadcrumbList\",\"@id\":\"https:\/\/ciudadyregion.com.co\/index.php\/asi-se-puede-preparar-para-enfrentar-el-fenomeno-del-nino-que-entro-pleno-en-el-pais\/medio-ambiente\/#breadcrumb\",\"itemListElement\":[{\"@type\":\"ListItem\",\"position\":1,\"name\":\"Portada\",\"item\":\"https:\/\/ciudadyregion.com.co\/\"},{\"@type\":\"ListItem\",\"position\":2,\"name\":\"As\u00ed se puede preparar para enfrentar el fen\u00f3meno del Ni\u00f1o que entr\u00f3 &#8216;pleno&#8217; en el pa\u00eds\"}]},{\"@type\":\"WebSite\",\"@id\":\"https:\/\/ciudadyregion.com.co\/#website\",\"url\":\"https:\/\/ciudadyregion.com.co\/\",\"name\":\"Ciudad y Region\",\"description\":\"\",\"potentialAction\":[{\"@type\":\"SearchAction\",\"target\":{\"@type\":\"EntryPoint\",\"urlTemplate\":\"https:\/\/ciudadyregion.com.co\/?s={search_term_string}\"},\"query-input\":{\"@type\":\"PropertyValueSpecification\",\"valueRequired\":true,\"valueName\":\"search_term_string\"}}],\"inLanguage\":\"es\"},{\"@type\":\"Person\",\"@id\":\"https:\/\/ciudadyregion.com.co\/#\/schema\/person\/04a4954373ebc4051f46e8c65ff78622\",\"name\":\"David Andr\u00e9s Aguirre\",\"image\":{\"@type\":\"ImageObject\",\"inLanguage\":\"es\",\"@id\":\"https:\/\/ciudadyregion.com.co\/#\/schema\/person\/image\/\",\"url\":\"https:\/\/secure.gravatar.com\/avatar\/bc3c655860202182ee6d1b5edd042dbe?s=96&d=mm&r=g\",\"contentUrl\":\"https:\/\/secure.gravatar.com\/avatar\/bc3c655860202182ee6d1b5edd042dbe?s=96&d=mm&r=g\",\"caption\":\"David Andr\u00e9s Aguirre\"},\"url\":\"https:\/\/ciudadyregion.com.co\/index.php\/author\/diegoaguirre\/\"}]}<\/script>\n<!-- \/ Yoast SEO plugin. -->","yoast_head_json":{"title":"As\u00ed se puede preparar para enfrentar el fen\u00f3meno del Ni\u00f1o que entr\u00f3 'pleno' en el pa\u00eds - Ciudad y Region","robots":{"index":"index","follow":"follow","max-snippet":"max-snippet:-1","max-image-preview":"max-image-preview:large","max-video-preview":"max-video-preview:-1"},"canonical":"https:\/\/ciudadyregion.com.co\/index.php\/asi-se-puede-preparar-para-enfrentar-el-fenomeno-del-nino-que-entro-pleno-en-el-pais\/medio-ambiente\/","og_locale":"es_ES","og_type":"article","og_title":"As\u00ed se puede preparar para enfrentar el fen\u00f3meno del Ni\u00f1o que entr\u00f3 'pleno' en el pa\u00eds - Ciudad y Region","og_description":"El Ideam adopt\u00f3 la declaratoria debido a que los criterios t\u00e9cnicos se cumplieron durante cinco trimestres m\u00f3viles continuos. El Gobierno pide prepararse para afrontar los efectos del fen\u00f3meno natural. El Gobierno del Cambio declar\u00f3 oficialmente el fen\u00f3meno de El Ni\u00f1o y alert\u00f3 nuevamente al pa\u00eds que debe seguir prepar\u00e1ndose paraContinuar Leyendo","og_url":"https:\/\/ciudadyregion.com.co\/index.php\/asi-se-puede-preparar-para-enfrentar-el-fenomeno-del-nino-que-entro-pleno-en-el-pais\/medio-ambiente\/","og_site_name":"Ciudad y Region","article_published_time":"2023-11-07T12:45:33+00:00","og_image":[{"width":800,"height":445,"url":"https:\/\/ciudadyregion.com.co\/wp-content\/uploads\/2023\/11\/10-clima-tormenta-lluvias.jpg","type":"image\/jpeg"}],"author":"David Andr\u00e9s Aguirre","twitter_card":"summary_large_image","twitter_misc":{"Escrito por":"David Andr\u00e9s Aguirre","Tiempo de lectura":"5 minutos"},"schema":{"@context":"https:\/\/schema.org","@graph":[{"@type":"WebPage","@id":"https:\/\/ciudadyregion.com.co\/index.php\/asi-se-puede-preparar-para-enfrentar-el-fenomeno-del-nino-que-entro-pleno-en-el-pais\/medio-ambiente\/","url":"https:\/\/ciudadyregion.com.co\/index.php\/asi-se-puede-preparar-para-enfrentar-el-fenomeno-del-nino-que-entro-pleno-en-el-pais\/medio-ambiente\/","name":"As\u00ed se puede preparar para enfrentar el fen\u00f3meno del Ni\u00f1o que entr\u00f3 'pleno' en el pa\u00eds - Ciudad y Region","isPartOf":{"@id":"https:\/\/ciudadyregion.com.co\/#website"},"primaryImageOfPage":{"@id":"https:\/\/ciudadyregion.com.co\/index.php\/asi-se-puede-preparar-para-enfrentar-el-fenomeno-del-nino-que-entro-pleno-en-el-pais\/medio-ambiente\/#primaryimage"},"image":{"@id":"https:\/\/ciudadyregion.com.co\/index.php\/asi-se-puede-preparar-para-enfrentar-el-fenomeno-del-nino-que-entro-pleno-en-el-pais\/medio-ambiente\/#primaryimage"},"thumbnailUrl":"https:\/\/i0.wp.com\/ciudadyregion.com.co\/wp-content\/uploads\/2023\/11\/10-clima-tormenta-lluvias.jpg?fit=800%2C445&ssl=1","datePublished":"2023-11-07T12:45:33+00:00","dateModified":"2023-11-07T12:45:33+00:00","author":{"@id":"https:\/\/ciudadyregion.com.co\/#\/schema\/person\/04a4954373ebc4051f46e8c65ff78622"},"breadcrumb":{"@id":"https:\/\/ciudadyregion.com.co\/index.php\/asi-se-puede-preparar-para-enfrentar-el-fenomeno-del-nino-que-entro-pleno-en-el-pais\/medio-ambiente\/#breadcrumb"},"inLanguage":"es","potentialAction":[{"@type":"ReadAction","target":["https:\/\/ciudadyregion.com.co\/index.php\/asi-se-puede-preparar-para-enfrentar-el-fenomeno-del-nino-que-entro-pleno-en-el-pais\/medio-ambiente\/"]}]},{"@type":"ImageObject","inLanguage":"es","@id":"https:\/\/ciudadyregion.com.co\/index.php\/asi-se-puede-preparar-para-enfrentar-el-fenomeno-del-nino-que-entro-pleno-en-el-pais\/medio-ambiente\/#primaryimage","url":"https:\/\/i0.wp.com\/ciudadyregion.com.co\/wp-content\/uploads\/2023\/11\/10-clima-tormenta-lluvias.jpg?fit=800%2C445&ssl=1","contentUrl":"https:\/\/i0.wp.com\/ciudadyregion.com.co\/wp-content\/uploads\/2023\/11\/10-clima-tormenta-lluvias.jpg?fit=800%2C445&ssl=1","width":800,"height":445},{"@type":"BreadcrumbList","@id":"https:\/\/ciudadyregion.com.co\/index.php\/asi-se-puede-preparar-para-enfrentar-el-fenomeno-del-nino-que-entro-pleno-en-el-pais\/medio-ambiente\/#breadcrumb","itemListElement":[{"@type":"ListItem","position":1,"name":"Portada","item":"https:\/\/ciudadyregion.com.co\/"},{"@type":"ListItem","position":2,"name":"As\u00ed se puede preparar para enfrentar el fen\u00f3meno del Ni\u00f1o que entr\u00f3 &#8216;pleno&#8217; en el pa\u00eds"}]},{"@type":"WebSite","@id":"https:\/\/ciudadyregion.com.co\/#website","url":"https:\/\/ciudadyregion.com.co\/","name":"Ciudad y Region","description":"","potentialAction":[{"@type":"SearchAction","target":{"@type":"EntryPoint","urlTemplate":"https:\/\/ciudadyregion.com.co\/?s={search_term_string}"},"query-input":{"@type":"PropertyValueSpecification","valueRequired":true,"valueName":"search_term_string"}}],"inLanguage":"es"},{"@type":"Person","@id":"https:\/\/ciudadyregion.com.co\/#\/schema\/person\/04a4954373ebc4051f46e8c65ff78622","name":"David Andr\u00e9s Aguirre","image":{"@type":"ImageObject","inLanguage":"es","@id":"https:\/\/ciudadyregion.com.co\/#\/schema\/person\/image\/","url":"https:\/\/secure.gravatar.com\/avatar\/bc3c655860202182ee6d1b5edd042dbe?s=96&d=mm&r=g","contentUrl":"https:\/\/secure.gravatar.com\/avatar\/bc3c655860202182ee6d1b5edd042dbe?s=96&d=mm&r=g","caption":"David Andr\u00e9s Aguirre"},"url":"https:\/\/ciudadyregion.com.co\/index.php\/author\/diegoaguirre\/"}]}},"jetpack_featured_media_url":"https:\/\/i0.wp.com\/ciudadyregion.com.co\/wp-content\/uploads\/2023\/11\/10-clima-tormenta-lluvias.jpg?fit=800%2C445&ssl=1","jetpack_sharing_enabled":true,"jetpack_shortlink":"https:\/\/wp.me\/pbS7hh-l6","jetpack-related-posts":[],"_links":{"self":[{"href":"https:\/\/ciudadyregion.com.co\/index.php\/wp-json\/wp\/v2\/posts\/1308"}],"collection":[{"href":"https:\/\/ciudadyregion.com.co\/index.php\/wp-json\/wp\/v2\/posts"}],"about":[{"href":"https:\/\/ciudadyregion.com.co\/index.php\/wp-json\/wp\/v2\/types\/post"}],"author":[{"embeddable":true,"href":"https:\/\/ciudadyregion.com.co\/index.php\/wp-json\/wp\/v2\/users\/2"}],"replies":[{"embeddable":true,"href":"https:\/\/ciudadyregion.com.co\/index.php\/wp-json\/wp\/v2\/comments?post=1308"}],"version-history":[{"count":2,"href":"https:\/\/ciudadyregion.com.co\/index.php\/wp-json\/wp\/v2\/posts\/1308\/revisions"}],"predecessor-version":[{"id":1311,"href":"https:\/\/ciudadyregion.com.co\/index.php\/wp-json\/wp\/v2\/posts\/1308\/revisions\/1311"}],"wp:featuredmedia":[{"embeddable":true,"href":"https:\/\/ciudadyregion.com.co\/index.php\/wp-json\/wp\/v2\/media\/1006"}],"wp:attachment":[{"href":"https:\/\/ciudadyregion.com.co\/index.php\/wp-json\/wp\/v2\/media?parent=1308"}],"wp:term":[{"taxonomy":"category","embeddable":true,"href":"https:\/\/ciudadyregion.com.co\/index.php\/wp-json\/wp\/v2\/categories?post=1308"},{"taxonomy":"post_tag","embeddable":true,"href":"https:\/\/ciudadyregion.com.co\/index.php\/wp-json\/wp\/v2\/tags?post=1308"}],"curies":[{"name":"wp","href":"https:\/\/api.w.org\/{rel}","templated":true}]}}