{"id":1281,"date":"2023-11-04T09:03:01","date_gmt":"2023-11-04T14:03:01","guid":{"rendered":"https:\/\/ciudadyregion.com.co\/?p=1281"},"modified":"2023-11-04T09:03:01","modified_gmt":"2023-11-04T14:03:01","slug":"la-fiscalia-logro-la-extradicion-de-ciudadano-extranjero-que-asesino-a-una-mujer-en-la-dorada-caldas","status":"publish","type":"post","link":"https:\/\/ciudadyregion.com.co\/index.php\/la-fiscalia-logro-la-extradicion-de-ciudadano-extranjero-que-asesino-a-una-mujer-en-la-dorada-caldas\/judicial\/","title":{"rendered":"La Fiscal\u00eda logr\u00f3 la extradici\u00f3n de ciudadano extranjero que asesin\u00f3 a una mujer en La Dorada, Caldas"},"content":{"rendered":"<ul>\n<li>El se\u00f1alado agresor habr\u00eda comenzado una relaci\u00f3n con la v\u00edctima para sacar provecho econ\u00f3mico. Luego del crimen se refugi\u00f3 en varios pa\u00edses de Suram\u00e9rica, y finalmente fue aprehendido en Chile.<\/li>\n<\/ul>\n<p>La labor administrativa de la Fiscal\u00eda General de la Naci\u00f3n, a trav\u00e9s de la Direcci\u00f3n de Asuntos Internacionales, permiti\u00f3 concretar los tr\u00e1mites consulares y diplom\u00e1ticos necesarios para lograr la extradici\u00f3n del ciudadano venezolano Yofre Enderson Pacheco Brice\u00f1o, quien fue aprehendido en Copiap\u00f3 (Chile) en atenci\u00f3n de una notificaci\u00f3n roja de Interpol expedida en su contra por el crimen de una mujer en La Dorada (Caldas).<\/p>\n<p>La llegar al pa\u00eds, esta persona fue capturada por funcionarios del CTI y puesto a disposici\u00f3n de un fiscal de la Seccional Caldas, quien obtuvo aval judicial sobre los procedimientosrealizados.<\/p>\n<p>La Fiscal\u00eda estableci\u00f3 que Pacheco Brice\u00f1o habr\u00eda pretendido iniciar una relaci\u00f3n sentimental con la v\u00edctima, de 54 a\u00f1os, con el \u00fanico prop\u00f3sito de conocer sus ingresos monetarios y patrimonio, e intentar sacar provecho econ\u00f3mico.<\/p>\n<p>El 29 de noviembre de 2020, en un inmueble del barrio Las Ferias de La Dorada, este hombre presuntamente asesin\u00f3 a la mujer. De acuerdo con la evidencia y el abundante material de prueba obtenido, la habr\u00eda golpeado, atado de manos, asfixiado con una bolsa y atacado en la cabeza con una piedra de moler ma\u00edz.<\/p>\n<p>Luego del crimen, el ciudadano extranjero escap\u00f3 y busc\u00f3 refugio en varios pa\u00edses de Suram\u00e9rica. Investigadores del CTI le siguieron la pista durante tres a\u00f1os y establecieron que huy\u00f3 por Nari\u00f1o hacia Ecuador, luego cruz\u00f3 a Per\u00fa e intent\u00f3 instalarse en Chile,\u00a0 donde fue aprehendido gracias a la informaci\u00f3n aportada.<\/p>\n<p>Yofre Enderson Pacheco Brice\u00f1o fue declarado persona ausente e imputado por el delito de feminicidio agravado, el 6 de julio de 2021. Ese d\u00eda le fue impuesta medida de aseguramiento privativa de la libertad en centro carcelario, la cual deber\u00e1 cumplir con su captura en territorio colombiano. Actualmente el proceso en su contra avanza en etapa de juicio.<\/p>\n","protected":false},"excerpt":{"rendered":"<p>El se\u00f1alado agresor habr\u00eda comenzado una relaci\u00f3n con la v\u00edctima para sacar provecho econ\u00f3mico. Luego del crimen se refugi\u00f3 en varios pa\u00edses de Suram\u00e9rica, y finalmente fue aprehendido en Chile. La labor administrativa de la Fiscal\u00eda General de la Naci\u00f3n, a trav\u00e9s de la Direcci\u00f3n de Asuntos Internacionales, permiti\u00f3 concretar<span class=\"more-link\"><a href=\"https:\/\/ciudadyregion.com.co\/index.php\/la-fiscalia-logro-la-extradicion-de-ciudadano-extranjero-que-asesino-a-una-mujer-en-la-dorada-caldas\/judicial\/\">Continuar Leyendo<\/a><\/span><\/p>\n","protected":false},"author":2,"featured_media":1282,"comment_status":"open","ping_status":"open","sticky":false,"template":"","format":"standard","meta":{"_uf_show_specific_survey":0,"_uf_disable_surveys":false,"_jetpack_memberships_contains_paid_content":false,"footnotes":"","jetpack_publicize_message":"","jetpack_publicize_feature_enabled":true,"jetpack_social_post_already_shared":false,"jetpack_social_options":{"image_generator_settings":{"template":"highway","enabled":false},"version":2}},"categories":[18],"tags":[],"class_list":["entry","author-diegoaguirre","post-1281","post","type-post","status-publish","format-standard","has-post-thumbnail","category-judicial"],"jetpack_publicize_connections":[],"yoast_head":"<!-- This site is optimized with the Yoast SEO plugin v24.3 - https:\/\/yoast.com\/wordpress\/plugins\/seo\/ -->\n<title>La Fiscal\u00eda logr\u00f3 la extradici\u00f3n de ciudadano extranjero que asesin\u00f3 a una mujer en La Dorada, Caldas - Ciudad y Region<\/title>\n<meta name=\"robots\" content=\"index, follow, max-snippet:-1, max-image-preview:large, max-video-preview:-1\" \/>\n<link rel=\"canonical\" href=\"https:\/\/ciudadyregion.com.co\/index.php\/la-fiscalia-logro-la-extradicion-de-ciudadano-extranjero-que-asesino-a-una-mujer-en-la-dorada-caldas\/judicial\/\" \/>\n<meta property=\"og:locale\" content=\"es_ES\" \/>\n<meta property=\"og:type\" content=\"article\" \/>\n<meta property=\"og:title\" content=\"La Fiscal\u00eda logr\u00f3 la extradici\u00f3n de ciudadano extranjero que asesin\u00f3 a una mujer en La Dorada, Caldas - Ciudad y Region\" \/>\n<meta property=\"og:description\" content=\"El se\u00f1alado agresor habr\u00eda comenzado una relaci\u00f3n con la v\u00edctima para sacar provecho econ\u00f3mico. Luego del crimen se refugi\u00f3 en varios pa\u00edses de Suram\u00e9rica, y finalmente fue aprehendido en Chile. La labor administrativa de la Fiscal\u00eda General de la Naci\u00f3n, a trav\u00e9s de la Direcci\u00f3n de Asuntos Internacionales, permiti\u00f3 concretarContinuar Leyendo\" \/>\n<meta property=\"og:url\" content=\"https:\/\/ciudadyregion.com.co\/index.php\/la-fiscalia-logro-la-extradicion-de-ciudadano-extranjero-que-asesino-a-una-mujer-en-la-dorada-caldas\/judicial\/\" \/>\n<meta property=\"og:site_name\" content=\"Ciudad y Region\" \/>\n<meta property=\"article:published_time\" content=\"2023-11-04T14:03:01+00:00\" \/>\n<meta property=\"og:image\" content=\"https:\/\/ciudadyregion.com.co\/wp-content\/uploads\/2023\/11\/6-2.jpg\" \/>\n\t<meta property=\"og:image:width\" content=\"800\" \/>\n\t<meta property=\"og:image:height\" content=\"445\" \/>\n\t<meta property=\"og:image:type\" content=\"image\/jpeg\" \/>\n<meta name=\"author\" content=\"David Andr\u00e9s Aguirre\" \/>\n<meta name=\"twitter:card\" content=\"summary_large_image\" \/>\n<meta name=\"twitter:label1\" content=\"Escrito por\" \/>\n\t<meta name=\"twitter:data1\" content=\"David Andr\u00e9s Aguirre\" \/>\n\t<meta name=\"twitter:label2\" content=\"Tiempo de lectura\" \/>\n\t<meta name=\"twitter:data2\" content=\"2 minutos\" \/>\n<script type=\"application\/ld+json\" class=\"yoast-schema-graph\">{\"@context\":\"https:\/\/schema.org\",\"@graph\":[{\"@type\":\"WebPage\",\"@id\":\"https:\/\/ciudadyregion.com.co\/index.php\/la-fiscalia-logro-la-extradicion-de-ciudadano-extranjero-que-asesino-a-una-mujer-en-la-dorada-caldas\/judicial\/\",\"url\":\"https:\/\/ciudadyregion.com.co\/index.php\/la-fiscalia-logro-la-extradicion-de-ciudadano-extranjero-que-asesino-a-una-mujer-en-la-dorada-caldas\/judicial\/\",\"name\":\"La Fiscal\u00eda logr\u00f3 la extradici\u00f3n de ciudadano extranjero que asesin\u00f3 a una mujer en La Dorada, Caldas - Ciudad y Region\",\"isPartOf\":{\"@id\":\"https:\/\/ciudadyregion.com.co\/#website\"},\"primaryImageOfPage\":{\"@id\":\"https:\/\/ciudadyregion.com.co\/index.php\/la-fiscalia-logro-la-extradicion-de-ciudadano-extranjero-que-asesino-a-una-mujer-en-la-dorada-caldas\/judicial\/#primaryimage\"},\"image\":{\"@id\":\"https:\/\/ciudadyregion.com.co\/index.php\/la-fiscalia-logro-la-extradicion-de-ciudadano-extranjero-que-asesino-a-una-mujer-en-la-dorada-caldas\/judicial\/#primaryimage\"},\"thumbnailUrl\":\"https:\/\/i0.wp.com\/ciudadyregion.com.co\/wp-content\/uploads\/2023\/11\/6-2.jpg?fit=800%2C445&ssl=1\",\"datePublished\":\"2023-11-04T14:03:01+00:00\",\"dateModified\":\"2023-11-04T14:03:01+00:00\",\"author\":{\"@id\":\"https:\/\/ciudadyregion.com.co\/#\/schema\/person\/04a4954373ebc4051f46e8c65ff78622\"},\"breadcrumb\":{\"@id\":\"https:\/\/ciudadyregion.com.co\/index.php\/la-fiscalia-logro-la-extradicion-de-ciudadano-extranjero-que-asesino-a-una-mujer-en-la-dorada-caldas\/judicial\/#breadcrumb\"},\"inLanguage\":\"es\",\"potentialAction\":[{\"@type\":\"ReadAction\",\"target\":[\"https:\/\/ciudadyregion.com.co\/index.php\/la-fiscalia-logro-la-extradicion-de-ciudadano-extranjero-que-asesino-a-una-mujer-en-la-dorada-caldas\/judicial\/\"]}]},{\"@type\":\"ImageObject\",\"inLanguage\":\"es\",\"@id\":\"https:\/\/ciudadyregion.com.co\/index.php\/la-fiscalia-logro-la-extradicion-de-ciudadano-extranjero-que-asesino-a-una-mujer-en-la-dorada-caldas\/judicial\/#primaryimage\",\"url\":\"https:\/\/i0.wp.com\/ciudadyregion.com.co\/wp-content\/uploads\/2023\/11\/6-2.jpg?fit=800%2C445&ssl=1\",\"contentUrl\":\"https:\/\/i0.wp.com\/ciudadyregion.com.co\/wp-content\/uploads\/2023\/11\/6-2.jpg?fit=800%2C445&ssl=1\",\"width\":800,\"height\":445},{\"@type\":\"BreadcrumbList\",\"@id\":\"https:\/\/ciudadyregion.com.co\/index.php\/la-fiscalia-logro-la-extradicion-de-ciudadano-extranjero-que-asesino-a-una-mujer-en-la-dorada-caldas\/judicial\/#breadcrumb\",\"itemListElement\":[{\"@type\":\"ListItem\",\"position\":1,\"name\":\"Portada\",\"item\":\"https:\/\/ciudadyregion.com.co\/\"},{\"@type\":\"ListItem\",\"position\":2,\"name\":\"La Fiscal\u00eda logr\u00f3 la extradici\u00f3n de ciudadano extranjero que asesin\u00f3 a una mujer en La Dorada, Caldas\"}]},{\"@type\":\"WebSite\",\"@id\":\"https:\/\/ciudadyregion.com.co\/#website\",\"url\":\"https:\/\/ciudadyregion.com.co\/\",\"name\":\"Ciudad y Region\",\"description\":\"\",\"potentialAction\":[{\"@type\":\"SearchAction\",\"target\":{\"@type\":\"EntryPoint\",\"urlTemplate\":\"https:\/\/ciudadyregion.com.co\/?s={search_term_string}\"},\"query-input\":{\"@type\":\"PropertyValueSpecification\",\"valueRequired\":true,\"valueName\":\"search_term_string\"}}],\"inLanguage\":\"es\"},{\"@type\":\"Person\",\"@id\":\"https:\/\/ciudadyregion.com.co\/#\/schema\/person\/04a4954373ebc4051f46e8c65ff78622\",\"name\":\"David Andr\u00e9s Aguirre\",\"image\":{\"@type\":\"ImageObject\",\"inLanguage\":\"es\",\"@id\":\"https:\/\/ciudadyregion.com.co\/#\/schema\/person\/image\/\",\"url\":\"https:\/\/secure.gravatar.com\/avatar\/bc3c655860202182ee6d1b5edd042dbe?s=96&d=mm&r=g\",\"contentUrl\":\"https:\/\/secure.gravatar.com\/avatar\/bc3c655860202182ee6d1b5edd042dbe?s=96&d=mm&r=g\",\"caption\":\"David Andr\u00e9s Aguirre\"},\"url\":\"https:\/\/ciudadyregion.com.co\/index.php\/author\/diegoaguirre\/\"}]}<\/script>\n<!-- \/ Yoast SEO plugin. -->","yoast_head_json":{"title":"La Fiscal\u00eda logr\u00f3 la extradici\u00f3n de ciudadano extranjero que asesin\u00f3 a una mujer en La Dorada, Caldas - Ciudad y Region","robots":{"index":"index","follow":"follow","max-snippet":"max-snippet:-1","max-image-preview":"max-image-preview:large","max-video-preview":"max-video-preview:-1"},"canonical":"https:\/\/ciudadyregion.com.co\/index.php\/la-fiscalia-logro-la-extradicion-de-ciudadano-extranjero-que-asesino-a-una-mujer-en-la-dorada-caldas\/judicial\/","og_locale":"es_ES","og_type":"article","og_title":"La Fiscal\u00eda logr\u00f3 la extradici\u00f3n de ciudadano extranjero que asesin\u00f3 a una mujer en La Dorada, Caldas - Ciudad y Region","og_description":"El se\u00f1alado agresor habr\u00eda comenzado una relaci\u00f3n con la v\u00edctima para sacar provecho econ\u00f3mico. Luego del crimen se refugi\u00f3 en varios pa\u00edses de Suram\u00e9rica, y finalmente fue aprehendido en Chile. La labor administrativa de la Fiscal\u00eda General de la Naci\u00f3n, a trav\u00e9s de la Direcci\u00f3n de Asuntos Internacionales, permiti\u00f3 concretarContinuar Leyendo","og_url":"https:\/\/ciudadyregion.com.co\/index.php\/la-fiscalia-logro-la-extradicion-de-ciudadano-extranjero-que-asesino-a-una-mujer-en-la-dorada-caldas\/judicial\/","og_site_name":"Ciudad y Region","article_published_time":"2023-11-04T14:03:01+00:00","og_image":[{"width":800,"height":445,"url":"https:\/\/ciudadyregion.com.co\/wp-content\/uploads\/2023\/11\/6-2.jpg","type":"image\/jpeg"}],"author":"David Andr\u00e9s Aguirre","twitter_card":"summary_large_image","twitter_misc":{"Escrito por":"David Andr\u00e9s Aguirre","Tiempo de lectura":"2 minutos"},"schema":{"@context":"https:\/\/schema.org","@graph":[{"@type":"WebPage","@id":"https:\/\/ciudadyregion.com.co\/index.php\/la-fiscalia-logro-la-extradicion-de-ciudadano-extranjero-que-asesino-a-una-mujer-en-la-dorada-caldas\/judicial\/","url":"https:\/\/ciudadyregion.com.co\/index.php\/la-fiscalia-logro-la-extradicion-de-ciudadano-extranjero-que-asesino-a-una-mujer-en-la-dorada-caldas\/judicial\/","name":"La Fiscal\u00eda logr\u00f3 la extradici\u00f3n de ciudadano extranjero que asesin\u00f3 a una mujer en La Dorada, Caldas - Ciudad y Region","isPartOf":{"@id":"https:\/\/ciudadyregion.com.co\/#website"},"primaryImageOfPage":{"@id":"https:\/\/ciudadyregion.com.co\/index.php\/la-fiscalia-logro-la-extradicion-de-ciudadano-extranjero-que-asesino-a-una-mujer-en-la-dorada-caldas\/judicial\/#primaryimage"},"image":{"@id":"https:\/\/ciudadyregion.com.co\/index.php\/la-fiscalia-logro-la-extradicion-de-ciudadano-extranjero-que-asesino-a-una-mujer-en-la-dorada-caldas\/judicial\/#primaryimage"},"thumbnailUrl":"https:\/\/i0.wp.com\/ciudadyregion.com.co\/wp-content\/uploads\/2023\/11\/6-2.jpg?fit=800%2C445&ssl=1","datePublished":"2023-11-04T14:03:01+00:00","dateModified":"2023-11-04T14:03:01+00:00","author":{"@id":"https:\/\/ciudadyregion.com.co\/#\/schema\/person\/04a4954373ebc4051f46e8c65ff78622"},"breadcrumb":{"@id":"https:\/\/ciudadyregion.com.co\/index.php\/la-fiscalia-logro-la-extradicion-de-ciudadano-extranjero-que-asesino-a-una-mujer-en-la-dorada-caldas\/judicial\/#breadcrumb"},"inLanguage":"es","potentialAction":[{"@type":"ReadAction","target":["https:\/\/ciudadyregion.com.co\/index.php\/la-fiscalia-logro-la-extradicion-de-ciudadano-extranjero-que-asesino-a-una-mujer-en-la-dorada-caldas\/judicial\/"]}]},{"@type":"ImageObject","inLanguage":"es","@id":"https:\/\/ciudadyregion.com.co\/index.php\/la-fiscalia-logro-la-extradicion-de-ciudadano-extranjero-que-asesino-a-una-mujer-en-la-dorada-caldas\/judicial\/#primaryimage","url":"https:\/\/i0.wp.com\/ciudadyregion.com.co\/wp-content\/uploads\/2023\/11\/6-2.jpg?fit=800%2C445&ssl=1","contentUrl":"https:\/\/i0.wp.com\/ciudadyregion.com.co\/wp-content\/uploads\/2023\/11\/6-2.jpg?fit=800%2C445&ssl=1","width":800,"height":445},{"@type":"BreadcrumbList","@id":"https:\/\/ciudadyregion.com.co\/index.php\/la-fiscalia-logro-la-extradicion-de-ciudadano-extranjero-que-asesino-a-una-mujer-en-la-dorada-caldas\/judicial\/#breadcrumb","itemListElement":[{"@type":"ListItem","position":1,"name":"Portada","item":"https:\/\/ciudadyregion.com.co\/"},{"@type":"ListItem","position":2,"name":"La Fiscal\u00eda logr\u00f3 la extradici\u00f3n de ciudadano extranjero que asesin\u00f3 a una mujer en La Dorada, Caldas"}]},{"@type":"WebSite","@id":"https:\/\/ciudadyregion.com.co\/#website","url":"https:\/\/ciudadyregion.com.co\/","name":"Ciudad y Region","description":"","potentialAction":[{"@type":"SearchAction","target":{"@type":"EntryPoint","urlTemplate":"https:\/\/ciudadyregion.com.co\/?s={search_term_string}"},"query-input":{"@type":"PropertyValueSpecification","valueRequired":true,"valueName":"search_term_string"}}],"inLanguage":"es"},{"@type":"Person","@id":"https:\/\/ciudadyregion.com.co\/#\/schema\/person\/04a4954373ebc4051f46e8c65ff78622","name":"David Andr\u00e9s Aguirre","image":{"@type":"ImageObject","inLanguage":"es","@id":"https:\/\/ciudadyregion.com.co\/#\/schema\/person\/image\/","url":"https:\/\/secure.gravatar.com\/avatar\/bc3c655860202182ee6d1b5edd042dbe?s=96&d=mm&r=g","contentUrl":"https:\/\/secure.gravatar.com\/avatar\/bc3c655860202182ee6d1b5edd042dbe?s=96&d=mm&r=g","caption":"David Andr\u00e9s Aguirre"},"url":"https:\/\/ciudadyregion.com.co\/index.php\/author\/diegoaguirre\/"}]}},"jetpack_featured_media_url":"https:\/\/i0.wp.com\/ciudadyregion.com.co\/wp-content\/uploads\/2023\/11\/6-2.jpg?fit=800%2C445&ssl=1","jetpack_sharing_enabled":true,"jetpack_shortlink":"https:\/\/wp.me\/pbS7hh-kF","jetpack-related-posts":[],"_links":{"self":[{"href":"https:\/\/ciudadyregion.com.co\/index.php\/wp-json\/wp\/v2\/posts\/1281"}],"collection":[{"href":"https:\/\/ciudadyregion.com.co\/index.php\/wp-json\/wp\/v2\/posts"}],"about":[{"href":"https:\/\/ciudadyregion.com.co\/index.php\/wp-json\/wp\/v2\/types\/post"}],"author":[{"embeddable":true,"href":"https:\/\/ciudadyregion.com.co\/index.php\/wp-json\/wp\/v2\/users\/2"}],"replies":[{"embeddable":true,"href":"https:\/\/ciudadyregion.com.co\/index.php\/wp-json\/wp\/v2\/comments?post=1281"}],"version-history":[{"count":1,"href":"https:\/\/ciudadyregion.com.co\/index.php\/wp-json\/wp\/v2\/posts\/1281\/revisions"}],"predecessor-version":[{"id":1283,"href":"https:\/\/ciudadyregion.com.co\/index.php\/wp-json\/wp\/v2\/posts\/1281\/revisions\/1283"}],"wp:featuredmedia":[{"embeddable":true,"href":"https:\/\/ciudadyregion.com.co\/index.php\/wp-json\/wp\/v2\/media\/1282"}],"wp:attachment":[{"href":"https:\/\/ciudadyregion.com.co\/index.php\/wp-json\/wp\/v2\/media?parent=1281"}],"wp:term":[{"taxonomy":"category","embeddable":true,"href":"https:\/\/ciudadyregion.com.co\/index.php\/wp-json\/wp\/v2\/categories?post=1281"},{"taxonomy":"post_tag","embeddable":true,"href":"https:\/\/ciudadyregion.com.co\/index.php\/wp-json\/wp\/v2\/tags?post=1281"}],"curies":[{"name":"wp","href":"https:\/\/api.w.org\/{rel}","templated":true}]}}