{"id":1174,"date":"2023-11-03T08:50:22","date_gmt":"2023-11-03T13:50:22","guid":{"rendered":"https:\/\/ciudadyregion.com.co\/?p=1174"},"modified":"2023-11-03T08:50:22","modified_gmt":"2023-11-03T13:50:22","slug":"profesor-del-idead-de-la-ut-ofrecera-un-analisis-del-discurso-de-francia-marquez","status":"publish","type":"post","link":"https:\/\/ciudadyregion.com.co\/index.php\/profesor-del-idead-de-la-ut-ofrecera-un-analisis-del-discurso-de-francia-marquez\/educacion\/","title":{"rendered":"Profesor del IDEAD de la UT ofrecer\u00e1 un an\u00e1lisis del discurso de Francia M\u00e1rquez"},"content":{"rendered":"<p>Un an\u00e1lisis del discurso de Francia Elena M\u00e1rquez Mina, actual vicepresidenta de Colombia, pronunciado durante las consultas interpartidistas de las coaliciones pol\u00edticas Pacto Hist\u00f3rico, Equipo por Colombia y Centro Esperanza en 2022, es el estudio que presentar\u00e1 el profesor del Instituto de Educaci\u00f3n a Distancia (IDEAD), Oscar Iv\u00e1n Londo\u00f1o Zapata, en la Universidad Popular del Cesar (UPC) el pr\u00f3ximo viernes 3 de noviembre.<\/p>\n<p>Londo\u00f1o fue invitado por esta instituci\u00f3n a participar como conferencista central en la \u2018VIII Jornada de Lenguaje. Discurso y sociedad: aprendizaje, inclusi\u00f3n y tecnolog\u00eda\u2019. En este evento, que es tradicional en la UPC, el analista dar\u00e1 a conocer los principales hallazgos de su investigaci\u00f3n.<\/p>\n<p>El auditorio Julio Villaz\u00f3n Baquero ser\u00e1 el punto de encuentro donde estudiantes y profesores se reunir\u00e1n para formar parte de estas jornadas.<\/p>\n<p><img data-recalc-dims=\"1\" loading=\"lazy\" decoding=\"async\" class=\"alignnone size-medium wp-image-1175\" src=\"https:\/\/i0.wp.com\/ciudadyregion.com.co\/wp-content\/uploads\/2023\/11\/14.jpeg?resize=200%2C300&#038;ssl=1\" alt=\"\" width=\"200\" height=\"300\" srcset=\"https:\/\/i0.wp.com\/ciudadyregion.com.co\/wp-content\/uploads\/2023\/11\/14.jpeg?resize=200%2C300&amp;ssl=1 200w, https:\/\/i0.wp.com\/ciudadyregion.com.co\/wp-content\/uploads\/2023\/11\/14.jpeg?resize=683%2C1024&amp;ssl=1 683w, https:\/\/i0.wp.com\/ciudadyregion.com.co\/wp-content\/uploads\/2023\/11\/14.jpeg?resize=367%2C550&amp;ssl=1 367w, https:\/\/i0.wp.com\/ciudadyregion.com.co\/wp-content\/uploads\/2023\/11\/14.jpeg?resize=333%2C500&amp;ssl=1 333w, https:\/\/i0.wp.com\/ciudadyregion.com.co\/wp-content\/uploads\/2023\/11\/14.jpeg?w=768&amp;ssl=1 768w\" sizes=\"(max-width: 200px) 100vw, 200px\" \/><\/p>\n<blockquote><p>\u201cEn esta investigaci\u00f3n se analiz\u00f3 la representaci\u00f3n de la inclusi\u00f3n social en el discurso de aceptaci\u00f3n de Francia M\u00e1rquez, enunciado tras su designaci\u00f3n como candidata a la vicepresidencia de la Rep\u00fablica de Colombia por la coalici\u00f3n pol\u00edtica Pacto Hist\u00f3rico, en el contexto de las elecciones presidenciales de 2022\u201d, indic\u00f3 Londo\u00f1o.<\/p><\/blockquote>\n<p>La Jornada de Lenguaje es un evento anual organizado por el Departamento de Lenguas Modernas y el grupo de investigaci\u00f3n GIELEHLA de la UPC, que ha servido como plataforma para explorar temas relacionados con el lenguaje y la pedagog\u00eda.<br \/>\nSeg\u00fan Carmen Beatriz Araujo Quiroz, directora de dicho departamento, el prop\u00f3sito de la VIII edici\u00f3n es<\/p>\n<blockquote><p>\u201cFomentar un intercambio acad\u00e9mico y cultural enriquecedor entre docentes y estudiantes, tanto de nuestra instituci\u00f3n como de otras universidades colombianas, fortaleciendo la colaboraci\u00f3n y el trabajo conjunto en el amplio campo de la investigaci\u00f3n y la pedagog\u00eda del lenguaje\u201d.<\/p><\/blockquote>\n<p>Por \u00faltimo, Londo\u00f1o, quien actualmente cursa el Doctorado en Lenguaje y Cultura en la Universidad Pedag\u00f3gica y Tecnol\u00f3gica de Colombia, agreg\u00f3 acerca de su investigaci\u00f3n:<\/p>\n<blockquote><p>\u201cEn el discurso de aceptaci\u00f3n, la inclusi\u00f3n social se representa como el reconocimiento pleno de la diversidad de los pueblos colombianos y su participaci\u00f3n efectiva en el cambio social. En concreto, se trata de un llamado desde las comunidades hist\u00f3ricamente excluidas hacia la refundaci\u00f3n social y la construcci\u00f3n de un pacto colectivo en favor de la vida, la democracia, la paz y la diversidad. Este enfoque se opone a las jerarqu\u00edas racializadas arraigadas tanto en estructuras sociales como en proyectos de gobierno tradicionales que las perpet\u00faan\u201d.<\/p><\/blockquote>\n<p>Las personas interesadas en asistir de manera virtual a la VIII Jornada de Lenguaje, podr\u00e1n conectarse a partir de las 8 a.m. mediante el siguiente enlace de Zoom: Profesor del IDEAD ofrecer\u00e1 un an\u00e1lisis del discurso de Francia M\u00e1rquez.<\/p>\n<p data-wahfont=\"14\">Las personas interesadas en asistir de manera virtual a la VIII Jornada de Lenguaje podr\u00e1n conectarse a partir de las 8 a.m. mediante el siguiente enlace de Zoom: Enlace: <a href=\"https:\/\/renata.zoom.us\/j\/7895808201\">https:\/\/renata.zoom.us\/j\/7895808201<\/a><\/p>\n<div id=\"ssba-modern-2\" class=\"ssba ssbp-wrap left ssbp--theme-9\"><\/div>\n","protected":false},"excerpt":{"rendered":"<p>Un an\u00e1lisis del discurso de Francia Elena M\u00e1rquez Mina, actual vicepresidenta de Colombia, pronunciado durante las consultas interpartidistas de las coaliciones pol\u00edticas Pacto Hist\u00f3rico, Equipo por Colombia y Centro Esperanza en 2022, es el estudio que presentar\u00e1 el profesor del Instituto de Educaci\u00f3n a Distancia (IDEAD), Oscar Iv\u00e1n Londo\u00f1o Zapata,<span class=\"more-link\"><a href=\"https:\/\/ciudadyregion.com.co\/index.php\/profesor-del-idead-de-la-ut-ofrecera-un-analisis-del-discurso-de-francia-marquez\/educacion\/\">Continuar Leyendo<\/a><\/span><\/p>\n","protected":false},"author":2,"featured_media":1195,"comment_status":"open","ping_status":"open","sticky":false,"template":"","format":"standard","meta":{"_uf_show_specific_survey":0,"_uf_disable_surveys":false,"_jetpack_memberships_contains_paid_content":false,"footnotes":"","jetpack_publicize_message":"","jetpack_publicize_feature_enabled":true,"jetpack_social_post_already_shared":false,"jetpack_social_options":{"image_generator_settings":{"template":"highway","enabled":false},"version":2}},"categories":[22],"tags":[],"class_list":["entry","author-diegoaguirre","post-1174","post","type-post","status-publish","format-standard","has-post-thumbnail","category-educacion"],"jetpack_publicize_connections":[],"yoast_head":"<!-- This site is optimized with the Yoast SEO plugin v24.3 - https:\/\/yoast.com\/wordpress\/plugins\/seo\/ -->\n<title>Profesor del IDEAD de la UT ofrecer\u00e1 un an\u00e1lisis del discurso de Francia M\u00e1rquez - Ciudad y Region<\/title>\n<meta name=\"robots\" content=\"index, follow, max-snippet:-1, max-image-preview:large, max-video-preview:-1\" \/>\n<link rel=\"canonical\" href=\"https:\/\/ciudadyregion.com.co\/index.php\/profesor-del-idead-de-la-ut-ofrecera-un-analisis-del-discurso-de-francia-marquez\/educacion\/\" \/>\n<meta property=\"og:locale\" content=\"es_ES\" \/>\n<meta property=\"og:type\" content=\"article\" \/>\n<meta property=\"og:title\" content=\"Profesor del IDEAD de la UT ofrecer\u00e1 un an\u00e1lisis del discurso de Francia M\u00e1rquez - Ciudad y Region\" \/>\n<meta property=\"og:description\" content=\"Un an\u00e1lisis del discurso de Francia Elena M\u00e1rquez Mina, actual vicepresidenta de Colombia, pronunciado durante las consultas interpartidistas de las coaliciones pol\u00edticas Pacto Hist\u00f3rico, Equipo por Colombia y Centro Esperanza en 2022, es el estudio que presentar\u00e1 el profesor del Instituto de Educaci\u00f3n a Distancia (IDEAD), Oscar Iv\u00e1n Londo\u00f1o Zapata,Continuar Leyendo\" \/>\n<meta property=\"og:url\" content=\"https:\/\/ciudadyregion.com.co\/index.php\/profesor-del-idead-de-la-ut-ofrecera-un-analisis-del-discurso-de-francia-marquez\/educacion\/\" \/>\n<meta property=\"og:site_name\" content=\"Ciudad y Region\" \/>\n<meta property=\"article:published_time\" content=\"2023-11-03T13:50:22+00:00\" \/>\n<meta property=\"og:image\" content=\"https:\/\/ciudadyregion.com.co\/wp-content\/uploads\/2023\/11\/14-2.jpg\" \/>\n\t<meta property=\"og:image:width\" content=\"800\" \/>\n\t<meta property=\"og:image:height\" content=\"445\" \/>\n\t<meta property=\"og:image:type\" content=\"image\/jpeg\" \/>\n<meta name=\"author\" content=\"David Andr\u00e9s Aguirre\" \/>\n<meta name=\"twitter:card\" content=\"summary_large_image\" \/>\n<meta name=\"twitter:label1\" content=\"Escrito por\" \/>\n\t<meta name=\"twitter:data1\" content=\"David Andr\u00e9s Aguirre\" \/>\n\t<meta name=\"twitter:label2\" content=\"Tiempo de lectura\" \/>\n\t<meta name=\"twitter:data2\" content=\"3 minutos\" \/>\n<script type=\"application\/ld+json\" class=\"yoast-schema-graph\">{\"@context\":\"https:\/\/schema.org\",\"@graph\":[{\"@type\":\"WebPage\",\"@id\":\"https:\/\/ciudadyregion.com.co\/index.php\/profesor-del-idead-de-la-ut-ofrecera-un-analisis-del-discurso-de-francia-marquez\/educacion\/\",\"url\":\"https:\/\/ciudadyregion.com.co\/index.php\/profesor-del-idead-de-la-ut-ofrecera-un-analisis-del-discurso-de-francia-marquez\/educacion\/\",\"name\":\"Profesor del IDEAD de la UT ofrecer\u00e1 un an\u00e1lisis del discurso de Francia M\u00e1rquez - Ciudad y Region\",\"isPartOf\":{\"@id\":\"https:\/\/ciudadyregion.com.co\/#website\"},\"primaryImageOfPage\":{\"@id\":\"https:\/\/ciudadyregion.com.co\/index.php\/profesor-del-idead-de-la-ut-ofrecera-un-analisis-del-discurso-de-francia-marquez\/educacion\/#primaryimage\"},\"image\":{\"@id\":\"https:\/\/ciudadyregion.com.co\/index.php\/profesor-del-idead-de-la-ut-ofrecera-un-analisis-del-discurso-de-francia-marquez\/educacion\/#primaryimage\"},\"thumbnailUrl\":\"https:\/\/i0.wp.com\/ciudadyregion.com.co\/wp-content\/uploads\/2023\/11\/14-2.jpg?fit=800%2C445&ssl=1\",\"datePublished\":\"2023-11-03T13:50:22+00:00\",\"dateModified\":\"2023-11-03T13:50:22+00:00\",\"author\":{\"@id\":\"https:\/\/ciudadyregion.com.co\/#\/schema\/person\/04a4954373ebc4051f46e8c65ff78622\"},\"breadcrumb\":{\"@id\":\"https:\/\/ciudadyregion.com.co\/index.php\/profesor-del-idead-de-la-ut-ofrecera-un-analisis-del-discurso-de-francia-marquez\/educacion\/#breadcrumb\"},\"inLanguage\":\"es\",\"potentialAction\":[{\"@type\":\"ReadAction\",\"target\":[\"https:\/\/ciudadyregion.com.co\/index.php\/profesor-del-idead-de-la-ut-ofrecera-un-analisis-del-discurso-de-francia-marquez\/educacion\/\"]}]},{\"@type\":\"ImageObject\",\"inLanguage\":\"es\",\"@id\":\"https:\/\/ciudadyregion.com.co\/index.php\/profesor-del-idead-de-la-ut-ofrecera-un-analisis-del-discurso-de-francia-marquez\/educacion\/#primaryimage\",\"url\":\"https:\/\/i0.wp.com\/ciudadyregion.com.co\/wp-content\/uploads\/2023\/11\/14-2.jpg?fit=800%2C445&ssl=1\",\"contentUrl\":\"https:\/\/i0.wp.com\/ciudadyregion.com.co\/wp-content\/uploads\/2023\/11\/14-2.jpg?fit=800%2C445&ssl=1\",\"width\":800,\"height\":445},{\"@type\":\"BreadcrumbList\",\"@id\":\"https:\/\/ciudadyregion.com.co\/index.php\/profesor-del-idead-de-la-ut-ofrecera-un-analisis-del-discurso-de-francia-marquez\/educacion\/#breadcrumb\",\"itemListElement\":[{\"@type\":\"ListItem\",\"position\":1,\"name\":\"Portada\",\"item\":\"https:\/\/ciudadyregion.com.co\/\"},{\"@type\":\"ListItem\",\"position\":2,\"name\":\"Profesor del IDEAD de la UT ofrecer\u00e1 un an\u00e1lisis del discurso de Francia M\u00e1rquez\"}]},{\"@type\":\"WebSite\",\"@id\":\"https:\/\/ciudadyregion.com.co\/#website\",\"url\":\"https:\/\/ciudadyregion.com.co\/\",\"name\":\"Ciudad y Region\",\"description\":\"\",\"potentialAction\":[{\"@type\":\"SearchAction\",\"target\":{\"@type\":\"EntryPoint\",\"urlTemplate\":\"https:\/\/ciudadyregion.com.co\/?s={search_term_string}\"},\"query-input\":{\"@type\":\"PropertyValueSpecification\",\"valueRequired\":true,\"valueName\":\"search_term_string\"}}],\"inLanguage\":\"es\"},{\"@type\":\"Person\",\"@id\":\"https:\/\/ciudadyregion.com.co\/#\/schema\/person\/04a4954373ebc4051f46e8c65ff78622\",\"name\":\"David Andr\u00e9s Aguirre\",\"image\":{\"@type\":\"ImageObject\",\"inLanguage\":\"es\",\"@id\":\"https:\/\/ciudadyregion.com.co\/#\/schema\/person\/image\/\",\"url\":\"https:\/\/secure.gravatar.com\/avatar\/bc3c655860202182ee6d1b5edd042dbe?s=96&d=mm&r=g\",\"contentUrl\":\"https:\/\/secure.gravatar.com\/avatar\/bc3c655860202182ee6d1b5edd042dbe?s=96&d=mm&r=g\",\"caption\":\"David Andr\u00e9s Aguirre\"},\"url\":\"https:\/\/ciudadyregion.com.co\/index.php\/author\/diegoaguirre\/\"}]}<\/script>\n<!-- \/ Yoast SEO plugin. -->","yoast_head_json":{"title":"Profesor del IDEAD de la UT ofrecer\u00e1 un an\u00e1lisis del discurso de Francia M\u00e1rquez - Ciudad y Region","robots":{"index":"index","follow":"follow","max-snippet":"max-snippet:-1","max-image-preview":"max-image-preview:large","max-video-preview":"max-video-preview:-1"},"canonical":"https:\/\/ciudadyregion.com.co\/index.php\/profesor-del-idead-de-la-ut-ofrecera-un-analisis-del-discurso-de-francia-marquez\/educacion\/","og_locale":"es_ES","og_type":"article","og_title":"Profesor del IDEAD de la UT ofrecer\u00e1 un an\u00e1lisis del discurso de Francia M\u00e1rquez - Ciudad y Region","og_description":"Un an\u00e1lisis del discurso de Francia Elena M\u00e1rquez Mina, actual vicepresidenta de Colombia, pronunciado durante las consultas interpartidistas de las coaliciones pol\u00edticas Pacto Hist\u00f3rico, Equipo por Colombia y Centro Esperanza en 2022, es el estudio que presentar\u00e1 el profesor del Instituto de Educaci\u00f3n a Distancia (IDEAD), Oscar Iv\u00e1n Londo\u00f1o Zapata,Continuar Leyendo","og_url":"https:\/\/ciudadyregion.com.co\/index.php\/profesor-del-idead-de-la-ut-ofrecera-un-analisis-del-discurso-de-francia-marquez\/educacion\/","og_site_name":"Ciudad y Region","article_published_time":"2023-11-03T13:50:22+00:00","og_image":[{"width":800,"height":445,"url":"https:\/\/ciudadyregion.com.co\/wp-content\/uploads\/2023\/11\/14-2.jpg","type":"image\/jpeg"}],"author":"David Andr\u00e9s Aguirre","twitter_card":"summary_large_image","twitter_misc":{"Escrito por":"David Andr\u00e9s Aguirre","Tiempo de lectura":"3 minutos"},"schema":{"@context":"https:\/\/schema.org","@graph":[{"@type":"WebPage","@id":"https:\/\/ciudadyregion.com.co\/index.php\/profesor-del-idead-de-la-ut-ofrecera-un-analisis-del-discurso-de-francia-marquez\/educacion\/","url":"https:\/\/ciudadyregion.com.co\/index.php\/profesor-del-idead-de-la-ut-ofrecera-un-analisis-del-discurso-de-francia-marquez\/educacion\/","name":"Profesor del IDEAD de la UT ofrecer\u00e1 un an\u00e1lisis del discurso de Francia M\u00e1rquez - Ciudad y Region","isPartOf":{"@id":"https:\/\/ciudadyregion.com.co\/#website"},"primaryImageOfPage":{"@id":"https:\/\/ciudadyregion.com.co\/index.php\/profesor-del-idead-de-la-ut-ofrecera-un-analisis-del-discurso-de-francia-marquez\/educacion\/#primaryimage"},"image":{"@id":"https:\/\/ciudadyregion.com.co\/index.php\/profesor-del-idead-de-la-ut-ofrecera-un-analisis-del-discurso-de-francia-marquez\/educacion\/#primaryimage"},"thumbnailUrl":"https:\/\/i0.wp.com\/ciudadyregion.com.co\/wp-content\/uploads\/2023\/11\/14-2.jpg?fit=800%2C445&ssl=1","datePublished":"2023-11-03T13:50:22+00:00","dateModified":"2023-11-03T13:50:22+00:00","author":{"@id":"https:\/\/ciudadyregion.com.co\/#\/schema\/person\/04a4954373ebc4051f46e8c65ff78622"},"breadcrumb":{"@id":"https:\/\/ciudadyregion.com.co\/index.php\/profesor-del-idead-de-la-ut-ofrecera-un-analisis-del-discurso-de-francia-marquez\/educacion\/#breadcrumb"},"inLanguage":"es","potentialAction":[{"@type":"ReadAction","target":["https:\/\/ciudadyregion.com.co\/index.php\/profesor-del-idead-de-la-ut-ofrecera-un-analisis-del-discurso-de-francia-marquez\/educacion\/"]}]},{"@type":"ImageObject","inLanguage":"es","@id":"https:\/\/ciudadyregion.com.co\/index.php\/profesor-del-idead-de-la-ut-ofrecera-un-analisis-del-discurso-de-francia-marquez\/educacion\/#primaryimage","url":"https:\/\/i0.wp.com\/ciudadyregion.com.co\/wp-content\/uploads\/2023\/11\/14-2.jpg?fit=800%2C445&ssl=1","contentUrl":"https:\/\/i0.wp.com\/ciudadyregion.com.co\/wp-content\/uploads\/2023\/11\/14-2.jpg?fit=800%2C445&ssl=1","width":800,"height":445},{"@type":"BreadcrumbList","@id":"https:\/\/ciudadyregion.com.co\/index.php\/profesor-del-idead-de-la-ut-ofrecera-un-analisis-del-discurso-de-francia-marquez\/educacion\/#breadcrumb","itemListElement":[{"@type":"ListItem","position":1,"name":"Portada","item":"https:\/\/ciudadyregion.com.co\/"},{"@type":"ListItem","position":2,"name":"Profesor del IDEAD de la UT ofrecer\u00e1 un an\u00e1lisis del discurso de Francia M\u00e1rquez"}]},{"@type":"WebSite","@id":"https:\/\/ciudadyregion.com.co\/#website","url":"https:\/\/ciudadyregion.com.co\/","name":"Ciudad y Region","description":"","potentialAction":[{"@type":"SearchAction","target":{"@type":"EntryPoint","urlTemplate":"https:\/\/ciudadyregion.com.co\/?s={search_term_string}"},"query-input":{"@type":"PropertyValueSpecification","valueRequired":true,"valueName":"search_term_string"}}],"inLanguage":"es"},{"@type":"Person","@id":"https:\/\/ciudadyregion.com.co\/#\/schema\/person\/04a4954373ebc4051f46e8c65ff78622","name":"David Andr\u00e9s Aguirre","image":{"@type":"ImageObject","inLanguage":"es","@id":"https:\/\/ciudadyregion.com.co\/#\/schema\/person\/image\/","url":"https:\/\/secure.gravatar.com\/avatar\/bc3c655860202182ee6d1b5edd042dbe?s=96&d=mm&r=g","contentUrl":"https:\/\/secure.gravatar.com\/avatar\/bc3c655860202182ee6d1b5edd042dbe?s=96&d=mm&r=g","caption":"David Andr\u00e9s Aguirre"},"url":"https:\/\/ciudadyregion.com.co\/index.php\/author\/diegoaguirre\/"}]}},"jetpack_featured_media_url":"https:\/\/i0.wp.com\/ciudadyregion.com.co\/wp-content\/uploads\/2023\/11\/14-2.jpg?fit=800%2C445&ssl=1","jetpack_sharing_enabled":true,"jetpack_shortlink":"https:\/\/wp.me\/pbS7hh-iW","jetpack-related-posts":[],"_links":{"self":[{"href":"https:\/\/ciudadyregion.com.co\/index.php\/wp-json\/wp\/v2\/posts\/1174"}],"collection":[{"href":"https:\/\/ciudadyregion.com.co\/index.php\/wp-json\/wp\/v2\/posts"}],"about":[{"href":"https:\/\/ciudadyregion.com.co\/index.php\/wp-json\/wp\/v2\/types\/post"}],"author":[{"embeddable":true,"href":"https:\/\/ciudadyregion.com.co\/index.php\/wp-json\/wp\/v2\/users\/2"}],"replies":[{"embeddable":true,"href":"https:\/\/ciudadyregion.com.co\/index.php\/wp-json\/wp\/v2\/comments?post=1174"}],"version-history":[{"count":1,"href":"https:\/\/ciudadyregion.com.co\/index.php\/wp-json\/wp\/v2\/posts\/1174\/revisions"}],"predecessor-version":[{"id":1176,"href":"https:\/\/ciudadyregion.com.co\/index.php\/wp-json\/wp\/v2\/posts\/1174\/revisions\/1176"}],"wp:featuredmedia":[{"embeddable":true,"href":"https:\/\/ciudadyregion.com.co\/index.php\/wp-json\/wp\/v2\/media\/1195"}],"wp:attachment":[{"href":"https:\/\/ciudadyregion.com.co\/index.php\/wp-json\/wp\/v2\/media?parent=1174"}],"wp:term":[{"taxonomy":"category","embeddable":true,"href":"https:\/\/ciudadyregion.com.co\/index.php\/wp-json\/wp\/v2\/categories?post=1174"},{"taxonomy":"post_tag","embeddable":true,"href":"https:\/\/ciudadyregion.com.co\/index.php\/wp-json\/wp\/v2\/tags?post=1174"}],"curies":[{"name":"wp","href":"https:\/\/api.w.org\/{rel}","templated":true}]}}