{"id":1158,"date":"2023-11-03T08:33:36","date_gmt":"2023-11-03T13:33:36","guid":{"rendered":"https:\/\/ciudadyregion.com.co\/?p=1158"},"modified":"2023-11-03T08:33:36","modified_gmt":"2023-11-03T13:33:36","slug":"8-disparos-recibio-un-barbero-en-el-municipio-de-flandes","status":"publish","type":"post","link":"https:\/\/ciudadyregion.com.co\/index.php\/8-disparos-recibio-un-barbero-en-el-municipio-de-flandes\/judicial\/","title":{"rendered":"8 Disparos recibi\u00f3 un barbero en el municipio de Flandes"},"content":{"rendered":"<p>En horas de la ma\u00f1ana del d\u00eda de ayer sobre la carrera D\u00e9cima con calle Octava, conocida como la avenida de los alcaldes en el barrio La Ceiba de Flandes, detonaron al menos 8 tiros con arma de fuego.<\/p>\n<p>Luego de que los habitantes que se encontraban en este sector se percataran de este hecho salieron a ver lo sucedido contando con que estos disparos proven\u00edan de una barber\u00eda de la que era due\u00f1o Santiago Palma Garz\u00f3n, quien era reconocido por esta labor desde hace m\u00e1s de cuatro a\u00f1os.<\/p>\n<p>Ante este hecho se supo que Santiago en el momento de su asesinato se encontraba con una familiar, all\u00ed, fueron sorprendidos por los delincuentes que ven\u00edan a bordo de una motocicleta e ingresaron hasta la barber\u00eda. Una vez all\u00ed, desenfundaron un arma de fuego y dispararon en al menos ocho ocasiones contra la v\u00edctima.<\/p>\n<p>La familiar de Santiago que lo acompa\u00f1aba a esa hora, al ver que su ser querido iba a ser atacado, trat\u00f3 de intervenir y puso sus brazos para defenderlo, sin embargo, los sicarios no tuvieron piedad y tambi\u00e9n la impactaron en las manos. Una perrita que acompa\u00f1aba a los hermanos Palma tambi\u00e9n result\u00f3 herida por un disparo en la zona abdominal.<\/p>\n<p>En el momento Santiago se encuentra en un centro asistencial de Girardot, donde permanece recibiendo atenci\u00f3n m\u00e9dica.<\/p>\n<p>&nbsp;<\/p>\n<p>&nbsp;<\/p>\n<p>&nbsp;<\/p>\n<p>Autora: Danna Londo\u00f1o<\/p>\n","protected":false},"excerpt":{"rendered":"<p>En horas de la ma\u00f1ana del d\u00eda de ayer sobre la carrera D\u00e9cima con calle Octava, conocida como la avenida de los alcaldes en el barrio La Ceiba de Flandes, detonaron al menos 8 tiros con arma de fuego. Luego de que los habitantes que se encontraban en este sector<span class=\"more-link\"><a href=\"https:\/\/ciudadyregion.com.co\/index.php\/8-disparos-recibio-un-barbero-en-el-municipio-de-flandes\/judicial\/\">Continuar Leyendo<\/a><\/span><\/p>\n","protected":false},"author":2,"featured_media":1185,"comment_status":"open","ping_status":"open","sticky":false,"template":"","format":"standard","meta":{"_uf_show_specific_survey":0,"_uf_disable_surveys":false,"_jetpack_memberships_contains_paid_content":false,"footnotes":"","jetpack_publicize_message":"","jetpack_publicize_feature_enabled":true,"jetpack_social_post_already_shared":false,"jetpack_social_options":{"image_generator_settings":{"template":"highway","enabled":false},"version":2}},"categories":[18],"tags":[],"class_list":["entry","author-diegoaguirre","post-1158","post","type-post","status-publish","format-standard","has-post-thumbnail","category-judicial"],"jetpack_publicize_connections":[],"yoast_head":"<!-- This site is optimized with the Yoast SEO plugin v24.3 - https:\/\/yoast.com\/wordpress\/plugins\/seo\/ -->\n<title>8 Disparos recibi\u00f3 un barbero en el municipio de Flandes - Ciudad y Region<\/title>\n<meta name=\"robots\" content=\"index, follow, max-snippet:-1, max-image-preview:large, max-video-preview:-1\" \/>\n<link rel=\"canonical\" href=\"https:\/\/ciudadyregion.com.co\/index.php\/8-disparos-recibio-un-barbero-en-el-municipio-de-flandes\/judicial\/\" \/>\n<meta property=\"og:locale\" content=\"es_ES\" \/>\n<meta property=\"og:type\" content=\"article\" \/>\n<meta property=\"og:title\" content=\"8 Disparos recibi\u00f3 un barbero en el municipio de Flandes - Ciudad y Region\" \/>\n<meta property=\"og:description\" content=\"En horas de la ma\u00f1ana del d\u00eda de ayer sobre la carrera D\u00e9cima con calle Octava, conocida como la avenida de los alcaldes en el barrio La Ceiba de Flandes, detonaron al menos 8 tiros con arma de fuego. Luego de que los habitantes que se encontraban en este sectorContinuar Leyendo\" \/>\n<meta property=\"og:url\" content=\"https:\/\/ciudadyregion.com.co\/index.php\/8-disparos-recibio-un-barbero-en-el-municipio-de-flandes\/judicial\/\" \/>\n<meta property=\"og:site_name\" content=\"Ciudad y Region\" \/>\n<meta property=\"article:published_time\" content=\"2023-11-03T13:33:36+00:00\" \/>\n<meta property=\"og:image\" content=\"https:\/\/ciudadyregion.com.co\/wp-content\/uploads\/2023\/11\/6-1.jpg\" \/>\n\t<meta property=\"og:image:width\" content=\"800\" \/>\n\t<meta property=\"og:image:height\" content=\"445\" \/>\n\t<meta property=\"og:image:type\" content=\"image\/jpeg\" \/>\n<meta name=\"author\" content=\"David Andr\u00e9s Aguirre\" \/>\n<meta name=\"twitter:card\" content=\"summary_large_image\" \/>\n<meta name=\"twitter:label1\" content=\"Escrito por\" \/>\n\t<meta name=\"twitter:data1\" content=\"David Andr\u00e9s Aguirre\" \/>\n\t<meta name=\"twitter:label2\" content=\"Tiempo de lectura\" \/>\n\t<meta name=\"twitter:data2\" content=\"1 minuto\" \/>\n<script type=\"application\/ld+json\" class=\"yoast-schema-graph\">{\"@context\":\"https:\/\/schema.org\",\"@graph\":[{\"@type\":\"WebPage\",\"@id\":\"https:\/\/ciudadyregion.com.co\/index.php\/8-disparos-recibio-un-barbero-en-el-municipio-de-flandes\/judicial\/\",\"url\":\"https:\/\/ciudadyregion.com.co\/index.php\/8-disparos-recibio-un-barbero-en-el-municipio-de-flandes\/judicial\/\",\"name\":\"8 Disparos recibi\u00f3 un barbero en el municipio de Flandes - Ciudad y Region\",\"isPartOf\":{\"@id\":\"https:\/\/ciudadyregion.com.co\/#website\"},\"primaryImageOfPage\":{\"@id\":\"https:\/\/ciudadyregion.com.co\/index.php\/8-disparos-recibio-un-barbero-en-el-municipio-de-flandes\/judicial\/#primaryimage\"},\"image\":{\"@id\":\"https:\/\/ciudadyregion.com.co\/index.php\/8-disparos-recibio-un-barbero-en-el-municipio-de-flandes\/judicial\/#primaryimage\"},\"thumbnailUrl\":\"https:\/\/i0.wp.com\/ciudadyregion.com.co\/wp-content\/uploads\/2023\/11\/6-1.jpg?fit=800%2C445&ssl=1\",\"datePublished\":\"2023-11-03T13:33:36+00:00\",\"dateModified\":\"2023-11-03T13:33:36+00:00\",\"author\":{\"@id\":\"https:\/\/ciudadyregion.com.co\/#\/schema\/person\/04a4954373ebc4051f46e8c65ff78622\"},\"breadcrumb\":{\"@id\":\"https:\/\/ciudadyregion.com.co\/index.php\/8-disparos-recibio-un-barbero-en-el-municipio-de-flandes\/judicial\/#breadcrumb\"},\"inLanguage\":\"es\",\"potentialAction\":[{\"@type\":\"ReadAction\",\"target\":[\"https:\/\/ciudadyregion.com.co\/index.php\/8-disparos-recibio-un-barbero-en-el-municipio-de-flandes\/judicial\/\"]}]},{\"@type\":\"ImageObject\",\"inLanguage\":\"es\",\"@id\":\"https:\/\/ciudadyregion.com.co\/index.php\/8-disparos-recibio-un-barbero-en-el-municipio-de-flandes\/judicial\/#primaryimage\",\"url\":\"https:\/\/i0.wp.com\/ciudadyregion.com.co\/wp-content\/uploads\/2023\/11\/6-1.jpg?fit=800%2C445&ssl=1\",\"contentUrl\":\"https:\/\/i0.wp.com\/ciudadyregion.com.co\/wp-content\/uploads\/2023\/11\/6-1.jpg?fit=800%2C445&ssl=1\",\"width\":800,\"height\":445},{\"@type\":\"BreadcrumbList\",\"@id\":\"https:\/\/ciudadyregion.com.co\/index.php\/8-disparos-recibio-un-barbero-en-el-municipio-de-flandes\/judicial\/#breadcrumb\",\"itemListElement\":[{\"@type\":\"ListItem\",\"position\":1,\"name\":\"Portada\",\"item\":\"https:\/\/ciudadyregion.com.co\/\"},{\"@type\":\"ListItem\",\"position\":2,\"name\":\"8 Disparos recibi\u00f3 un barbero en el municipio de Flandes\"}]},{\"@type\":\"WebSite\",\"@id\":\"https:\/\/ciudadyregion.com.co\/#website\",\"url\":\"https:\/\/ciudadyregion.com.co\/\",\"name\":\"Ciudad y Region\",\"description\":\"\",\"potentialAction\":[{\"@type\":\"SearchAction\",\"target\":{\"@type\":\"EntryPoint\",\"urlTemplate\":\"https:\/\/ciudadyregion.com.co\/?s={search_term_string}\"},\"query-input\":{\"@type\":\"PropertyValueSpecification\",\"valueRequired\":true,\"valueName\":\"search_term_string\"}}],\"inLanguage\":\"es\"},{\"@type\":\"Person\",\"@id\":\"https:\/\/ciudadyregion.com.co\/#\/schema\/person\/04a4954373ebc4051f46e8c65ff78622\",\"name\":\"David Andr\u00e9s Aguirre\",\"image\":{\"@type\":\"ImageObject\",\"inLanguage\":\"es\",\"@id\":\"https:\/\/ciudadyregion.com.co\/#\/schema\/person\/image\/\",\"url\":\"https:\/\/secure.gravatar.com\/avatar\/bc3c655860202182ee6d1b5edd042dbe?s=96&d=mm&r=g\",\"contentUrl\":\"https:\/\/secure.gravatar.com\/avatar\/bc3c655860202182ee6d1b5edd042dbe?s=96&d=mm&r=g\",\"caption\":\"David Andr\u00e9s Aguirre\"},\"url\":\"https:\/\/ciudadyregion.com.co\/index.php\/author\/diegoaguirre\/\"}]}<\/script>\n<!-- \/ Yoast SEO plugin. -->","yoast_head_json":{"title":"8 Disparos recibi\u00f3 un barbero en el municipio de Flandes - Ciudad y Region","robots":{"index":"index","follow":"follow","max-snippet":"max-snippet:-1","max-image-preview":"max-image-preview:large","max-video-preview":"max-video-preview:-1"},"canonical":"https:\/\/ciudadyregion.com.co\/index.php\/8-disparos-recibio-un-barbero-en-el-municipio-de-flandes\/judicial\/","og_locale":"es_ES","og_type":"article","og_title":"8 Disparos recibi\u00f3 un barbero en el municipio de Flandes - Ciudad y Region","og_description":"En horas de la ma\u00f1ana del d\u00eda de ayer sobre la carrera D\u00e9cima con calle Octava, conocida como la avenida de los alcaldes en el barrio La Ceiba de Flandes, detonaron al menos 8 tiros con arma de fuego. Luego de que los habitantes que se encontraban en este sectorContinuar Leyendo","og_url":"https:\/\/ciudadyregion.com.co\/index.php\/8-disparos-recibio-un-barbero-en-el-municipio-de-flandes\/judicial\/","og_site_name":"Ciudad y Region","article_published_time":"2023-11-03T13:33:36+00:00","og_image":[{"width":800,"height":445,"url":"https:\/\/ciudadyregion.com.co\/wp-content\/uploads\/2023\/11\/6-1.jpg","type":"image\/jpeg"}],"author":"David Andr\u00e9s Aguirre","twitter_card":"summary_large_image","twitter_misc":{"Escrito por":"David Andr\u00e9s Aguirre","Tiempo de lectura":"1 minuto"},"schema":{"@context":"https:\/\/schema.org","@graph":[{"@type":"WebPage","@id":"https:\/\/ciudadyregion.com.co\/index.php\/8-disparos-recibio-un-barbero-en-el-municipio-de-flandes\/judicial\/","url":"https:\/\/ciudadyregion.com.co\/index.php\/8-disparos-recibio-un-barbero-en-el-municipio-de-flandes\/judicial\/","name":"8 Disparos recibi\u00f3 un barbero en el municipio de Flandes - Ciudad y Region","isPartOf":{"@id":"https:\/\/ciudadyregion.com.co\/#website"},"primaryImageOfPage":{"@id":"https:\/\/ciudadyregion.com.co\/index.php\/8-disparos-recibio-un-barbero-en-el-municipio-de-flandes\/judicial\/#primaryimage"},"image":{"@id":"https:\/\/ciudadyregion.com.co\/index.php\/8-disparos-recibio-un-barbero-en-el-municipio-de-flandes\/judicial\/#primaryimage"},"thumbnailUrl":"https:\/\/i0.wp.com\/ciudadyregion.com.co\/wp-content\/uploads\/2023\/11\/6-1.jpg?fit=800%2C445&ssl=1","datePublished":"2023-11-03T13:33:36+00:00","dateModified":"2023-11-03T13:33:36+00:00","author":{"@id":"https:\/\/ciudadyregion.com.co\/#\/schema\/person\/04a4954373ebc4051f46e8c65ff78622"},"breadcrumb":{"@id":"https:\/\/ciudadyregion.com.co\/index.php\/8-disparos-recibio-un-barbero-en-el-municipio-de-flandes\/judicial\/#breadcrumb"},"inLanguage":"es","potentialAction":[{"@type":"ReadAction","target":["https:\/\/ciudadyregion.com.co\/index.php\/8-disparos-recibio-un-barbero-en-el-municipio-de-flandes\/judicial\/"]}]},{"@type":"ImageObject","inLanguage":"es","@id":"https:\/\/ciudadyregion.com.co\/index.php\/8-disparos-recibio-un-barbero-en-el-municipio-de-flandes\/judicial\/#primaryimage","url":"https:\/\/i0.wp.com\/ciudadyregion.com.co\/wp-content\/uploads\/2023\/11\/6-1.jpg?fit=800%2C445&ssl=1","contentUrl":"https:\/\/i0.wp.com\/ciudadyregion.com.co\/wp-content\/uploads\/2023\/11\/6-1.jpg?fit=800%2C445&ssl=1","width":800,"height":445},{"@type":"BreadcrumbList","@id":"https:\/\/ciudadyregion.com.co\/index.php\/8-disparos-recibio-un-barbero-en-el-municipio-de-flandes\/judicial\/#breadcrumb","itemListElement":[{"@type":"ListItem","position":1,"name":"Portada","item":"https:\/\/ciudadyregion.com.co\/"},{"@type":"ListItem","position":2,"name":"8 Disparos recibi\u00f3 un barbero en el municipio de Flandes"}]},{"@type":"WebSite","@id":"https:\/\/ciudadyregion.com.co\/#website","url":"https:\/\/ciudadyregion.com.co\/","name":"Ciudad y Region","description":"","potentialAction":[{"@type":"SearchAction","target":{"@type":"EntryPoint","urlTemplate":"https:\/\/ciudadyregion.com.co\/?s={search_term_string}"},"query-input":{"@type":"PropertyValueSpecification","valueRequired":true,"valueName":"search_term_string"}}],"inLanguage":"es"},{"@type":"Person","@id":"https:\/\/ciudadyregion.com.co\/#\/schema\/person\/04a4954373ebc4051f46e8c65ff78622","name":"David Andr\u00e9s Aguirre","image":{"@type":"ImageObject","inLanguage":"es","@id":"https:\/\/ciudadyregion.com.co\/#\/schema\/person\/image\/","url":"https:\/\/secure.gravatar.com\/avatar\/bc3c655860202182ee6d1b5edd042dbe?s=96&d=mm&r=g","contentUrl":"https:\/\/secure.gravatar.com\/avatar\/bc3c655860202182ee6d1b5edd042dbe?s=96&d=mm&r=g","caption":"David Andr\u00e9s Aguirre"},"url":"https:\/\/ciudadyregion.com.co\/index.php\/author\/diegoaguirre\/"}]}},"jetpack_featured_media_url":"https:\/\/i0.wp.com\/ciudadyregion.com.co\/wp-content\/uploads\/2023\/11\/6-1.jpg?fit=800%2C445&ssl=1","jetpack_sharing_enabled":true,"jetpack_shortlink":"https:\/\/wp.me\/pbS7hh-iG","jetpack-related-posts":[],"_links":{"self":[{"href":"https:\/\/ciudadyregion.com.co\/index.php\/wp-json\/wp\/v2\/posts\/1158"}],"collection":[{"href":"https:\/\/ciudadyregion.com.co\/index.php\/wp-json\/wp\/v2\/posts"}],"about":[{"href":"https:\/\/ciudadyregion.com.co\/index.php\/wp-json\/wp\/v2\/types\/post"}],"author":[{"embeddable":true,"href":"https:\/\/ciudadyregion.com.co\/index.php\/wp-json\/wp\/v2\/users\/2"}],"replies":[{"embeddable":true,"href":"https:\/\/ciudadyregion.com.co\/index.php\/wp-json\/wp\/v2\/comments?post=1158"}],"version-history":[{"count":1,"href":"https:\/\/ciudadyregion.com.co\/index.php\/wp-json\/wp\/v2\/posts\/1158\/revisions"}],"predecessor-version":[{"id":1159,"href":"https:\/\/ciudadyregion.com.co\/index.php\/wp-json\/wp\/v2\/posts\/1158\/revisions\/1159"}],"wp:featuredmedia":[{"embeddable":true,"href":"https:\/\/ciudadyregion.com.co\/index.php\/wp-json\/wp\/v2\/media\/1185"}],"wp:attachment":[{"href":"https:\/\/ciudadyregion.com.co\/index.php\/wp-json\/wp\/v2\/media?parent=1158"}],"wp:term":[{"taxonomy":"category","embeddable":true,"href":"https:\/\/ciudadyregion.com.co\/index.php\/wp-json\/wp\/v2\/categories?post=1158"},{"taxonomy":"post_tag","embeddable":true,"href":"https:\/\/ciudadyregion.com.co\/index.php\/wp-json\/wp\/v2\/tags?post=1158"}],"curies":[{"name":"wp","href":"https:\/\/api.w.org\/{rel}","templated":true}]}}