{"id":1131,"date":"2023-11-03T04:07:02","date_gmt":"2023-11-03T09:07:02","guid":{"rendered":"https:\/\/ciudadyregion.com.co\/?p=1131"},"modified":"2023-11-02T21:09:07","modified_gmt":"2023-11-03T02:09:07","slug":"un-abogado-fue-enviado-a-la-carcel-por-presunta-violencia-sexual-contra-su-expareja","status":"publish","type":"post","link":"https:\/\/ciudadyregion.com.co\/index.php\/un-abogado-fue-enviado-a-la-carcel-por-presunta-violencia-sexual-contra-su-expareja\/judicial\/","title":{"rendered":"Un abogado fue enviado a la c\u00e1rcel por presunta violencia sexual contra su expareja"},"content":{"rendered":"<ul>\n<li>La Fiscal\u00eda cuenta como evidencia con numerosos chats de la mensajer\u00eda instant\u00e1nea de WhatsApp que intercambiaron v\u00edctima y victimario donde se evidencia el maltrato al que fue sometida.<\/li>\n<\/ul>\n<p>Medida de aseguramiento intramuros le fue impuesta a Juli\u00e1n Eduardo Varela Gaviria, un hombre de 40 a\u00f1os de edad, por su presunta responsabilidad en los delitos de violencia intrafamiliar agravada y acceso carnal violento del que fuere v\u00edctima su pareja entre enero a agosto del a\u00f1o 2023, y que no acept\u00f3 haber cometido.<\/p>\n<p>El hombre quien es abogado penalista adscrito a la Defensor\u00eda del Pueblo en Ibagu\u00e9 (Tolima), es se\u00f1alado por la Fiscal\u00eda General de la Naci\u00f3n de maltratar f\u00edsica, verbal y psicol\u00f3gicamente a una mujer de 42 a\u00f1os cuando conviv\u00edan en la casa de la madre del agresor.<\/p>\n<p>Se tiene que adem\u00e1s la ten\u00eda privada de los elementos b\u00e1sicos para su sostenimiento tales como jabones de aseo personal y para lavar su ropa, as\u00ed como desodorante, adem\u00e1s de los alimentos.<\/p>\n<p>La delegada fiscal adscrita a la unidad de delitos sexuales que lo investiga, cuenta con suficiente material probatorio para demostrar la culpabilidad del hombre quien la\u00a0 habr\u00eda sometido por cerca de ocho meses a golpes y malos tratos. As\u00ed mismo la obligar\u00eda a sostener relaciones sexuales con \u00e9l.<\/p>\n<p>Seg\u00fan la denuncia, la mujer era humillada, menospreciada, insultada, tratada con calificativos denigrantes y amenazas. La madre del procesado al parecer, tambi\u00e9n\u00a0 trataba de manera despectiva a la afectada a quien no le permit\u00eda cocinar y hacer uso de otros espacios y elementos de la casa.<\/p>\n<p>Asegur\u00f3 la v\u00edctima no poder compartir la misma hora de los alimentos con ellos por lo que le tocaba esperar en el cuarto donde dorm\u00eda o en la calle, y posteriormente regresar a comer lo que pudiera.<\/p>\n<p>Luego de que la ech\u00f3 de su casa, la mujer fue internada al padecer de ideas suicidas. El profesional en derecho fue detenido durante la jornada electoral el pasado 29 de\u00a0 octubre cuando sal\u00eda de su lugar de votaci\u00f3n en un colegio de Ibagu\u00e9.<\/p>\n","protected":false},"excerpt":{"rendered":"<p>La Fiscal\u00eda cuenta como evidencia con numerosos chats de la mensajer\u00eda instant\u00e1nea de WhatsApp que intercambiaron v\u00edctima y victimario donde se evidencia el maltrato al que fue sometida. Medida de aseguramiento intramuros le fue impuesta a Juli\u00e1n Eduardo Varela Gaviria, un hombre de 40 a\u00f1os de edad, por su presunta<span class=\"more-link\"><a href=\"https:\/\/ciudadyregion.com.co\/index.php\/un-abogado-fue-enviado-a-la-carcel-por-presunta-violencia-sexual-contra-su-expareja\/judicial\/\">Continuar Leyendo<\/a><\/span><\/p>\n","protected":false},"author":2,"featured_media":1129,"comment_status":"open","ping_status":"open","sticky":false,"template":"","format":"standard","meta":{"_uf_show_specific_survey":0,"_uf_disable_surveys":false,"_jetpack_memberships_contains_paid_content":false,"footnotes":"","jetpack_publicize_message":"","jetpack_publicize_feature_enabled":true,"jetpack_social_post_already_shared":false,"jetpack_social_options":{"image_generator_settings":{"template":"highway","enabled":false},"version":2}},"categories":[18],"tags":[],"class_list":["entry","author-diegoaguirre","post-1131","post","type-post","status-publish","format-standard","has-post-thumbnail","category-judicial"],"jetpack_publicize_connections":[],"yoast_head":"<!-- This site is optimized with the Yoast SEO plugin v24.3 - https:\/\/yoast.com\/wordpress\/plugins\/seo\/ -->\n<title>Un abogado fue enviado a la c\u00e1rcel por presunta violencia sexual contra su expareja - Ciudad y Region<\/title>\n<meta name=\"robots\" content=\"index, follow, max-snippet:-1, max-image-preview:large, max-video-preview:-1\" \/>\n<link rel=\"canonical\" href=\"https:\/\/ciudadyregion.com.co\/index.php\/un-abogado-fue-enviado-a-la-carcel-por-presunta-violencia-sexual-contra-su-expareja\/judicial\/\" \/>\n<meta property=\"og:locale\" content=\"es_ES\" \/>\n<meta property=\"og:type\" content=\"article\" \/>\n<meta property=\"og:title\" content=\"Un abogado fue enviado a la c\u00e1rcel por presunta violencia sexual contra su expareja - Ciudad y Region\" \/>\n<meta property=\"og:description\" content=\"La Fiscal\u00eda cuenta como evidencia con numerosos chats de la mensajer\u00eda instant\u00e1nea de WhatsApp que intercambiaron v\u00edctima y victimario donde se evidencia el maltrato al que fue sometida. Medida de aseguramiento intramuros le fue impuesta a Juli\u00e1n Eduardo Varela Gaviria, un hombre de 40 a\u00f1os de edad, por su presuntaContinuar Leyendo\" \/>\n<meta property=\"og:url\" content=\"https:\/\/ciudadyregion.com.co\/index.php\/un-abogado-fue-enviado-a-la-carcel-por-presunta-violencia-sexual-contra-su-expareja\/judicial\/\" \/>\n<meta property=\"og:site_name\" content=\"Ciudad y Region\" \/>\n<meta property=\"article:published_time\" content=\"2023-11-03T09:07:02+00:00\" \/>\n<meta property=\"article:modified_time\" content=\"2023-11-03T02:09:07+00:00\" \/>\n<meta property=\"og:image\" content=\"https:\/\/ciudadyregion.com.co\/wp-content\/uploads\/2023\/11\/11-1.jpg\" \/>\n\t<meta property=\"og:image:width\" content=\"800\" \/>\n\t<meta property=\"og:image:height\" content=\"445\" \/>\n\t<meta property=\"og:image:type\" content=\"image\/jpeg\" \/>\n<meta name=\"author\" content=\"David Andr\u00e9s Aguirre\" \/>\n<meta name=\"twitter:card\" content=\"summary_large_image\" \/>\n<meta name=\"twitter:label1\" content=\"Escrito por\" \/>\n\t<meta name=\"twitter:data1\" content=\"David Andr\u00e9s Aguirre\" \/>\n\t<meta name=\"twitter:label2\" content=\"Tiempo de lectura\" \/>\n\t<meta name=\"twitter:data2\" content=\"2 minutos\" \/>\n<script type=\"application\/ld+json\" class=\"yoast-schema-graph\">{\"@context\":\"https:\/\/schema.org\",\"@graph\":[{\"@type\":\"WebPage\",\"@id\":\"https:\/\/ciudadyregion.com.co\/index.php\/un-abogado-fue-enviado-a-la-carcel-por-presunta-violencia-sexual-contra-su-expareja\/judicial\/\",\"url\":\"https:\/\/ciudadyregion.com.co\/index.php\/un-abogado-fue-enviado-a-la-carcel-por-presunta-violencia-sexual-contra-su-expareja\/judicial\/\",\"name\":\"Un abogado fue enviado a la c\u00e1rcel por presunta violencia sexual contra su expareja - Ciudad y Region\",\"isPartOf\":{\"@id\":\"https:\/\/ciudadyregion.com.co\/#website\"},\"primaryImageOfPage\":{\"@id\":\"https:\/\/ciudadyregion.com.co\/index.php\/un-abogado-fue-enviado-a-la-carcel-por-presunta-violencia-sexual-contra-su-expareja\/judicial\/#primaryimage\"},\"image\":{\"@id\":\"https:\/\/ciudadyregion.com.co\/index.php\/un-abogado-fue-enviado-a-la-carcel-por-presunta-violencia-sexual-contra-su-expareja\/judicial\/#primaryimage\"},\"thumbnailUrl\":\"https:\/\/i0.wp.com\/ciudadyregion.com.co\/wp-content\/uploads\/2023\/11\/11-1.jpg?fit=800%2C445&ssl=1\",\"datePublished\":\"2023-11-03T09:07:02+00:00\",\"dateModified\":\"2023-11-03T02:09:07+00:00\",\"author\":{\"@id\":\"https:\/\/ciudadyregion.com.co\/#\/schema\/person\/04a4954373ebc4051f46e8c65ff78622\"},\"breadcrumb\":{\"@id\":\"https:\/\/ciudadyregion.com.co\/index.php\/un-abogado-fue-enviado-a-la-carcel-por-presunta-violencia-sexual-contra-su-expareja\/judicial\/#breadcrumb\"},\"inLanguage\":\"es\",\"potentialAction\":[{\"@type\":\"ReadAction\",\"target\":[\"https:\/\/ciudadyregion.com.co\/index.php\/un-abogado-fue-enviado-a-la-carcel-por-presunta-violencia-sexual-contra-su-expareja\/judicial\/\"]}]},{\"@type\":\"ImageObject\",\"inLanguage\":\"es\",\"@id\":\"https:\/\/ciudadyregion.com.co\/index.php\/un-abogado-fue-enviado-a-la-carcel-por-presunta-violencia-sexual-contra-su-expareja\/judicial\/#primaryimage\",\"url\":\"https:\/\/i0.wp.com\/ciudadyregion.com.co\/wp-content\/uploads\/2023\/11\/11-1.jpg?fit=800%2C445&ssl=1\",\"contentUrl\":\"https:\/\/i0.wp.com\/ciudadyregion.com.co\/wp-content\/uploads\/2023\/11\/11-1.jpg?fit=800%2C445&ssl=1\",\"width\":800,\"height\":445},{\"@type\":\"BreadcrumbList\",\"@id\":\"https:\/\/ciudadyregion.com.co\/index.php\/un-abogado-fue-enviado-a-la-carcel-por-presunta-violencia-sexual-contra-su-expareja\/judicial\/#breadcrumb\",\"itemListElement\":[{\"@type\":\"ListItem\",\"position\":1,\"name\":\"Portada\",\"item\":\"https:\/\/ciudadyregion.com.co\/\"},{\"@type\":\"ListItem\",\"position\":2,\"name\":\"Un abogado fue enviado a la c\u00e1rcel por presunta violencia sexual contra su expareja\"}]},{\"@type\":\"WebSite\",\"@id\":\"https:\/\/ciudadyregion.com.co\/#website\",\"url\":\"https:\/\/ciudadyregion.com.co\/\",\"name\":\"Ciudad y Region\",\"description\":\"\",\"potentialAction\":[{\"@type\":\"SearchAction\",\"target\":{\"@type\":\"EntryPoint\",\"urlTemplate\":\"https:\/\/ciudadyregion.com.co\/?s={search_term_string}\"},\"query-input\":{\"@type\":\"PropertyValueSpecification\",\"valueRequired\":true,\"valueName\":\"search_term_string\"}}],\"inLanguage\":\"es\"},{\"@type\":\"Person\",\"@id\":\"https:\/\/ciudadyregion.com.co\/#\/schema\/person\/04a4954373ebc4051f46e8c65ff78622\",\"name\":\"David Andr\u00e9s Aguirre\",\"image\":{\"@type\":\"ImageObject\",\"inLanguage\":\"es\",\"@id\":\"https:\/\/ciudadyregion.com.co\/#\/schema\/person\/image\/\",\"url\":\"https:\/\/secure.gravatar.com\/avatar\/bc3c655860202182ee6d1b5edd042dbe?s=96&d=mm&r=g\",\"contentUrl\":\"https:\/\/secure.gravatar.com\/avatar\/bc3c655860202182ee6d1b5edd042dbe?s=96&d=mm&r=g\",\"caption\":\"David Andr\u00e9s Aguirre\"},\"url\":\"https:\/\/ciudadyregion.com.co\/index.php\/author\/diegoaguirre\/\"}]}<\/script>\n<!-- \/ Yoast SEO plugin. -->","yoast_head_json":{"title":"Un abogado fue enviado a la c\u00e1rcel por presunta violencia sexual contra su expareja - Ciudad y Region","robots":{"index":"index","follow":"follow","max-snippet":"max-snippet:-1","max-image-preview":"max-image-preview:large","max-video-preview":"max-video-preview:-1"},"canonical":"https:\/\/ciudadyregion.com.co\/index.php\/un-abogado-fue-enviado-a-la-carcel-por-presunta-violencia-sexual-contra-su-expareja\/judicial\/","og_locale":"es_ES","og_type":"article","og_title":"Un abogado fue enviado a la c\u00e1rcel por presunta violencia sexual contra su expareja - Ciudad y Region","og_description":"La Fiscal\u00eda cuenta como evidencia con numerosos chats de la mensajer\u00eda instant\u00e1nea de WhatsApp que intercambiaron v\u00edctima y victimario donde se evidencia el maltrato al que fue sometida. Medida de aseguramiento intramuros le fue impuesta a Juli\u00e1n Eduardo Varela Gaviria, un hombre de 40 a\u00f1os de edad, por su presuntaContinuar Leyendo","og_url":"https:\/\/ciudadyregion.com.co\/index.php\/un-abogado-fue-enviado-a-la-carcel-por-presunta-violencia-sexual-contra-su-expareja\/judicial\/","og_site_name":"Ciudad y Region","article_published_time":"2023-11-03T09:07:02+00:00","article_modified_time":"2023-11-03T02:09:07+00:00","og_image":[{"width":800,"height":445,"url":"https:\/\/ciudadyregion.com.co\/wp-content\/uploads\/2023\/11\/11-1.jpg","type":"image\/jpeg"}],"author":"David Andr\u00e9s Aguirre","twitter_card":"summary_large_image","twitter_misc":{"Escrito por":"David Andr\u00e9s Aguirre","Tiempo de lectura":"2 minutos"},"schema":{"@context":"https:\/\/schema.org","@graph":[{"@type":"WebPage","@id":"https:\/\/ciudadyregion.com.co\/index.php\/un-abogado-fue-enviado-a-la-carcel-por-presunta-violencia-sexual-contra-su-expareja\/judicial\/","url":"https:\/\/ciudadyregion.com.co\/index.php\/un-abogado-fue-enviado-a-la-carcel-por-presunta-violencia-sexual-contra-su-expareja\/judicial\/","name":"Un abogado fue enviado a la c\u00e1rcel por presunta violencia sexual contra su expareja - Ciudad y Region","isPartOf":{"@id":"https:\/\/ciudadyregion.com.co\/#website"},"primaryImageOfPage":{"@id":"https:\/\/ciudadyregion.com.co\/index.php\/un-abogado-fue-enviado-a-la-carcel-por-presunta-violencia-sexual-contra-su-expareja\/judicial\/#primaryimage"},"image":{"@id":"https:\/\/ciudadyregion.com.co\/index.php\/un-abogado-fue-enviado-a-la-carcel-por-presunta-violencia-sexual-contra-su-expareja\/judicial\/#primaryimage"},"thumbnailUrl":"https:\/\/i0.wp.com\/ciudadyregion.com.co\/wp-content\/uploads\/2023\/11\/11-1.jpg?fit=800%2C445&ssl=1","datePublished":"2023-11-03T09:07:02+00:00","dateModified":"2023-11-03T02:09:07+00:00","author":{"@id":"https:\/\/ciudadyregion.com.co\/#\/schema\/person\/04a4954373ebc4051f46e8c65ff78622"},"breadcrumb":{"@id":"https:\/\/ciudadyregion.com.co\/index.php\/un-abogado-fue-enviado-a-la-carcel-por-presunta-violencia-sexual-contra-su-expareja\/judicial\/#breadcrumb"},"inLanguage":"es","potentialAction":[{"@type":"ReadAction","target":["https:\/\/ciudadyregion.com.co\/index.php\/un-abogado-fue-enviado-a-la-carcel-por-presunta-violencia-sexual-contra-su-expareja\/judicial\/"]}]},{"@type":"ImageObject","inLanguage":"es","@id":"https:\/\/ciudadyregion.com.co\/index.php\/un-abogado-fue-enviado-a-la-carcel-por-presunta-violencia-sexual-contra-su-expareja\/judicial\/#primaryimage","url":"https:\/\/i0.wp.com\/ciudadyregion.com.co\/wp-content\/uploads\/2023\/11\/11-1.jpg?fit=800%2C445&ssl=1","contentUrl":"https:\/\/i0.wp.com\/ciudadyregion.com.co\/wp-content\/uploads\/2023\/11\/11-1.jpg?fit=800%2C445&ssl=1","width":800,"height":445},{"@type":"BreadcrumbList","@id":"https:\/\/ciudadyregion.com.co\/index.php\/un-abogado-fue-enviado-a-la-carcel-por-presunta-violencia-sexual-contra-su-expareja\/judicial\/#breadcrumb","itemListElement":[{"@type":"ListItem","position":1,"name":"Portada","item":"https:\/\/ciudadyregion.com.co\/"},{"@type":"ListItem","position":2,"name":"Un abogado fue enviado a la c\u00e1rcel por presunta violencia sexual contra su expareja"}]},{"@type":"WebSite","@id":"https:\/\/ciudadyregion.com.co\/#website","url":"https:\/\/ciudadyregion.com.co\/","name":"Ciudad y Region","description":"","potentialAction":[{"@type":"SearchAction","target":{"@type":"EntryPoint","urlTemplate":"https:\/\/ciudadyregion.com.co\/?s={search_term_string}"},"query-input":{"@type":"PropertyValueSpecification","valueRequired":true,"valueName":"search_term_string"}}],"inLanguage":"es"},{"@type":"Person","@id":"https:\/\/ciudadyregion.com.co\/#\/schema\/person\/04a4954373ebc4051f46e8c65ff78622","name":"David Andr\u00e9s Aguirre","image":{"@type":"ImageObject","inLanguage":"es","@id":"https:\/\/ciudadyregion.com.co\/#\/schema\/person\/image\/","url":"https:\/\/secure.gravatar.com\/avatar\/bc3c655860202182ee6d1b5edd042dbe?s=96&d=mm&r=g","contentUrl":"https:\/\/secure.gravatar.com\/avatar\/bc3c655860202182ee6d1b5edd042dbe?s=96&d=mm&r=g","caption":"David Andr\u00e9s Aguirre"},"url":"https:\/\/ciudadyregion.com.co\/index.php\/author\/diegoaguirre\/"}]}},"jetpack_featured_media_url":"https:\/\/i0.wp.com\/ciudadyregion.com.co\/wp-content\/uploads\/2023\/11\/11-1.jpg?fit=800%2C445&ssl=1","jetpack_sharing_enabled":true,"jetpack_shortlink":"https:\/\/wp.me\/pbS7hh-if","jetpack-related-posts":[],"_links":{"self":[{"href":"https:\/\/ciudadyregion.com.co\/index.php\/wp-json\/wp\/v2\/posts\/1131"}],"collection":[{"href":"https:\/\/ciudadyregion.com.co\/index.php\/wp-json\/wp\/v2\/posts"}],"about":[{"href":"https:\/\/ciudadyregion.com.co\/index.php\/wp-json\/wp\/v2\/types\/post"}],"author":[{"embeddable":true,"href":"https:\/\/ciudadyregion.com.co\/index.php\/wp-json\/wp\/v2\/users\/2"}],"replies":[{"embeddable":true,"href":"https:\/\/ciudadyregion.com.co\/index.php\/wp-json\/wp\/v2\/comments?post=1131"}],"version-history":[{"count":1,"href":"https:\/\/ciudadyregion.com.co\/index.php\/wp-json\/wp\/v2\/posts\/1131\/revisions"}],"predecessor-version":[{"id":1132,"href":"https:\/\/ciudadyregion.com.co\/index.php\/wp-json\/wp\/v2\/posts\/1131\/revisions\/1132"}],"wp:featuredmedia":[{"embeddable":true,"href":"https:\/\/ciudadyregion.com.co\/index.php\/wp-json\/wp\/v2\/media\/1129"}],"wp:attachment":[{"href":"https:\/\/ciudadyregion.com.co\/index.php\/wp-json\/wp\/v2\/media?parent=1131"}],"wp:term":[{"taxonomy":"category","embeddable":true,"href":"https:\/\/ciudadyregion.com.co\/index.php\/wp-json\/wp\/v2\/categories?post=1131"},{"taxonomy":"post_tag","embeddable":true,"href":"https:\/\/ciudadyregion.com.co\/index.php\/wp-json\/wp\/v2\/tags?post=1131"}],"curies":[{"name":"wp","href":"https:\/\/api.w.org\/{rel}","templated":true}]}}