{"id":11114,"date":"2024-04-04T07:54:47","date_gmt":"2024-04-04T12:54:47","guid":{"rendered":"https:\/\/ciudadyregion.com.co\/?p=11114"},"modified":"2024-04-04T07:54:47","modified_gmt":"2024-04-04T12:54:47","slug":"asi-avanza-la-constitucion-del-fondo-de-agua-del-rio-coello-en-el-tolima","status":"publish","type":"post","link":"https:\/\/ciudadyregion.com.co\/index.php\/asi-avanza-la-constitucion-del-fondo-de-agua-del-rio-coello-en-el-tolima\/regional\/","title":{"rendered":"As\u00ed avanza la constituci\u00f3n del Fondo de Agua del R\u00edo Coello en el Tolima"},"content":{"rendered":"<ul>\n<li><em>Esta que es una de las metas para la gobernadora, Adriana Magali Matiz, ofreciendo un instrumento de planificaci\u00f3n crucial para la seguridad h\u00eddrica del Tolima<\/em><\/li>\n<\/ul>\n<p>Este mi\u00e9rcoles, en las instalaciones de la C\u00e1mara de Comercio de Ibagu\u00e9 se adelant\u00f3 el &#8216;Conversatorio entre actores p\u00fablicos y privados sobre el papel de los fondos de agua frente a la necesidad de actuar colectivamente por la seguridad h\u00eddrica del territorio bajo un enfoque de resiliencia clim\u00e1tica&#8217;.<\/p>\n<p>Este evento marc\u00f3 el inicio de la constituci\u00f3n del Fondo de Agua del R\u00edo Coello, un instrumento de planificaci\u00f3n crucial para la seguridad h\u00eddrica del Tolima que se presenta como una respuesta innovadora a los desaf\u00edos de la gesti\u00f3n del agua en el contexto del cambio clim\u00e1tico, asegurando el bienestar de las comunidades y la sostenibilidad de los ecosistemas de esta regi\u00f3n tolimense.<\/p>\n<blockquote><p>\u201cPara la Gobernaci\u00f3n del Tolima es muy importante tener estos espacios y as\u00ed articular esfuerzos en pro de la seguridad h\u00eddrica, para ello, vamos a trabajar de la mano de la RAP-E y la asesor\u00eda del Fondo de Agua de Bogot\u00e1, materializando una de las metas m\u00e1s importantes que tiene nuestra gobernadora Adriana Magali Matiz\u201d, manifest\u00f3 Ericka Marcela Lozano, secretaria de Ambiente y Gesti\u00f3n del Riesgo del Tolima.<\/p><\/blockquote>\n<p>Tenga en cuenta que el r\u00edo Coello nace en Ibagu\u00e9 teniendo como principales afluentes los r\u00edos Tochecito, Toche, Anaime, Cocora, Gallego, Combeima y Bermell\u00f3n en cuyo recorrido, antes de desembocar en el r\u00edo Magdalena, abastece los acueductos municipales de Ibagu\u00e9, Coello, Cajamarca y El Espinal, beneficiando a cerca de 520 mil habitantes. Desde su nacimiento hasta su desembocadura, posee una longitud de 124,760 Km.<\/p>\n<blockquote><p>\u201cHoy, se dio comienzo a la constituci\u00f3n de esta iniciativa que servir\u00e1 como instrumento de planificaci\u00f3n en el que est\u00e1n siete municipios que hacen parte de la asociaci\u00f3n: Ibagu\u00e9, Cajamarca, Rovira, San Luis, Coello, Flandes y Espinal. Este espacio geogr\u00e1fico de 185 mil hect\u00e1reas requiere la convergencia de intereses p\u00fablicos, privados y acad\u00e9micos\u201d agreg\u00f3, \u00d3scar Hern\u00e1ndez Arana, director Ejecutivo de Asocentro Tolima.<\/p><\/blockquote>\n<p>En este encuentro tambi\u00e9n participaron la Regi\u00f3n Administrativa y de Planificaci\u00f3n Especial (RAP-E) Regi\u00f3n Central, Gobernaci\u00f3n del Tolima, Asociaci\u00f3n de Municipios del Centro del Tolima (Asocentro), entre otros delegados y representantes de diversas entidades e instituciones p\u00fablicas y privadas de la regi\u00f3n y el pa\u00eds.<\/p>\n","protected":false},"excerpt":{"rendered":"<p>Esta que es una de las metas para la gobernadora, Adriana Magali Matiz, ofreciendo un instrumento de planificaci\u00f3n crucial para la seguridad h\u00eddrica del Tolima Este mi\u00e9rcoles, en las instalaciones de la C\u00e1mara de Comercio de Ibagu\u00e9 se adelant\u00f3 el &#8216;Conversatorio entre actores p\u00fablicos y privados sobre el papel de<span class=\"more-link\"><a href=\"https:\/\/ciudadyregion.com.co\/index.php\/asi-avanza-la-constitucion-del-fondo-de-agua-del-rio-coello-en-el-tolima\/regional\/\">Continuar Leyendo<\/a><\/span><\/p>\n","protected":false},"author":2,"featured_media":11115,"comment_status":"open","ping_status":"open","sticky":false,"template":"","format":"standard","meta":{"_uf_show_specific_survey":0,"_uf_disable_surveys":false,"_jetpack_memberships_contains_paid_content":false,"footnotes":"","jetpack_publicize_message":"","jetpack_publicize_feature_enabled":true,"jetpack_social_post_already_shared":true,"jetpack_social_options":{"image_generator_settings":{"template":"highway","enabled":false},"version":2}},"categories":[13],"tags":[],"class_list":["entry","author-diegoaguirre","post-11114","post","type-post","status-publish","format-standard","has-post-thumbnail","category-regional"],"jetpack_publicize_connections":[],"yoast_head":"<!-- This site is optimized with the Yoast SEO plugin v24.3 - https:\/\/yoast.com\/wordpress\/plugins\/seo\/ -->\n<title>As\u00ed avanza la constituci\u00f3n del Fondo de Agua del R\u00edo Coello en el Tolima - Ciudad y Region<\/title>\n<meta name=\"robots\" content=\"index, follow, max-snippet:-1, max-image-preview:large, max-video-preview:-1\" \/>\n<link rel=\"canonical\" href=\"https:\/\/ciudadyregion.com.co\/index.php\/asi-avanza-la-constitucion-del-fondo-de-agua-del-rio-coello-en-el-tolima\/regional\/\" \/>\n<meta property=\"og:locale\" content=\"es_ES\" \/>\n<meta property=\"og:type\" content=\"article\" \/>\n<meta property=\"og:title\" content=\"As\u00ed avanza la constituci\u00f3n del Fondo de Agua del R\u00edo Coello en el Tolima - Ciudad y Region\" \/>\n<meta property=\"og:description\" content=\"Esta que es una de las metas para la gobernadora, Adriana Magali Matiz, ofreciendo un instrumento de planificaci\u00f3n crucial para la seguridad h\u00eddrica del Tolima Este mi\u00e9rcoles, en las instalaciones de la C\u00e1mara de Comercio de Ibagu\u00e9 se adelant\u00f3 el &#8216;Conversatorio entre actores p\u00fablicos y privados sobre el papel deContinuar Leyendo\" \/>\n<meta property=\"og:url\" content=\"https:\/\/ciudadyregion.com.co\/index.php\/asi-avanza-la-constitucion-del-fondo-de-agua-del-rio-coello-en-el-tolima\/regional\/\" \/>\n<meta property=\"og:site_name\" content=\"Ciudad y Region\" \/>\n<meta property=\"article:published_time\" content=\"2024-04-04T12:54:47+00:00\" \/>\n<meta property=\"og:image\" content=\"https:\/\/ciudadyregion.com.co\/wp-content\/uploads\/2024\/04\/2-3.jpg\" \/>\n\t<meta property=\"og:image:width\" content=\"800\" \/>\n\t<meta property=\"og:image:height\" content=\"445\" \/>\n\t<meta property=\"og:image:type\" content=\"image\/jpeg\" \/>\n<meta name=\"author\" content=\"David Andr\u00e9s Aguirre\" \/>\n<meta name=\"twitter:card\" content=\"summary_large_image\" \/>\n<meta name=\"twitter:label1\" content=\"Escrito por\" \/>\n\t<meta name=\"twitter:data1\" content=\"David Andr\u00e9s Aguirre\" \/>\n\t<meta name=\"twitter:label2\" content=\"Tiempo de lectura\" \/>\n\t<meta name=\"twitter:data2\" content=\"2 minutos\" \/>\n<script type=\"application\/ld+json\" class=\"yoast-schema-graph\">{\"@context\":\"https:\/\/schema.org\",\"@graph\":[{\"@type\":\"WebPage\",\"@id\":\"https:\/\/ciudadyregion.com.co\/index.php\/asi-avanza-la-constitucion-del-fondo-de-agua-del-rio-coello-en-el-tolima\/regional\/\",\"url\":\"https:\/\/ciudadyregion.com.co\/index.php\/asi-avanza-la-constitucion-del-fondo-de-agua-del-rio-coello-en-el-tolima\/regional\/\",\"name\":\"As\u00ed avanza la constituci\u00f3n del Fondo de Agua del R\u00edo Coello en el Tolima - Ciudad y Region\",\"isPartOf\":{\"@id\":\"https:\/\/ciudadyregion.com.co\/#website\"},\"primaryImageOfPage\":{\"@id\":\"https:\/\/ciudadyregion.com.co\/index.php\/asi-avanza-la-constitucion-del-fondo-de-agua-del-rio-coello-en-el-tolima\/regional\/#primaryimage\"},\"image\":{\"@id\":\"https:\/\/ciudadyregion.com.co\/index.php\/asi-avanza-la-constitucion-del-fondo-de-agua-del-rio-coello-en-el-tolima\/regional\/#primaryimage\"},\"thumbnailUrl\":\"https:\/\/i0.wp.com\/ciudadyregion.com.co\/wp-content\/uploads\/2024\/04\/2-3.jpg?fit=800%2C445&ssl=1\",\"datePublished\":\"2024-04-04T12:54:47+00:00\",\"dateModified\":\"2024-04-04T12:54:47+00:00\",\"author\":{\"@id\":\"https:\/\/ciudadyregion.com.co\/#\/schema\/person\/04a4954373ebc4051f46e8c65ff78622\"},\"breadcrumb\":{\"@id\":\"https:\/\/ciudadyregion.com.co\/index.php\/asi-avanza-la-constitucion-del-fondo-de-agua-del-rio-coello-en-el-tolima\/regional\/#breadcrumb\"},\"inLanguage\":\"es\",\"potentialAction\":[{\"@type\":\"ReadAction\",\"target\":[\"https:\/\/ciudadyregion.com.co\/index.php\/asi-avanza-la-constitucion-del-fondo-de-agua-del-rio-coello-en-el-tolima\/regional\/\"]}]},{\"@type\":\"ImageObject\",\"inLanguage\":\"es\",\"@id\":\"https:\/\/ciudadyregion.com.co\/index.php\/asi-avanza-la-constitucion-del-fondo-de-agua-del-rio-coello-en-el-tolima\/regional\/#primaryimage\",\"url\":\"https:\/\/i0.wp.com\/ciudadyregion.com.co\/wp-content\/uploads\/2024\/04\/2-3.jpg?fit=800%2C445&ssl=1\",\"contentUrl\":\"https:\/\/i0.wp.com\/ciudadyregion.com.co\/wp-content\/uploads\/2024\/04\/2-3.jpg?fit=800%2C445&ssl=1\",\"width\":800,\"height\":445},{\"@type\":\"BreadcrumbList\",\"@id\":\"https:\/\/ciudadyregion.com.co\/index.php\/asi-avanza-la-constitucion-del-fondo-de-agua-del-rio-coello-en-el-tolima\/regional\/#breadcrumb\",\"itemListElement\":[{\"@type\":\"ListItem\",\"position\":1,\"name\":\"Portada\",\"item\":\"https:\/\/ciudadyregion.com.co\/\"},{\"@type\":\"ListItem\",\"position\":2,\"name\":\"As\u00ed avanza la constituci\u00f3n del Fondo de Agua del R\u00edo Coello en el Tolima\"}]},{\"@type\":\"WebSite\",\"@id\":\"https:\/\/ciudadyregion.com.co\/#website\",\"url\":\"https:\/\/ciudadyregion.com.co\/\",\"name\":\"Ciudad y Region\",\"description\":\"\",\"potentialAction\":[{\"@type\":\"SearchAction\",\"target\":{\"@type\":\"EntryPoint\",\"urlTemplate\":\"https:\/\/ciudadyregion.com.co\/?s={search_term_string}\"},\"query-input\":{\"@type\":\"PropertyValueSpecification\",\"valueRequired\":true,\"valueName\":\"search_term_string\"}}],\"inLanguage\":\"es\"},{\"@type\":\"Person\",\"@id\":\"https:\/\/ciudadyregion.com.co\/#\/schema\/person\/04a4954373ebc4051f46e8c65ff78622\",\"name\":\"David Andr\u00e9s Aguirre\",\"image\":{\"@type\":\"ImageObject\",\"inLanguage\":\"es\",\"@id\":\"https:\/\/ciudadyregion.com.co\/#\/schema\/person\/image\/\",\"url\":\"https:\/\/secure.gravatar.com\/avatar\/bc3c655860202182ee6d1b5edd042dbe?s=96&d=mm&r=g\",\"contentUrl\":\"https:\/\/secure.gravatar.com\/avatar\/bc3c655860202182ee6d1b5edd042dbe?s=96&d=mm&r=g\",\"caption\":\"David Andr\u00e9s Aguirre\"},\"url\":\"https:\/\/ciudadyregion.com.co\/index.php\/author\/diegoaguirre\/\"}]}<\/script>\n<!-- \/ Yoast SEO plugin. -->","yoast_head_json":{"title":"As\u00ed avanza la constituci\u00f3n del Fondo de Agua del R\u00edo Coello en el Tolima - Ciudad y Region","robots":{"index":"index","follow":"follow","max-snippet":"max-snippet:-1","max-image-preview":"max-image-preview:large","max-video-preview":"max-video-preview:-1"},"canonical":"https:\/\/ciudadyregion.com.co\/index.php\/asi-avanza-la-constitucion-del-fondo-de-agua-del-rio-coello-en-el-tolima\/regional\/","og_locale":"es_ES","og_type":"article","og_title":"As\u00ed avanza la constituci\u00f3n del Fondo de Agua del R\u00edo Coello en el Tolima - Ciudad y Region","og_description":"Esta que es una de las metas para la gobernadora, Adriana Magali Matiz, ofreciendo un instrumento de planificaci\u00f3n crucial para la seguridad h\u00eddrica del Tolima Este mi\u00e9rcoles, en las instalaciones de la C\u00e1mara de Comercio de Ibagu\u00e9 se adelant\u00f3 el &#8216;Conversatorio entre actores p\u00fablicos y privados sobre el papel deContinuar Leyendo","og_url":"https:\/\/ciudadyregion.com.co\/index.php\/asi-avanza-la-constitucion-del-fondo-de-agua-del-rio-coello-en-el-tolima\/regional\/","og_site_name":"Ciudad y Region","article_published_time":"2024-04-04T12:54:47+00:00","og_image":[{"width":800,"height":445,"url":"https:\/\/ciudadyregion.com.co\/wp-content\/uploads\/2024\/04\/2-3.jpg","type":"image\/jpeg"}],"author":"David Andr\u00e9s Aguirre","twitter_card":"summary_large_image","twitter_misc":{"Escrito por":"David Andr\u00e9s Aguirre","Tiempo de lectura":"2 minutos"},"schema":{"@context":"https:\/\/schema.org","@graph":[{"@type":"WebPage","@id":"https:\/\/ciudadyregion.com.co\/index.php\/asi-avanza-la-constitucion-del-fondo-de-agua-del-rio-coello-en-el-tolima\/regional\/","url":"https:\/\/ciudadyregion.com.co\/index.php\/asi-avanza-la-constitucion-del-fondo-de-agua-del-rio-coello-en-el-tolima\/regional\/","name":"As\u00ed avanza la constituci\u00f3n del Fondo de Agua del R\u00edo Coello en el Tolima - Ciudad y Region","isPartOf":{"@id":"https:\/\/ciudadyregion.com.co\/#website"},"primaryImageOfPage":{"@id":"https:\/\/ciudadyregion.com.co\/index.php\/asi-avanza-la-constitucion-del-fondo-de-agua-del-rio-coello-en-el-tolima\/regional\/#primaryimage"},"image":{"@id":"https:\/\/ciudadyregion.com.co\/index.php\/asi-avanza-la-constitucion-del-fondo-de-agua-del-rio-coello-en-el-tolima\/regional\/#primaryimage"},"thumbnailUrl":"https:\/\/i0.wp.com\/ciudadyregion.com.co\/wp-content\/uploads\/2024\/04\/2-3.jpg?fit=800%2C445&ssl=1","datePublished":"2024-04-04T12:54:47+00:00","dateModified":"2024-04-04T12:54:47+00:00","author":{"@id":"https:\/\/ciudadyregion.com.co\/#\/schema\/person\/04a4954373ebc4051f46e8c65ff78622"},"breadcrumb":{"@id":"https:\/\/ciudadyregion.com.co\/index.php\/asi-avanza-la-constitucion-del-fondo-de-agua-del-rio-coello-en-el-tolima\/regional\/#breadcrumb"},"inLanguage":"es","potentialAction":[{"@type":"ReadAction","target":["https:\/\/ciudadyregion.com.co\/index.php\/asi-avanza-la-constitucion-del-fondo-de-agua-del-rio-coello-en-el-tolima\/regional\/"]}]},{"@type":"ImageObject","inLanguage":"es","@id":"https:\/\/ciudadyregion.com.co\/index.php\/asi-avanza-la-constitucion-del-fondo-de-agua-del-rio-coello-en-el-tolima\/regional\/#primaryimage","url":"https:\/\/i0.wp.com\/ciudadyregion.com.co\/wp-content\/uploads\/2024\/04\/2-3.jpg?fit=800%2C445&ssl=1","contentUrl":"https:\/\/i0.wp.com\/ciudadyregion.com.co\/wp-content\/uploads\/2024\/04\/2-3.jpg?fit=800%2C445&ssl=1","width":800,"height":445},{"@type":"BreadcrumbList","@id":"https:\/\/ciudadyregion.com.co\/index.php\/asi-avanza-la-constitucion-del-fondo-de-agua-del-rio-coello-en-el-tolima\/regional\/#breadcrumb","itemListElement":[{"@type":"ListItem","position":1,"name":"Portada","item":"https:\/\/ciudadyregion.com.co\/"},{"@type":"ListItem","position":2,"name":"As\u00ed avanza la constituci\u00f3n del Fondo de Agua del R\u00edo Coello en el Tolima"}]},{"@type":"WebSite","@id":"https:\/\/ciudadyregion.com.co\/#website","url":"https:\/\/ciudadyregion.com.co\/","name":"Ciudad y Region","description":"","potentialAction":[{"@type":"SearchAction","target":{"@type":"EntryPoint","urlTemplate":"https:\/\/ciudadyregion.com.co\/?s={search_term_string}"},"query-input":{"@type":"PropertyValueSpecification","valueRequired":true,"valueName":"search_term_string"}}],"inLanguage":"es"},{"@type":"Person","@id":"https:\/\/ciudadyregion.com.co\/#\/schema\/person\/04a4954373ebc4051f46e8c65ff78622","name":"David Andr\u00e9s Aguirre","image":{"@type":"ImageObject","inLanguage":"es","@id":"https:\/\/ciudadyregion.com.co\/#\/schema\/person\/image\/","url":"https:\/\/secure.gravatar.com\/avatar\/bc3c655860202182ee6d1b5edd042dbe?s=96&d=mm&r=g","contentUrl":"https:\/\/secure.gravatar.com\/avatar\/bc3c655860202182ee6d1b5edd042dbe?s=96&d=mm&r=g","caption":"David Andr\u00e9s Aguirre"},"url":"https:\/\/ciudadyregion.com.co\/index.php\/author\/diegoaguirre\/"}]}},"jetpack_featured_media_url":"https:\/\/i0.wp.com\/ciudadyregion.com.co\/wp-content\/uploads\/2024\/04\/2-3.jpg?fit=800%2C445&ssl=1","jetpack_sharing_enabled":true,"jetpack_shortlink":"https:\/\/wp.me\/pbS7hh-2Tg","jetpack-related-posts":[],"_links":{"self":[{"href":"https:\/\/ciudadyregion.com.co\/index.php\/wp-json\/wp\/v2\/posts\/11114"}],"collection":[{"href":"https:\/\/ciudadyregion.com.co\/index.php\/wp-json\/wp\/v2\/posts"}],"about":[{"href":"https:\/\/ciudadyregion.com.co\/index.php\/wp-json\/wp\/v2\/types\/post"}],"author":[{"embeddable":true,"href":"https:\/\/ciudadyregion.com.co\/index.php\/wp-json\/wp\/v2\/users\/2"}],"replies":[{"embeddable":true,"href":"https:\/\/ciudadyregion.com.co\/index.php\/wp-json\/wp\/v2\/comments?post=11114"}],"version-history":[{"count":1,"href":"https:\/\/ciudadyregion.com.co\/index.php\/wp-json\/wp\/v2\/posts\/11114\/revisions"}],"predecessor-version":[{"id":11116,"href":"https:\/\/ciudadyregion.com.co\/index.php\/wp-json\/wp\/v2\/posts\/11114\/revisions\/11116"}],"wp:featuredmedia":[{"embeddable":true,"href":"https:\/\/ciudadyregion.com.co\/index.php\/wp-json\/wp\/v2\/media\/11115"}],"wp:attachment":[{"href":"https:\/\/ciudadyregion.com.co\/index.php\/wp-json\/wp\/v2\/media?parent=11114"}],"wp:term":[{"taxonomy":"category","embeddable":true,"href":"https:\/\/ciudadyregion.com.co\/index.php\/wp-json\/wp\/v2\/categories?post=11114"},{"taxonomy":"post_tag","embeddable":true,"href":"https:\/\/ciudadyregion.com.co\/index.php\/wp-json\/wp\/v2\/tags?post=11114"}],"curies":[{"name":"wp","href":"https:\/\/api.w.org\/{rel}","templated":true}]}}