{"id":11110,"date":"2024-04-04T07:50:29","date_gmt":"2024-04-04T12:50:29","guid":{"rendered":"https:\/\/ciudadyregion.com.co\/?p=11110"},"modified":"2024-04-04T07:50:29","modified_gmt":"2024-04-04T12:50:29","slug":"la-gobernacion-del-tolima-capacito-en-formalizacion-en-mineria-a-los-alcaldes-del-departamento","status":"publish","type":"post","link":"https:\/\/ciudadyregion.com.co\/index.php\/la-gobernacion-del-tolima-capacito-en-formalizacion-en-mineria-a-los-alcaldes-del-departamento\/regional\/","title":{"rendered":"La Gobernaci\u00f3n del Tolima capacit\u00f3 en formalizaci\u00f3n en miner\u00eda a los Alcaldes del departamento"},"content":{"rendered":"<ul>\n<li><em>La Secretar\u00eda de Desarrollo Econ\u00f3mico del Tolima articul\u00f3 esta actividad con el Ministerio de Minas y Energ\u00edas.<\/em><\/li>\n<\/ul>\n<p>La Secretar\u00eda de Desarrollo Econ\u00f3mico del Tolima, a trav\u00e9s de la direcci\u00f3n de Desarrollo Mineroenerg\u00e9tico, realiz\u00f3 jornadas de capacitaci\u00f3n de formalizaci\u00f3n minera y buenas pr\u00e1cticas mineroambientales, normatividad dirigida a los alcaldes de los 47 municipios del Tolima, con el apoyo del Ministerio de Minas y Energ\u00edas, la Agencia Nacional de Miner\u00eda y la Corporaci\u00f3n Aut\u00f3noma Regional del Tolima.<\/p>\n<p>As\u00ed lo destac\u00f3 Luis Alberto C\u00e1rdenas:<\/p>\n<blockquote><p>\u00abNos encontramos ac\u00e1, en el Centro de Convenciones Alfonso L\u00f3pez Pumarejo, con los funcionarios delegados por cada uno de los alcaldes en atender temas mineros en cada uno de los municipios.\u00bb<\/p><\/blockquote>\n<p>En la actividad se cont\u00f3 con una amplia agenda que fortalece a los Alcaldes con herramientas para que puedan implementar en sus municipios con la miner\u00eda artesanal. Al respecto, el funcionario indic\u00f3:<\/p>\n<blockquote><p>\u00abTuvimos la intervenci\u00f3n del Ministerio de Minas y Energ\u00eda, en donde les hablamos a todos los delegados, a todos los funcionarios sobre las obligaciones, sobre las competencias, sobre las responsabilidades que tienen cada uno de los alcaldes en su jurisdicci\u00f3n para vigilar y controlar la actividad minera en cada uno de sus municipios.\u00bb<\/p><\/blockquote>\n<p><img data-recalc-dims=\"1\" loading=\"lazy\" decoding=\"async\" class=\"alignnone wp-image-11111 size-full\" src=\"https:\/\/i0.wp.com\/ciudadyregion.com.co\/wp-content\/uploads\/2024\/04\/WhatsApp-Image-2024-04-03-at-11.03.49-PM-scaled.jpeg?resize=1440%2C960&#038;ssl=1\" alt=\"\" width=\"1440\" height=\"960\" srcset=\"https:\/\/i0.wp.com\/ciudadyregion.com.co\/wp-content\/uploads\/2024\/04\/WhatsApp-Image-2024-04-03-at-11.03.49-PM-scaled.jpeg?w=2560&amp;ssl=1 2560w, https:\/\/i0.wp.com\/ciudadyregion.com.co\/wp-content\/uploads\/2024\/04\/WhatsApp-Image-2024-04-03-at-11.03.49-PM-scaled.jpeg?resize=300%2C200&amp;ssl=1 300w, https:\/\/i0.wp.com\/ciudadyregion.com.co\/wp-content\/uploads\/2024\/04\/WhatsApp-Image-2024-04-03-at-11.03.49-PM-scaled.jpeg?resize=1024%2C683&amp;ssl=1 1024w, https:\/\/i0.wp.com\/ciudadyregion.com.co\/wp-content\/uploads\/2024\/04\/WhatsApp-Image-2024-04-03-at-11.03.49-PM-scaled.jpeg?resize=768%2C512&amp;ssl=1 768w, https:\/\/i0.wp.com\/ciudadyregion.com.co\/wp-content\/uploads\/2024\/04\/WhatsApp-Image-2024-04-03-at-11.03.49-PM-scaled.jpeg?resize=391%2C260&amp;ssl=1 391w, https:\/\/i0.wp.com\/ciudadyregion.com.co\/wp-content\/uploads\/2024\/04\/WhatsApp-Image-2024-04-03-at-11.03.49-PM-scaled.jpeg?resize=1536%2C1024&amp;ssl=1 1536w, https:\/\/i0.wp.com\/ciudadyregion.com.co\/wp-content\/uploads\/2024\/04\/WhatsApp-Image-2024-04-03-at-11.03.49-PM-scaled.jpeg?resize=2048%2C1365&amp;ssl=1 2048w, https:\/\/i0.wp.com\/ciudadyregion.com.co\/wp-content\/uploads\/2024\/04\/WhatsApp-Image-2024-04-03-at-11.03.49-PM-scaled.jpeg?resize=465%2C310&amp;ssl=1 465w, https:\/\/i0.wp.com\/ciudadyregion.com.co\/wp-content\/uploads\/2024\/04\/WhatsApp-Image-2024-04-03-at-11.03.49-PM-scaled.jpeg?resize=695%2C463&amp;ssl=1 695w\" sizes=\"(max-width: 1440px) 100vw, 1440px\" \/><\/p>\n<p>Sobre esta capacitaci\u00f3n, el alcalde de Armero Guayabal, Mauricio Cuellar destac\u00f3 que era necesario conocerse todo el marco normativo.<\/p>\n<blockquote><p>\u00abPara nosotros es muy importante, tenemos dos asociaciones de paleros artesanales que se han venido trabajando en el municipio de Armero Guayabal, los cuales est\u00e1n teniendo ciertas dificultades con relaci\u00f3n a las legalizaciones, entonces para nosotros es muy importante estar de la mano de ellos, mostrarles que estamos con todo el respaldo institucional para hacer que esa labor que llevan haciendo tantos a\u00f1os se contin\u00fae haciendo de una manera segura, preservando el medio ambiente, haciendo lo que la Ley dicta para la conservaci\u00f3n del medio ambiente.\u00bb<\/p><\/blockquote>\n<p>Estas actividades se seguir\u00e1n desarrollando desde la Secretar\u00eda de Desarrollo Econ\u00f3mico del Tolima, para que se apoye a este sector minero en el marco de la legalidad.<\/p>\n","protected":false},"excerpt":{"rendered":"<p>La Secretar\u00eda de Desarrollo Econ\u00f3mico del Tolima articul\u00f3 esta actividad con el Ministerio de Minas y Energ\u00edas. La Secretar\u00eda de Desarrollo Econ\u00f3mico del Tolima, a trav\u00e9s de la direcci\u00f3n de Desarrollo Mineroenerg\u00e9tico, realiz\u00f3 jornadas de capacitaci\u00f3n de formalizaci\u00f3n minera y buenas pr\u00e1cticas mineroambientales, normatividad dirigida a los alcaldes de los<span class=\"more-link\"><a href=\"https:\/\/ciudadyregion.com.co\/index.php\/la-gobernacion-del-tolima-capacito-en-formalizacion-en-mineria-a-los-alcaldes-del-departamento\/regional\/\">Continuar Leyendo<\/a><\/span><\/p>\n","protected":false},"author":2,"featured_media":11112,"comment_status":"open","ping_status":"open","sticky":false,"template":"","format":"standard","meta":{"_uf_show_specific_survey":0,"_uf_disable_surveys":false,"_jetpack_memberships_contains_paid_content":false,"footnotes":"","jetpack_publicize_message":"","jetpack_publicize_feature_enabled":true,"jetpack_social_post_already_shared":true,"jetpack_social_options":{"image_generator_settings":{"template":"highway","enabled":false},"version":2}},"categories":[13],"tags":[],"class_list":["entry","author-diegoaguirre","post-11110","post","type-post","status-publish","format-standard","has-post-thumbnail","category-regional"],"jetpack_publicize_connections":[],"yoast_head":"<!-- This site is optimized with the Yoast SEO plugin v24.3 - https:\/\/yoast.com\/wordpress\/plugins\/seo\/ -->\n<title>La Gobernaci\u00f3n del Tolima capacit\u00f3 en formalizaci\u00f3n en miner\u00eda a los Alcaldes del departamento - Ciudad y Region<\/title>\n<meta name=\"robots\" content=\"index, follow, max-snippet:-1, max-image-preview:large, max-video-preview:-1\" \/>\n<link rel=\"canonical\" href=\"https:\/\/ciudadyregion.com.co\/index.php\/la-gobernacion-del-tolima-capacito-en-formalizacion-en-mineria-a-los-alcaldes-del-departamento\/regional\/\" \/>\n<meta property=\"og:locale\" content=\"es_ES\" \/>\n<meta property=\"og:type\" content=\"article\" \/>\n<meta property=\"og:title\" content=\"La Gobernaci\u00f3n del Tolima capacit\u00f3 en formalizaci\u00f3n en miner\u00eda a los Alcaldes del departamento - Ciudad y Region\" \/>\n<meta property=\"og:description\" content=\"La Secretar\u00eda de Desarrollo Econ\u00f3mico del Tolima articul\u00f3 esta actividad con el Ministerio de Minas y Energ\u00edas. La Secretar\u00eda de Desarrollo Econ\u00f3mico del Tolima, a trav\u00e9s de la direcci\u00f3n de Desarrollo Mineroenerg\u00e9tico, realiz\u00f3 jornadas de capacitaci\u00f3n de formalizaci\u00f3n minera y buenas pr\u00e1cticas mineroambientales, normatividad dirigida a los alcaldes de losContinuar Leyendo\" \/>\n<meta property=\"og:url\" content=\"https:\/\/ciudadyregion.com.co\/index.php\/la-gobernacion-del-tolima-capacito-en-formalizacion-en-mineria-a-los-alcaldes-del-departamento\/regional\/\" \/>\n<meta property=\"og:site_name\" content=\"Ciudad y Region\" \/>\n<meta property=\"article:published_time\" content=\"2024-04-04T12:50:29+00:00\" \/>\n<meta property=\"og:image\" content=\"https:\/\/ciudadyregion.com.co\/wp-content\/uploads\/2024\/04\/1-6.jpg\" \/>\n\t<meta property=\"og:image:width\" content=\"800\" \/>\n\t<meta property=\"og:image:height\" content=\"445\" \/>\n\t<meta property=\"og:image:type\" content=\"image\/jpeg\" \/>\n<meta name=\"author\" content=\"David Andr\u00e9s Aguirre\" \/>\n<meta name=\"twitter:card\" content=\"summary_large_image\" \/>\n<meta name=\"twitter:label1\" content=\"Escrito por\" \/>\n\t<meta name=\"twitter:data1\" content=\"David Andr\u00e9s Aguirre\" \/>\n\t<meta name=\"twitter:label2\" content=\"Tiempo de lectura\" \/>\n\t<meta name=\"twitter:data2\" content=\"1 minuto\" \/>\n<script type=\"application\/ld+json\" class=\"yoast-schema-graph\">{\"@context\":\"https:\/\/schema.org\",\"@graph\":[{\"@type\":\"WebPage\",\"@id\":\"https:\/\/ciudadyregion.com.co\/index.php\/la-gobernacion-del-tolima-capacito-en-formalizacion-en-mineria-a-los-alcaldes-del-departamento\/regional\/\",\"url\":\"https:\/\/ciudadyregion.com.co\/index.php\/la-gobernacion-del-tolima-capacito-en-formalizacion-en-mineria-a-los-alcaldes-del-departamento\/regional\/\",\"name\":\"La Gobernaci\u00f3n del Tolima capacit\u00f3 en formalizaci\u00f3n en miner\u00eda a los Alcaldes del departamento - Ciudad y Region\",\"isPartOf\":{\"@id\":\"https:\/\/ciudadyregion.com.co\/#website\"},\"primaryImageOfPage\":{\"@id\":\"https:\/\/ciudadyregion.com.co\/index.php\/la-gobernacion-del-tolima-capacito-en-formalizacion-en-mineria-a-los-alcaldes-del-departamento\/regional\/#primaryimage\"},\"image\":{\"@id\":\"https:\/\/ciudadyregion.com.co\/index.php\/la-gobernacion-del-tolima-capacito-en-formalizacion-en-mineria-a-los-alcaldes-del-departamento\/regional\/#primaryimage\"},\"thumbnailUrl\":\"https:\/\/i0.wp.com\/ciudadyregion.com.co\/wp-content\/uploads\/2024\/04\/1-6.jpg?fit=800%2C445&ssl=1\",\"datePublished\":\"2024-04-04T12:50:29+00:00\",\"dateModified\":\"2024-04-04T12:50:29+00:00\",\"author\":{\"@id\":\"https:\/\/ciudadyregion.com.co\/#\/schema\/person\/04a4954373ebc4051f46e8c65ff78622\"},\"breadcrumb\":{\"@id\":\"https:\/\/ciudadyregion.com.co\/index.php\/la-gobernacion-del-tolima-capacito-en-formalizacion-en-mineria-a-los-alcaldes-del-departamento\/regional\/#breadcrumb\"},\"inLanguage\":\"es\",\"potentialAction\":[{\"@type\":\"ReadAction\",\"target\":[\"https:\/\/ciudadyregion.com.co\/index.php\/la-gobernacion-del-tolima-capacito-en-formalizacion-en-mineria-a-los-alcaldes-del-departamento\/regional\/\"]}]},{\"@type\":\"ImageObject\",\"inLanguage\":\"es\",\"@id\":\"https:\/\/ciudadyregion.com.co\/index.php\/la-gobernacion-del-tolima-capacito-en-formalizacion-en-mineria-a-los-alcaldes-del-departamento\/regional\/#primaryimage\",\"url\":\"https:\/\/i0.wp.com\/ciudadyregion.com.co\/wp-content\/uploads\/2024\/04\/1-6.jpg?fit=800%2C445&ssl=1\",\"contentUrl\":\"https:\/\/i0.wp.com\/ciudadyregion.com.co\/wp-content\/uploads\/2024\/04\/1-6.jpg?fit=800%2C445&ssl=1\",\"width\":800,\"height\":445},{\"@type\":\"BreadcrumbList\",\"@id\":\"https:\/\/ciudadyregion.com.co\/index.php\/la-gobernacion-del-tolima-capacito-en-formalizacion-en-mineria-a-los-alcaldes-del-departamento\/regional\/#breadcrumb\",\"itemListElement\":[{\"@type\":\"ListItem\",\"position\":1,\"name\":\"Portada\",\"item\":\"https:\/\/ciudadyregion.com.co\/\"},{\"@type\":\"ListItem\",\"position\":2,\"name\":\"La Gobernaci\u00f3n del Tolima capacit\u00f3 en formalizaci\u00f3n en miner\u00eda a los Alcaldes del departamento\"}]},{\"@type\":\"WebSite\",\"@id\":\"https:\/\/ciudadyregion.com.co\/#website\",\"url\":\"https:\/\/ciudadyregion.com.co\/\",\"name\":\"Ciudad y Region\",\"description\":\"\",\"potentialAction\":[{\"@type\":\"SearchAction\",\"target\":{\"@type\":\"EntryPoint\",\"urlTemplate\":\"https:\/\/ciudadyregion.com.co\/?s={search_term_string}\"},\"query-input\":{\"@type\":\"PropertyValueSpecification\",\"valueRequired\":true,\"valueName\":\"search_term_string\"}}],\"inLanguage\":\"es\"},{\"@type\":\"Person\",\"@id\":\"https:\/\/ciudadyregion.com.co\/#\/schema\/person\/04a4954373ebc4051f46e8c65ff78622\",\"name\":\"David Andr\u00e9s Aguirre\",\"image\":{\"@type\":\"ImageObject\",\"inLanguage\":\"es\",\"@id\":\"https:\/\/ciudadyregion.com.co\/#\/schema\/person\/image\/\",\"url\":\"https:\/\/secure.gravatar.com\/avatar\/bc3c655860202182ee6d1b5edd042dbe?s=96&d=mm&r=g\",\"contentUrl\":\"https:\/\/secure.gravatar.com\/avatar\/bc3c655860202182ee6d1b5edd042dbe?s=96&d=mm&r=g\",\"caption\":\"David Andr\u00e9s Aguirre\"},\"url\":\"https:\/\/ciudadyregion.com.co\/index.php\/author\/diegoaguirre\/\"}]}<\/script>\n<!-- \/ Yoast SEO plugin. -->","yoast_head_json":{"title":"La Gobernaci\u00f3n del Tolima capacit\u00f3 en formalizaci\u00f3n en miner\u00eda a los Alcaldes del departamento - Ciudad y Region","robots":{"index":"index","follow":"follow","max-snippet":"max-snippet:-1","max-image-preview":"max-image-preview:large","max-video-preview":"max-video-preview:-1"},"canonical":"https:\/\/ciudadyregion.com.co\/index.php\/la-gobernacion-del-tolima-capacito-en-formalizacion-en-mineria-a-los-alcaldes-del-departamento\/regional\/","og_locale":"es_ES","og_type":"article","og_title":"La Gobernaci\u00f3n del Tolima capacit\u00f3 en formalizaci\u00f3n en miner\u00eda a los Alcaldes del departamento - Ciudad y Region","og_description":"La Secretar\u00eda de Desarrollo Econ\u00f3mico del Tolima articul\u00f3 esta actividad con el Ministerio de Minas y Energ\u00edas. La Secretar\u00eda de Desarrollo Econ\u00f3mico del Tolima, a trav\u00e9s de la direcci\u00f3n de Desarrollo Mineroenerg\u00e9tico, realiz\u00f3 jornadas de capacitaci\u00f3n de formalizaci\u00f3n minera y buenas pr\u00e1cticas mineroambientales, normatividad dirigida a los alcaldes de losContinuar Leyendo","og_url":"https:\/\/ciudadyregion.com.co\/index.php\/la-gobernacion-del-tolima-capacito-en-formalizacion-en-mineria-a-los-alcaldes-del-departamento\/regional\/","og_site_name":"Ciudad y Region","article_published_time":"2024-04-04T12:50:29+00:00","og_image":[{"width":800,"height":445,"url":"https:\/\/ciudadyregion.com.co\/wp-content\/uploads\/2024\/04\/1-6.jpg","type":"image\/jpeg"}],"author":"David Andr\u00e9s Aguirre","twitter_card":"summary_large_image","twitter_misc":{"Escrito por":"David Andr\u00e9s Aguirre","Tiempo de lectura":"1 minuto"},"schema":{"@context":"https:\/\/schema.org","@graph":[{"@type":"WebPage","@id":"https:\/\/ciudadyregion.com.co\/index.php\/la-gobernacion-del-tolima-capacito-en-formalizacion-en-mineria-a-los-alcaldes-del-departamento\/regional\/","url":"https:\/\/ciudadyregion.com.co\/index.php\/la-gobernacion-del-tolima-capacito-en-formalizacion-en-mineria-a-los-alcaldes-del-departamento\/regional\/","name":"La Gobernaci\u00f3n del Tolima capacit\u00f3 en formalizaci\u00f3n en miner\u00eda a los Alcaldes del departamento - Ciudad y Region","isPartOf":{"@id":"https:\/\/ciudadyregion.com.co\/#website"},"primaryImageOfPage":{"@id":"https:\/\/ciudadyregion.com.co\/index.php\/la-gobernacion-del-tolima-capacito-en-formalizacion-en-mineria-a-los-alcaldes-del-departamento\/regional\/#primaryimage"},"image":{"@id":"https:\/\/ciudadyregion.com.co\/index.php\/la-gobernacion-del-tolima-capacito-en-formalizacion-en-mineria-a-los-alcaldes-del-departamento\/regional\/#primaryimage"},"thumbnailUrl":"https:\/\/i0.wp.com\/ciudadyregion.com.co\/wp-content\/uploads\/2024\/04\/1-6.jpg?fit=800%2C445&ssl=1","datePublished":"2024-04-04T12:50:29+00:00","dateModified":"2024-04-04T12:50:29+00:00","author":{"@id":"https:\/\/ciudadyregion.com.co\/#\/schema\/person\/04a4954373ebc4051f46e8c65ff78622"},"breadcrumb":{"@id":"https:\/\/ciudadyregion.com.co\/index.php\/la-gobernacion-del-tolima-capacito-en-formalizacion-en-mineria-a-los-alcaldes-del-departamento\/regional\/#breadcrumb"},"inLanguage":"es","potentialAction":[{"@type":"ReadAction","target":["https:\/\/ciudadyregion.com.co\/index.php\/la-gobernacion-del-tolima-capacito-en-formalizacion-en-mineria-a-los-alcaldes-del-departamento\/regional\/"]}]},{"@type":"ImageObject","inLanguage":"es","@id":"https:\/\/ciudadyregion.com.co\/index.php\/la-gobernacion-del-tolima-capacito-en-formalizacion-en-mineria-a-los-alcaldes-del-departamento\/regional\/#primaryimage","url":"https:\/\/i0.wp.com\/ciudadyregion.com.co\/wp-content\/uploads\/2024\/04\/1-6.jpg?fit=800%2C445&ssl=1","contentUrl":"https:\/\/i0.wp.com\/ciudadyregion.com.co\/wp-content\/uploads\/2024\/04\/1-6.jpg?fit=800%2C445&ssl=1","width":800,"height":445},{"@type":"BreadcrumbList","@id":"https:\/\/ciudadyregion.com.co\/index.php\/la-gobernacion-del-tolima-capacito-en-formalizacion-en-mineria-a-los-alcaldes-del-departamento\/regional\/#breadcrumb","itemListElement":[{"@type":"ListItem","position":1,"name":"Portada","item":"https:\/\/ciudadyregion.com.co\/"},{"@type":"ListItem","position":2,"name":"La Gobernaci\u00f3n del Tolima capacit\u00f3 en formalizaci\u00f3n en miner\u00eda a los Alcaldes del departamento"}]},{"@type":"WebSite","@id":"https:\/\/ciudadyregion.com.co\/#website","url":"https:\/\/ciudadyregion.com.co\/","name":"Ciudad y Region","description":"","potentialAction":[{"@type":"SearchAction","target":{"@type":"EntryPoint","urlTemplate":"https:\/\/ciudadyregion.com.co\/?s={search_term_string}"},"query-input":{"@type":"PropertyValueSpecification","valueRequired":true,"valueName":"search_term_string"}}],"inLanguage":"es"},{"@type":"Person","@id":"https:\/\/ciudadyregion.com.co\/#\/schema\/person\/04a4954373ebc4051f46e8c65ff78622","name":"David Andr\u00e9s Aguirre","image":{"@type":"ImageObject","inLanguage":"es","@id":"https:\/\/ciudadyregion.com.co\/#\/schema\/person\/image\/","url":"https:\/\/secure.gravatar.com\/avatar\/bc3c655860202182ee6d1b5edd042dbe?s=96&d=mm&r=g","contentUrl":"https:\/\/secure.gravatar.com\/avatar\/bc3c655860202182ee6d1b5edd042dbe?s=96&d=mm&r=g","caption":"David Andr\u00e9s Aguirre"},"url":"https:\/\/ciudadyregion.com.co\/index.php\/author\/diegoaguirre\/"}]}},"jetpack_featured_media_url":"https:\/\/i0.wp.com\/ciudadyregion.com.co\/wp-content\/uploads\/2024\/04\/1-6.jpg?fit=800%2C445&ssl=1","jetpack_sharing_enabled":true,"jetpack_shortlink":"https:\/\/wp.me\/pbS7hh-2Tc","jetpack-related-posts":[],"_links":{"self":[{"href":"https:\/\/ciudadyregion.com.co\/index.php\/wp-json\/wp\/v2\/posts\/11110"}],"collection":[{"href":"https:\/\/ciudadyregion.com.co\/index.php\/wp-json\/wp\/v2\/posts"}],"about":[{"href":"https:\/\/ciudadyregion.com.co\/index.php\/wp-json\/wp\/v2\/types\/post"}],"author":[{"embeddable":true,"href":"https:\/\/ciudadyregion.com.co\/index.php\/wp-json\/wp\/v2\/users\/2"}],"replies":[{"embeddable":true,"href":"https:\/\/ciudadyregion.com.co\/index.php\/wp-json\/wp\/v2\/comments?post=11110"}],"version-history":[{"count":1,"href":"https:\/\/ciudadyregion.com.co\/index.php\/wp-json\/wp\/v2\/posts\/11110\/revisions"}],"predecessor-version":[{"id":11113,"href":"https:\/\/ciudadyregion.com.co\/index.php\/wp-json\/wp\/v2\/posts\/11110\/revisions\/11113"}],"wp:featuredmedia":[{"embeddable":true,"href":"https:\/\/ciudadyregion.com.co\/index.php\/wp-json\/wp\/v2\/media\/11112"}],"wp:attachment":[{"href":"https:\/\/ciudadyregion.com.co\/index.php\/wp-json\/wp\/v2\/media?parent=11110"}],"wp:term":[{"taxonomy":"category","embeddable":true,"href":"https:\/\/ciudadyregion.com.co\/index.php\/wp-json\/wp\/v2\/categories?post=11110"},{"taxonomy":"post_tag","embeddable":true,"href":"https:\/\/ciudadyregion.com.co\/index.php\/wp-json\/wp\/v2\/tags?post=11110"}],"curies":[{"name":"wp","href":"https:\/\/api.w.org\/{rel}","templated":true}]}}