{"id":11036,"date":"2024-04-03T09:14:48","date_gmt":"2024-04-03T14:14:48","guid":{"rendered":"https:\/\/ciudadyregion.com.co\/?p=11036"},"modified":"2024-04-03T09:14:48","modified_gmt":"2024-04-03T14:14:48","slug":"en-hora-buena-la-alcaldesa-de-ibague-posesiono-el-consejo-municipal-del-adulto-mayor","status":"publish","type":"post","link":"https:\/\/ciudadyregion.com.co\/index.php\/en-hora-buena-la-alcaldesa-de-ibague-posesiono-el-consejo-municipal-del-adulto-mayor\/politica\/","title":{"rendered":"En hora buena: La Alcaldesa de Ibagu\u00e9 posesion\u00f3 el Consejo Municipal del Adulto Mayor"},"content":{"rendered":"<div>En acto oficial fueron posesionados por la alcaldesa Johana Aranda, los 11 integrantes que conformar\u00e1n el Consejo Municipal del Adulto Mayor.<\/div>\n<div><span style=\"font-family: Arial, Verdana;\"><i>\u00a0<\/i><\/span><\/div>\n<blockquote>\n<div><span style=\"font-family: Arial, Verdana;\"><i>\u00abUstedes son l\u00edderes y hacen un trabajo formidable en defender los derechos de los adultos mayores. Les brindaremos las herramientas necesarias para que accedan a todos los beneficios que les otorga la Ley, implementaremos con su grupo poblacional el ejercicio piloto de Primeros Auxilios Psicol\u00f3gicos\u00bb,<\/i>\u00a0se\u00f1al\u00f3 Johana Aranda.<\/span><\/div>\n<\/blockquote>\n<div><span style=\"font-family: Arial, Verdana;\">\u00a0<\/span><\/div>\n<div><span style=\"font-family: Arial, Verdana;\">La Mandataria encomend\u00f3 que se trabaje con el Consejo en acciones integrales en territorio donde se expresen con propiedad con conocimiento de sus derechos ya que son los voceros de los ciudadanos de la tercera edad.<\/span><\/div>\n<div><span style=\"font-family: Arial, Verdana;\">\u00a0<\/span><\/div>\n<blockquote>\n<div><span style=\"font-family: Arial, Verdana;\"><i>\u00abEstamos contentos por la conexi\u00f3n que hemos generado con los representantes del Consejo ya que con ellos aterrizaremos lineamientos importantes en el Plan de Desarrollo 2024-2027, en procura de generarles una mejor calidad de vida, haremos una tarea en conjunto y armon\u00eda como lo dispuso nuestra alcaldesa\u00bb<\/i>, subray\u00f3 Carolina Hurtado secretaria de Desarrollo Social Comunitario.<\/span><\/div>\n<\/blockquote>\n<div><span style=\"font-family: Arial, Verdana;\">\u00a0<\/span><\/div>\n<div><span style=\"font-family: Arial, Verdana;\">Los representantes de este grupo poblacional integran asociaciones urbanas, rurales y de discapacidad. En este cuatrienio tendr\u00e1n la tarea de articular y poner en marcha programas y proyectos que garanticen sus derechos y participaci\u00f3n de los grupos poblacionales con la Administraci\u00f3n Municipal.<\/span><\/div>\n<div><span style=\"font-family: Arial, Verdana;\">\u00a0<\/span><\/div>\n<div><span style=\"font-family: Arial, Verdana;\"><b>Representantes del Consejo Municipal del Adulto Mayor<\/b><\/span><\/div>\n<div><span style=\"font-family: Arial, Verdana;\">\u00a0<\/span><\/div>\n<ul>\n<li><span style=\"font-family: Arial, Verdana;\">Julio C\u00e9sar Hern\u00e1ndez Arias\/Ciartec<\/span><\/li>\n<li><span style=\"font-family: Arial, Verdana;\">Martha Josefa Pomar Grimaldo}<\/span><\/li>\n<li><span style=\"font-family: Arial, Verdana;\">Jorge Mahecha<\/span><\/li>\n<li><span style=\"font-family: Arial, Verdana;\">Jorge Tulio Morales Urue\u00f1a<\/span><\/li>\n<li><span style=\"font-family: Arial, Verdana;\">Antonio Javier Cuasmay\u00e1n Ben\u00edtez<\/span><\/li>\n<li><span style=\"font-family: Arial, Verdana;\">Carmen Amelia Ch\u00e1vez Pati\u00f1o<\/span><\/li>\n<li><span style=\"font-family: Arial, Verdana;\">Mar\u00eda Teresa Pati\u00f1o Mar\u00edn<\/span><\/li>\n<li><span style=\"font-family: Arial, Verdana;\">Flor Marina Parra Cruz<\/span><\/li>\n<li><span style=\"font-family: Arial, Verdana;\">Leopoldina Borja de Matajud\u00edos<\/span><\/li>\n<li><span style=\"font-family: Arial, Verdana;\">Camilo Rubio Barbosa<\/span><\/li>\n<li><span style=\"font-family: Arial, Verdana;\">Rodrigo L\u00f3pez Oviedo.<\/span><\/li>\n<\/ul>\n","protected":false},"excerpt":{"rendered":"<p>En acto oficial fueron posesionados por la alcaldesa Johana Aranda, los 11 integrantes que conformar\u00e1n el Consejo Municipal del Adulto Mayor. \u00a0 \u00abUstedes son l\u00edderes y hacen un trabajo formidable en defender los derechos de los adultos mayores. Les brindaremos las herramientas necesarias para que accedan a todos los beneficios<span class=\"more-link\"><a href=\"https:\/\/ciudadyregion.com.co\/index.php\/en-hora-buena-la-alcaldesa-de-ibague-posesiono-el-consejo-municipal-del-adulto-mayor\/politica\/\">Continuar Leyendo<\/a><\/span><\/p>\n","protected":false},"author":2,"featured_media":11037,"comment_status":"open","ping_status":"open","sticky":false,"template":"","format":"standard","meta":{"_uf_show_specific_survey":0,"_uf_disable_surveys":false,"_jetpack_memberships_contains_paid_content":false,"footnotes":"","jetpack_publicize_message":"","jetpack_publicize_feature_enabled":true,"jetpack_social_post_already_shared":true,"jetpack_social_options":{"image_generator_settings":{"template":"highway","enabled":false},"version":2}},"categories":[17],"tags":[],"class_list":["entry","author-diegoaguirre","post-11036","post","type-post","status-publish","format-standard","has-post-thumbnail","category-politica"],"jetpack_publicize_connections":[],"yoast_head":"<!-- This site is optimized with the Yoast SEO plugin v24.3 - https:\/\/yoast.com\/wordpress\/plugins\/seo\/ -->\n<title>En hora buena: La Alcaldesa de Ibagu\u00e9 posesion\u00f3 el Consejo Municipal del Adulto Mayor - Ciudad y Region<\/title>\n<meta name=\"robots\" content=\"index, follow, max-snippet:-1, max-image-preview:large, max-video-preview:-1\" \/>\n<link rel=\"canonical\" href=\"https:\/\/ciudadyregion.com.co\/index.php\/en-hora-buena-la-alcaldesa-de-ibague-posesiono-el-consejo-municipal-del-adulto-mayor\/politica\/\" \/>\n<meta property=\"og:locale\" content=\"es_ES\" \/>\n<meta property=\"og:type\" content=\"article\" \/>\n<meta property=\"og:title\" content=\"En hora buena: La Alcaldesa de Ibagu\u00e9 posesion\u00f3 el Consejo Municipal del Adulto Mayor - Ciudad y Region\" \/>\n<meta property=\"og:description\" content=\"En acto oficial fueron posesionados por la alcaldesa Johana Aranda, los 11 integrantes que conformar\u00e1n el Consejo Municipal del Adulto Mayor. \u00a0 \u00abUstedes son l\u00edderes y hacen un trabajo formidable en defender los derechos de los adultos mayores. Les brindaremos las herramientas necesarias para que accedan a todos los beneficiosContinuar Leyendo\" \/>\n<meta property=\"og:url\" content=\"https:\/\/ciudadyregion.com.co\/index.php\/en-hora-buena-la-alcaldesa-de-ibague-posesiono-el-consejo-municipal-del-adulto-mayor\/politica\/\" \/>\n<meta property=\"og:site_name\" content=\"Ciudad y Region\" \/>\n<meta property=\"article:published_time\" content=\"2024-04-03T14:14:48+00:00\" \/>\n<meta property=\"og:image\" content=\"https:\/\/ciudadyregion.com.co\/wp-content\/uploads\/2024\/04\/0004.jpg\" \/>\n\t<meta property=\"og:image:width\" content=\"800\" \/>\n\t<meta property=\"og:image:height\" content=\"445\" \/>\n\t<meta property=\"og:image:type\" content=\"image\/jpeg\" \/>\n<meta name=\"author\" content=\"David Andr\u00e9s Aguirre\" \/>\n<meta name=\"twitter:card\" content=\"summary_large_image\" \/>\n<meta name=\"twitter:label1\" content=\"Escrito por\" \/>\n\t<meta name=\"twitter:data1\" content=\"David Andr\u00e9s Aguirre\" \/>\n\t<meta name=\"twitter:label2\" content=\"Tiempo de lectura\" \/>\n\t<meta name=\"twitter:data2\" content=\"1 minuto\" \/>\n<script type=\"application\/ld+json\" class=\"yoast-schema-graph\">{\"@context\":\"https:\/\/schema.org\",\"@graph\":[{\"@type\":\"WebPage\",\"@id\":\"https:\/\/ciudadyregion.com.co\/index.php\/en-hora-buena-la-alcaldesa-de-ibague-posesiono-el-consejo-municipal-del-adulto-mayor\/politica\/\",\"url\":\"https:\/\/ciudadyregion.com.co\/index.php\/en-hora-buena-la-alcaldesa-de-ibague-posesiono-el-consejo-municipal-del-adulto-mayor\/politica\/\",\"name\":\"En hora buena: La Alcaldesa de Ibagu\u00e9 posesion\u00f3 el Consejo Municipal del Adulto Mayor - Ciudad y Region\",\"isPartOf\":{\"@id\":\"https:\/\/ciudadyregion.com.co\/#website\"},\"primaryImageOfPage\":{\"@id\":\"https:\/\/ciudadyregion.com.co\/index.php\/en-hora-buena-la-alcaldesa-de-ibague-posesiono-el-consejo-municipal-del-adulto-mayor\/politica\/#primaryimage\"},\"image\":{\"@id\":\"https:\/\/ciudadyregion.com.co\/index.php\/en-hora-buena-la-alcaldesa-de-ibague-posesiono-el-consejo-municipal-del-adulto-mayor\/politica\/#primaryimage\"},\"thumbnailUrl\":\"https:\/\/i0.wp.com\/ciudadyregion.com.co\/wp-content\/uploads\/2024\/04\/0004.jpg?fit=800%2C445&ssl=1\",\"datePublished\":\"2024-04-03T14:14:48+00:00\",\"dateModified\":\"2024-04-03T14:14:48+00:00\",\"author\":{\"@id\":\"https:\/\/ciudadyregion.com.co\/#\/schema\/person\/04a4954373ebc4051f46e8c65ff78622\"},\"breadcrumb\":{\"@id\":\"https:\/\/ciudadyregion.com.co\/index.php\/en-hora-buena-la-alcaldesa-de-ibague-posesiono-el-consejo-municipal-del-adulto-mayor\/politica\/#breadcrumb\"},\"inLanguage\":\"es\",\"potentialAction\":[{\"@type\":\"ReadAction\",\"target\":[\"https:\/\/ciudadyregion.com.co\/index.php\/en-hora-buena-la-alcaldesa-de-ibague-posesiono-el-consejo-municipal-del-adulto-mayor\/politica\/\"]}]},{\"@type\":\"ImageObject\",\"inLanguage\":\"es\",\"@id\":\"https:\/\/ciudadyregion.com.co\/index.php\/en-hora-buena-la-alcaldesa-de-ibague-posesiono-el-consejo-municipal-del-adulto-mayor\/politica\/#primaryimage\",\"url\":\"https:\/\/i0.wp.com\/ciudadyregion.com.co\/wp-content\/uploads\/2024\/04\/0004.jpg?fit=800%2C445&ssl=1\",\"contentUrl\":\"https:\/\/i0.wp.com\/ciudadyregion.com.co\/wp-content\/uploads\/2024\/04\/0004.jpg?fit=800%2C445&ssl=1\",\"width\":800,\"height\":445},{\"@type\":\"BreadcrumbList\",\"@id\":\"https:\/\/ciudadyregion.com.co\/index.php\/en-hora-buena-la-alcaldesa-de-ibague-posesiono-el-consejo-municipal-del-adulto-mayor\/politica\/#breadcrumb\",\"itemListElement\":[{\"@type\":\"ListItem\",\"position\":1,\"name\":\"Portada\",\"item\":\"https:\/\/ciudadyregion.com.co\/\"},{\"@type\":\"ListItem\",\"position\":2,\"name\":\"En hora buena: La Alcaldesa de Ibagu\u00e9 posesion\u00f3 el Consejo Municipal del Adulto Mayor\"}]},{\"@type\":\"WebSite\",\"@id\":\"https:\/\/ciudadyregion.com.co\/#website\",\"url\":\"https:\/\/ciudadyregion.com.co\/\",\"name\":\"Ciudad y Region\",\"description\":\"\",\"potentialAction\":[{\"@type\":\"SearchAction\",\"target\":{\"@type\":\"EntryPoint\",\"urlTemplate\":\"https:\/\/ciudadyregion.com.co\/?s={search_term_string}\"},\"query-input\":{\"@type\":\"PropertyValueSpecification\",\"valueRequired\":true,\"valueName\":\"search_term_string\"}}],\"inLanguage\":\"es\"},{\"@type\":\"Person\",\"@id\":\"https:\/\/ciudadyregion.com.co\/#\/schema\/person\/04a4954373ebc4051f46e8c65ff78622\",\"name\":\"David Andr\u00e9s Aguirre\",\"image\":{\"@type\":\"ImageObject\",\"inLanguage\":\"es\",\"@id\":\"https:\/\/ciudadyregion.com.co\/#\/schema\/person\/image\/\",\"url\":\"https:\/\/secure.gravatar.com\/avatar\/bc3c655860202182ee6d1b5edd042dbe?s=96&d=mm&r=g\",\"contentUrl\":\"https:\/\/secure.gravatar.com\/avatar\/bc3c655860202182ee6d1b5edd042dbe?s=96&d=mm&r=g\",\"caption\":\"David Andr\u00e9s Aguirre\"},\"url\":\"https:\/\/ciudadyregion.com.co\/index.php\/author\/diegoaguirre\/\"}]}<\/script>\n<!-- \/ Yoast SEO plugin. -->","yoast_head_json":{"title":"En hora buena: La Alcaldesa de Ibagu\u00e9 posesion\u00f3 el Consejo Municipal del Adulto Mayor - Ciudad y Region","robots":{"index":"index","follow":"follow","max-snippet":"max-snippet:-1","max-image-preview":"max-image-preview:large","max-video-preview":"max-video-preview:-1"},"canonical":"https:\/\/ciudadyregion.com.co\/index.php\/en-hora-buena-la-alcaldesa-de-ibague-posesiono-el-consejo-municipal-del-adulto-mayor\/politica\/","og_locale":"es_ES","og_type":"article","og_title":"En hora buena: La Alcaldesa de Ibagu\u00e9 posesion\u00f3 el Consejo Municipal del Adulto Mayor - Ciudad y Region","og_description":"En acto oficial fueron posesionados por la alcaldesa Johana Aranda, los 11 integrantes que conformar\u00e1n el Consejo Municipal del Adulto Mayor. \u00a0 \u00abUstedes son l\u00edderes y hacen un trabajo formidable en defender los derechos de los adultos mayores. Les brindaremos las herramientas necesarias para que accedan a todos los beneficiosContinuar Leyendo","og_url":"https:\/\/ciudadyregion.com.co\/index.php\/en-hora-buena-la-alcaldesa-de-ibague-posesiono-el-consejo-municipal-del-adulto-mayor\/politica\/","og_site_name":"Ciudad y Region","article_published_time":"2024-04-03T14:14:48+00:00","og_image":[{"width":800,"height":445,"url":"https:\/\/ciudadyregion.com.co\/wp-content\/uploads\/2024\/04\/0004.jpg","type":"image\/jpeg"}],"author":"David Andr\u00e9s Aguirre","twitter_card":"summary_large_image","twitter_misc":{"Escrito por":"David Andr\u00e9s Aguirre","Tiempo de lectura":"1 minuto"},"schema":{"@context":"https:\/\/schema.org","@graph":[{"@type":"WebPage","@id":"https:\/\/ciudadyregion.com.co\/index.php\/en-hora-buena-la-alcaldesa-de-ibague-posesiono-el-consejo-municipal-del-adulto-mayor\/politica\/","url":"https:\/\/ciudadyregion.com.co\/index.php\/en-hora-buena-la-alcaldesa-de-ibague-posesiono-el-consejo-municipal-del-adulto-mayor\/politica\/","name":"En hora buena: La Alcaldesa de Ibagu\u00e9 posesion\u00f3 el Consejo Municipal del Adulto Mayor - Ciudad y Region","isPartOf":{"@id":"https:\/\/ciudadyregion.com.co\/#website"},"primaryImageOfPage":{"@id":"https:\/\/ciudadyregion.com.co\/index.php\/en-hora-buena-la-alcaldesa-de-ibague-posesiono-el-consejo-municipal-del-adulto-mayor\/politica\/#primaryimage"},"image":{"@id":"https:\/\/ciudadyregion.com.co\/index.php\/en-hora-buena-la-alcaldesa-de-ibague-posesiono-el-consejo-municipal-del-adulto-mayor\/politica\/#primaryimage"},"thumbnailUrl":"https:\/\/i0.wp.com\/ciudadyregion.com.co\/wp-content\/uploads\/2024\/04\/0004.jpg?fit=800%2C445&ssl=1","datePublished":"2024-04-03T14:14:48+00:00","dateModified":"2024-04-03T14:14:48+00:00","author":{"@id":"https:\/\/ciudadyregion.com.co\/#\/schema\/person\/04a4954373ebc4051f46e8c65ff78622"},"breadcrumb":{"@id":"https:\/\/ciudadyregion.com.co\/index.php\/en-hora-buena-la-alcaldesa-de-ibague-posesiono-el-consejo-municipal-del-adulto-mayor\/politica\/#breadcrumb"},"inLanguage":"es","potentialAction":[{"@type":"ReadAction","target":["https:\/\/ciudadyregion.com.co\/index.php\/en-hora-buena-la-alcaldesa-de-ibague-posesiono-el-consejo-municipal-del-adulto-mayor\/politica\/"]}]},{"@type":"ImageObject","inLanguage":"es","@id":"https:\/\/ciudadyregion.com.co\/index.php\/en-hora-buena-la-alcaldesa-de-ibague-posesiono-el-consejo-municipal-del-adulto-mayor\/politica\/#primaryimage","url":"https:\/\/i0.wp.com\/ciudadyregion.com.co\/wp-content\/uploads\/2024\/04\/0004.jpg?fit=800%2C445&ssl=1","contentUrl":"https:\/\/i0.wp.com\/ciudadyregion.com.co\/wp-content\/uploads\/2024\/04\/0004.jpg?fit=800%2C445&ssl=1","width":800,"height":445},{"@type":"BreadcrumbList","@id":"https:\/\/ciudadyregion.com.co\/index.php\/en-hora-buena-la-alcaldesa-de-ibague-posesiono-el-consejo-municipal-del-adulto-mayor\/politica\/#breadcrumb","itemListElement":[{"@type":"ListItem","position":1,"name":"Portada","item":"https:\/\/ciudadyregion.com.co\/"},{"@type":"ListItem","position":2,"name":"En hora buena: La Alcaldesa de Ibagu\u00e9 posesion\u00f3 el Consejo Municipal del Adulto Mayor"}]},{"@type":"WebSite","@id":"https:\/\/ciudadyregion.com.co\/#website","url":"https:\/\/ciudadyregion.com.co\/","name":"Ciudad y Region","description":"","potentialAction":[{"@type":"SearchAction","target":{"@type":"EntryPoint","urlTemplate":"https:\/\/ciudadyregion.com.co\/?s={search_term_string}"},"query-input":{"@type":"PropertyValueSpecification","valueRequired":true,"valueName":"search_term_string"}}],"inLanguage":"es"},{"@type":"Person","@id":"https:\/\/ciudadyregion.com.co\/#\/schema\/person\/04a4954373ebc4051f46e8c65ff78622","name":"David Andr\u00e9s Aguirre","image":{"@type":"ImageObject","inLanguage":"es","@id":"https:\/\/ciudadyregion.com.co\/#\/schema\/person\/image\/","url":"https:\/\/secure.gravatar.com\/avatar\/bc3c655860202182ee6d1b5edd042dbe?s=96&d=mm&r=g","contentUrl":"https:\/\/secure.gravatar.com\/avatar\/bc3c655860202182ee6d1b5edd042dbe?s=96&d=mm&r=g","caption":"David Andr\u00e9s Aguirre"},"url":"https:\/\/ciudadyregion.com.co\/index.php\/author\/diegoaguirre\/"}]}},"jetpack_featured_media_url":"https:\/\/i0.wp.com\/ciudadyregion.com.co\/wp-content\/uploads\/2024\/04\/0004.jpg?fit=800%2C445&ssl=1","jetpack_sharing_enabled":true,"jetpack_shortlink":"https:\/\/wp.me\/pbS7hh-2S0","jetpack-related-posts":[],"_links":{"self":[{"href":"https:\/\/ciudadyregion.com.co\/index.php\/wp-json\/wp\/v2\/posts\/11036"}],"collection":[{"href":"https:\/\/ciudadyregion.com.co\/index.php\/wp-json\/wp\/v2\/posts"}],"about":[{"href":"https:\/\/ciudadyregion.com.co\/index.php\/wp-json\/wp\/v2\/types\/post"}],"author":[{"embeddable":true,"href":"https:\/\/ciudadyregion.com.co\/index.php\/wp-json\/wp\/v2\/users\/2"}],"replies":[{"embeddable":true,"href":"https:\/\/ciudadyregion.com.co\/index.php\/wp-json\/wp\/v2\/comments?post=11036"}],"version-history":[{"count":1,"href":"https:\/\/ciudadyregion.com.co\/index.php\/wp-json\/wp\/v2\/posts\/11036\/revisions"}],"predecessor-version":[{"id":11038,"href":"https:\/\/ciudadyregion.com.co\/index.php\/wp-json\/wp\/v2\/posts\/11036\/revisions\/11038"}],"wp:featuredmedia":[{"embeddable":true,"href":"https:\/\/ciudadyregion.com.co\/index.php\/wp-json\/wp\/v2\/media\/11037"}],"wp:attachment":[{"href":"https:\/\/ciudadyregion.com.co\/index.php\/wp-json\/wp\/v2\/media?parent=11036"}],"wp:term":[{"taxonomy":"category","embeddable":true,"href":"https:\/\/ciudadyregion.com.co\/index.php\/wp-json\/wp\/v2\/categories?post=11036"},{"taxonomy":"post_tag","embeddable":true,"href":"https:\/\/ciudadyregion.com.co\/index.php\/wp-json\/wp\/v2\/tags?post=11036"}],"curies":[{"name":"wp","href":"https:\/\/api.w.org\/{rel}","templated":true}]}}