{"id":11033,"date":"2024-04-03T09:10:07","date_gmt":"2024-04-03T14:10:07","guid":{"rendered":"https:\/\/ciudadyregion.com.co\/?p=11033"},"modified":"2024-04-03T09:10:07","modified_gmt":"2024-04-03T14:10:07","slug":"alcaldia-afirma-que-la-modernizacion-del-alumbrado-redujo-en-mas-50-el-consumo-de-energia-en-la-comuna-6-de-ibague","status":"publish","type":"post","link":"https:\/\/ciudadyregion.com.co\/index.php\/alcaldia-afirma-que-la-modernizacion-del-alumbrado-redujo-en-mas-50-el-consumo-de-energia-en-la-comuna-6-de-ibague\/ibague\/","title":{"rendered":"Alcald\u00eda afirma que la modernizaci\u00f3n del alumbrado redujo en m\u00e1s 50% el consumo de energ\u00eda en la Comuna 6 de Ibagu\u00e9"},"content":{"rendered":"<div>Con la modernizaci\u00f3n del alumbrado p\u00fablico en Ibagu\u00e9, se sustituyeron cerca de tres mil luminarias de baja eficiencia por luces Led en la comuna 6.<\/div>\n<div><span style=\"font-family: Arial, Verdana;\">\u00a0<\/span><\/div>\n<div><span style=\"font-family: Arial, Verdana;\">De esta manera El Instituto de Financiamiento, Promoci\u00f3n y Desarrollo de Ibagu\u00e9, Infibagu\u00e9, contribuye en la reducci\u00f3n de emisiones de gases de efecto invernadero, el consumo de energ\u00eda y mejora la calidad del ambiente.<\/span><\/div>\n<div><span style=\"font-family: Arial, Verdana;\"><i>\u00a0<\/i><\/span><\/div>\n<blockquote>\n<div><span style=\"font-family: Arial, Verdana;\"><i>\u201cLos sistemas de alumbrado p\u00fablico que utilizan bombillas amarillas de sodio liberan grandes cantidades de CO2, afectando el ambiente y los ecosistemas. Por eso, en Infibagu\u00e9 dimos prioridad a la modernizaci\u00f3n del alumbrado p\u00fablico con tecnolog\u00edas sostenibles y eficientes\u201d,<\/i>\u00a0sostuvo Diego Piedrahita, jefe de Alumbrado.<\/span><\/div>\n<\/blockquote>\n<div><span style=\"font-family: Arial, Verdana;\">\u00a0<\/span><\/div>\n<div><span style=\"font-family: Arial, Verdana;\">Por su parte, algunos habitantes de la comuna destacaron el cambio en puntos que estaban totalmente oscuros, y que se estaban prestando para hechos de inseguridad.\u00a0<\/span><\/div>\n<div><span style=\"font-family: Arial, Verdana;\">\u00a0<\/span><\/div>\n<blockquote>\n<div><span style=\"font-family: Arial, Verdana;\"><i>\u201cEl comercio sobre la avenida Ambal\u00e1 tambi\u00e9n ha mejorado bastante por la iluminaci\u00f3n. Adem\u00e1s, algunos conocidos y amigos que visitaron la ciudad en Semana Santa notaron ese cambio en el entorno\u201d,\u00a0<\/i>mencion\u00f3 Javier Amaya, edil de la comuna 6<\/span><\/div>\n<\/blockquote>\n<div><span style=\"font-family: Arial, Verdana;\">\u00a0<\/span><\/div>\n<div><span style=\"font-family: Arial, Verdana;\">Con la reposici\u00f3n de luminarias se benefician cerca de 30 barrios, entre los que se destacan Ambal\u00e1, Arkal\u00e1, Ca\u00f1averal, Fuente de los Rosales, Colinas del Norte, San Francisco, Las Delicias, pedregal, La Gaviota, entre otros.<\/span><\/div>\n","protected":false},"excerpt":{"rendered":"<p>Con la modernizaci\u00f3n del alumbrado p\u00fablico en Ibagu\u00e9, se sustituyeron cerca de tres mil luminarias de baja eficiencia por luces Led en la comuna 6. \u00a0 De esta manera El Instituto de Financiamiento, Promoci\u00f3n y Desarrollo de Ibagu\u00e9, Infibagu\u00e9, contribuye en la reducci\u00f3n de emisiones de gases de efecto invernadero,<span class=\"more-link\"><a href=\"https:\/\/ciudadyregion.com.co\/index.php\/alcaldia-afirma-que-la-modernizacion-del-alumbrado-redujo-en-mas-50-el-consumo-de-energia-en-la-comuna-6-de-ibague\/ibague\/\">Continuar Leyendo<\/a><\/span><\/p>\n","protected":false},"author":2,"featured_media":11034,"comment_status":"open","ping_status":"open","sticky":false,"template":"","format":"standard","meta":{"_uf_show_specific_survey":0,"_uf_disable_surveys":false,"_jetpack_memberships_contains_paid_content":false,"footnotes":"","jetpack_publicize_message":"","jetpack_publicize_feature_enabled":true,"jetpack_social_post_already_shared":true,"jetpack_social_options":{"image_generator_settings":{"template":"highway","enabled":false},"version":2}},"categories":[14],"tags":[],"class_list":["entry","author-diegoaguirre","post-11033","post","type-post","status-publish","format-standard","has-post-thumbnail","category-ibague"],"jetpack_publicize_connections":[],"yoast_head":"<!-- This site is optimized with the Yoast SEO plugin v24.3 - https:\/\/yoast.com\/wordpress\/plugins\/seo\/ -->\n<title>Alcald\u00eda afirma que la modernizaci\u00f3n del alumbrado redujo en m\u00e1s 50% el consumo de energ\u00eda en la Comuna 6 de Ibagu\u00e9 - Ciudad y Region<\/title>\n<meta name=\"robots\" content=\"index, follow, max-snippet:-1, max-image-preview:large, max-video-preview:-1\" \/>\n<link rel=\"canonical\" href=\"https:\/\/ciudadyregion.com.co\/index.php\/alcaldia-afirma-que-la-modernizacion-del-alumbrado-redujo-en-mas-50-el-consumo-de-energia-en-la-comuna-6-de-ibague\/ibague\/\" \/>\n<meta property=\"og:locale\" content=\"es_ES\" \/>\n<meta property=\"og:type\" content=\"article\" \/>\n<meta property=\"og:title\" content=\"Alcald\u00eda afirma que la modernizaci\u00f3n del alumbrado redujo en m\u00e1s 50% el consumo de energ\u00eda en la Comuna 6 de Ibagu\u00e9 - Ciudad y Region\" \/>\n<meta property=\"og:description\" content=\"Con la modernizaci\u00f3n del alumbrado p\u00fablico en Ibagu\u00e9, se sustituyeron cerca de tres mil luminarias de baja eficiencia por luces Led en la comuna 6. \u00a0 De esta manera El Instituto de Financiamiento, Promoci\u00f3n y Desarrollo de Ibagu\u00e9, Infibagu\u00e9, contribuye en la reducci\u00f3n de emisiones de gases de efecto invernadero,Continuar Leyendo\" \/>\n<meta property=\"og:url\" content=\"https:\/\/ciudadyregion.com.co\/index.php\/alcaldia-afirma-que-la-modernizacion-del-alumbrado-redujo-en-mas-50-el-consumo-de-energia-en-la-comuna-6-de-ibague\/ibague\/\" \/>\n<meta property=\"og:site_name\" content=\"Ciudad y Region\" \/>\n<meta property=\"article:published_time\" content=\"2024-04-03T14:10:07+00:00\" \/>\n<meta property=\"og:image\" content=\"https:\/\/ciudadyregion.com.co\/wp-content\/uploads\/2024\/04\/alumbrado-postes-ibague.jpg\" \/>\n\t<meta property=\"og:image:width\" content=\"800\" \/>\n\t<meta property=\"og:image:height\" content=\"445\" \/>\n\t<meta property=\"og:image:type\" content=\"image\/jpeg\" \/>\n<meta name=\"author\" content=\"David Andr\u00e9s Aguirre\" \/>\n<meta name=\"twitter:card\" content=\"summary_large_image\" \/>\n<meta name=\"twitter:label1\" content=\"Escrito por\" \/>\n\t<meta name=\"twitter:data1\" content=\"David Andr\u00e9s Aguirre\" \/>\n\t<meta name=\"twitter:label2\" content=\"Tiempo de lectura\" \/>\n\t<meta name=\"twitter:data2\" content=\"1 minuto\" \/>\n<script type=\"application\/ld+json\" class=\"yoast-schema-graph\">{\"@context\":\"https:\/\/schema.org\",\"@graph\":[{\"@type\":\"WebPage\",\"@id\":\"https:\/\/ciudadyregion.com.co\/index.php\/alcaldia-afirma-que-la-modernizacion-del-alumbrado-redujo-en-mas-50-el-consumo-de-energia-en-la-comuna-6-de-ibague\/ibague\/\",\"url\":\"https:\/\/ciudadyregion.com.co\/index.php\/alcaldia-afirma-que-la-modernizacion-del-alumbrado-redujo-en-mas-50-el-consumo-de-energia-en-la-comuna-6-de-ibague\/ibague\/\",\"name\":\"Alcald\u00eda afirma que la modernizaci\u00f3n del alumbrado redujo en m\u00e1s 50% el consumo de energ\u00eda en la Comuna 6 de Ibagu\u00e9 - Ciudad y Region\",\"isPartOf\":{\"@id\":\"https:\/\/ciudadyregion.com.co\/#website\"},\"primaryImageOfPage\":{\"@id\":\"https:\/\/ciudadyregion.com.co\/index.php\/alcaldia-afirma-que-la-modernizacion-del-alumbrado-redujo-en-mas-50-el-consumo-de-energia-en-la-comuna-6-de-ibague\/ibague\/#primaryimage\"},\"image\":{\"@id\":\"https:\/\/ciudadyregion.com.co\/index.php\/alcaldia-afirma-que-la-modernizacion-del-alumbrado-redujo-en-mas-50-el-consumo-de-energia-en-la-comuna-6-de-ibague\/ibague\/#primaryimage\"},\"thumbnailUrl\":\"https:\/\/i0.wp.com\/ciudadyregion.com.co\/wp-content\/uploads\/2024\/04\/alumbrado-postes-ibague.jpg?fit=800%2C445&ssl=1\",\"datePublished\":\"2024-04-03T14:10:07+00:00\",\"dateModified\":\"2024-04-03T14:10:07+00:00\",\"author\":{\"@id\":\"https:\/\/ciudadyregion.com.co\/#\/schema\/person\/04a4954373ebc4051f46e8c65ff78622\"},\"breadcrumb\":{\"@id\":\"https:\/\/ciudadyregion.com.co\/index.php\/alcaldia-afirma-que-la-modernizacion-del-alumbrado-redujo-en-mas-50-el-consumo-de-energia-en-la-comuna-6-de-ibague\/ibague\/#breadcrumb\"},\"inLanguage\":\"es\",\"potentialAction\":[{\"@type\":\"ReadAction\",\"target\":[\"https:\/\/ciudadyregion.com.co\/index.php\/alcaldia-afirma-que-la-modernizacion-del-alumbrado-redujo-en-mas-50-el-consumo-de-energia-en-la-comuna-6-de-ibague\/ibague\/\"]}]},{\"@type\":\"ImageObject\",\"inLanguage\":\"es\",\"@id\":\"https:\/\/ciudadyregion.com.co\/index.php\/alcaldia-afirma-que-la-modernizacion-del-alumbrado-redujo-en-mas-50-el-consumo-de-energia-en-la-comuna-6-de-ibague\/ibague\/#primaryimage\",\"url\":\"https:\/\/i0.wp.com\/ciudadyregion.com.co\/wp-content\/uploads\/2024\/04\/alumbrado-postes-ibague.jpg?fit=800%2C445&ssl=1\",\"contentUrl\":\"https:\/\/i0.wp.com\/ciudadyregion.com.co\/wp-content\/uploads\/2024\/04\/alumbrado-postes-ibague.jpg?fit=800%2C445&ssl=1\",\"width\":800,\"height\":445},{\"@type\":\"BreadcrumbList\",\"@id\":\"https:\/\/ciudadyregion.com.co\/index.php\/alcaldia-afirma-que-la-modernizacion-del-alumbrado-redujo-en-mas-50-el-consumo-de-energia-en-la-comuna-6-de-ibague\/ibague\/#breadcrumb\",\"itemListElement\":[{\"@type\":\"ListItem\",\"position\":1,\"name\":\"Portada\",\"item\":\"https:\/\/ciudadyregion.com.co\/\"},{\"@type\":\"ListItem\",\"position\":2,\"name\":\"Alcald\u00eda afirma que la modernizaci\u00f3n del alumbrado redujo en m\u00e1s 50% el consumo de energ\u00eda en la Comuna 6 de Ibagu\u00e9\"}]},{\"@type\":\"WebSite\",\"@id\":\"https:\/\/ciudadyregion.com.co\/#website\",\"url\":\"https:\/\/ciudadyregion.com.co\/\",\"name\":\"Ciudad y Region\",\"description\":\"\",\"potentialAction\":[{\"@type\":\"SearchAction\",\"target\":{\"@type\":\"EntryPoint\",\"urlTemplate\":\"https:\/\/ciudadyregion.com.co\/?s={search_term_string}\"},\"query-input\":{\"@type\":\"PropertyValueSpecification\",\"valueRequired\":true,\"valueName\":\"search_term_string\"}}],\"inLanguage\":\"es\"},{\"@type\":\"Person\",\"@id\":\"https:\/\/ciudadyregion.com.co\/#\/schema\/person\/04a4954373ebc4051f46e8c65ff78622\",\"name\":\"David Andr\u00e9s Aguirre\",\"image\":{\"@type\":\"ImageObject\",\"inLanguage\":\"es\",\"@id\":\"https:\/\/ciudadyregion.com.co\/#\/schema\/person\/image\/\",\"url\":\"https:\/\/secure.gravatar.com\/avatar\/bc3c655860202182ee6d1b5edd042dbe?s=96&d=mm&r=g\",\"contentUrl\":\"https:\/\/secure.gravatar.com\/avatar\/bc3c655860202182ee6d1b5edd042dbe?s=96&d=mm&r=g\",\"caption\":\"David Andr\u00e9s Aguirre\"},\"url\":\"https:\/\/ciudadyregion.com.co\/index.php\/author\/diegoaguirre\/\"}]}<\/script>\n<!-- \/ Yoast SEO plugin. -->","yoast_head_json":{"title":"Alcald\u00eda afirma que la modernizaci\u00f3n del alumbrado redujo en m\u00e1s 50% el consumo de energ\u00eda en la Comuna 6 de Ibagu\u00e9 - Ciudad y Region","robots":{"index":"index","follow":"follow","max-snippet":"max-snippet:-1","max-image-preview":"max-image-preview:large","max-video-preview":"max-video-preview:-1"},"canonical":"https:\/\/ciudadyregion.com.co\/index.php\/alcaldia-afirma-que-la-modernizacion-del-alumbrado-redujo-en-mas-50-el-consumo-de-energia-en-la-comuna-6-de-ibague\/ibague\/","og_locale":"es_ES","og_type":"article","og_title":"Alcald\u00eda afirma que la modernizaci\u00f3n del alumbrado redujo en m\u00e1s 50% el consumo de energ\u00eda en la Comuna 6 de Ibagu\u00e9 - Ciudad y Region","og_description":"Con la modernizaci\u00f3n del alumbrado p\u00fablico en Ibagu\u00e9, se sustituyeron cerca de tres mil luminarias de baja eficiencia por luces Led en la comuna 6. \u00a0 De esta manera El Instituto de Financiamiento, Promoci\u00f3n y Desarrollo de Ibagu\u00e9, Infibagu\u00e9, contribuye en la reducci\u00f3n de emisiones de gases de efecto invernadero,Continuar Leyendo","og_url":"https:\/\/ciudadyregion.com.co\/index.php\/alcaldia-afirma-que-la-modernizacion-del-alumbrado-redujo-en-mas-50-el-consumo-de-energia-en-la-comuna-6-de-ibague\/ibague\/","og_site_name":"Ciudad y Region","article_published_time":"2024-04-03T14:10:07+00:00","og_image":[{"width":800,"height":445,"url":"https:\/\/ciudadyregion.com.co\/wp-content\/uploads\/2024\/04\/alumbrado-postes-ibague.jpg","type":"image\/jpeg"}],"author":"David Andr\u00e9s Aguirre","twitter_card":"summary_large_image","twitter_misc":{"Escrito por":"David Andr\u00e9s Aguirre","Tiempo de lectura":"1 minuto"},"schema":{"@context":"https:\/\/schema.org","@graph":[{"@type":"WebPage","@id":"https:\/\/ciudadyregion.com.co\/index.php\/alcaldia-afirma-que-la-modernizacion-del-alumbrado-redujo-en-mas-50-el-consumo-de-energia-en-la-comuna-6-de-ibague\/ibague\/","url":"https:\/\/ciudadyregion.com.co\/index.php\/alcaldia-afirma-que-la-modernizacion-del-alumbrado-redujo-en-mas-50-el-consumo-de-energia-en-la-comuna-6-de-ibague\/ibague\/","name":"Alcald\u00eda afirma que la modernizaci\u00f3n del alumbrado redujo en m\u00e1s 50% el consumo de energ\u00eda en la Comuna 6 de Ibagu\u00e9 - Ciudad y Region","isPartOf":{"@id":"https:\/\/ciudadyregion.com.co\/#website"},"primaryImageOfPage":{"@id":"https:\/\/ciudadyregion.com.co\/index.php\/alcaldia-afirma-que-la-modernizacion-del-alumbrado-redujo-en-mas-50-el-consumo-de-energia-en-la-comuna-6-de-ibague\/ibague\/#primaryimage"},"image":{"@id":"https:\/\/ciudadyregion.com.co\/index.php\/alcaldia-afirma-que-la-modernizacion-del-alumbrado-redujo-en-mas-50-el-consumo-de-energia-en-la-comuna-6-de-ibague\/ibague\/#primaryimage"},"thumbnailUrl":"https:\/\/i0.wp.com\/ciudadyregion.com.co\/wp-content\/uploads\/2024\/04\/alumbrado-postes-ibague.jpg?fit=800%2C445&ssl=1","datePublished":"2024-04-03T14:10:07+00:00","dateModified":"2024-04-03T14:10:07+00:00","author":{"@id":"https:\/\/ciudadyregion.com.co\/#\/schema\/person\/04a4954373ebc4051f46e8c65ff78622"},"breadcrumb":{"@id":"https:\/\/ciudadyregion.com.co\/index.php\/alcaldia-afirma-que-la-modernizacion-del-alumbrado-redujo-en-mas-50-el-consumo-de-energia-en-la-comuna-6-de-ibague\/ibague\/#breadcrumb"},"inLanguage":"es","potentialAction":[{"@type":"ReadAction","target":["https:\/\/ciudadyregion.com.co\/index.php\/alcaldia-afirma-que-la-modernizacion-del-alumbrado-redujo-en-mas-50-el-consumo-de-energia-en-la-comuna-6-de-ibague\/ibague\/"]}]},{"@type":"ImageObject","inLanguage":"es","@id":"https:\/\/ciudadyregion.com.co\/index.php\/alcaldia-afirma-que-la-modernizacion-del-alumbrado-redujo-en-mas-50-el-consumo-de-energia-en-la-comuna-6-de-ibague\/ibague\/#primaryimage","url":"https:\/\/i0.wp.com\/ciudadyregion.com.co\/wp-content\/uploads\/2024\/04\/alumbrado-postes-ibague.jpg?fit=800%2C445&ssl=1","contentUrl":"https:\/\/i0.wp.com\/ciudadyregion.com.co\/wp-content\/uploads\/2024\/04\/alumbrado-postes-ibague.jpg?fit=800%2C445&ssl=1","width":800,"height":445},{"@type":"BreadcrumbList","@id":"https:\/\/ciudadyregion.com.co\/index.php\/alcaldia-afirma-que-la-modernizacion-del-alumbrado-redujo-en-mas-50-el-consumo-de-energia-en-la-comuna-6-de-ibague\/ibague\/#breadcrumb","itemListElement":[{"@type":"ListItem","position":1,"name":"Portada","item":"https:\/\/ciudadyregion.com.co\/"},{"@type":"ListItem","position":2,"name":"Alcald\u00eda afirma que la modernizaci\u00f3n del alumbrado redujo en m\u00e1s 50% el consumo de energ\u00eda en la Comuna 6 de Ibagu\u00e9"}]},{"@type":"WebSite","@id":"https:\/\/ciudadyregion.com.co\/#website","url":"https:\/\/ciudadyregion.com.co\/","name":"Ciudad y Region","description":"","potentialAction":[{"@type":"SearchAction","target":{"@type":"EntryPoint","urlTemplate":"https:\/\/ciudadyregion.com.co\/?s={search_term_string}"},"query-input":{"@type":"PropertyValueSpecification","valueRequired":true,"valueName":"search_term_string"}}],"inLanguage":"es"},{"@type":"Person","@id":"https:\/\/ciudadyregion.com.co\/#\/schema\/person\/04a4954373ebc4051f46e8c65ff78622","name":"David Andr\u00e9s Aguirre","image":{"@type":"ImageObject","inLanguage":"es","@id":"https:\/\/ciudadyregion.com.co\/#\/schema\/person\/image\/","url":"https:\/\/secure.gravatar.com\/avatar\/bc3c655860202182ee6d1b5edd042dbe?s=96&d=mm&r=g","contentUrl":"https:\/\/secure.gravatar.com\/avatar\/bc3c655860202182ee6d1b5edd042dbe?s=96&d=mm&r=g","caption":"David Andr\u00e9s Aguirre"},"url":"https:\/\/ciudadyregion.com.co\/index.php\/author\/diegoaguirre\/"}]}},"jetpack_featured_media_url":"https:\/\/i0.wp.com\/ciudadyregion.com.co\/wp-content\/uploads\/2024\/04\/alumbrado-postes-ibague.jpg?fit=800%2C445&ssl=1","jetpack_sharing_enabled":true,"jetpack_shortlink":"https:\/\/wp.me\/pbS7hh-2RX","jetpack-related-posts":[],"_links":{"self":[{"href":"https:\/\/ciudadyregion.com.co\/index.php\/wp-json\/wp\/v2\/posts\/11033"}],"collection":[{"href":"https:\/\/ciudadyregion.com.co\/index.php\/wp-json\/wp\/v2\/posts"}],"about":[{"href":"https:\/\/ciudadyregion.com.co\/index.php\/wp-json\/wp\/v2\/types\/post"}],"author":[{"embeddable":true,"href":"https:\/\/ciudadyregion.com.co\/index.php\/wp-json\/wp\/v2\/users\/2"}],"replies":[{"embeddable":true,"href":"https:\/\/ciudadyregion.com.co\/index.php\/wp-json\/wp\/v2\/comments?post=11033"}],"version-history":[{"count":1,"href":"https:\/\/ciudadyregion.com.co\/index.php\/wp-json\/wp\/v2\/posts\/11033\/revisions"}],"predecessor-version":[{"id":11035,"href":"https:\/\/ciudadyregion.com.co\/index.php\/wp-json\/wp\/v2\/posts\/11033\/revisions\/11035"}],"wp:featuredmedia":[{"embeddable":true,"href":"https:\/\/ciudadyregion.com.co\/index.php\/wp-json\/wp\/v2\/media\/11034"}],"wp:attachment":[{"href":"https:\/\/ciudadyregion.com.co\/index.php\/wp-json\/wp\/v2\/media?parent=11033"}],"wp:term":[{"taxonomy":"category","embeddable":true,"href":"https:\/\/ciudadyregion.com.co\/index.php\/wp-json\/wp\/v2\/categories?post=11033"},{"taxonomy":"post_tag","embeddable":true,"href":"https:\/\/ciudadyregion.com.co\/index.php\/wp-json\/wp\/v2\/tags?post=11033"}],"curies":[{"name":"wp","href":"https:\/\/api.w.org\/{rel}","templated":true}]}}