{"id":11029,"date":"2024-04-03T09:01:52","date_gmt":"2024-04-03T14:01:52","guid":{"rendered":"https:\/\/ciudadyregion.com.co\/?p=11029"},"modified":"2024-04-03T09:01:52","modified_gmt":"2024-04-03T14:01:52","slug":"y-esa-obra-que-alcaldia-de-ibague-obtuvo-el-segundo-giro-del-gobierno-nacional-para-continuar-la-obra-del-parque-sacudete-del-barrio-viveros","status":"publish","type":"post","link":"https:\/\/ciudadyregion.com.co\/index.php\/y-esa-obra-que-alcaldia-de-ibague-obtuvo-el-segundo-giro-del-gobierno-nacional-para-continuar-la-obra-del-parque-sacudete-del-barrio-viveros\/ibague\/","title":{"rendered":"\u00bfY esa obra qu\u00e9?: Alcald\u00eda de Ibagu\u00e9 obtuvo el segundo giro del Gobierno Nacional para &#8216;continuar&#8217; la obra del \u2018Parque Sac\u00fadete\u2019 del barrio Viveros"},"content":{"rendered":"<div>En las \u00faltimas horas, la Alcald\u00eda de Ibagu\u00e9 recibi\u00f3 el segundo giro de inversi\u00f3n por parte del Gobierno Nacional para poder continuar con la construcci\u00f3n del \u2018Parque Sac\u00fadete\u2019 tipo 2 del barrio Viveros, una importante obra que beneficiar\u00e1 a m\u00e1s de 24 mil habitantes de la comuna Tres.<\/div>\n<div><span style=\"font-family: Arial, Verdana;\">\u00a0<\/span><\/div>\n<blockquote>\n<div><span style=\"font-family: Arial, Verdana;\"><i>\u201cEstamos esperando la confirmaci\u00f3n\u00a0 por parte de la Secretar\u00eda de Hacienda del municipio para poder reiniciar las obras y terminarlas, es un proyecto que est\u00e1 bastante avanzado\u201d<\/i>, cont\u00f3 Jonathan Su\u00e1rez, director T\u00e9cnico de Infraestructura.\u00a0<\/span><\/div>\n<\/blockquote>\n<div><span style=\"font-family: Arial, Verdana;\">\u00a0<\/span><\/div>\n<div><span style=\"font-family: Arial, Verdana;\">Esta obra, que contar\u00e1 con diversos escenarios como cancha m\u00faltiple, cancha de tenis, juegos infantiles, grader\u00edas, entre otros espacios distribuidos en un predio de m\u00e1s de 4.000 metros cuadrados, cuenta con un 60% de avance de ejecuci\u00f3n. Ahora, el contratista deber\u00e1 presentar un cronograma actualizado para reanudar actividades.<\/span><\/div>\n<div><span style=\"font-family: Arial, Verdana;\">\u00a0<\/span><\/div>\n<div><span style=\"font-family: Arial, Verdana;\">Es de resaltar que, el Ministerio del Interior realiz\u00f3 el segundo de cuatro desembolsos acordados para el proyecto, en esta ocasi\u00f3n por un monto de $ 368 millones, que equivale a un 20% de la inversi\u00f3n total del Gobierno Nacional proyectada por un valor de $ 1.840 millones.\u00a0<\/span><\/div>\n<div><span style=\"font-family: Arial, Verdana;\">\u00a0<\/span><\/div>\n<div><span style=\"font-family: Arial, Verdana;\">A su vez, la Administraci\u00f3n Municipal ha realizado un aporte por m\u00e1s de $ 1.450 millones. Ahora, una vez reflejado el dinero en las arcas del municipio, la Secretar\u00eda de Infraestructura se reunir\u00e1 con el contratista para poder avanzar.\u00a0<\/span><\/div>\n<div><span style=\"font-family: Arial, Verdana;\">\u00a0<\/span><\/div>\n<div><span style=\"font-family: Arial, Verdana;\">Finalmente, el recurso pendiente por parte del Gobierno Nacional ser\u00e1 desembolsado en dos pagos, acordados cuando la obra llegue al 90% y al 100% de ejecuci\u00f3n.<\/span><\/div>\n","protected":false},"excerpt":{"rendered":"<p>En las \u00faltimas horas, la Alcald\u00eda de Ibagu\u00e9 recibi\u00f3 el segundo giro de inversi\u00f3n por parte del Gobierno Nacional para poder continuar con la construcci\u00f3n del \u2018Parque Sac\u00fadete\u2019 tipo 2 del barrio Viveros, una importante obra que beneficiar\u00e1 a m\u00e1s de 24 mil habitantes de la comuna Tres. \u00a0 \u201cEstamos<span class=\"more-link\"><a href=\"https:\/\/ciudadyregion.com.co\/index.php\/y-esa-obra-que-alcaldia-de-ibague-obtuvo-el-segundo-giro-del-gobierno-nacional-para-continuar-la-obra-del-parque-sacudete-del-barrio-viveros\/ibague\/\">Continuar Leyendo<\/a><\/span><\/p>\n","protected":false},"author":2,"featured_media":11030,"comment_status":"open","ping_status":"open","sticky":false,"template":"","format":"standard","meta":{"_uf_show_specific_survey":0,"_uf_disable_surveys":false,"_jetpack_memberships_contains_paid_content":false,"footnotes":"","jetpack_publicize_message":"","jetpack_publicize_feature_enabled":true,"jetpack_social_post_already_shared":true,"jetpack_social_options":{"image_generator_settings":{"template":"highway","enabled":false},"version":2}},"categories":[14],"tags":[],"class_list":["entry","author-diegoaguirre","post-11029","post","type-post","status-publish","format-standard","has-post-thumbnail","category-ibague"],"jetpack_publicize_connections":[],"yoast_head":"<!-- This site is optimized with the Yoast SEO plugin v24.3 - https:\/\/yoast.com\/wordpress\/plugins\/seo\/ -->\n<title>\u00bfY esa obra qu\u00e9?: Alcald\u00eda de Ibagu\u00e9 obtuvo el segundo giro del Gobierno Nacional para &#039;continuar&#039; la obra del \u2018Parque Sac\u00fadete\u2019 del barrio Viveros - Ciudad y Region<\/title>\n<meta name=\"robots\" content=\"index, follow, max-snippet:-1, max-image-preview:large, max-video-preview:-1\" \/>\n<link rel=\"canonical\" href=\"https:\/\/ciudadyregion.com.co\/index.php\/y-esa-obra-que-alcaldia-de-ibague-obtuvo-el-segundo-giro-del-gobierno-nacional-para-continuar-la-obra-del-parque-sacudete-del-barrio-viveros\/ibague\/\" \/>\n<meta property=\"og:locale\" content=\"es_ES\" \/>\n<meta property=\"og:type\" content=\"article\" \/>\n<meta property=\"og:title\" content=\"\u00bfY esa obra qu\u00e9?: Alcald\u00eda de Ibagu\u00e9 obtuvo el segundo giro del Gobierno Nacional para &#039;continuar&#039; la obra del \u2018Parque Sac\u00fadete\u2019 del barrio Viveros - Ciudad y Region\" \/>\n<meta property=\"og:description\" content=\"En las \u00faltimas horas, la Alcald\u00eda de Ibagu\u00e9 recibi\u00f3 el segundo giro de inversi\u00f3n por parte del Gobierno Nacional para poder continuar con la construcci\u00f3n del \u2018Parque Sac\u00fadete\u2019 tipo 2 del barrio Viveros, una importante obra que beneficiar\u00e1 a m\u00e1s de 24 mil habitantes de la comuna Tres. \u00a0 \u201cEstamosContinuar Leyendo\" \/>\n<meta property=\"og:url\" content=\"https:\/\/ciudadyregion.com.co\/index.php\/y-esa-obra-que-alcaldia-de-ibague-obtuvo-el-segundo-giro-del-gobierno-nacional-para-continuar-la-obra-del-parque-sacudete-del-barrio-viveros\/ibague\/\" \/>\n<meta property=\"og:site_name\" content=\"Ciudad y Region\" \/>\n<meta property=\"article:published_time\" content=\"2024-04-03T14:01:52+00:00\" \/>\n<meta property=\"og:image\" content=\"https:\/\/ciudadyregion.com.co\/wp-content\/uploads\/2024\/04\/\u2018Parque-Sacudete-del-barrio-Viveros.jpg\" \/>\n\t<meta property=\"og:image:width\" content=\"800\" \/>\n\t<meta property=\"og:image:height\" content=\"445\" \/>\n\t<meta property=\"og:image:type\" content=\"image\/jpeg\" \/>\n<meta name=\"author\" content=\"David Andr\u00e9s Aguirre\" \/>\n<meta name=\"twitter:card\" content=\"summary_large_image\" \/>\n<meta name=\"twitter:label1\" content=\"Escrito por\" \/>\n\t<meta name=\"twitter:data1\" content=\"David Andr\u00e9s Aguirre\" \/>\n\t<meta name=\"twitter:label2\" content=\"Tiempo de lectura\" \/>\n\t<meta name=\"twitter:data2\" content=\"1 minuto\" \/>\n<script type=\"application\/ld+json\" class=\"yoast-schema-graph\">{\"@context\":\"https:\/\/schema.org\",\"@graph\":[{\"@type\":\"WebPage\",\"@id\":\"https:\/\/ciudadyregion.com.co\/index.php\/y-esa-obra-que-alcaldia-de-ibague-obtuvo-el-segundo-giro-del-gobierno-nacional-para-continuar-la-obra-del-parque-sacudete-del-barrio-viveros\/ibague\/\",\"url\":\"https:\/\/ciudadyregion.com.co\/index.php\/y-esa-obra-que-alcaldia-de-ibague-obtuvo-el-segundo-giro-del-gobierno-nacional-para-continuar-la-obra-del-parque-sacudete-del-barrio-viveros\/ibague\/\",\"name\":\"\u00bfY esa obra qu\u00e9?: Alcald\u00eda de Ibagu\u00e9 obtuvo el segundo giro del Gobierno Nacional para 'continuar' la obra del \u2018Parque Sac\u00fadete\u2019 del barrio Viveros - Ciudad y Region\",\"isPartOf\":{\"@id\":\"https:\/\/ciudadyregion.com.co\/#website\"},\"primaryImageOfPage\":{\"@id\":\"https:\/\/ciudadyregion.com.co\/index.php\/y-esa-obra-que-alcaldia-de-ibague-obtuvo-el-segundo-giro-del-gobierno-nacional-para-continuar-la-obra-del-parque-sacudete-del-barrio-viveros\/ibague\/#primaryimage\"},\"image\":{\"@id\":\"https:\/\/ciudadyregion.com.co\/index.php\/y-esa-obra-que-alcaldia-de-ibague-obtuvo-el-segundo-giro-del-gobierno-nacional-para-continuar-la-obra-del-parque-sacudete-del-barrio-viveros\/ibague\/#primaryimage\"},\"thumbnailUrl\":\"https:\/\/i0.wp.com\/ciudadyregion.com.co\/wp-content\/uploads\/2024\/04\/%E2%80%98Parque-Sacudete-del-barrio-Viveros.jpg?fit=800%2C445&ssl=1\",\"datePublished\":\"2024-04-03T14:01:52+00:00\",\"dateModified\":\"2024-04-03T14:01:52+00:00\",\"author\":{\"@id\":\"https:\/\/ciudadyregion.com.co\/#\/schema\/person\/04a4954373ebc4051f46e8c65ff78622\"},\"breadcrumb\":{\"@id\":\"https:\/\/ciudadyregion.com.co\/index.php\/y-esa-obra-que-alcaldia-de-ibague-obtuvo-el-segundo-giro-del-gobierno-nacional-para-continuar-la-obra-del-parque-sacudete-del-barrio-viveros\/ibague\/#breadcrumb\"},\"inLanguage\":\"es\",\"potentialAction\":[{\"@type\":\"ReadAction\",\"target\":[\"https:\/\/ciudadyregion.com.co\/index.php\/y-esa-obra-que-alcaldia-de-ibague-obtuvo-el-segundo-giro-del-gobierno-nacional-para-continuar-la-obra-del-parque-sacudete-del-barrio-viveros\/ibague\/\"]}]},{\"@type\":\"ImageObject\",\"inLanguage\":\"es\",\"@id\":\"https:\/\/ciudadyregion.com.co\/index.php\/y-esa-obra-que-alcaldia-de-ibague-obtuvo-el-segundo-giro-del-gobierno-nacional-para-continuar-la-obra-del-parque-sacudete-del-barrio-viveros\/ibague\/#primaryimage\",\"url\":\"https:\/\/i0.wp.com\/ciudadyregion.com.co\/wp-content\/uploads\/2024\/04\/%E2%80%98Parque-Sacudete-del-barrio-Viveros.jpg?fit=800%2C445&ssl=1\",\"contentUrl\":\"https:\/\/i0.wp.com\/ciudadyregion.com.co\/wp-content\/uploads\/2024\/04\/%E2%80%98Parque-Sacudete-del-barrio-Viveros.jpg?fit=800%2C445&ssl=1\",\"width\":800,\"height\":445},{\"@type\":\"BreadcrumbList\",\"@id\":\"https:\/\/ciudadyregion.com.co\/index.php\/y-esa-obra-que-alcaldia-de-ibague-obtuvo-el-segundo-giro-del-gobierno-nacional-para-continuar-la-obra-del-parque-sacudete-del-barrio-viveros\/ibague\/#breadcrumb\",\"itemListElement\":[{\"@type\":\"ListItem\",\"position\":1,\"name\":\"Portada\",\"item\":\"https:\/\/ciudadyregion.com.co\/\"},{\"@type\":\"ListItem\",\"position\":2,\"name\":\"\u00bfY esa obra qu\u00e9?: Alcald\u00eda de Ibagu\u00e9 obtuvo el segundo giro del Gobierno Nacional para &#8216;continuar&#8217; la obra del \u2018Parque Sac\u00fadete\u2019 del barrio Viveros\"}]},{\"@type\":\"WebSite\",\"@id\":\"https:\/\/ciudadyregion.com.co\/#website\",\"url\":\"https:\/\/ciudadyregion.com.co\/\",\"name\":\"Ciudad y Region\",\"description\":\"\",\"potentialAction\":[{\"@type\":\"SearchAction\",\"target\":{\"@type\":\"EntryPoint\",\"urlTemplate\":\"https:\/\/ciudadyregion.com.co\/?s={search_term_string}\"},\"query-input\":{\"@type\":\"PropertyValueSpecification\",\"valueRequired\":true,\"valueName\":\"search_term_string\"}}],\"inLanguage\":\"es\"},{\"@type\":\"Person\",\"@id\":\"https:\/\/ciudadyregion.com.co\/#\/schema\/person\/04a4954373ebc4051f46e8c65ff78622\",\"name\":\"David Andr\u00e9s Aguirre\",\"image\":{\"@type\":\"ImageObject\",\"inLanguage\":\"es\",\"@id\":\"https:\/\/ciudadyregion.com.co\/#\/schema\/person\/image\/\",\"url\":\"https:\/\/secure.gravatar.com\/avatar\/bc3c655860202182ee6d1b5edd042dbe?s=96&d=mm&r=g\",\"contentUrl\":\"https:\/\/secure.gravatar.com\/avatar\/bc3c655860202182ee6d1b5edd042dbe?s=96&d=mm&r=g\",\"caption\":\"David Andr\u00e9s Aguirre\"},\"url\":\"https:\/\/ciudadyregion.com.co\/index.php\/author\/diegoaguirre\/\"}]}<\/script>\n<!-- \/ Yoast SEO plugin. -->","yoast_head_json":{"title":"\u00bfY esa obra qu\u00e9?: Alcald\u00eda de Ibagu\u00e9 obtuvo el segundo giro del Gobierno Nacional para 'continuar' la obra del \u2018Parque Sac\u00fadete\u2019 del barrio Viveros - Ciudad y Region","robots":{"index":"index","follow":"follow","max-snippet":"max-snippet:-1","max-image-preview":"max-image-preview:large","max-video-preview":"max-video-preview:-1"},"canonical":"https:\/\/ciudadyregion.com.co\/index.php\/y-esa-obra-que-alcaldia-de-ibague-obtuvo-el-segundo-giro-del-gobierno-nacional-para-continuar-la-obra-del-parque-sacudete-del-barrio-viveros\/ibague\/","og_locale":"es_ES","og_type":"article","og_title":"\u00bfY esa obra qu\u00e9?: Alcald\u00eda de Ibagu\u00e9 obtuvo el segundo giro del Gobierno Nacional para 'continuar' la obra del \u2018Parque Sac\u00fadete\u2019 del barrio Viveros - Ciudad y Region","og_description":"En las \u00faltimas horas, la Alcald\u00eda de Ibagu\u00e9 recibi\u00f3 el segundo giro de inversi\u00f3n por parte del Gobierno Nacional para poder continuar con la construcci\u00f3n del \u2018Parque Sac\u00fadete\u2019 tipo 2 del barrio Viveros, una importante obra que beneficiar\u00e1 a m\u00e1s de 24 mil habitantes de la comuna Tres. \u00a0 \u201cEstamosContinuar Leyendo","og_url":"https:\/\/ciudadyregion.com.co\/index.php\/y-esa-obra-que-alcaldia-de-ibague-obtuvo-el-segundo-giro-del-gobierno-nacional-para-continuar-la-obra-del-parque-sacudete-del-barrio-viveros\/ibague\/","og_site_name":"Ciudad y Region","article_published_time":"2024-04-03T14:01:52+00:00","og_image":[{"width":800,"height":445,"url":"https:\/\/ciudadyregion.com.co\/wp-content\/uploads\/2024\/04\/\u2018Parque-Sacudete-del-barrio-Viveros.jpg","type":"image\/jpeg"}],"author":"David Andr\u00e9s Aguirre","twitter_card":"summary_large_image","twitter_misc":{"Escrito por":"David Andr\u00e9s Aguirre","Tiempo de lectura":"1 minuto"},"schema":{"@context":"https:\/\/schema.org","@graph":[{"@type":"WebPage","@id":"https:\/\/ciudadyregion.com.co\/index.php\/y-esa-obra-que-alcaldia-de-ibague-obtuvo-el-segundo-giro-del-gobierno-nacional-para-continuar-la-obra-del-parque-sacudete-del-barrio-viveros\/ibague\/","url":"https:\/\/ciudadyregion.com.co\/index.php\/y-esa-obra-que-alcaldia-de-ibague-obtuvo-el-segundo-giro-del-gobierno-nacional-para-continuar-la-obra-del-parque-sacudete-del-barrio-viveros\/ibague\/","name":"\u00bfY esa obra qu\u00e9?: Alcald\u00eda de Ibagu\u00e9 obtuvo el segundo giro del Gobierno Nacional para 'continuar' la obra del \u2018Parque Sac\u00fadete\u2019 del barrio Viveros - Ciudad y Region","isPartOf":{"@id":"https:\/\/ciudadyregion.com.co\/#website"},"primaryImageOfPage":{"@id":"https:\/\/ciudadyregion.com.co\/index.php\/y-esa-obra-que-alcaldia-de-ibague-obtuvo-el-segundo-giro-del-gobierno-nacional-para-continuar-la-obra-del-parque-sacudete-del-barrio-viveros\/ibague\/#primaryimage"},"image":{"@id":"https:\/\/ciudadyregion.com.co\/index.php\/y-esa-obra-que-alcaldia-de-ibague-obtuvo-el-segundo-giro-del-gobierno-nacional-para-continuar-la-obra-del-parque-sacudete-del-barrio-viveros\/ibague\/#primaryimage"},"thumbnailUrl":"https:\/\/i0.wp.com\/ciudadyregion.com.co\/wp-content\/uploads\/2024\/04\/%E2%80%98Parque-Sacudete-del-barrio-Viveros.jpg?fit=800%2C445&ssl=1","datePublished":"2024-04-03T14:01:52+00:00","dateModified":"2024-04-03T14:01:52+00:00","author":{"@id":"https:\/\/ciudadyregion.com.co\/#\/schema\/person\/04a4954373ebc4051f46e8c65ff78622"},"breadcrumb":{"@id":"https:\/\/ciudadyregion.com.co\/index.php\/y-esa-obra-que-alcaldia-de-ibague-obtuvo-el-segundo-giro-del-gobierno-nacional-para-continuar-la-obra-del-parque-sacudete-del-barrio-viveros\/ibague\/#breadcrumb"},"inLanguage":"es","potentialAction":[{"@type":"ReadAction","target":["https:\/\/ciudadyregion.com.co\/index.php\/y-esa-obra-que-alcaldia-de-ibague-obtuvo-el-segundo-giro-del-gobierno-nacional-para-continuar-la-obra-del-parque-sacudete-del-barrio-viveros\/ibague\/"]}]},{"@type":"ImageObject","inLanguage":"es","@id":"https:\/\/ciudadyregion.com.co\/index.php\/y-esa-obra-que-alcaldia-de-ibague-obtuvo-el-segundo-giro-del-gobierno-nacional-para-continuar-la-obra-del-parque-sacudete-del-barrio-viveros\/ibague\/#primaryimage","url":"https:\/\/i0.wp.com\/ciudadyregion.com.co\/wp-content\/uploads\/2024\/04\/%E2%80%98Parque-Sacudete-del-barrio-Viveros.jpg?fit=800%2C445&ssl=1","contentUrl":"https:\/\/i0.wp.com\/ciudadyregion.com.co\/wp-content\/uploads\/2024\/04\/%E2%80%98Parque-Sacudete-del-barrio-Viveros.jpg?fit=800%2C445&ssl=1","width":800,"height":445},{"@type":"BreadcrumbList","@id":"https:\/\/ciudadyregion.com.co\/index.php\/y-esa-obra-que-alcaldia-de-ibague-obtuvo-el-segundo-giro-del-gobierno-nacional-para-continuar-la-obra-del-parque-sacudete-del-barrio-viveros\/ibague\/#breadcrumb","itemListElement":[{"@type":"ListItem","position":1,"name":"Portada","item":"https:\/\/ciudadyregion.com.co\/"},{"@type":"ListItem","position":2,"name":"\u00bfY esa obra qu\u00e9?: Alcald\u00eda de Ibagu\u00e9 obtuvo el segundo giro del Gobierno Nacional para &#8216;continuar&#8217; la obra del \u2018Parque Sac\u00fadete\u2019 del barrio Viveros"}]},{"@type":"WebSite","@id":"https:\/\/ciudadyregion.com.co\/#website","url":"https:\/\/ciudadyregion.com.co\/","name":"Ciudad y Region","description":"","potentialAction":[{"@type":"SearchAction","target":{"@type":"EntryPoint","urlTemplate":"https:\/\/ciudadyregion.com.co\/?s={search_term_string}"},"query-input":{"@type":"PropertyValueSpecification","valueRequired":true,"valueName":"search_term_string"}}],"inLanguage":"es"},{"@type":"Person","@id":"https:\/\/ciudadyregion.com.co\/#\/schema\/person\/04a4954373ebc4051f46e8c65ff78622","name":"David Andr\u00e9s Aguirre","image":{"@type":"ImageObject","inLanguage":"es","@id":"https:\/\/ciudadyregion.com.co\/#\/schema\/person\/image\/","url":"https:\/\/secure.gravatar.com\/avatar\/bc3c655860202182ee6d1b5edd042dbe?s=96&d=mm&r=g","contentUrl":"https:\/\/secure.gravatar.com\/avatar\/bc3c655860202182ee6d1b5edd042dbe?s=96&d=mm&r=g","caption":"David Andr\u00e9s Aguirre"},"url":"https:\/\/ciudadyregion.com.co\/index.php\/author\/diegoaguirre\/"}]}},"jetpack_featured_media_url":"https:\/\/i0.wp.com\/ciudadyregion.com.co\/wp-content\/uploads\/2024\/04\/%E2%80%98Parque-Sacudete-del-barrio-Viveros.jpg?fit=800%2C445&ssl=1","jetpack_sharing_enabled":true,"jetpack_shortlink":"https:\/\/wp.me\/pbS7hh-2RT","jetpack-related-posts":[],"_links":{"self":[{"href":"https:\/\/ciudadyregion.com.co\/index.php\/wp-json\/wp\/v2\/posts\/11029"}],"collection":[{"href":"https:\/\/ciudadyregion.com.co\/index.php\/wp-json\/wp\/v2\/posts"}],"about":[{"href":"https:\/\/ciudadyregion.com.co\/index.php\/wp-json\/wp\/v2\/types\/post"}],"author":[{"embeddable":true,"href":"https:\/\/ciudadyregion.com.co\/index.php\/wp-json\/wp\/v2\/users\/2"}],"replies":[{"embeddable":true,"href":"https:\/\/ciudadyregion.com.co\/index.php\/wp-json\/wp\/v2\/comments?post=11029"}],"version-history":[{"count":1,"href":"https:\/\/ciudadyregion.com.co\/index.php\/wp-json\/wp\/v2\/posts\/11029\/revisions"}],"predecessor-version":[{"id":11031,"href":"https:\/\/ciudadyregion.com.co\/index.php\/wp-json\/wp\/v2\/posts\/11029\/revisions\/11031"}],"wp:featuredmedia":[{"embeddable":true,"href":"https:\/\/ciudadyregion.com.co\/index.php\/wp-json\/wp\/v2\/media\/11030"}],"wp:attachment":[{"href":"https:\/\/ciudadyregion.com.co\/index.php\/wp-json\/wp\/v2\/media?parent=11029"}],"wp:term":[{"taxonomy":"category","embeddable":true,"href":"https:\/\/ciudadyregion.com.co\/index.php\/wp-json\/wp\/v2\/categories?post=11029"},{"taxonomy":"post_tag","embeddable":true,"href":"https:\/\/ciudadyregion.com.co\/index.php\/wp-json\/wp\/v2\/tags?post=11029"}],"curies":[{"name":"wp","href":"https:\/\/api.w.org\/{rel}","templated":true}]}}