{"id":10995,"date":"2024-04-03T07:39:32","date_gmt":"2024-04-03T12:39:32","guid":{"rendered":"https:\/\/ciudadyregion.com.co\/?p=10995"},"modified":"2024-04-03T07:39:32","modified_gmt":"2024-04-03T12:39:32","slug":"se-reconciliaron-regreso-el-patrocinador-del-deportes-tolima-tapa-roja","status":"publish","type":"post","link":"https:\/\/ciudadyregion.com.co\/index.php\/se-reconciliaron-regreso-el-patrocinador-del-deportes-tolima-tapa-roja\/regional\/","title":{"rendered":"Se reconciliaron: Regres\u00f3 el patrocinador del Deportes Tolima, Tapa Roja"},"content":{"rendered":"<ul>\n<li><em>La uni\u00f3n de dos s\u00edmbolos de nuestra tierra se hace m\u00e1s fuerte y nos confirma que vamos por la ruta ganadora, desde Murillo la gobernadora Adriana Magali Matiz le confirm\u00f3 a los tolimenses que la F\u00e1brica de Licores sigue como desde hace 15 siendo patrocinador de nuestro Vinotinto y Oro.<\/em><\/li>\n<\/ul>\n<p>En un momento donde las exigencias del mercado han impuesto retos para que la F\u00e1brica de Licores del Tolima evolucione y fortalezca su presencia territorial y como unidad de negocio, la gobernadora Adriana Magali Matiz ratific\u00f3 que la empresa comercial del departamento seguir\u00e1 con su marca Tapa Roja apoyando a trav\u00e9s de un patrocinio al glorioso Deportes Tolima.<\/p>\n<p>En una ratificaci\u00f3n de confianza mutua entre las directivas del Club Pijao en cabeza de su presidente, Cesar Camargo y el Gobierno Departamental se logr\u00f3 dar continuidad a una relaci\u00f3n comercial que desde el a\u00f1o 2009 se ha mantenido y ha permitido que un emblema del Tolima como lo es Aguardiente Tapa Roja se pase\u00e9 por los estadios de Colombia y Suramerica en la hermosa piel del Club Deportes Tolima.<\/p>\n<blockquote><p>\u00abTapa Roja es Deportes Tolima y Deportes Tolima es Tapa Roja y juntos vamos por la cuarta estrella\u00bb, afirm\u00f3 la gobernadora Adriana Magali Matiz al hacer el anuncio del patrocinio.<\/p><\/blockquote>\n<p>Una alianza que por parte de la Gobernaci\u00f3n del Tolima ha sido permanente y como los buenos amigos ha estado en las buenas y las malas al lado del cuadro Pijao y ahora se hace m\u00e1s fuerte.<\/p>\n<p>Desde la \u00abPerla del Norte\u00bb y ante los tolimenses como testigos la gobernadora Adriana Magali Matiz y Cesar Camargo se sell\u00f3 el acuerdo de patrocinio que para la hinchada se convierte en una noticia que \u00abLa pena se hace buena y alegra el existir\u00bb.<\/p>\n<p>Por su parte Cesar Camargo, presidente del Deportes Tolima recibi\u00f3 con alegr\u00eda esta confirmaci\u00f3n de la continuidad del patrocinio y expres\u00f3.<\/p>\n<blockquote><p>\u00abEsta es una uni\u00f3n que ha dado resultados y Tapa Roja es un s\u00edmbolo de nuestra tierra y con alegr\u00eda y optimismo estamos so\u00f1ando con darle triunfos a la afici\u00f3n\u00bb.<\/p><\/blockquote>\n","protected":false},"excerpt":{"rendered":"<p>La uni\u00f3n de dos s\u00edmbolos de nuestra tierra se hace m\u00e1s fuerte y nos confirma que vamos por la ruta ganadora, desde Murillo la gobernadora Adriana Magali Matiz le confirm\u00f3 a los tolimenses que la F\u00e1brica de Licores sigue como desde hace 15 siendo patrocinador de nuestro Vinotinto y Oro.<span class=\"more-link\"><a href=\"https:\/\/ciudadyregion.com.co\/index.php\/se-reconciliaron-regreso-el-patrocinador-del-deportes-tolima-tapa-roja\/regional\/\">Continuar Leyendo<\/a><\/span><\/p>\n","protected":false},"author":2,"featured_media":10996,"comment_status":"open","ping_status":"open","sticky":false,"template":"","format":"standard","meta":{"_uf_show_specific_survey":0,"_uf_disable_surveys":false,"_jetpack_memberships_contains_paid_content":false,"footnotes":"","jetpack_publicize_message":"","jetpack_publicize_feature_enabled":true,"jetpack_social_post_already_shared":true,"jetpack_social_options":{"image_generator_settings":{"template":"highway","enabled":false},"version":2}},"categories":[13],"tags":[],"class_list":["entry","author-diegoaguirre","post-10995","post","type-post","status-publish","format-standard","has-post-thumbnail","category-regional"],"jetpack_publicize_connections":[],"yoast_head":"<!-- This site is optimized with the Yoast SEO plugin v24.3 - https:\/\/yoast.com\/wordpress\/plugins\/seo\/ -->\n<title>Se reconciliaron: Regres\u00f3 el patrocinador del Deportes Tolima, Tapa Roja - Ciudad y Region<\/title>\n<meta name=\"robots\" content=\"index, follow, max-snippet:-1, max-image-preview:large, max-video-preview:-1\" \/>\n<link rel=\"canonical\" href=\"https:\/\/ciudadyregion.com.co\/index.php\/se-reconciliaron-regreso-el-patrocinador-del-deportes-tolima-tapa-roja\/regional\/\" \/>\n<meta property=\"og:locale\" content=\"es_ES\" \/>\n<meta property=\"og:type\" content=\"article\" \/>\n<meta property=\"og:title\" content=\"Se reconciliaron: Regres\u00f3 el patrocinador del Deportes Tolima, Tapa Roja - Ciudad y Region\" \/>\n<meta property=\"og:description\" content=\"La uni\u00f3n de dos s\u00edmbolos de nuestra tierra se hace m\u00e1s fuerte y nos confirma que vamos por la ruta ganadora, desde Murillo la gobernadora Adriana Magali Matiz le confirm\u00f3 a los tolimenses que la F\u00e1brica de Licores sigue como desde hace 15 siendo patrocinador de nuestro Vinotinto y Oro.Continuar Leyendo\" \/>\n<meta property=\"og:url\" content=\"https:\/\/ciudadyregion.com.co\/index.php\/se-reconciliaron-regreso-el-patrocinador-del-deportes-tolima-tapa-roja\/regional\/\" \/>\n<meta property=\"og:site_name\" content=\"Ciudad y Region\" \/>\n<meta property=\"article:published_time\" content=\"2024-04-03T12:39:32+00:00\" \/>\n<meta property=\"og:image\" content=\"https:\/\/ciudadyregion.com.co\/wp-content\/uploads\/2024\/04\/1-3.jpg\" \/>\n\t<meta property=\"og:image:width\" content=\"800\" \/>\n\t<meta property=\"og:image:height\" content=\"445\" \/>\n\t<meta property=\"og:image:type\" content=\"image\/jpeg\" \/>\n<meta name=\"author\" content=\"David Andr\u00e9s Aguirre\" \/>\n<meta name=\"twitter:card\" content=\"summary_large_image\" \/>\n<meta name=\"twitter:label1\" content=\"Escrito por\" \/>\n\t<meta name=\"twitter:data1\" content=\"David Andr\u00e9s Aguirre\" \/>\n\t<meta name=\"twitter:label2\" content=\"Tiempo de lectura\" \/>\n\t<meta name=\"twitter:data2\" content=\"2 minutos\" \/>\n<script type=\"application\/ld+json\" class=\"yoast-schema-graph\">{\"@context\":\"https:\/\/schema.org\",\"@graph\":[{\"@type\":\"WebPage\",\"@id\":\"https:\/\/ciudadyregion.com.co\/index.php\/se-reconciliaron-regreso-el-patrocinador-del-deportes-tolima-tapa-roja\/regional\/\",\"url\":\"https:\/\/ciudadyregion.com.co\/index.php\/se-reconciliaron-regreso-el-patrocinador-del-deportes-tolima-tapa-roja\/regional\/\",\"name\":\"Se reconciliaron: Regres\u00f3 el patrocinador del Deportes Tolima, Tapa Roja - Ciudad y Region\",\"isPartOf\":{\"@id\":\"https:\/\/ciudadyregion.com.co\/#website\"},\"primaryImageOfPage\":{\"@id\":\"https:\/\/ciudadyregion.com.co\/index.php\/se-reconciliaron-regreso-el-patrocinador-del-deportes-tolima-tapa-roja\/regional\/#primaryimage\"},\"image\":{\"@id\":\"https:\/\/ciudadyregion.com.co\/index.php\/se-reconciliaron-regreso-el-patrocinador-del-deportes-tolima-tapa-roja\/regional\/#primaryimage\"},\"thumbnailUrl\":\"https:\/\/i0.wp.com\/ciudadyregion.com.co\/wp-content\/uploads\/2024\/04\/1-3.jpg?fit=800%2C445&ssl=1\",\"datePublished\":\"2024-04-03T12:39:32+00:00\",\"dateModified\":\"2024-04-03T12:39:32+00:00\",\"author\":{\"@id\":\"https:\/\/ciudadyregion.com.co\/#\/schema\/person\/04a4954373ebc4051f46e8c65ff78622\"},\"breadcrumb\":{\"@id\":\"https:\/\/ciudadyregion.com.co\/index.php\/se-reconciliaron-regreso-el-patrocinador-del-deportes-tolima-tapa-roja\/regional\/#breadcrumb\"},\"inLanguage\":\"es\",\"potentialAction\":[{\"@type\":\"ReadAction\",\"target\":[\"https:\/\/ciudadyregion.com.co\/index.php\/se-reconciliaron-regreso-el-patrocinador-del-deportes-tolima-tapa-roja\/regional\/\"]}]},{\"@type\":\"ImageObject\",\"inLanguage\":\"es\",\"@id\":\"https:\/\/ciudadyregion.com.co\/index.php\/se-reconciliaron-regreso-el-patrocinador-del-deportes-tolima-tapa-roja\/regional\/#primaryimage\",\"url\":\"https:\/\/i0.wp.com\/ciudadyregion.com.co\/wp-content\/uploads\/2024\/04\/1-3.jpg?fit=800%2C445&ssl=1\",\"contentUrl\":\"https:\/\/i0.wp.com\/ciudadyregion.com.co\/wp-content\/uploads\/2024\/04\/1-3.jpg?fit=800%2C445&ssl=1\",\"width\":800,\"height\":445},{\"@type\":\"BreadcrumbList\",\"@id\":\"https:\/\/ciudadyregion.com.co\/index.php\/se-reconciliaron-regreso-el-patrocinador-del-deportes-tolima-tapa-roja\/regional\/#breadcrumb\",\"itemListElement\":[{\"@type\":\"ListItem\",\"position\":1,\"name\":\"Portada\",\"item\":\"https:\/\/ciudadyregion.com.co\/\"},{\"@type\":\"ListItem\",\"position\":2,\"name\":\"Se reconciliaron: Regres\u00f3 el patrocinador del Deportes Tolima, Tapa Roja\"}]},{\"@type\":\"WebSite\",\"@id\":\"https:\/\/ciudadyregion.com.co\/#website\",\"url\":\"https:\/\/ciudadyregion.com.co\/\",\"name\":\"Ciudad y Region\",\"description\":\"\",\"potentialAction\":[{\"@type\":\"SearchAction\",\"target\":{\"@type\":\"EntryPoint\",\"urlTemplate\":\"https:\/\/ciudadyregion.com.co\/?s={search_term_string}\"},\"query-input\":{\"@type\":\"PropertyValueSpecification\",\"valueRequired\":true,\"valueName\":\"search_term_string\"}}],\"inLanguage\":\"es\"},{\"@type\":\"Person\",\"@id\":\"https:\/\/ciudadyregion.com.co\/#\/schema\/person\/04a4954373ebc4051f46e8c65ff78622\",\"name\":\"David Andr\u00e9s Aguirre\",\"image\":{\"@type\":\"ImageObject\",\"inLanguage\":\"es\",\"@id\":\"https:\/\/ciudadyregion.com.co\/#\/schema\/person\/image\/\",\"url\":\"https:\/\/secure.gravatar.com\/avatar\/bc3c655860202182ee6d1b5edd042dbe?s=96&d=mm&r=g\",\"contentUrl\":\"https:\/\/secure.gravatar.com\/avatar\/bc3c655860202182ee6d1b5edd042dbe?s=96&d=mm&r=g\",\"caption\":\"David Andr\u00e9s Aguirre\"},\"url\":\"https:\/\/ciudadyregion.com.co\/index.php\/author\/diegoaguirre\/\"}]}<\/script>\n<!-- \/ Yoast SEO plugin. -->","yoast_head_json":{"title":"Se reconciliaron: Regres\u00f3 el patrocinador del Deportes Tolima, Tapa Roja - Ciudad y Region","robots":{"index":"index","follow":"follow","max-snippet":"max-snippet:-1","max-image-preview":"max-image-preview:large","max-video-preview":"max-video-preview:-1"},"canonical":"https:\/\/ciudadyregion.com.co\/index.php\/se-reconciliaron-regreso-el-patrocinador-del-deportes-tolima-tapa-roja\/regional\/","og_locale":"es_ES","og_type":"article","og_title":"Se reconciliaron: Regres\u00f3 el patrocinador del Deportes Tolima, Tapa Roja - Ciudad y Region","og_description":"La uni\u00f3n de dos s\u00edmbolos de nuestra tierra se hace m\u00e1s fuerte y nos confirma que vamos por la ruta ganadora, desde Murillo la gobernadora Adriana Magali Matiz le confirm\u00f3 a los tolimenses que la F\u00e1brica de Licores sigue como desde hace 15 siendo patrocinador de nuestro Vinotinto y Oro.Continuar Leyendo","og_url":"https:\/\/ciudadyregion.com.co\/index.php\/se-reconciliaron-regreso-el-patrocinador-del-deportes-tolima-tapa-roja\/regional\/","og_site_name":"Ciudad y Region","article_published_time":"2024-04-03T12:39:32+00:00","og_image":[{"width":800,"height":445,"url":"https:\/\/ciudadyregion.com.co\/wp-content\/uploads\/2024\/04\/1-3.jpg","type":"image\/jpeg"}],"author":"David Andr\u00e9s Aguirre","twitter_card":"summary_large_image","twitter_misc":{"Escrito por":"David Andr\u00e9s Aguirre","Tiempo de lectura":"2 minutos"},"schema":{"@context":"https:\/\/schema.org","@graph":[{"@type":"WebPage","@id":"https:\/\/ciudadyregion.com.co\/index.php\/se-reconciliaron-regreso-el-patrocinador-del-deportes-tolima-tapa-roja\/regional\/","url":"https:\/\/ciudadyregion.com.co\/index.php\/se-reconciliaron-regreso-el-patrocinador-del-deportes-tolima-tapa-roja\/regional\/","name":"Se reconciliaron: Regres\u00f3 el patrocinador del Deportes Tolima, Tapa Roja - Ciudad y Region","isPartOf":{"@id":"https:\/\/ciudadyregion.com.co\/#website"},"primaryImageOfPage":{"@id":"https:\/\/ciudadyregion.com.co\/index.php\/se-reconciliaron-regreso-el-patrocinador-del-deportes-tolima-tapa-roja\/regional\/#primaryimage"},"image":{"@id":"https:\/\/ciudadyregion.com.co\/index.php\/se-reconciliaron-regreso-el-patrocinador-del-deportes-tolima-tapa-roja\/regional\/#primaryimage"},"thumbnailUrl":"https:\/\/i0.wp.com\/ciudadyregion.com.co\/wp-content\/uploads\/2024\/04\/1-3.jpg?fit=800%2C445&ssl=1","datePublished":"2024-04-03T12:39:32+00:00","dateModified":"2024-04-03T12:39:32+00:00","author":{"@id":"https:\/\/ciudadyregion.com.co\/#\/schema\/person\/04a4954373ebc4051f46e8c65ff78622"},"breadcrumb":{"@id":"https:\/\/ciudadyregion.com.co\/index.php\/se-reconciliaron-regreso-el-patrocinador-del-deportes-tolima-tapa-roja\/regional\/#breadcrumb"},"inLanguage":"es","potentialAction":[{"@type":"ReadAction","target":["https:\/\/ciudadyregion.com.co\/index.php\/se-reconciliaron-regreso-el-patrocinador-del-deportes-tolima-tapa-roja\/regional\/"]}]},{"@type":"ImageObject","inLanguage":"es","@id":"https:\/\/ciudadyregion.com.co\/index.php\/se-reconciliaron-regreso-el-patrocinador-del-deportes-tolima-tapa-roja\/regional\/#primaryimage","url":"https:\/\/i0.wp.com\/ciudadyregion.com.co\/wp-content\/uploads\/2024\/04\/1-3.jpg?fit=800%2C445&ssl=1","contentUrl":"https:\/\/i0.wp.com\/ciudadyregion.com.co\/wp-content\/uploads\/2024\/04\/1-3.jpg?fit=800%2C445&ssl=1","width":800,"height":445},{"@type":"BreadcrumbList","@id":"https:\/\/ciudadyregion.com.co\/index.php\/se-reconciliaron-regreso-el-patrocinador-del-deportes-tolima-tapa-roja\/regional\/#breadcrumb","itemListElement":[{"@type":"ListItem","position":1,"name":"Portada","item":"https:\/\/ciudadyregion.com.co\/"},{"@type":"ListItem","position":2,"name":"Se reconciliaron: Regres\u00f3 el patrocinador del Deportes Tolima, Tapa Roja"}]},{"@type":"WebSite","@id":"https:\/\/ciudadyregion.com.co\/#website","url":"https:\/\/ciudadyregion.com.co\/","name":"Ciudad y Region","description":"","potentialAction":[{"@type":"SearchAction","target":{"@type":"EntryPoint","urlTemplate":"https:\/\/ciudadyregion.com.co\/?s={search_term_string}"},"query-input":{"@type":"PropertyValueSpecification","valueRequired":true,"valueName":"search_term_string"}}],"inLanguage":"es"},{"@type":"Person","@id":"https:\/\/ciudadyregion.com.co\/#\/schema\/person\/04a4954373ebc4051f46e8c65ff78622","name":"David Andr\u00e9s Aguirre","image":{"@type":"ImageObject","inLanguage":"es","@id":"https:\/\/ciudadyregion.com.co\/#\/schema\/person\/image\/","url":"https:\/\/secure.gravatar.com\/avatar\/bc3c655860202182ee6d1b5edd042dbe?s=96&d=mm&r=g","contentUrl":"https:\/\/secure.gravatar.com\/avatar\/bc3c655860202182ee6d1b5edd042dbe?s=96&d=mm&r=g","caption":"David Andr\u00e9s Aguirre"},"url":"https:\/\/ciudadyregion.com.co\/index.php\/author\/diegoaguirre\/"}]}},"jetpack_featured_media_url":"https:\/\/i0.wp.com\/ciudadyregion.com.co\/wp-content\/uploads\/2024\/04\/1-3.jpg?fit=800%2C445&ssl=1","jetpack_sharing_enabled":true,"jetpack_shortlink":"https:\/\/wp.me\/pbS7hh-2Rl","jetpack-related-posts":[],"_links":{"self":[{"href":"https:\/\/ciudadyregion.com.co\/index.php\/wp-json\/wp\/v2\/posts\/10995"}],"collection":[{"href":"https:\/\/ciudadyregion.com.co\/index.php\/wp-json\/wp\/v2\/posts"}],"about":[{"href":"https:\/\/ciudadyregion.com.co\/index.php\/wp-json\/wp\/v2\/types\/post"}],"author":[{"embeddable":true,"href":"https:\/\/ciudadyregion.com.co\/index.php\/wp-json\/wp\/v2\/users\/2"}],"replies":[{"embeddable":true,"href":"https:\/\/ciudadyregion.com.co\/index.php\/wp-json\/wp\/v2\/comments?post=10995"}],"version-history":[{"count":1,"href":"https:\/\/ciudadyregion.com.co\/index.php\/wp-json\/wp\/v2\/posts\/10995\/revisions"}],"predecessor-version":[{"id":10997,"href":"https:\/\/ciudadyregion.com.co\/index.php\/wp-json\/wp\/v2\/posts\/10995\/revisions\/10997"}],"wp:featuredmedia":[{"embeddable":true,"href":"https:\/\/ciudadyregion.com.co\/index.php\/wp-json\/wp\/v2\/media\/10996"}],"wp:attachment":[{"href":"https:\/\/ciudadyregion.com.co\/index.php\/wp-json\/wp\/v2\/media?parent=10995"}],"wp:term":[{"taxonomy":"category","embeddable":true,"href":"https:\/\/ciudadyregion.com.co\/index.php\/wp-json\/wp\/v2\/categories?post=10995"},{"taxonomy":"post_tag","embeddable":true,"href":"https:\/\/ciudadyregion.com.co\/index.php\/wp-json\/wp\/v2\/tags?post=10995"}],"curies":[{"name":"wp","href":"https:\/\/api.w.org\/{rel}","templated":true}]}}