{"id":10978,"date":"2024-04-03T04:30:53","date_gmt":"2024-04-03T09:30:53","guid":{"rendered":"https:\/\/ciudadyregion.com.co\/?p=10978"},"modified":"2024-04-02T12:31:40","modified_gmt":"2024-04-02T17:31:40","slug":"es-oficial-inicio-la-transicion-a-un-nuevo-modelo-de-salud-para-los-maestros-y-maestras-del-pais","status":"publish","type":"post","link":"https:\/\/ciudadyregion.com.co\/index.php\/es-oficial-inicio-la-transicion-a-un-nuevo-modelo-de-salud-para-los-maestros-y-maestras-del-pais\/nacional\/","title":{"rendered":"Es oficial: Inici\u00f3 la transici\u00f3n a un nuevo modelo de salud para los maestros y maestras del pa\u00eds"},"content":{"rendered":"<ul>\n<li><em>El nuevo esquema busca acabar con la deficiente atenci\u00f3n que han recibido por d\u00e9cadas los docentes y beneficiar\u00e1 a 818.960 afiliados al sistema de salud del magisterio.<\/em><\/li>\n<\/ul>\n<div><\/div>\n<div>El pasado viernes, el presidente Gustavo Petro Urrego anunci\u00f3 en su\u00a0<a href=\"https:\/\/x.com\/petrogustavo\/status\/1773786349289517182?s=20\" target=\"_blank\" rel=\"noopener\">cuenta de X\u200b<\/a>: \u201cComenzamos a construir el nuevo modelo de salud con las maestras y maestros de Colombia y sus familias\u201d, luego de que la Federaci\u00f3n Colombiana de Trabajadores de la Educaci\u00f3n (Fecode) aprob\u00f3 el proceso de construcci\u00f3n e implementaci\u00f3n del modelo para el magisterio colombiano.<\/div>\n<div><\/div>\n<div>De esta manera, asegur\u00f3 el jefe del Estado, se est\u00e1 acabando con \u201cla corrupci\u00f3n en el Fomag, pagando dos veces y media la capitaci\u00f3n que hoy pagan las EPS. El magisterio tiene una tasa de mortalidad infantil m\u00e1s alta que el promedio nacional\u201d.<\/div>\n<div><\/div>\n<div>Ayer, el Consejo Directivo del Fondo Nacional de Prestaciones Sociales del Magisterio (Fomag), conformado por los ministerios de Educaci\u00f3n, Trabajo y Hacienda, Fecode y la Fiduprevisora, anunci\u00f3 la aprobaci\u00f3n por unanimidad del acuerdo de creaci\u00f3n del esquema que beneficiar\u00e1 a 818.960 afiliados al sistema de salud del magisterio.<\/div>\n<div><\/div>\n<blockquote>\n<div>\u201cNosotros aceptamos el nuevo modelo de salud para los maestros y las maestras para ver si de una manera definitiva acabamos con la mala prestaci\u00f3n del servicio que nos vienen dando en los \u00faltimos 30 a\u00f1os. Eso busca el nuevo modelo\u201d, declar\u00f3 Luis Alfredo Grimaldo, tesorero de Fecode.<\/div>\n<\/blockquote>\n<div><\/div>\n<div>Gloria In\u00e9s Ram\u00edrez, ministra de Trabajo, calific\u00f3 de hist\u00f3rico el d\u00eda de la firma de este acuerdo, ya que permite poner en marcha, de forma inmediata y progresiva, el nuevo modelo de salud y seguridad en el trabajo para los maestros y maestras y sus familias.<\/div>\n<div><\/div>\n<h2>Dignificar la vida de los docentes y sus beneficiarios<\/h2>\n<div><\/div>\n<div>Georgina Arroyo, secretaria de Seguridad Social de Fecode, afirm\u00f3 que \u201cla Federaci\u00f3n ha aportado en la construcci\u00f3n de este modelo y por esto hoy reiteramos este compromiso con el magisterio colombiano\u201d.<\/div>\n<div><\/div>\n<div>El presidente de la Fiduprevisora, Jhon Mar\u00edn Barbosa, se\u00f1al\u00f3 que el modelo de salud est\u00e1 enfocado a la promoci\u00f3n y prevenci\u00f3n.<\/div>\n<div><\/div>\n<blockquote>\n<div>Por su parte, la ministra Educaci\u00f3n, Aurora Vergara Figueroa, concluy\u00f3 que \u201cesta apuesta con todas las personas que nos han acompa\u00f1ado de los diferentes ministerios, de Fecode y de las diferentes unidades de trabajo, demuestra que el Gobierno Nacional est\u00e1 cumpliendo con esta apuesta de dignificar la labor docente, de dignificar su vida y la de sus familias\u201d.<\/div>\n<\/blockquote>\n","protected":false},"excerpt":{"rendered":"<p>El nuevo esquema busca acabar con la deficiente atenci\u00f3n que han recibido por d\u00e9cadas los docentes y beneficiar\u00e1 a 818.960 afiliados al sistema de salud del magisterio. El pasado viernes, el presidente Gustavo Petro Urrego anunci\u00f3 en su\u00a0cuenta de X\u200b: \u201cComenzamos a construir el nuevo modelo de salud con las<span class=\"more-link\"><a href=\"https:\/\/ciudadyregion.com.co\/index.php\/es-oficial-inicio-la-transicion-a-un-nuevo-modelo-de-salud-para-los-maestros-y-maestras-del-pais\/nacional\/\">Continuar Leyendo<\/a><\/span><\/p>\n","protected":false},"author":2,"featured_media":10979,"comment_status":"open","ping_status":"open","sticky":false,"template":"","format":"standard","meta":{"_uf_show_specific_survey":0,"_uf_disable_surveys":false,"_jetpack_memberships_contains_paid_content":false,"footnotes":"","jetpack_publicize_message":"","jetpack_publicize_feature_enabled":true,"jetpack_social_post_already_shared":true,"jetpack_social_options":{"image_generator_settings":{"template":"highway","enabled":false},"version":2}},"categories":[23],"tags":[],"class_list":["entry","author-diegoaguirre","post-10978","post","type-post","status-publish","format-standard","has-post-thumbnail","category-nacional"],"jetpack_publicize_connections":[],"yoast_head":"<!-- This site is optimized with the Yoast SEO plugin v24.3 - https:\/\/yoast.com\/wordpress\/plugins\/seo\/ -->\n<title>Es oficial: Inici\u00f3 la transici\u00f3n a un nuevo modelo de salud para los maestros y maestras del pa\u00eds - Ciudad y Region<\/title>\n<meta name=\"robots\" content=\"index, follow, max-snippet:-1, max-image-preview:large, max-video-preview:-1\" \/>\n<link rel=\"canonical\" href=\"https:\/\/ciudadyregion.com.co\/index.php\/es-oficial-inicio-la-transicion-a-un-nuevo-modelo-de-salud-para-los-maestros-y-maestras-del-pais\/nacional\/\" \/>\n<meta property=\"og:locale\" content=\"es_ES\" \/>\n<meta property=\"og:type\" content=\"article\" \/>\n<meta property=\"og:title\" content=\"Es oficial: Inici\u00f3 la transici\u00f3n a un nuevo modelo de salud para los maestros y maestras del pa\u00eds - Ciudad y Region\" \/>\n<meta property=\"og:description\" content=\"El nuevo esquema busca acabar con la deficiente atenci\u00f3n que han recibido por d\u00e9cadas los docentes y beneficiar\u00e1 a 818.960 afiliados al sistema de salud del magisterio. El pasado viernes, el presidente Gustavo Petro Urrego anunci\u00f3 en su\u00a0cuenta de X\u200b: \u201cComenzamos a construir el nuevo modelo de salud con lasContinuar Leyendo\" \/>\n<meta property=\"og:url\" content=\"https:\/\/ciudadyregion.com.co\/index.php\/es-oficial-inicio-la-transicion-a-un-nuevo-modelo-de-salud-para-los-maestros-y-maestras-del-pais\/nacional\/\" \/>\n<meta property=\"og:site_name\" content=\"Ciudad y Region\" \/>\n<meta property=\"article:published_time\" content=\"2024-04-03T09:30:53+00:00\" \/>\n<meta property=\"article:modified_time\" content=\"2024-04-02T17:31:40+00:00\" \/>\n<meta property=\"og:image\" content=\"https:\/\/i0.wp.com\/ciudadyregion.com.co\/wp-content\/uploads\/2024\/04\/8-1-1.jpg?fit=800%2C445&ssl=1\" \/>\n\t<meta property=\"og:image:width\" content=\"800\" \/>\n\t<meta property=\"og:image:height\" content=\"445\" \/>\n\t<meta property=\"og:image:type\" content=\"image\/jpeg\" \/>\n<meta name=\"author\" content=\"David Andr\u00e9s Aguirre\" \/>\n<meta name=\"twitter:card\" content=\"summary_large_image\" \/>\n<meta name=\"twitter:label1\" content=\"Escrito por\" \/>\n\t<meta name=\"twitter:data1\" content=\"David Andr\u00e9s Aguirre\" \/>\n\t<meta name=\"twitter:label2\" content=\"Tiempo de lectura\" \/>\n\t<meta name=\"twitter:data2\" content=\"2 minutos\" \/>\n<script type=\"application\/ld+json\" class=\"yoast-schema-graph\">{\"@context\":\"https:\/\/schema.org\",\"@graph\":[{\"@type\":\"WebPage\",\"@id\":\"https:\/\/ciudadyregion.com.co\/index.php\/es-oficial-inicio-la-transicion-a-un-nuevo-modelo-de-salud-para-los-maestros-y-maestras-del-pais\/nacional\/\",\"url\":\"https:\/\/ciudadyregion.com.co\/index.php\/es-oficial-inicio-la-transicion-a-un-nuevo-modelo-de-salud-para-los-maestros-y-maestras-del-pais\/nacional\/\",\"name\":\"Es oficial: Inici\u00f3 la transici\u00f3n a un nuevo modelo de salud para los maestros y maestras del pa\u00eds - Ciudad y Region\",\"isPartOf\":{\"@id\":\"https:\/\/ciudadyregion.com.co\/#website\"},\"primaryImageOfPage\":{\"@id\":\"https:\/\/ciudadyregion.com.co\/index.php\/es-oficial-inicio-la-transicion-a-un-nuevo-modelo-de-salud-para-los-maestros-y-maestras-del-pais\/nacional\/#primaryimage\"},\"image\":{\"@id\":\"https:\/\/ciudadyregion.com.co\/index.php\/es-oficial-inicio-la-transicion-a-un-nuevo-modelo-de-salud-para-los-maestros-y-maestras-del-pais\/nacional\/#primaryimage\"},\"thumbnailUrl\":\"https:\/\/i0.wp.com\/ciudadyregion.com.co\/wp-content\/uploads\/2024\/04\/8-1-1.jpg?fit=800%2C445&ssl=1\",\"datePublished\":\"2024-04-03T09:30:53+00:00\",\"dateModified\":\"2024-04-02T17:31:40+00:00\",\"author\":{\"@id\":\"https:\/\/ciudadyregion.com.co\/#\/schema\/person\/04a4954373ebc4051f46e8c65ff78622\"},\"breadcrumb\":{\"@id\":\"https:\/\/ciudadyregion.com.co\/index.php\/es-oficial-inicio-la-transicion-a-un-nuevo-modelo-de-salud-para-los-maestros-y-maestras-del-pais\/nacional\/#breadcrumb\"},\"inLanguage\":\"es\",\"potentialAction\":[{\"@type\":\"ReadAction\",\"target\":[\"https:\/\/ciudadyregion.com.co\/index.php\/es-oficial-inicio-la-transicion-a-un-nuevo-modelo-de-salud-para-los-maestros-y-maestras-del-pais\/nacional\/\"]}]},{\"@type\":\"ImageObject\",\"inLanguage\":\"es\",\"@id\":\"https:\/\/ciudadyregion.com.co\/index.php\/es-oficial-inicio-la-transicion-a-un-nuevo-modelo-de-salud-para-los-maestros-y-maestras-del-pais\/nacional\/#primaryimage\",\"url\":\"https:\/\/i0.wp.com\/ciudadyregion.com.co\/wp-content\/uploads\/2024\/04\/8-1-1.jpg?fit=800%2C445&ssl=1\",\"contentUrl\":\"https:\/\/i0.wp.com\/ciudadyregion.com.co\/wp-content\/uploads\/2024\/04\/8-1-1.jpg?fit=800%2C445&ssl=1\",\"width\":800,\"height\":445},{\"@type\":\"BreadcrumbList\",\"@id\":\"https:\/\/ciudadyregion.com.co\/index.php\/es-oficial-inicio-la-transicion-a-un-nuevo-modelo-de-salud-para-los-maestros-y-maestras-del-pais\/nacional\/#breadcrumb\",\"itemListElement\":[{\"@type\":\"ListItem\",\"position\":1,\"name\":\"Portada\",\"item\":\"https:\/\/ciudadyregion.com.co\/\"},{\"@type\":\"ListItem\",\"position\":2,\"name\":\"Es oficial: Inici\u00f3 la transici\u00f3n a un nuevo modelo de salud para los maestros y maestras del pa\u00eds\"}]},{\"@type\":\"WebSite\",\"@id\":\"https:\/\/ciudadyregion.com.co\/#website\",\"url\":\"https:\/\/ciudadyregion.com.co\/\",\"name\":\"Ciudad y Region\",\"description\":\"\",\"potentialAction\":[{\"@type\":\"SearchAction\",\"target\":{\"@type\":\"EntryPoint\",\"urlTemplate\":\"https:\/\/ciudadyregion.com.co\/?s={search_term_string}\"},\"query-input\":{\"@type\":\"PropertyValueSpecification\",\"valueRequired\":true,\"valueName\":\"search_term_string\"}}],\"inLanguage\":\"es\"},{\"@type\":\"Person\",\"@id\":\"https:\/\/ciudadyregion.com.co\/#\/schema\/person\/04a4954373ebc4051f46e8c65ff78622\",\"name\":\"David Andr\u00e9s Aguirre\",\"image\":{\"@type\":\"ImageObject\",\"inLanguage\":\"es\",\"@id\":\"https:\/\/ciudadyregion.com.co\/#\/schema\/person\/image\/\",\"url\":\"https:\/\/secure.gravatar.com\/avatar\/bc3c655860202182ee6d1b5edd042dbe?s=96&d=mm&r=g\",\"contentUrl\":\"https:\/\/secure.gravatar.com\/avatar\/bc3c655860202182ee6d1b5edd042dbe?s=96&d=mm&r=g\",\"caption\":\"David Andr\u00e9s Aguirre\"},\"url\":\"https:\/\/ciudadyregion.com.co\/index.php\/author\/diegoaguirre\/\"}]}<\/script>\n<!-- \/ Yoast SEO plugin. -->","yoast_head_json":{"title":"Es oficial: Inici\u00f3 la transici\u00f3n a un nuevo modelo de salud para los maestros y maestras del pa\u00eds - Ciudad y Region","robots":{"index":"index","follow":"follow","max-snippet":"max-snippet:-1","max-image-preview":"max-image-preview:large","max-video-preview":"max-video-preview:-1"},"canonical":"https:\/\/ciudadyregion.com.co\/index.php\/es-oficial-inicio-la-transicion-a-un-nuevo-modelo-de-salud-para-los-maestros-y-maestras-del-pais\/nacional\/","og_locale":"es_ES","og_type":"article","og_title":"Es oficial: Inici\u00f3 la transici\u00f3n a un nuevo modelo de salud para los maestros y maestras del pa\u00eds - Ciudad y Region","og_description":"El nuevo esquema busca acabar con la deficiente atenci\u00f3n que han recibido por d\u00e9cadas los docentes y beneficiar\u00e1 a 818.960 afiliados al sistema de salud del magisterio. El pasado viernes, el presidente Gustavo Petro Urrego anunci\u00f3 en su\u00a0cuenta de X\u200b: \u201cComenzamos a construir el nuevo modelo de salud con lasContinuar Leyendo","og_url":"https:\/\/ciudadyregion.com.co\/index.php\/es-oficial-inicio-la-transicion-a-un-nuevo-modelo-de-salud-para-los-maestros-y-maestras-del-pais\/nacional\/","og_site_name":"Ciudad y Region","article_published_time":"2024-04-03T09:30:53+00:00","article_modified_time":"2024-04-02T17:31:40+00:00","og_image":[{"width":800,"height":445,"url":"https:\/\/i0.wp.com\/ciudadyregion.com.co\/wp-content\/uploads\/2024\/04\/8-1-1.jpg?fit=800%2C445&ssl=1","type":"image\/jpeg"}],"author":"David Andr\u00e9s Aguirre","twitter_card":"summary_large_image","twitter_misc":{"Escrito por":"David Andr\u00e9s Aguirre","Tiempo de lectura":"2 minutos"},"schema":{"@context":"https:\/\/schema.org","@graph":[{"@type":"WebPage","@id":"https:\/\/ciudadyregion.com.co\/index.php\/es-oficial-inicio-la-transicion-a-un-nuevo-modelo-de-salud-para-los-maestros-y-maestras-del-pais\/nacional\/","url":"https:\/\/ciudadyregion.com.co\/index.php\/es-oficial-inicio-la-transicion-a-un-nuevo-modelo-de-salud-para-los-maestros-y-maestras-del-pais\/nacional\/","name":"Es oficial: Inici\u00f3 la transici\u00f3n a un nuevo modelo de salud para los maestros y maestras del pa\u00eds - Ciudad y Region","isPartOf":{"@id":"https:\/\/ciudadyregion.com.co\/#website"},"primaryImageOfPage":{"@id":"https:\/\/ciudadyregion.com.co\/index.php\/es-oficial-inicio-la-transicion-a-un-nuevo-modelo-de-salud-para-los-maestros-y-maestras-del-pais\/nacional\/#primaryimage"},"image":{"@id":"https:\/\/ciudadyregion.com.co\/index.php\/es-oficial-inicio-la-transicion-a-un-nuevo-modelo-de-salud-para-los-maestros-y-maestras-del-pais\/nacional\/#primaryimage"},"thumbnailUrl":"https:\/\/i0.wp.com\/ciudadyregion.com.co\/wp-content\/uploads\/2024\/04\/8-1-1.jpg?fit=800%2C445&ssl=1","datePublished":"2024-04-03T09:30:53+00:00","dateModified":"2024-04-02T17:31:40+00:00","author":{"@id":"https:\/\/ciudadyregion.com.co\/#\/schema\/person\/04a4954373ebc4051f46e8c65ff78622"},"breadcrumb":{"@id":"https:\/\/ciudadyregion.com.co\/index.php\/es-oficial-inicio-la-transicion-a-un-nuevo-modelo-de-salud-para-los-maestros-y-maestras-del-pais\/nacional\/#breadcrumb"},"inLanguage":"es","potentialAction":[{"@type":"ReadAction","target":["https:\/\/ciudadyregion.com.co\/index.php\/es-oficial-inicio-la-transicion-a-un-nuevo-modelo-de-salud-para-los-maestros-y-maestras-del-pais\/nacional\/"]}]},{"@type":"ImageObject","inLanguage":"es","@id":"https:\/\/ciudadyregion.com.co\/index.php\/es-oficial-inicio-la-transicion-a-un-nuevo-modelo-de-salud-para-los-maestros-y-maestras-del-pais\/nacional\/#primaryimage","url":"https:\/\/i0.wp.com\/ciudadyregion.com.co\/wp-content\/uploads\/2024\/04\/8-1-1.jpg?fit=800%2C445&ssl=1","contentUrl":"https:\/\/i0.wp.com\/ciudadyregion.com.co\/wp-content\/uploads\/2024\/04\/8-1-1.jpg?fit=800%2C445&ssl=1","width":800,"height":445},{"@type":"BreadcrumbList","@id":"https:\/\/ciudadyregion.com.co\/index.php\/es-oficial-inicio-la-transicion-a-un-nuevo-modelo-de-salud-para-los-maestros-y-maestras-del-pais\/nacional\/#breadcrumb","itemListElement":[{"@type":"ListItem","position":1,"name":"Portada","item":"https:\/\/ciudadyregion.com.co\/"},{"@type":"ListItem","position":2,"name":"Es oficial: Inici\u00f3 la transici\u00f3n a un nuevo modelo de salud para los maestros y maestras del pa\u00eds"}]},{"@type":"WebSite","@id":"https:\/\/ciudadyregion.com.co\/#website","url":"https:\/\/ciudadyregion.com.co\/","name":"Ciudad y Region","description":"","potentialAction":[{"@type":"SearchAction","target":{"@type":"EntryPoint","urlTemplate":"https:\/\/ciudadyregion.com.co\/?s={search_term_string}"},"query-input":{"@type":"PropertyValueSpecification","valueRequired":true,"valueName":"search_term_string"}}],"inLanguage":"es"},{"@type":"Person","@id":"https:\/\/ciudadyregion.com.co\/#\/schema\/person\/04a4954373ebc4051f46e8c65ff78622","name":"David Andr\u00e9s Aguirre","image":{"@type":"ImageObject","inLanguage":"es","@id":"https:\/\/ciudadyregion.com.co\/#\/schema\/person\/image\/","url":"https:\/\/secure.gravatar.com\/avatar\/bc3c655860202182ee6d1b5edd042dbe?s=96&d=mm&r=g","contentUrl":"https:\/\/secure.gravatar.com\/avatar\/bc3c655860202182ee6d1b5edd042dbe?s=96&d=mm&r=g","caption":"David Andr\u00e9s Aguirre"},"url":"https:\/\/ciudadyregion.com.co\/index.php\/author\/diegoaguirre\/"}]}},"jetpack_featured_media_url":"https:\/\/i0.wp.com\/ciudadyregion.com.co\/wp-content\/uploads\/2024\/04\/8-1-1.jpg?fit=800%2C445&ssl=1","jetpack_sharing_enabled":true,"jetpack_shortlink":"https:\/\/wp.me\/pbS7hh-2R4","jetpack-related-posts":[],"_links":{"self":[{"href":"https:\/\/ciudadyregion.com.co\/index.php\/wp-json\/wp\/v2\/posts\/10978"}],"collection":[{"href":"https:\/\/ciudadyregion.com.co\/index.php\/wp-json\/wp\/v2\/posts"}],"about":[{"href":"https:\/\/ciudadyregion.com.co\/index.php\/wp-json\/wp\/v2\/types\/post"}],"author":[{"embeddable":true,"href":"https:\/\/ciudadyregion.com.co\/index.php\/wp-json\/wp\/v2\/users\/2"}],"replies":[{"embeddable":true,"href":"https:\/\/ciudadyregion.com.co\/index.php\/wp-json\/wp\/v2\/comments?post=10978"}],"version-history":[{"count":1,"href":"https:\/\/ciudadyregion.com.co\/index.php\/wp-json\/wp\/v2\/posts\/10978\/revisions"}],"predecessor-version":[{"id":10980,"href":"https:\/\/ciudadyregion.com.co\/index.php\/wp-json\/wp\/v2\/posts\/10978\/revisions\/10980"}],"wp:featuredmedia":[{"embeddable":true,"href":"https:\/\/ciudadyregion.com.co\/index.php\/wp-json\/wp\/v2\/media\/10979"}],"wp:attachment":[{"href":"https:\/\/ciudadyregion.com.co\/index.php\/wp-json\/wp\/v2\/media?parent=10978"}],"wp:term":[{"taxonomy":"category","embeddable":true,"href":"https:\/\/ciudadyregion.com.co\/index.php\/wp-json\/wp\/v2\/categories?post=10978"},{"taxonomy":"post_tag","embeddable":true,"href":"https:\/\/ciudadyregion.com.co\/index.php\/wp-json\/wp\/v2\/tags?post=10978"}],"curies":[{"name":"wp","href":"https:\/\/api.w.org\/{rel}","templated":true}]}}