{"id":10975,"date":"2024-04-03T04:28:03","date_gmt":"2024-04-03T09:28:03","guid":{"rendered":"https:\/\/ciudadyregion.com.co\/?p=10975"},"modified":"2024-04-02T12:28:31","modified_gmt":"2024-04-02T17:28:31","slug":"siguen-participando-los-menores-en-delitos-medida-de-internamiento-contra-una-joven-por-participar-en-un-homicidio-en-florencia-caqueta","status":"publish","type":"post","link":"https:\/\/ciudadyregion.com.co\/index.php\/siguen-participando-los-menores-en-delitos-medida-de-internamiento-contra-una-joven-por-participar-en-un-homicidio-en-florencia-caqueta\/judicial\/","title":{"rendered":"Siguen participando los menores en delitos: Medida de internamiento contra una joven por participar en un homicidio en Florencia (Caquet\u00e1)"},"content":{"rendered":"<ul>\n<li><em>Los hechos ocurrieron en el a\u00f1o 2021 en el polideportivo del Barrio Tovar Zambrano de la ciudad cuando la v\u00edctima fue atacada por dos personas entre ellas una joven de 15 a\u00f1os de edad.<\/em><\/li>\n<\/ul>\n<p>El fiscal adscrito a la Unidad de Responsabilidad Penal para Adolescentes -Urpa- de Caquet\u00e1, imput\u00f3 cargos y logr\u00f3 medida de internamiento preventiva contra una joven por el delito de homicidio agravado cometido contra Jarber Mauricio Gasca Medina el 5 de julio del a\u00f1o 2021, con arma blanca.<\/p>\n<p>La menor infractora fue aprehendida en cumplimiento a la orden judicial que pesaba en su contra por unidades de la Polic\u00eda Judicial Especializada de Infancia y Adolescencia en la ciudad de Florencia.<\/p>\n<p>La joven es investigada por presuntamente haber participado con otra persona en estos hechos que ocurrieron en el polideportivo del barrio Tovar Zambrano de la ciudad, cuando ella en compa\u00f1\u00eda de otra persona, atacar\u00eda a la v\u00edctima ocasion\u00e1ndole cinco heridas de gravedad que desencadenaron en su muerte.<\/p>\n<p>Se tiene informaci\u00f3n que da cuenta que la adolescente de 15 a\u00f1os y quien la acompa\u00f1aba, lo agredieron con un cuchillo y un machete. Una persona que estaba con la v\u00edctima trat\u00f3 de defenderlo ya que tambi\u00e9n ten\u00eda un machete consigo, pero sus esfuerzos fueron en vano.<\/p>\n<p>La procesada que acept\u00f3 su responsabilidad frente a los hechos imputados dada la solidez de la investigaci\u00f3n adelantada, cumplir\u00e1 su medida en el Centro de Internamiento Preventivo, Alcanzando Sue\u00f1os de Florencia por un t\u00e9rmino de 4 meses, per\u00edodo en el cual un juez adscrito a la -Urpa- le impondr\u00e1 una sanci\u00f3n que puede ir de 2 a 8 a\u00f1os.<\/p>\n","protected":false},"excerpt":{"rendered":"<p>Los hechos ocurrieron en el a\u00f1o 2021 en el polideportivo del Barrio Tovar Zambrano de la ciudad cuando la v\u00edctima fue atacada por dos personas entre ellas una joven de 15 a\u00f1os de edad. El fiscal adscrito a la Unidad de Responsabilidad Penal para Adolescentes -Urpa- de Caquet\u00e1, imput\u00f3 cargos<span class=\"more-link\"><a href=\"https:\/\/ciudadyregion.com.co\/index.php\/siguen-participando-los-menores-en-delitos-medida-de-internamiento-contra-una-joven-por-participar-en-un-homicidio-en-florencia-caqueta\/judicial\/\">Continuar Leyendo<\/a><\/span><\/p>\n","protected":false},"author":2,"featured_media":10976,"comment_status":"open","ping_status":"open","sticky":false,"template":"","format":"standard","meta":{"_uf_show_specific_survey":0,"_uf_disable_surveys":false,"_jetpack_memberships_contains_paid_content":false,"footnotes":"","jetpack_publicize_message":"","jetpack_publicize_feature_enabled":true,"jetpack_social_post_already_shared":true,"jetpack_social_options":{"image_generator_settings":{"template":"highway","enabled":false},"version":2}},"categories":[18],"tags":[],"class_list":["entry","author-diegoaguirre","post-10975","post","type-post","status-publish","format-standard","has-post-thumbnail","category-judicial"],"jetpack_publicize_connections":[],"yoast_head":"<!-- This site is optimized with the Yoast SEO plugin v24.3 - https:\/\/yoast.com\/wordpress\/plugins\/seo\/ -->\n<title>Siguen participando los menores en delitos: Medida de internamiento contra una joven por participar en un homicidio en Florencia (Caquet\u00e1) - Ciudad y Region<\/title>\n<meta name=\"robots\" content=\"index, follow, max-snippet:-1, max-image-preview:large, max-video-preview:-1\" \/>\n<link rel=\"canonical\" href=\"https:\/\/ciudadyregion.com.co\/index.php\/siguen-participando-los-menores-en-delitos-medida-de-internamiento-contra-una-joven-por-participar-en-un-homicidio-en-florencia-caqueta\/judicial\/\" \/>\n<meta property=\"og:locale\" content=\"es_ES\" \/>\n<meta property=\"og:type\" content=\"article\" \/>\n<meta property=\"og:title\" content=\"Siguen participando los menores en delitos: Medida de internamiento contra una joven por participar en un homicidio en Florencia (Caquet\u00e1) - Ciudad y Region\" \/>\n<meta property=\"og:description\" content=\"Los hechos ocurrieron en el a\u00f1o 2021 en el polideportivo del Barrio Tovar Zambrano de la ciudad cuando la v\u00edctima fue atacada por dos personas entre ellas una joven de 15 a\u00f1os de edad. El fiscal adscrito a la Unidad de Responsabilidad Penal para Adolescentes -Urpa- de Caquet\u00e1, imput\u00f3 cargosContinuar Leyendo\" \/>\n<meta property=\"og:url\" content=\"https:\/\/ciudadyregion.com.co\/index.php\/siguen-participando-los-menores-en-delitos-medida-de-internamiento-contra-una-joven-por-participar-en-un-homicidio-en-florencia-caqueta\/judicial\/\" \/>\n<meta property=\"og:site_name\" content=\"Ciudad y Region\" \/>\n<meta property=\"article:published_time\" content=\"2024-04-03T09:28:03+00:00\" \/>\n<meta property=\"article:modified_time\" content=\"2024-04-02T17:28:31+00:00\" \/>\n<meta property=\"og:image\" content=\"https:\/\/i0.wp.com\/ciudadyregion.com.co\/wp-content\/uploads\/2024\/04\/asesino-muerte-disparos-arma-homicidio.jpg?fit=800%2C445&ssl=1\" \/>\n\t<meta property=\"og:image:width\" content=\"800\" \/>\n\t<meta property=\"og:image:height\" content=\"445\" \/>\n\t<meta property=\"og:image:type\" content=\"image\/jpeg\" \/>\n<meta name=\"author\" content=\"David Andr\u00e9s Aguirre\" \/>\n<meta name=\"twitter:card\" content=\"summary_large_image\" \/>\n<meta name=\"twitter:label1\" content=\"Escrito por\" \/>\n\t<meta name=\"twitter:data1\" content=\"David Andr\u00e9s Aguirre\" \/>\n\t<meta name=\"twitter:label2\" content=\"Tiempo de lectura\" \/>\n\t<meta name=\"twitter:data2\" content=\"2 minutos\" \/>\n<script type=\"application\/ld+json\" class=\"yoast-schema-graph\">{\"@context\":\"https:\/\/schema.org\",\"@graph\":[{\"@type\":\"WebPage\",\"@id\":\"https:\/\/ciudadyregion.com.co\/index.php\/siguen-participando-los-menores-en-delitos-medida-de-internamiento-contra-una-joven-por-participar-en-un-homicidio-en-florencia-caqueta\/judicial\/\",\"url\":\"https:\/\/ciudadyregion.com.co\/index.php\/siguen-participando-los-menores-en-delitos-medida-de-internamiento-contra-una-joven-por-participar-en-un-homicidio-en-florencia-caqueta\/judicial\/\",\"name\":\"Siguen participando los menores en delitos: Medida de internamiento contra una joven por participar en un homicidio en Florencia (Caquet\u00e1) - Ciudad y Region\",\"isPartOf\":{\"@id\":\"https:\/\/ciudadyregion.com.co\/#website\"},\"primaryImageOfPage\":{\"@id\":\"https:\/\/ciudadyregion.com.co\/index.php\/siguen-participando-los-menores-en-delitos-medida-de-internamiento-contra-una-joven-por-participar-en-un-homicidio-en-florencia-caqueta\/judicial\/#primaryimage\"},\"image\":{\"@id\":\"https:\/\/ciudadyregion.com.co\/index.php\/siguen-participando-los-menores-en-delitos-medida-de-internamiento-contra-una-joven-por-participar-en-un-homicidio-en-florencia-caqueta\/judicial\/#primaryimage\"},\"thumbnailUrl\":\"https:\/\/i0.wp.com\/ciudadyregion.com.co\/wp-content\/uploads\/2024\/04\/asesino-muerte-disparos-arma-homicidio.jpg?fit=800%2C445&ssl=1\",\"datePublished\":\"2024-04-03T09:28:03+00:00\",\"dateModified\":\"2024-04-02T17:28:31+00:00\",\"author\":{\"@id\":\"https:\/\/ciudadyregion.com.co\/#\/schema\/person\/04a4954373ebc4051f46e8c65ff78622\"},\"breadcrumb\":{\"@id\":\"https:\/\/ciudadyregion.com.co\/index.php\/siguen-participando-los-menores-en-delitos-medida-de-internamiento-contra-una-joven-por-participar-en-un-homicidio-en-florencia-caqueta\/judicial\/#breadcrumb\"},\"inLanguage\":\"es\",\"potentialAction\":[{\"@type\":\"ReadAction\",\"target\":[\"https:\/\/ciudadyregion.com.co\/index.php\/siguen-participando-los-menores-en-delitos-medida-de-internamiento-contra-una-joven-por-participar-en-un-homicidio-en-florencia-caqueta\/judicial\/\"]}]},{\"@type\":\"ImageObject\",\"inLanguage\":\"es\",\"@id\":\"https:\/\/ciudadyregion.com.co\/index.php\/siguen-participando-los-menores-en-delitos-medida-de-internamiento-contra-una-joven-por-participar-en-un-homicidio-en-florencia-caqueta\/judicial\/#primaryimage\",\"url\":\"https:\/\/i0.wp.com\/ciudadyregion.com.co\/wp-content\/uploads\/2024\/04\/asesino-muerte-disparos-arma-homicidio.jpg?fit=800%2C445&ssl=1\",\"contentUrl\":\"https:\/\/i0.wp.com\/ciudadyregion.com.co\/wp-content\/uploads\/2024\/04\/asesino-muerte-disparos-arma-homicidio.jpg?fit=800%2C445&ssl=1\",\"width\":800,\"height\":445},{\"@type\":\"BreadcrumbList\",\"@id\":\"https:\/\/ciudadyregion.com.co\/index.php\/siguen-participando-los-menores-en-delitos-medida-de-internamiento-contra-una-joven-por-participar-en-un-homicidio-en-florencia-caqueta\/judicial\/#breadcrumb\",\"itemListElement\":[{\"@type\":\"ListItem\",\"position\":1,\"name\":\"Portada\",\"item\":\"https:\/\/ciudadyregion.com.co\/\"},{\"@type\":\"ListItem\",\"position\":2,\"name\":\"Siguen participando los menores en delitos: Medida de internamiento contra una joven por participar en un homicidio en Florencia (Caquet\u00e1)\"}]},{\"@type\":\"WebSite\",\"@id\":\"https:\/\/ciudadyregion.com.co\/#website\",\"url\":\"https:\/\/ciudadyregion.com.co\/\",\"name\":\"Ciudad y Region\",\"description\":\"\",\"potentialAction\":[{\"@type\":\"SearchAction\",\"target\":{\"@type\":\"EntryPoint\",\"urlTemplate\":\"https:\/\/ciudadyregion.com.co\/?s={search_term_string}\"},\"query-input\":{\"@type\":\"PropertyValueSpecification\",\"valueRequired\":true,\"valueName\":\"search_term_string\"}}],\"inLanguage\":\"es\"},{\"@type\":\"Person\",\"@id\":\"https:\/\/ciudadyregion.com.co\/#\/schema\/person\/04a4954373ebc4051f46e8c65ff78622\",\"name\":\"David Andr\u00e9s Aguirre\",\"image\":{\"@type\":\"ImageObject\",\"inLanguage\":\"es\",\"@id\":\"https:\/\/ciudadyregion.com.co\/#\/schema\/person\/image\/\",\"url\":\"https:\/\/secure.gravatar.com\/avatar\/bc3c655860202182ee6d1b5edd042dbe?s=96&d=mm&r=g\",\"contentUrl\":\"https:\/\/secure.gravatar.com\/avatar\/bc3c655860202182ee6d1b5edd042dbe?s=96&d=mm&r=g\",\"caption\":\"David Andr\u00e9s Aguirre\"},\"url\":\"https:\/\/ciudadyregion.com.co\/index.php\/author\/diegoaguirre\/\"}]}<\/script>\n<!-- \/ Yoast SEO plugin. -->","yoast_head_json":{"title":"Siguen participando los menores en delitos: Medida de internamiento contra una joven por participar en un homicidio en Florencia (Caquet\u00e1) - Ciudad y Region","robots":{"index":"index","follow":"follow","max-snippet":"max-snippet:-1","max-image-preview":"max-image-preview:large","max-video-preview":"max-video-preview:-1"},"canonical":"https:\/\/ciudadyregion.com.co\/index.php\/siguen-participando-los-menores-en-delitos-medida-de-internamiento-contra-una-joven-por-participar-en-un-homicidio-en-florencia-caqueta\/judicial\/","og_locale":"es_ES","og_type":"article","og_title":"Siguen participando los menores en delitos: Medida de internamiento contra una joven por participar en un homicidio en Florencia (Caquet\u00e1) - Ciudad y Region","og_description":"Los hechos ocurrieron en el a\u00f1o 2021 en el polideportivo del Barrio Tovar Zambrano de la ciudad cuando la v\u00edctima fue atacada por dos personas entre ellas una joven de 15 a\u00f1os de edad. El fiscal adscrito a la Unidad de Responsabilidad Penal para Adolescentes -Urpa- de Caquet\u00e1, imput\u00f3 cargosContinuar Leyendo","og_url":"https:\/\/ciudadyregion.com.co\/index.php\/siguen-participando-los-menores-en-delitos-medida-de-internamiento-contra-una-joven-por-participar-en-un-homicidio-en-florencia-caqueta\/judicial\/","og_site_name":"Ciudad y Region","article_published_time":"2024-04-03T09:28:03+00:00","article_modified_time":"2024-04-02T17:28:31+00:00","og_image":[{"width":800,"height":445,"url":"https:\/\/i0.wp.com\/ciudadyregion.com.co\/wp-content\/uploads\/2024\/04\/asesino-muerte-disparos-arma-homicidio.jpg?fit=800%2C445&ssl=1","type":"image\/jpeg"}],"author":"David Andr\u00e9s Aguirre","twitter_card":"summary_large_image","twitter_misc":{"Escrito por":"David Andr\u00e9s Aguirre","Tiempo de lectura":"2 minutos"},"schema":{"@context":"https:\/\/schema.org","@graph":[{"@type":"WebPage","@id":"https:\/\/ciudadyregion.com.co\/index.php\/siguen-participando-los-menores-en-delitos-medida-de-internamiento-contra-una-joven-por-participar-en-un-homicidio-en-florencia-caqueta\/judicial\/","url":"https:\/\/ciudadyregion.com.co\/index.php\/siguen-participando-los-menores-en-delitos-medida-de-internamiento-contra-una-joven-por-participar-en-un-homicidio-en-florencia-caqueta\/judicial\/","name":"Siguen participando los menores en delitos: Medida de internamiento contra una joven por participar en un homicidio en Florencia (Caquet\u00e1) - Ciudad y Region","isPartOf":{"@id":"https:\/\/ciudadyregion.com.co\/#website"},"primaryImageOfPage":{"@id":"https:\/\/ciudadyregion.com.co\/index.php\/siguen-participando-los-menores-en-delitos-medida-de-internamiento-contra-una-joven-por-participar-en-un-homicidio-en-florencia-caqueta\/judicial\/#primaryimage"},"image":{"@id":"https:\/\/ciudadyregion.com.co\/index.php\/siguen-participando-los-menores-en-delitos-medida-de-internamiento-contra-una-joven-por-participar-en-un-homicidio-en-florencia-caqueta\/judicial\/#primaryimage"},"thumbnailUrl":"https:\/\/i0.wp.com\/ciudadyregion.com.co\/wp-content\/uploads\/2024\/04\/asesino-muerte-disparos-arma-homicidio.jpg?fit=800%2C445&ssl=1","datePublished":"2024-04-03T09:28:03+00:00","dateModified":"2024-04-02T17:28:31+00:00","author":{"@id":"https:\/\/ciudadyregion.com.co\/#\/schema\/person\/04a4954373ebc4051f46e8c65ff78622"},"breadcrumb":{"@id":"https:\/\/ciudadyregion.com.co\/index.php\/siguen-participando-los-menores-en-delitos-medida-de-internamiento-contra-una-joven-por-participar-en-un-homicidio-en-florencia-caqueta\/judicial\/#breadcrumb"},"inLanguage":"es","potentialAction":[{"@type":"ReadAction","target":["https:\/\/ciudadyregion.com.co\/index.php\/siguen-participando-los-menores-en-delitos-medida-de-internamiento-contra-una-joven-por-participar-en-un-homicidio-en-florencia-caqueta\/judicial\/"]}]},{"@type":"ImageObject","inLanguage":"es","@id":"https:\/\/ciudadyregion.com.co\/index.php\/siguen-participando-los-menores-en-delitos-medida-de-internamiento-contra-una-joven-por-participar-en-un-homicidio-en-florencia-caqueta\/judicial\/#primaryimage","url":"https:\/\/i0.wp.com\/ciudadyregion.com.co\/wp-content\/uploads\/2024\/04\/asesino-muerte-disparos-arma-homicidio.jpg?fit=800%2C445&ssl=1","contentUrl":"https:\/\/i0.wp.com\/ciudadyregion.com.co\/wp-content\/uploads\/2024\/04\/asesino-muerte-disparos-arma-homicidio.jpg?fit=800%2C445&ssl=1","width":800,"height":445},{"@type":"BreadcrumbList","@id":"https:\/\/ciudadyregion.com.co\/index.php\/siguen-participando-los-menores-en-delitos-medida-de-internamiento-contra-una-joven-por-participar-en-un-homicidio-en-florencia-caqueta\/judicial\/#breadcrumb","itemListElement":[{"@type":"ListItem","position":1,"name":"Portada","item":"https:\/\/ciudadyregion.com.co\/"},{"@type":"ListItem","position":2,"name":"Siguen participando los menores en delitos: Medida de internamiento contra una joven por participar en un homicidio en Florencia (Caquet\u00e1)"}]},{"@type":"WebSite","@id":"https:\/\/ciudadyregion.com.co\/#website","url":"https:\/\/ciudadyregion.com.co\/","name":"Ciudad y Region","description":"","potentialAction":[{"@type":"SearchAction","target":{"@type":"EntryPoint","urlTemplate":"https:\/\/ciudadyregion.com.co\/?s={search_term_string}"},"query-input":{"@type":"PropertyValueSpecification","valueRequired":true,"valueName":"search_term_string"}}],"inLanguage":"es"},{"@type":"Person","@id":"https:\/\/ciudadyregion.com.co\/#\/schema\/person\/04a4954373ebc4051f46e8c65ff78622","name":"David Andr\u00e9s Aguirre","image":{"@type":"ImageObject","inLanguage":"es","@id":"https:\/\/ciudadyregion.com.co\/#\/schema\/person\/image\/","url":"https:\/\/secure.gravatar.com\/avatar\/bc3c655860202182ee6d1b5edd042dbe?s=96&d=mm&r=g","contentUrl":"https:\/\/secure.gravatar.com\/avatar\/bc3c655860202182ee6d1b5edd042dbe?s=96&d=mm&r=g","caption":"David Andr\u00e9s Aguirre"},"url":"https:\/\/ciudadyregion.com.co\/index.php\/author\/diegoaguirre\/"}]}},"jetpack_featured_media_url":"https:\/\/i0.wp.com\/ciudadyregion.com.co\/wp-content\/uploads\/2024\/04\/asesino-muerte-disparos-arma-homicidio.jpg?fit=800%2C445&ssl=1","jetpack_sharing_enabled":true,"jetpack_shortlink":"https:\/\/wp.me\/pbS7hh-2R1","jetpack-related-posts":[],"_links":{"self":[{"href":"https:\/\/ciudadyregion.com.co\/index.php\/wp-json\/wp\/v2\/posts\/10975"}],"collection":[{"href":"https:\/\/ciudadyregion.com.co\/index.php\/wp-json\/wp\/v2\/posts"}],"about":[{"href":"https:\/\/ciudadyregion.com.co\/index.php\/wp-json\/wp\/v2\/types\/post"}],"author":[{"embeddable":true,"href":"https:\/\/ciudadyregion.com.co\/index.php\/wp-json\/wp\/v2\/users\/2"}],"replies":[{"embeddable":true,"href":"https:\/\/ciudadyregion.com.co\/index.php\/wp-json\/wp\/v2\/comments?post=10975"}],"version-history":[{"count":1,"href":"https:\/\/ciudadyregion.com.co\/index.php\/wp-json\/wp\/v2\/posts\/10975\/revisions"}],"predecessor-version":[{"id":10977,"href":"https:\/\/ciudadyregion.com.co\/index.php\/wp-json\/wp\/v2\/posts\/10975\/revisions\/10977"}],"wp:featuredmedia":[{"embeddable":true,"href":"https:\/\/ciudadyregion.com.co\/index.php\/wp-json\/wp\/v2\/media\/10976"}],"wp:attachment":[{"href":"https:\/\/ciudadyregion.com.co\/index.php\/wp-json\/wp\/v2\/media?parent=10975"}],"wp:term":[{"taxonomy":"category","embeddable":true,"href":"https:\/\/ciudadyregion.com.co\/index.php\/wp-json\/wp\/v2\/categories?post=10975"},{"taxonomy":"post_tag","embeddable":true,"href":"https:\/\/ciudadyregion.com.co\/index.php\/wp-json\/wp\/v2\/tags?post=10975"}],"curies":[{"name":"wp","href":"https:\/\/api.w.org\/{rel}","templated":true}]}}