{"id":10972,"date":"2024-04-03T04:22:14","date_gmt":"2024-04-03T09:22:14","guid":{"rendered":"https:\/\/ciudadyregion.com.co\/?p=10972"},"modified":"2024-04-02T12:22:54","modified_gmt":"2024-04-02T17:22:54","slug":"prision-para-2-hombres-que-secuestraron-hurtaron-y-extorsionaron-a-un-dj-en-meta","status":"publish","type":"post","link":"https:\/\/ciudadyregion.com.co\/index.php\/prision-para-2-hombres-que-secuestraron-hurtaron-y-extorsionaron-a-un-dj-en-meta\/judicial\/","title":{"rendered":"Prisi\u00f3n para 2 hombres que secuestraron, hurtaron y extorsionaron a un DJ en Meta"},"content":{"rendered":"<ul>\n<li><em>Los detenidos, que se identificaron como integrantes de las disidencias de las Farc, golpearon y amenazaron a la v\u00edctima con matarlo a \u00e9l y a su familia si no entregaba el dinero exigido.<\/em><\/li>\n<\/ul>\n<p>Por solicitud de un fiscal de la Estructura de Apoyo, un juez envi\u00f3 a la c\u00e1rcel a Neiver Fernando Roncancio Zapata, de 45 a\u00f1os, y a Willinton Gamboa Waitoto, de 23, como presuntos responsables de despojar de dinero y pertenencias a un mezclador de m\u00fasica (DJ), quien fue falsamente contratado.<\/p>\n<p>Los hechos se presentaron en enero de 2023, en \u00e1rea rural del sur oriente de Villavicencio (Meta).<\/p>\n<p>Seg\u00fan la investigaci\u00f3n, el15 de diciembre de 2022 la v\u00edctima fue contratada para una presentaci\u00f3n en la ciudad de Villavicencio, a donde viaj\u00f3 el 7 de enero de 2023 desde Cali a Bogot\u00e1, donde fue recogido por Gamboa Waitoto, quien lo transport\u00f3 a la capital del Meta.<\/p>\n<p>Posteriormente, en una finca de la vereda La Cecilia, a donde fue llevado por los dos detenidos, que luego se identificaron como integrantes de las disidencias de las Farc, lo habr\u00edan golpeado, amarrado e intimidado para que transfiriera dinero de sus cuentas bancarias.<\/p>\n<p>Igualmente, mediante amenazas de muerte de su esposa e hijo, los procesados presuntamente obligaron a la v\u00edctima a llamar a otras personas para conseguir m\u00e1s m\u00e1s dinero, al tiempo que lo despojaban de sus equipos de trabajo y sus dem\u00e1s pertenencias.<\/p>\n<p>Luego de estar retenido por espacio de siete horas, aproximadamente, fue dejado en libertad.<\/p>\n<p>Como la v\u00edctima logr\u00f3 bloquear algunas de las transacciones sigui\u00f3 recibiendo llamadas telef\u00f3nicas intimidantes contra su vida y la de su familia.<\/p>\n<p>Mediante orden judicial Roncancio Zapata y Gamboa Waitoto fueron capturados el 20 y el 27 de marzo, respectivamente, en un barrio de Cali y en la Isla Juanchaco de Buenaventura (Valle) por investigadores del CTI de la Fiscal\u00eda Meta, Polic\u00eda, Ej\u00e9rcito y la Armada.<\/p>\n<p>La Fiscal\u00eda imput\u00f3 cargos a los capturados por los delitos de secuestro extorsivo, extorsi\u00f3n agravada y hurto calificado y agravado, los cuales no fueron aceptados.<\/p>\n","protected":false},"excerpt":{"rendered":"<p>Los detenidos, que se identificaron como integrantes de las disidencias de las Farc, golpearon y amenazaron a la v\u00edctima con matarlo a \u00e9l y a su familia si no entregaba el dinero exigido. Por solicitud de un fiscal de la Estructura de Apoyo, un juez envi\u00f3 a la c\u00e1rcel a<span class=\"more-link\"><a href=\"https:\/\/ciudadyregion.com.co\/index.php\/prision-para-2-hombres-que-secuestraron-hurtaron-y-extorsionaron-a-un-dj-en-meta\/judicial\/\">Continuar Leyendo<\/a><\/span><\/p>\n","protected":false},"author":2,"featured_media":10973,"comment_status":"open","ping_status":"open","sticky":false,"template":"","format":"standard","meta":{"_uf_show_specific_survey":0,"_uf_disable_surveys":false,"_jetpack_memberships_contains_paid_content":false,"footnotes":"","jetpack_publicize_message":"","jetpack_publicize_feature_enabled":true,"jetpack_social_post_already_shared":true,"jetpack_social_options":{"image_generator_settings":{"template":"highway","enabled":false},"version":2}},"categories":[18],"tags":[],"class_list":["entry","author-diegoaguirre","post-10972","post","type-post","status-publish","format-standard","has-post-thumbnail","category-judicial"],"jetpack_publicize_connections":[],"yoast_head":"<!-- This site is optimized with the Yoast SEO plugin v24.3 - https:\/\/yoast.com\/wordpress\/plugins\/seo\/ -->\n<title>Prisi\u00f3n para 2 hombres que secuestraron, hurtaron y extorsionaron a un DJ en Meta - Ciudad y Region<\/title>\n<meta name=\"robots\" content=\"index, follow, max-snippet:-1, max-image-preview:large, max-video-preview:-1\" \/>\n<link rel=\"canonical\" href=\"https:\/\/ciudadyregion.com.co\/index.php\/prision-para-2-hombres-que-secuestraron-hurtaron-y-extorsionaron-a-un-dj-en-meta\/judicial\/\" \/>\n<meta property=\"og:locale\" content=\"es_ES\" \/>\n<meta property=\"og:type\" content=\"article\" \/>\n<meta property=\"og:title\" content=\"Prisi\u00f3n para 2 hombres que secuestraron, hurtaron y extorsionaron a un DJ en Meta - Ciudad y Region\" \/>\n<meta property=\"og:description\" content=\"Los detenidos, que se identificaron como integrantes de las disidencias de las Farc, golpearon y amenazaron a la v\u00edctima con matarlo a \u00e9l y a su familia si no entregaba el dinero exigido. Por solicitud de un fiscal de la Estructura de Apoyo, un juez envi\u00f3 a la c\u00e1rcel aContinuar Leyendo\" \/>\n<meta property=\"og:url\" content=\"https:\/\/ciudadyregion.com.co\/index.php\/prision-para-2-hombres-que-secuestraron-hurtaron-y-extorsionaron-a-un-dj-en-meta\/judicial\/\" \/>\n<meta property=\"og:site_name\" content=\"Ciudad y Region\" \/>\n<meta property=\"article:published_time\" content=\"2024-04-03T09:22:14+00:00\" \/>\n<meta property=\"article:modified_time\" content=\"2024-04-02T17:22:54+00:00\" \/>\n<meta property=\"og:image\" content=\"https:\/\/i0.wp.com\/ciudadyregion.com.co\/wp-content\/uploads\/2024\/04\/7.jpg?fit=800%2C445&ssl=1\" \/>\n\t<meta property=\"og:image:width\" content=\"800\" \/>\n\t<meta property=\"og:image:height\" content=\"445\" \/>\n\t<meta property=\"og:image:type\" content=\"image\/jpeg\" \/>\n<meta name=\"author\" content=\"David Andr\u00e9s Aguirre\" \/>\n<meta name=\"twitter:card\" content=\"summary_large_image\" \/>\n<meta name=\"twitter:label1\" content=\"Escrito por\" \/>\n\t<meta name=\"twitter:data1\" content=\"David Andr\u00e9s Aguirre\" \/>\n\t<meta name=\"twitter:label2\" content=\"Tiempo de lectura\" \/>\n\t<meta name=\"twitter:data2\" content=\"2 minutos\" \/>\n<script type=\"application\/ld+json\" class=\"yoast-schema-graph\">{\"@context\":\"https:\/\/schema.org\",\"@graph\":[{\"@type\":\"WebPage\",\"@id\":\"https:\/\/ciudadyregion.com.co\/index.php\/prision-para-2-hombres-que-secuestraron-hurtaron-y-extorsionaron-a-un-dj-en-meta\/judicial\/\",\"url\":\"https:\/\/ciudadyregion.com.co\/index.php\/prision-para-2-hombres-que-secuestraron-hurtaron-y-extorsionaron-a-un-dj-en-meta\/judicial\/\",\"name\":\"Prisi\u00f3n para 2 hombres que secuestraron, hurtaron y extorsionaron a un DJ en Meta - Ciudad y Region\",\"isPartOf\":{\"@id\":\"https:\/\/ciudadyregion.com.co\/#website\"},\"primaryImageOfPage\":{\"@id\":\"https:\/\/ciudadyregion.com.co\/index.php\/prision-para-2-hombres-que-secuestraron-hurtaron-y-extorsionaron-a-un-dj-en-meta\/judicial\/#primaryimage\"},\"image\":{\"@id\":\"https:\/\/ciudadyregion.com.co\/index.php\/prision-para-2-hombres-que-secuestraron-hurtaron-y-extorsionaron-a-un-dj-en-meta\/judicial\/#primaryimage\"},\"thumbnailUrl\":\"https:\/\/i0.wp.com\/ciudadyregion.com.co\/wp-content\/uploads\/2024\/04\/7.jpg?fit=800%2C445&ssl=1\",\"datePublished\":\"2024-04-03T09:22:14+00:00\",\"dateModified\":\"2024-04-02T17:22:54+00:00\",\"author\":{\"@id\":\"https:\/\/ciudadyregion.com.co\/#\/schema\/person\/04a4954373ebc4051f46e8c65ff78622\"},\"breadcrumb\":{\"@id\":\"https:\/\/ciudadyregion.com.co\/index.php\/prision-para-2-hombres-que-secuestraron-hurtaron-y-extorsionaron-a-un-dj-en-meta\/judicial\/#breadcrumb\"},\"inLanguage\":\"es\",\"potentialAction\":[{\"@type\":\"ReadAction\",\"target\":[\"https:\/\/ciudadyregion.com.co\/index.php\/prision-para-2-hombres-que-secuestraron-hurtaron-y-extorsionaron-a-un-dj-en-meta\/judicial\/\"]}]},{\"@type\":\"ImageObject\",\"inLanguage\":\"es\",\"@id\":\"https:\/\/ciudadyregion.com.co\/index.php\/prision-para-2-hombres-que-secuestraron-hurtaron-y-extorsionaron-a-un-dj-en-meta\/judicial\/#primaryimage\",\"url\":\"https:\/\/i0.wp.com\/ciudadyregion.com.co\/wp-content\/uploads\/2024\/04\/7.jpg?fit=800%2C445&ssl=1\",\"contentUrl\":\"https:\/\/i0.wp.com\/ciudadyregion.com.co\/wp-content\/uploads\/2024\/04\/7.jpg?fit=800%2C445&ssl=1\",\"width\":800,\"height\":445},{\"@type\":\"BreadcrumbList\",\"@id\":\"https:\/\/ciudadyregion.com.co\/index.php\/prision-para-2-hombres-que-secuestraron-hurtaron-y-extorsionaron-a-un-dj-en-meta\/judicial\/#breadcrumb\",\"itemListElement\":[{\"@type\":\"ListItem\",\"position\":1,\"name\":\"Portada\",\"item\":\"https:\/\/ciudadyregion.com.co\/\"},{\"@type\":\"ListItem\",\"position\":2,\"name\":\"Prisi\u00f3n para 2 hombres que secuestraron, hurtaron y extorsionaron a un DJ en Meta\"}]},{\"@type\":\"WebSite\",\"@id\":\"https:\/\/ciudadyregion.com.co\/#website\",\"url\":\"https:\/\/ciudadyregion.com.co\/\",\"name\":\"Ciudad y Region\",\"description\":\"\",\"potentialAction\":[{\"@type\":\"SearchAction\",\"target\":{\"@type\":\"EntryPoint\",\"urlTemplate\":\"https:\/\/ciudadyregion.com.co\/?s={search_term_string}\"},\"query-input\":{\"@type\":\"PropertyValueSpecification\",\"valueRequired\":true,\"valueName\":\"search_term_string\"}}],\"inLanguage\":\"es\"},{\"@type\":\"Person\",\"@id\":\"https:\/\/ciudadyregion.com.co\/#\/schema\/person\/04a4954373ebc4051f46e8c65ff78622\",\"name\":\"David Andr\u00e9s Aguirre\",\"image\":{\"@type\":\"ImageObject\",\"inLanguage\":\"es\",\"@id\":\"https:\/\/ciudadyregion.com.co\/#\/schema\/person\/image\/\",\"url\":\"https:\/\/secure.gravatar.com\/avatar\/bc3c655860202182ee6d1b5edd042dbe?s=96&d=mm&r=g\",\"contentUrl\":\"https:\/\/secure.gravatar.com\/avatar\/bc3c655860202182ee6d1b5edd042dbe?s=96&d=mm&r=g\",\"caption\":\"David Andr\u00e9s Aguirre\"},\"url\":\"https:\/\/ciudadyregion.com.co\/index.php\/author\/diegoaguirre\/\"}]}<\/script>\n<!-- \/ Yoast SEO plugin. -->","yoast_head_json":{"title":"Prisi\u00f3n para 2 hombres que secuestraron, hurtaron y extorsionaron a un DJ en Meta - Ciudad y Region","robots":{"index":"index","follow":"follow","max-snippet":"max-snippet:-1","max-image-preview":"max-image-preview:large","max-video-preview":"max-video-preview:-1"},"canonical":"https:\/\/ciudadyregion.com.co\/index.php\/prision-para-2-hombres-que-secuestraron-hurtaron-y-extorsionaron-a-un-dj-en-meta\/judicial\/","og_locale":"es_ES","og_type":"article","og_title":"Prisi\u00f3n para 2 hombres que secuestraron, hurtaron y extorsionaron a un DJ en Meta - Ciudad y Region","og_description":"Los detenidos, que se identificaron como integrantes de las disidencias de las Farc, golpearon y amenazaron a la v\u00edctima con matarlo a \u00e9l y a su familia si no entregaba el dinero exigido. Por solicitud de un fiscal de la Estructura de Apoyo, un juez envi\u00f3 a la c\u00e1rcel aContinuar Leyendo","og_url":"https:\/\/ciudadyregion.com.co\/index.php\/prision-para-2-hombres-que-secuestraron-hurtaron-y-extorsionaron-a-un-dj-en-meta\/judicial\/","og_site_name":"Ciudad y Region","article_published_time":"2024-04-03T09:22:14+00:00","article_modified_time":"2024-04-02T17:22:54+00:00","og_image":[{"width":800,"height":445,"url":"https:\/\/i0.wp.com\/ciudadyregion.com.co\/wp-content\/uploads\/2024\/04\/7.jpg?fit=800%2C445&ssl=1","type":"image\/jpeg"}],"author":"David Andr\u00e9s Aguirre","twitter_card":"summary_large_image","twitter_misc":{"Escrito por":"David Andr\u00e9s Aguirre","Tiempo de lectura":"2 minutos"},"schema":{"@context":"https:\/\/schema.org","@graph":[{"@type":"WebPage","@id":"https:\/\/ciudadyregion.com.co\/index.php\/prision-para-2-hombres-que-secuestraron-hurtaron-y-extorsionaron-a-un-dj-en-meta\/judicial\/","url":"https:\/\/ciudadyregion.com.co\/index.php\/prision-para-2-hombres-que-secuestraron-hurtaron-y-extorsionaron-a-un-dj-en-meta\/judicial\/","name":"Prisi\u00f3n para 2 hombres que secuestraron, hurtaron y extorsionaron a un DJ en Meta - Ciudad y Region","isPartOf":{"@id":"https:\/\/ciudadyregion.com.co\/#website"},"primaryImageOfPage":{"@id":"https:\/\/ciudadyregion.com.co\/index.php\/prision-para-2-hombres-que-secuestraron-hurtaron-y-extorsionaron-a-un-dj-en-meta\/judicial\/#primaryimage"},"image":{"@id":"https:\/\/ciudadyregion.com.co\/index.php\/prision-para-2-hombres-que-secuestraron-hurtaron-y-extorsionaron-a-un-dj-en-meta\/judicial\/#primaryimage"},"thumbnailUrl":"https:\/\/i0.wp.com\/ciudadyregion.com.co\/wp-content\/uploads\/2024\/04\/7.jpg?fit=800%2C445&ssl=1","datePublished":"2024-04-03T09:22:14+00:00","dateModified":"2024-04-02T17:22:54+00:00","author":{"@id":"https:\/\/ciudadyregion.com.co\/#\/schema\/person\/04a4954373ebc4051f46e8c65ff78622"},"breadcrumb":{"@id":"https:\/\/ciudadyregion.com.co\/index.php\/prision-para-2-hombres-que-secuestraron-hurtaron-y-extorsionaron-a-un-dj-en-meta\/judicial\/#breadcrumb"},"inLanguage":"es","potentialAction":[{"@type":"ReadAction","target":["https:\/\/ciudadyregion.com.co\/index.php\/prision-para-2-hombres-que-secuestraron-hurtaron-y-extorsionaron-a-un-dj-en-meta\/judicial\/"]}]},{"@type":"ImageObject","inLanguage":"es","@id":"https:\/\/ciudadyregion.com.co\/index.php\/prision-para-2-hombres-que-secuestraron-hurtaron-y-extorsionaron-a-un-dj-en-meta\/judicial\/#primaryimage","url":"https:\/\/i0.wp.com\/ciudadyregion.com.co\/wp-content\/uploads\/2024\/04\/7.jpg?fit=800%2C445&ssl=1","contentUrl":"https:\/\/i0.wp.com\/ciudadyregion.com.co\/wp-content\/uploads\/2024\/04\/7.jpg?fit=800%2C445&ssl=1","width":800,"height":445},{"@type":"BreadcrumbList","@id":"https:\/\/ciudadyregion.com.co\/index.php\/prision-para-2-hombres-que-secuestraron-hurtaron-y-extorsionaron-a-un-dj-en-meta\/judicial\/#breadcrumb","itemListElement":[{"@type":"ListItem","position":1,"name":"Portada","item":"https:\/\/ciudadyregion.com.co\/"},{"@type":"ListItem","position":2,"name":"Prisi\u00f3n para 2 hombres que secuestraron, hurtaron y extorsionaron a un DJ en Meta"}]},{"@type":"WebSite","@id":"https:\/\/ciudadyregion.com.co\/#website","url":"https:\/\/ciudadyregion.com.co\/","name":"Ciudad y Region","description":"","potentialAction":[{"@type":"SearchAction","target":{"@type":"EntryPoint","urlTemplate":"https:\/\/ciudadyregion.com.co\/?s={search_term_string}"},"query-input":{"@type":"PropertyValueSpecification","valueRequired":true,"valueName":"search_term_string"}}],"inLanguage":"es"},{"@type":"Person","@id":"https:\/\/ciudadyregion.com.co\/#\/schema\/person\/04a4954373ebc4051f46e8c65ff78622","name":"David Andr\u00e9s Aguirre","image":{"@type":"ImageObject","inLanguage":"es","@id":"https:\/\/ciudadyregion.com.co\/#\/schema\/person\/image\/","url":"https:\/\/secure.gravatar.com\/avatar\/bc3c655860202182ee6d1b5edd042dbe?s=96&d=mm&r=g","contentUrl":"https:\/\/secure.gravatar.com\/avatar\/bc3c655860202182ee6d1b5edd042dbe?s=96&d=mm&r=g","caption":"David Andr\u00e9s Aguirre"},"url":"https:\/\/ciudadyregion.com.co\/index.php\/author\/diegoaguirre\/"}]}},"jetpack_featured_media_url":"https:\/\/i0.wp.com\/ciudadyregion.com.co\/wp-content\/uploads\/2024\/04\/7.jpg?fit=800%2C445&ssl=1","jetpack_sharing_enabled":true,"jetpack_shortlink":"https:\/\/wp.me\/pbS7hh-2QY","jetpack-related-posts":[],"_links":{"self":[{"href":"https:\/\/ciudadyregion.com.co\/index.php\/wp-json\/wp\/v2\/posts\/10972"}],"collection":[{"href":"https:\/\/ciudadyregion.com.co\/index.php\/wp-json\/wp\/v2\/posts"}],"about":[{"href":"https:\/\/ciudadyregion.com.co\/index.php\/wp-json\/wp\/v2\/types\/post"}],"author":[{"embeddable":true,"href":"https:\/\/ciudadyregion.com.co\/index.php\/wp-json\/wp\/v2\/users\/2"}],"replies":[{"embeddable":true,"href":"https:\/\/ciudadyregion.com.co\/index.php\/wp-json\/wp\/v2\/comments?post=10972"}],"version-history":[{"count":1,"href":"https:\/\/ciudadyregion.com.co\/index.php\/wp-json\/wp\/v2\/posts\/10972\/revisions"}],"predecessor-version":[{"id":10974,"href":"https:\/\/ciudadyregion.com.co\/index.php\/wp-json\/wp\/v2\/posts\/10972\/revisions\/10974"}],"wp:featuredmedia":[{"embeddable":true,"href":"https:\/\/ciudadyregion.com.co\/index.php\/wp-json\/wp\/v2\/media\/10973"}],"wp:attachment":[{"href":"https:\/\/ciudadyregion.com.co\/index.php\/wp-json\/wp\/v2\/media?parent=10972"}],"wp:term":[{"taxonomy":"category","embeddable":true,"href":"https:\/\/ciudadyregion.com.co\/index.php\/wp-json\/wp\/v2\/categories?post=10972"},{"taxonomy":"post_tag","embeddable":true,"href":"https:\/\/ciudadyregion.com.co\/index.php\/wp-json\/wp\/v2\/tags?post=10972"}],"curies":[{"name":"wp","href":"https:\/\/api.w.org\/{rel}","templated":true}]}}