{"id":10967,"date":"2024-04-03T04:16:32","date_gmt":"2024-04-03T09:16:32","guid":{"rendered":"https:\/\/ciudadyregion.com.co\/?p=10967"},"modified":"2024-04-02T12:18:44","modified_gmt":"2024-04-02T17:18:44","slug":"17-personas-a-la-carcel-por-ser-presuntos-integrantes-de-los-raros-y-los-del-clan-por-microtrafico-en-cali","status":"publish","type":"post","link":"https:\/\/ciudadyregion.com.co\/index.php\/17-personas-a-la-carcel-por-ser-presuntos-integrantes-de-los-raros-y-los-del-clan-por-microtrafico-en-cali\/judicial\/","title":{"rendered":"17 Personas a la c\u00e1rcel por ser presuntos integrantes de \u2018Los Raros\u2019 y \u2018Los del Clan\u2019 por microtr\u00e1fico en Cali"},"content":{"rendered":"<p>La Fiscal\u00eda General de la Naci\u00f3n logr\u00f3 que jueces de control de garant\u00edas enviaran a la c\u00e1rcel a 17 presuntos integrantes de los grupos delincuenciales organizados \u2018Los Raros\u2019 y \u2018Los del Clan\u2019, como presuntos implicados en el tr\u00e1fico de sustancias estupefacientes en los barrios Desepaz y La Isla de Cali (Valle del Cauca).<\/p>\n<p>En el caso de \u2018Los Raros\u2019, fueron judicializados 10 presuntos integrantes, capturados con orden judicial durante siete diligencias de registro y allanamiento realizadas el pasado 26 de marzo, en el barrio Desepaz de esta ciudad. Ellos son: Eblin Zuleima Manyoma, Jhonny Yerley Garc\u00e9s Banguera, Ruth Stella Renter\u00eda, Nazly Renter\u00eda Truque, Yeisinio Torres G\u00f3mez, Harold Alfonso Valencia, Jaime Micolta Quino\u00f1es, Pedro Manuel L\u00f3pez Perea, Marleny Hurtado Calzada y Jairo Yamir Borja.<\/p>\n<p>De acuerdo con la investigaci\u00f3n, \u2018Los Raros\u2019, estar\u00edan dedicados, desde noviembre de 2023 y hasta la fecha, a la comercializaci\u00f3n de marihuana y clorhidrato de coca\u00edna base, utilizando algunos predios para la venta a domicilio, siendo contactados a trav\u00e9s de llamadas telef\u00f3nicas.<\/p>\n<p>En las acciones, las autoridades incautaron clorhidrato de coca\u00edna y una pistola.<\/p>\n<p>La Fiscal\u00eda le imput\u00f3 a los capturados, desde su participaci\u00f3n, los delitos de concierto para delinquir por darse para tr\u00e1fico de estupefacientes; fabricaci\u00f3n, tr\u00e1fico o porte de estupefacientes; destinaci\u00f3n il\u00edcita de inmueble y porte ilegal de armas de fuego.<\/p>\n<p><img data-recalc-dims=\"1\" loading=\"lazy\" decoding=\"async\" class=\"alignnone wp-image-10968 size-full\" src=\"https:\/\/i0.wp.com\/ciudadyregion.com.co\/wp-content\/uploads\/2024\/04\/Los-Raros.-Concierto-estupefacientes-y-otros.-Cali-Valle-647x420-1.jpg?resize=647%2C420&#038;ssl=1\" alt=\"\" width=\"647\" height=\"420\" srcset=\"https:\/\/i0.wp.com\/ciudadyregion.com.co\/wp-content\/uploads\/2024\/04\/Los-Raros.-Concierto-estupefacientes-y-otros.-Cali-Valle-647x420-1.jpg?w=647&amp;ssl=1 647w, https:\/\/i0.wp.com\/ciudadyregion.com.co\/wp-content\/uploads\/2024\/04\/Los-Raros.-Concierto-estupefacientes-y-otros.-Cali-Valle-647x420-1.jpg?resize=300%2C195&amp;ssl=1 300w, https:\/\/i0.wp.com\/ciudadyregion.com.co\/wp-content\/uploads\/2024\/04\/Los-Raros.-Concierto-estupefacientes-y-otros.-Cali-Valle-647x420-1.jpg?resize=465%2C302&amp;ssl=1 465w\" sizes=\"(max-width: 647px) 100vw, 647px\" \/><\/p>\n<p><img data-recalc-dims=\"1\" loading=\"lazy\" decoding=\"async\" class=\"alignnone wp-image-10969 size-full\" src=\"https:\/\/i0.wp.com\/ciudadyregion.com.co\/wp-content\/uploads\/2024\/04\/Los-del-Clan.-Concierto-y-estupefacientes.-Cali-Valle-696x547-1.jpg?resize=696%2C547&#038;ssl=1\" alt=\"\" width=\"696\" height=\"547\" srcset=\"https:\/\/i0.wp.com\/ciudadyregion.com.co\/wp-content\/uploads\/2024\/04\/Los-del-Clan.-Concierto-y-estupefacientes.-Cali-Valle-696x547-1.jpg?w=696&amp;ssl=1 696w, https:\/\/i0.wp.com\/ciudadyregion.com.co\/wp-content\/uploads\/2024\/04\/Los-del-Clan.-Concierto-y-estupefacientes.-Cali-Valle-696x547-1.jpg?resize=300%2C236&amp;ssl=1 300w, https:\/\/i0.wp.com\/ciudadyregion.com.co\/wp-content\/uploads\/2024\/04\/Los-del-Clan.-Concierto-y-estupefacientes.-Cali-Valle-696x547-1.jpg?resize=465%2C365&amp;ssl=1 465w, https:\/\/i0.wp.com\/ciudadyregion.com.co\/wp-content\/uploads\/2024\/04\/Los-del-Clan.-Concierto-y-estupefacientes.-Cali-Valle-696x547-1.jpg?resize=636%2C500&amp;ssl=1 636w\" sizes=\"(max-width: 696px) 100vw, 696px\" \/><\/p>\n<p><strong>Traficaban en un polideportivo<\/strong><\/p>\n<p>Con el mismo objetivo de desarticular estructuras dedicadas al tr\u00e1fico de estupefacientes que afectan la seguridad ciudadana, la Fiscal\u00eda judicializ\u00f3 a siete presuntos integrantes de \u2018Los del Clan\u2019, dedicados a la comercializaci\u00f3n y venta de narc\u00f3ticos dentro de un polideportivo ubicado en el barrio La Isla, de la capital vallecaucana.<\/p>\n<p>Las labores de polic\u00eda judicial, adelantadas por personal de la Sijin de la Polic\u00eda Nacional Mecal le permitieron a la Fiscal\u00eda establecer que \u2018Los del Clan\u2019 vienen delinquiendo desde diciembre de 2023 a la fecha.<\/p>\n<p>Durante 14 diligencias de registro y allanamiento se materializaron las siete \u00f3rdenes de captura contra Vladimir Guzm\u00e1n, Juli\u00e1n Navia, Gregorio Marcano, Jeffry Corredor, V\u00edctor Valencia, Wilmer Fl\u00f3rez y Paola Perdomo.<\/p>\n<p>Las autoridades incautaron 2.592,8 gramos de marihuana, una bolsa con 45,6 gramos de coca\u00edna, dinero en efectivo, dos tel\u00e9fonos celulares, dos c\u00e9dulas de ciudadan\u00eda, una gramera y tres m\u00e1quinas para fabricar cigarrillos.<\/p>\n<p>La Fiscal\u00eda les imput\u00f3 a los capturados los delitos de concierto para delinquir y fabricaci\u00f3n, tr\u00e1fico o porte de estupefacientes. Jeffry Corredor acept\u00f3 los cargos.<\/p>\n<p>En ambos casos los jueces decidieron que los 17 presuntos integrantes de estas dos estructuras delincuenciales deben cumplir la medida de aseguramiento en centros carcelarios.<\/p>\n","protected":false},"excerpt":{"rendered":"<p>La Fiscal\u00eda General de la Naci\u00f3n logr\u00f3 que jueces de control de garant\u00edas enviaran a la c\u00e1rcel a 17 presuntos integrantes de los grupos delincuenciales organizados \u2018Los Raros\u2019 y \u2018Los del Clan\u2019, como presuntos implicados en el tr\u00e1fico de sustancias estupefacientes en los barrios Desepaz y La Isla de Cali<span class=\"more-link\"><a href=\"https:\/\/ciudadyregion.com.co\/index.php\/17-personas-a-la-carcel-por-ser-presuntos-integrantes-de-los-raros-y-los-del-clan-por-microtrafico-en-cali\/judicial\/\">Continuar Leyendo<\/a><\/span><\/p>\n","protected":false},"author":2,"featured_media":10970,"comment_status":"open","ping_status":"open","sticky":false,"template":"","format":"standard","meta":{"_uf_show_specific_survey":0,"_uf_disable_surveys":false,"_jetpack_memberships_contains_paid_content":false,"footnotes":"","jetpack_publicize_message":"","jetpack_publicize_feature_enabled":true,"jetpack_social_post_already_shared":true,"jetpack_social_options":{"image_generator_settings":{"template":"highway","enabled":false},"version":2}},"categories":[18],"tags":[],"class_list":["entry","author-diegoaguirre","post-10967","post","type-post","status-publish","format-standard","has-post-thumbnail","category-judicial"],"jetpack_publicize_connections":[],"yoast_head":"<!-- This site is optimized with the Yoast SEO plugin v24.3 - https:\/\/yoast.com\/wordpress\/plugins\/seo\/ -->\n<title>17 Personas a la c\u00e1rcel por ser presuntos integrantes de \u2018Los Raros\u2019 y \u2018Los del Clan\u2019 por microtr\u00e1fico en Cali - Ciudad y Region<\/title>\n<meta name=\"robots\" content=\"index, follow, max-snippet:-1, max-image-preview:large, max-video-preview:-1\" \/>\n<link rel=\"canonical\" href=\"https:\/\/ciudadyregion.com.co\/index.php\/17-personas-a-la-carcel-por-ser-presuntos-integrantes-de-los-raros-y-los-del-clan-por-microtrafico-en-cali\/judicial\/\" \/>\n<meta property=\"og:locale\" content=\"es_ES\" \/>\n<meta property=\"og:type\" content=\"article\" \/>\n<meta property=\"og:title\" content=\"17 Personas a la c\u00e1rcel por ser presuntos integrantes de \u2018Los Raros\u2019 y \u2018Los del Clan\u2019 por microtr\u00e1fico en Cali - Ciudad y Region\" \/>\n<meta property=\"og:description\" content=\"La Fiscal\u00eda General de la Naci\u00f3n logr\u00f3 que jueces de control de garant\u00edas enviaran a la c\u00e1rcel a 17 presuntos integrantes de los grupos delincuenciales organizados \u2018Los Raros\u2019 y \u2018Los del Clan\u2019, como presuntos implicados en el tr\u00e1fico de sustancias estupefacientes en los barrios Desepaz y La Isla de CaliContinuar Leyendo\" \/>\n<meta property=\"og:url\" content=\"https:\/\/ciudadyregion.com.co\/index.php\/17-personas-a-la-carcel-por-ser-presuntos-integrantes-de-los-raros-y-los-del-clan-por-microtrafico-en-cali\/judicial\/\" \/>\n<meta property=\"og:site_name\" content=\"Ciudad y Region\" \/>\n<meta property=\"article:published_time\" content=\"2024-04-03T09:16:32+00:00\" \/>\n<meta property=\"article:modified_time\" content=\"2024-04-02T17:18:44+00:00\" \/>\n<meta property=\"og:image\" content=\"https:\/\/i0.wp.com\/ciudadyregion.com.co\/wp-content\/uploads\/2024\/04\/6-1-1.jpg?fit=800%2C445&ssl=1\" \/>\n\t<meta property=\"og:image:width\" content=\"800\" \/>\n\t<meta property=\"og:image:height\" content=\"445\" \/>\n\t<meta property=\"og:image:type\" content=\"image\/jpeg\" \/>\n<meta name=\"author\" content=\"David Andr\u00e9s Aguirre\" \/>\n<meta name=\"twitter:card\" content=\"summary_large_image\" \/>\n<meta name=\"twitter:label1\" content=\"Escrito por\" \/>\n\t<meta name=\"twitter:data1\" content=\"David Andr\u00e9s Aguirre\" \/>\n\t<meta name=\"twitter:label2\" content=\"Tiempo de lectura\" \/>\n\t<meta name=\"twitter:data2\" content=\"3 minutos\" \/>\n<script type=\"application\/ld+json\" class=\"yoast-schema-graph\">{\"@context\":\"https:\/\/schema.org\",\"@graph\":[{\"@type\":\"WebPage\",\"@id\":\"https:\/\/ciudadyregion.com.co\/index.php\/17-personas-a-la-carcel-por-ser-presuntos-integrantes-de-los-raros-y-los-del-clan-por-microtrafico-en-cali\/judicial\/\",\"url\":\"https:\/\/ciudadyregion.com.co\/index.php\/17-personas-a-la-carcel-por-ser-presuntos-integrantes-de-los-raros-y-los-del-clan-por-microtrafico-en-cali\/judicial\/\",\"name\":\"17 Personas a la c\u00e1rcel por ser presuntos integrantes de \u2018Los Raros\u2019 y \u2018Los del Clan\u2019 por microtr\u00e1fico en Cali - Ciudad y Region\",\"isPartOf\":{\"@id\":\"https:\/\/ciudadyregion.com.co\/#website\"},\"primaryImageOfPage\":{\"@id\":\"https:\/\/ciudadyregion.com.co\/index.php\/17-personas-a-la-carcel-por-ser-presuntos-integrantes-de-los-raros-y-los-del-clan-por-microtrafico-en-cali\/judicial\/#primaryimage\"},\"image\":{\"@id\":\"https:\/\/ciudadyregion.com.co\/index.php\/17-personas-a-la-carcel-por-ser-presuntos-integrantes-de-los-raros-y-los-del-clan-por-microtrafico-en-cali\/judicial\/#primaryimage\"},\"thumbnailUrl\":\"https:\/\/i0.wp.com\/ciudadyregion.com.co\/wp-content\/uploads\/2024\/04\/6-1-1.jpg?fit=800%2C445&ssl=1\",\"datePublished\":\"2024-04-03T09:16:32+00:00\",\"dateModified\":\"2024-04-02T17:18:44+00:00\",\"author\":{\"@id\":\"https:\/\/ciudadyregion.com.co\/#\/schema\/person\/04a4954373ebc4051f46e8c65ff78622\"},\"breadcrumb\":{\"@id\":\"https:\/\/ciudadyregion.com.co\/index.php\/17-personas-a-la-carcel-por-ser-presuntos-integrantes-de-los-raros-y-los-del-clan-por-microtrafico-en-cali\/judicial\/#breadcrumb\"},\"inLanguage\":\"es\",\"potentialAction\":[{\"@type\":\"ReadAction\",\"target\":[\"https:\/\/ciudadyregion.com.co\/index.php\/17-personas-a-la-carcel-por-ser-presuntos-integrantes-de-los-raros-y-los-del-clan-por-microtrafico-en-cali\/judicial\/\"]}]},{\"@type\":\"ImageObject\",\"inLanguage\":\"es\",\"@id\":\"https:\/\/ciudadyregion.com.co\/index.php\/17-personas-a-la-carcel-por-ser-presuntos-integrantes-de-los-raros-y-los-del-clan-por-microtrafico-en-cali\/judicial\/#primaryimage\",\"url\":\"https:\/\/i0.wp.com\/ciudadyregion.com.co\/wp-content\/uploads\/2024\/04\/6-1-1.jpg?fit=800%2C445&ssl=1\",\"contentUrl\":\"https:\/\/i0.wp.com\/ciudadyregion.com.co\/wp-content\/uploads\/2024\/04\/6-1-1.jpg?fit=800%2C445&ssl=1\",\"width\":800,\"height\":445},{\"@type\":\"BreadcrumbList\",\"@id\":\"https:\/\/ciudadyregion.com.co\/index.php\/17-personas-a-la-carcel-por-ser-presuntos-integrantes-de-los-raros-y-los-del-clan-por-microtrafico-en-cali\/judicial\/#breadcrumb\",\"itemListElement\":[{\"@type\":\"ListItem\",\"position\":1,\"name\":\"Portada\",\"item\":\"https:\/\/ciudadyregion.com.co\/\"},{\"@type\":\"ListItem\",\"position\":2,\"name\":\"17 Personas a la c\u00e1rcel por ser presuntos integrantes de \u2018Los Raros\u2019 y \u2018Los del Clan\u2019 por microtr\u00e1fico en Cali\"}]},{\"@type\":\"WebSite\",\"@id\":\"https:\/\/ciudadyregion.com.co\/#website\",\"url\":\"https:\/\/ciudadyregion.com.co\/\",\"name\":\"Ciudad y Region\",\"description\":\"\",\"potentialAction\":[{\"@type\":\"SearchAction\",\"target\":{\"@type\":\"EntryPoint\",\"urlTemplate\":\"https:\/\/ciudadyregion.com.co\/?s={search_term_string}\"},\"query-input\":{\"@type\":\"PropertyValueSpecification\",\"valueRequired\":true,\"valueName\":\"search_term_string\"}}],\"inLanguage\":\"es\"},{\"@type\":\"Person\",\"@id\":\"https:\/\/ciudadyregion.com.co\/#\/schema\/person\/04a4954373ebc4051f46e8c65ff78622\",\"name\":\"David Andr\u00e9s Aguirre\",\"image\":{\"@type\":\"ImageObject\",\"inLanguage\":\"es\",\"@id\":\"https:\/\/ciudadyregion.com.co\/#\/schema\/person\/image\/\",\"url\":\"https:\/\/secure.gravatar.com\/avatar\/bc3c655860202182ee6d1b5edd042dbe?s=96&d=mm&r=g\",\"contentUrl\":\"https:\/\/secure.gravatar.com\/avatar\/bc3c655860202182ee6d1b5edd042dbe?s=96&d=mm&r=g\",\"caption\":\"David Andr\u00e9s Aguirre\"},\"url\":\"https:\/\/ciudadyregion.com.co\/index.php\/author\/diegoaguirre\/\"}]}<\/script>\n<!-- \/ Yoast SEO plugin. -->","yoast_head_json":{"title":"17 Personas a la c\u00e1rcel por ser presuntos integrantes de \u2018Los Raros\u2019 y \u2018Los del Clan\u2019 por microtr\u00e1fico en Cali - Ciudad y Region","robots":{"index":"index","follow":"follow","max-snippet":"max-snippet:-1","max-image-preview":"max-image-preview:large","max-video-preview":"max-video-preview:-1"},"canonical":"https:\/\/ciudadyregion.com.co\/index.php\/17-personas-a-la-carcel-por-ser-presuntos-integrantes-de-los-raros-y-los-del-clan-por-microtrafico-en-cali\/judicial\/","og_locale":"es_ES","og_type":"article","og_title":"17 Personas a la c\u00e1rcel por ser presuntos integrantes de \u2018Los Raros\u2019 y \u2018Los del Clan\u2019 por microtr\u00e1fico en Cali - Ciudad y Region","og_description":"La Fiscal\u00eda General de la Naci\u00f3n logr\u00f3 que jueces de control de garant\u00edas enviaran a la c\u00e1rcel a 17 presuntos integrantes de los grupos delincuenciales organizados \u2018Los Raros\u2019 y \u2018Los del Clan\u2019, como presuntos implicados en el tr\u00e1fico de sustancias estupefacientes en los barrios Desepaz y La Isla de CaliContinuar Leyendo","og_url":"https:\/\/ciudadyregion.com.co\/index.php\/17-personas-a-la-carcel-por-ser-presuntos-integrantes-de-los-raros-y-los-del-clan-por-microtrafico-en-cali\/judicial\/","og_site_name":"Ciudad y Region","article_published_time":"2024-04-03T09:16:32+00:00","article_modified_time":"2024-04-02T17:18:44+00:00","og_image":[{"width":800,"height":445,"url":"https:\/\/i0.wp.com\/ciudadyregion.com.co\/wp-content\/uploads\/2024\/04\/6-1-1.jpg?fit=800%2C445&ssl=1","type":"image\/jpeg"}],"author":"David Andr\u00e9s Aguirre","twitter_card":"summary_large_image","twitter_misc":{"Escrito por":"David Andr\u00e9s Aguirre","Tiempo de lectura":"3 minutos"},"schema":{"@context":"https:\/\/schema.org","@graph":[{"@type":"WebPage","@id":"https:\/\/ciudadyregion.com.co\/index.php\/17-personas-a-la-carcel-por-ser-presuntos-integrantes-de-los-raros-y-los-del-clan-por-microtrafico-en-cali\/judicial\/","url":"https:\/\/ciudadyregion.com.co\/index.php\/17-personas-a-la-carcel-por-ser-presuntos-integrantes-de-los-raros-y-los-del-clan-por-microtrafico-en-cali\/judicial\/","name":"17 Personas a la c\u00e1rcel por ser presuntos integrantes de \u2018Los Raros\u2019 y \u2018Los del Clan\u2019 por microtr\u00e1fico en Cali - Ciudad y Region","isPartOf":{"@id":"https:\/\/ciudadyregion.com.co\/#website"},"primaryImageOfPage":{"@id":"https:\/\/ciudadyregion.com.co\/index.php\/17-personas-a-la-carcel-por-ser-presuntos-integrantes-de-los-raros-y-los-del-clan-por-microtrafico-en-cali\/judicial\/#primaryimage"},"image":{"@id":"https:\/\/ciudadyregion.com.co\/index.php\/17-personas-a-la-carcel-por-ser-presuntos-integrantes-de-los-raros-y-los-del-clan-por-microtrafico-en-cali\/judicial\/#primaryimage"},"thumbnailUrl":"https:\/\/i0.wp.com\/ciudadyregion.com.co\/wp-content\/uploads\/2024\/04\/6-1-1.jpg?fit=800%2C445&ssl=1","datePublished":"2024-04-03T09:16:32+00:00","dateModified":"2024-04-02T17:18:44+00:00","author":{"@id":"https:\/\/ciudadyregion.com.co\/#\/schema\/person\/04a4954373ebc4051f46e8c65ff78622"},"breadcrumb":{"@id":"https:\/\/ciudadyregion.com.co\/index.php\/17-personas-a-la-carcel-por-ser-presuntos-integrantes-de-los-raros-y-los-del-clan-por-microtrafico-en-cali\/judicial\/#breadcrumb"},"inLanguage":"es","potentialAction":[{"@type":"ReadAction","target":["https:\/\/ciudadyregion.com.co\/index.php\/17-personas-a-la-carcel-por-ser-presuntos-integrantes-de-los-raros-y-los-del-clan-por-microtrafico-en-cali\/judicial\/"]}]},{"@type":"ImageObject","inLanguage":"es","@id":"https:\/\/ciudadyregion.com.co\/index.php\/17-personas-a-la-carcel-por-ser-presuntos-integrantes-de-los-raros-y-los-del-clan-por-microtrafico-en-cali\/judicial\/#primaryimage","url":"https:\/\/i0.wp.com\/ciudadyregion.com.co\/wp-content\/uploads\/2024\/04\/6-1-1.jpg?fit=800%2C445&ssl=1","contentUrl":"https:\/\/i0.wp.com\/ciudadyregion.com.co\/wp-content\/uploads\/2024\/04\/6-1-1.jpg?fit=800%2C445&ssl=1","width":800,"height":445},{"@type":"BreadcrumbList","@id":"https:\/\/ciudadyregion.com.co\/index.php\/17-personas-a-la-carcel-por-ser-presuntos-integrantes-de-los-raros-y-los-del-clan-por-microtrafico-en-cali\/judicial\/#breadcrumb","itemListElement":[{"@type":"ListItem","position":1,"name":"Portada","item":"https:\/\/ciudadyregion.com.co\/"},{"@type":"ListItem","position":2,"name":"17 Personas a la c\u00e1rcel por ser presuntos integrantes de \u2018Los Raros\u2019 y \u2018Los del Clan\u2019 por microtr\u00e1fico en Cali"}]},{"@type":"WebSite","@id":"https:\/\/ciudadyregion.com.co\/#website","url":"https:\/\/ciudadyregion.com.co\/","name":"Ciudad y Region","description":"","potentialAction":[{"@type":"SearchAction","target":{"@type":"EntryPoint","urlTemplate":"https:\/\/ciudadyregion.com.co\/?s={search_term_string}"},"query-input":{"@type":"PropertyValueSpecification","valueRequired":true,"valueName":"search_term_string"}}],"inLanguage":"es"},{"@type":"Person","@id":"https:\/\/ciudadyregion.com.co\/#\/schema\/person\/04a4954373ebc4051f46e8c65ff78622","name":"David Andr\u00e9s Aguirre","image":{"@type":"ImageObject","inLanguage":"es","@id":"https:\/\/ciudadyregion.com.co\/#\/schema\/person\/image\/","url":"https:\/\/secure.gravatar.com\/avatar\/bc3c655860202182ee6d1b5edd042dbe?s=96&d=mm&r=g","contentUrl":"https:\/\/secure.gravatar.com\/avatar\/bc3c655860202182ee6d1b5edd042dbe?s=96&d=mm&r=g","caption":"David Andr\u00e9s Aguirre"},"url":"https:\/\/ciudadyregion.com.co\/index.php\/author\/diegoaguirre\/"}]}},"jetpack_featured_media_url":"https:\/\/i0.wp.com\/ciudadyregion.com.co\/wp-content\/uploads\/2024\/04\/6-1-1.jpg?fit=800%2C445&ssl=1","jetpack_sharing_enabled":true,"jetpack_shortlink":"https:\/\/wp.me\/pbS7hh-2QT","jetpack-related-posts":[],"_links":{"self":[{"href":"https:\/\/ciudadyregion.com.co\/index.php\/wp-json\/wp\/v2\/posts\/10967"}],"collection":[{"href":"https:\/\/ciudadyregion.com.co\/index.php\/wp-json\/wp\/v2\/posts"}],"about":[{"href":"https:\/\/ciudadyregion.com.co\/index.php\/wp-json\/wp\/v2\/types\/post"}],"author":[{"embeddable":true,"href":"https:\/\/ciudadyregion.com.co\/index.php\/wp-json\/wp\/v2\/users\/2"}],"replies":[{"embeddable":true,"href":"https:\/\/ciudadyregion.com.co\/index.php\/wp-json\/wp\/v2\/comments?post=10967"}],"version-history":[{"count":1,"href":"https:\/\/ciudadyregion.com.co\/index.php\/wp-json\/wp\/v2\/posts\/10967\/revisions"}],"predecessor-version":[{"id":10971,"href":"https:\/\/ciudadyregion.com.co\/index.php\/wp-json\/wp\/v2\/posts\/10967\/revisions\/10971"}],"wp:featuredmedia":[{"embeddable":true,"href":"https:\/\/ciudadyregion.com.co\/index.php\/wp-json\/wp\/v2\/media\/10970"}],"wp:attachment":[{"href":"https:\/\/ciudadyregion.com.co\/index.php\/wp-json\/wp\/v2\/media?parent=10967"}],"wp:term":[{"taxonomy":"category","embeddable":true,"href":"https:\/\/ciudadyregion.com.co\/index.php\/wp-json\/wp\/v2\/categories?post=10967"},{"taxonomy":"post_tag","embeddable":true,"href":"https:\/\/ciudadyregion.com.co\/index.php\/wp-json\/wp\/v2\/tags?post=10967"}],"curies":[{"name":"wp","href":"https:\/\/api.w.org\/{rel}","templated":true}]}}