{"id":10919,"date":"2024-04-02T07:36:26","date_gmt":"2024-04-02T12:36:26","guid":{"rendered":"https:\/\/ciudadyregion.com.co\/?p=10919"},"modified":"2024-04-02T07:36:26","modified_gmt":"2024-04-02T12:36:26","slug":"discutieron-y-lo-termino-matando-carcel-para-un-sujeto-que-habria-asesinado-a-otro-en-medio-de-una-rina-en-huila","status":"publish","type":"post","link":"https:\/\/ciudadyregion.com.co\/index.php\/discutieron-y-lo-termino-matando-carcel-para-un-sujeto-que-habria-asesinado-a-otro-en-medio-de-una-rina-en-huila\/judicial\/","title":{"rendered":"Discutieron y lo termin\u00f3 matando: C\u00e1rcel para un sujeto que habr\u00eda asesinado a otro en medio de una ri\u00f1a en Huila"},"content":{"rendered":"<p>La Fiscal\u00eda General de la Naci\u00f3n, a trav\u00e9s de la Seccional Huila judicializ\u00f3 a un hombre que, al parecer, asesin\u00f3 con arma de fuego a otra persona en el asentamiento Villa Colombia de Neiva (Huila).<\/p>\n<p>Se trata de un hombre identificado como Hern\u00e1n Dar\u00edo Cerquera Horta, de 26 a\u00f1os, quien fue enviado a la c\u00e1rcel por su presunta responsabilidad en el delito de homicidio en concurso heterog\u00e9neo con fabricaci\u00f3n, tr\u00e1fico y porte de armas de fuego, accesorios, partes o municiones, el cual no acept\u00f3.<\/p>\n<p>De acuerdo con las investigaciones, los hechos se registraron el pasado 23 de marzo, cuando el procesado habr\u00eda herido con arma de fuego a un hombre en medio de una discusi\u00f3n.<\/p>\n<p>Cerquera Horta fue capturado por personal de la Sijin de la municipalidad momentos en que hu\u00eda del lugar de los hechos a bordo de una motocicleta.<\/p>\n","protected":false},"excerpt":{"rendered":"<p>La Fiscal\u00eda General de la Naci\u00f3n, a trav\u00e9s de la Seccional Huila judicializ\u00f3 a un hombre que, al parecer, asesin\u00f3 con arma de fuego a otra persona en el asentamiento Villa Colombia de Neiva (Huila). Se trata de un hombre identificado como Hern\u00e1n Dar\u00edo Cerquera Horta, de 26 a\u00f1os, quien<span class=\"more-link\"><a href=\"https:\/\/ciudadyregion.com.co\/index.php\/discutieron-y-lo-termino-matando-carcel-para-un-sujeto-que-habria-asesinado-a-otro-en-medio-de-una-rina-en-huila\/judicial\/\">Continuar Leyendo<\/a><\/span><\/p>\n","protected":false},"author":2,"featured_media":10920,"comment_status":"open","ping_status":"open","sticky":false,"template":"","format":"standard","meta":{"_uf_show_specific_survey":0,"_uf_disable_surveys":false,"_jetpack_memberships_contains_paid_content":false,"footnotes":"","jetpack_publicize_message":"","jetpack_publicize_feature_enabled":true,"jetpack_social_post_already_shared":true,"jetpack_social_options":{"image_generator_settings":{"template":"highway","enabled":false},"version":2}},"categories":[18],"tags":[],"class_list":["entry","author-diegoaguirre","post-10919","post","type-post","status-publish","format-standard","has-post-thumbnail","category-judicial"],"jetpack_publicize_connections":[],"yoast_head":"<!-- This site is optimized with the Yoast SEO plugin v24.3 - https:\/\/yoast.com\/wordpress\/plugins\/seo\/ -->\n<title>Discutieron y lo termin\u00f3 matando: C\u00e1rcel para un sujeto que habr\u00eda asesinado a otro en medio de una ri\u00f1a en Huila - Ciudad y Region<\/title>\n<meta name=\"robots\" content=\"index, follow, max-snippet:-1, max-image-preview:large, max-video-preview:-1\" \/>\n<link rel=\"canonical\" href=\"https:\/\/ciudadyregion.com.co\/index.php\/discutieron-y-lo-termino-matando-carcel-para-un-sujeto-que-habria-asesinado-a-otro-en-medio-de-una-rina-en-huila\/judicial\/\" \/>\n<meta property=\"og:locale\" content=\"es_ES\" \/>\n<meta property=\"og:type\" content=\"article\" \/>\n<meta property=\"og:title\" content=\"Discutieron y lo termin\u00f3 matando: C\u00e1rcel para un sujeto que habr\u00eda asesinado a otro en medio de una ri\u00f1a en Huila - Ciudad y Region\" \/>\n<meta property=\"og:description\" content=\"La Fiscal\u00eda General de la Naci\u00f3n, a trav\u00e9s de la Seccional Huila judicializ\u00f3 a un hombre que, al parecer, asesin\u00f3 con arma de fuego a otra persona en el asentamiento Villa Colombia de Neiva (Huila). Se trata de un hombre identificado como Hern\u00e1n Dar\u00edo Cerquera Horta, de 26 a\u00f1os, quienContinuar Leyendo\" \/>\n<meta property=\"og:url\" content=\"https:\/\/ciudadyregion.com.co\/index.php\/discutieron-y-lo-termino-matando-carcel-para-un-sujeto-que-habria-asesinado-a-otro-en-medio-de-una-rina-en-huila\/judicial\/\" \/>\n<meta property=\"og:site_name\" content=\"Ciudad y Region\" \/>\n<meta property=\"article:published_time\" content=\"2024-04-02T12:36:26+00:00\" \/>\n<meta property=\"og:image\" content=\"https:\/\/ciudadyregion.com.co\/wp-content\/uploads\/2024\/04\/2-asesinato-homicidio-muerto-asesino-ladron.jpg\" \/>\n\t<meta property=\"og:image:width\" content=\"800\" \/>\n\t<meta property=\"og:image:height\" content=\"445\" \/>\n\t<meta property=\"og:image:type\" content=\"image\/jpeg\" \/>\n<meta name=\"author\" content=\"David Andr\u00e9s Aguirre\" \/>\n<meta name=\"twitter:card\" content=\"summary_large_image\" \/>\n<meta name=\"twitter:label1\" content=\"Escrito por\" \/>\n\t<meta name=\"twitter:data1\" content=\"David Andr\u00e9s Aguirre\" \/>\n\t<meta name=\"twitter:label2\" content=\"Tiempo de lectura\" \/>\n\t<meta name=\"twitter:data2\" content=\"1 minuto\" \/>\n<script type=\"application\/ld+json\" class=\"yoast-schema-graph\">{\"@context\":\"https:\/\/schema.org\",\"@graph\":[{\"@type\":\"WebPage\",\"@id\":\"https:\/\/ciudadyregion.com.co\/index.php\/discutieron-y-lo-termino-matando-carcel-para-un-sujeto-que-habria-asesinado-a-otro-en-medio-de-una-rina-en-huila\/judicial\/\",\"url\":\"https:\/\/ciudadyregion.com.co\/index.php\/discutieron-y-lo-termino-matando-carcel-para-un-sujeto-que-habria-asesinado-a-otro-en-medio-de-una-rina-en-huila\/judicial\/\",\"name\":\"Discutieron y lo termin\u00f3 matando: C\u00e1rcel para un sujeto que habr\u00eda asesinado a otro en medio de una ri\u00f1a en Huila - Ciudad y Region\",\"isPartOf\":{\"@id\":\"https:\/\/ciudadyregion.com.co\/#website\"},\"primaryImageOfPage\":{\"@id\":\"https:\/\/ciudadyregion.com.co\/index.php\/discutieron-y-lo-termino-matando-carcel-para-un-sujeto-que-habria-asesinado-a-otro-en-medio-de-una-rina-en-huila\/judicial\/#primaryimage\"},\"image\":{\"@id\":\"https:\/\/ciudadyregion.com.co\/index.php\/discutieron-y-lo-termino-matando-carcel-para-un-sujeto-que-habria-asesinado-a-otro-en-medio-de-una-rina-en-huila\/judicial\/#primaryimage\"},\"thumbnailUrl\":\"https:\/\/i0.wp.com\/ciudadyregion.com.co\/wp-content\/uploads\/2024\/04\/2-asesinato-homicidio-muerto-asesino-ladron.jpg?fit=800%2C445&ssl=1\",\"datePublished\":\"2024-04-02T12:36:26+00:00\",\"dateModified\":\"2024-04-02T12:36:26+00:00\",\"author\":{\"@id\":\"https:\/\/ciudadyregion.com.co\/#\/schema\/person\/04a4954373ebc4051f46e8c65ff78622\"},\"breadcrumb\":{\"@id\":\"https:\/\/ciudadyregion.com.co\/index.php\/discutieron-y-lo-termino-matando-carcel-para-un-sujeto-que-habria-asesinado-a-otro-en-medio-de-una-rina-en-huila\/judicial\/#breadcrumb\"},\"inLanguage\":\"es\",\"potentialAction\":[{\"@type\":\"ReadAction\",\"target\":[\"https:\/\/ciudadyregion.com.co\/index.php\/discutieron-y-lo-termino-matando-carcel-para-un-sujeto-que-habria-asesinado-a-otro-en-medio-de-una-rina-en-huila\/judicial\/\"]}]},{\"@type\":\"ImageObject\",\"inLanguage\":\"es\",\"@id\":\"https:\/\/ciudadyregion.com.co\/index.php\/discutieron-y-lo-termino-matando-carcel-para-un-sujeto-que-habria-asesinado-a-otro-en-medio-de-una-rina-en-huila\/judicial\/#primaryimage\",\"url\":\"https:\/\/i0.wp.com\/ciudadyregion.com.co\/wp-content\/uploads\/2024\/04\/2-asesinato-homicidio-muerto-asesino-ladron.jpg?fit=800%2C445&ssl=1\",\"contentUrl\":\"https:\/\/i0.wp.com\/ciudadyregion.com.co\/wp-content\/uploads\/2024\/04\/2-asesinato-homicidio-muerto-asesino-ladron.jpg?fit=800%2C445&ssl=1\",\"width\":800,\"height\":445},{\"@type\":\"BreadcrumbList\",\"@id\":\"https:\/\/ciudadyregion.com.co\/index.php\/discutieron-y-lo-termino-matando-carcel-para-un-sujeto-que-habria-asesinado-a-otro-en-medio-de-una-rina-en-huila\/judicial\/#breadcrumb\",\"itemListElement\":[{\"@type\":\"ListItem\",\"position\":1,\"name\":\"Portada\",\"item\":\"https:\/\/ciudadyregion.com.co\/\"},{\"@type\":\"ListItem\",\"position\":2,\"name\":\"Discutieron y lo termin\u00f3 matando: C\u00e1rcel para un sujeto que habr\u00eda asesinado a otro en medio de una ri\u00f1a en Huila\"}]},{\"@type\":\"WebSite\",\"@id\":\"https:\/\/ciudadyregion.com.co\/#website\",\"url\":\"https:\/\/ciudadyregion.com.co\/\",\"name\":\"Ciudad y Region\",\"description\":\"\",\"potentialAction\":[{\"@type\":\"SearchAction\",\"target\":{\"@type\":\"EntryPoint\",\"urlTemplate\":\"https:\/\/ciudadyregion.com.co\/?s={search_term_string}\"},\"query-input\":{\"@type\":\"PropertyValueSpecification\",\"valueRequired\":true,\"valueName\":\"search_term_string\"}}],\"inLanguage\":\"es\"},{\"@type\":\"Person\",\"@id\":\"https:\/\/ciudadyregion.com.co\/#\/schema\/person\/04a4954373ebc4051f46e8c65ff78622\",\"name\":\"David Andr\u00e9s Aguirre\",\"image\":{\"@type\":\"ImageObject\",\"inLanguage\":\"es\",\"@id\":\"https:\/\/ciudadyregion.com.co\/#\/schema\/person\/image\/\",\"url\":\"https:\/\/secure.gravatar.com\/avatar\/bc3c655860202182ee6d1b5edd042dbe?s=96&d=mm&r=g\",\"contentUrl\":\"https:\/\/secure.gravatar.com\/avatar\/bc3c655860202182ee6d1b5edd042dbe?s=96&d=mm&r=g\",\"caption\":\"David Andr\u00e9s Aguirre\"},\"url\":\"https:\/\/ciudadyregion.com.co\/index.php\/author\/diegoaguirre\/\"}]}<\/script>\n<!-- \/ Yoast SEO plugin. -->","yoast_head_json":{"title":"Discutieron y lo termin\u00f3 matando: C\u00e1rcel para un sujeto que habr\u00eda asesinado a otro en medio de una ri\u00f1a en Huila - Ciudad y Region","robots":{"index":"index","follow":"follow","max-snippet":"max-snippet:-1","max-image-preview":"max-image-preview:large","max-video-preview":"max-video-preview:-1"},"canonical":"https:\/\/ciudadyregion.com.co\/index.php\/discutieron-y-lo-termino-matando-carcel-para-un-sujeto-que-habria-asesinado-a-otro-en-medio-de-una-rina-en-huila\/judicial\/","og_locale":"es_ES","og_type":"article","og_title":"Discutieron y lo termin\u00f3 matando: C\u00e1rcel para un sujeto que habr\u00eda asesinado a otro en medio de una ri\u00f1a en Huila - Ciudad y Region","og_description":"La Fiscal\u00eda General de la Naci\u00f3n, a trav\u00e9s de la Seccional Huila judicializ\u00f3 a un hombre que, al parecer, asesin\u00f3 con arma de fuego a otra persona en el asentamiento Villa Colombia de Neiva (Huila). Se trata de un hombre identificado como Hern\u00e1n Dar\u00edo Cerquera Horta, de 26 a\u00f1os, quienContinuar Leyendo","og_url":"https:\/\/ciudadyregion.com.co\/index.php\/discutieron-y-lo-termino-matando-carcel-para-un-sujeto-que-habria-asesinado-a-otro-en-medio-de-una-rina-en-huila\/judicial\/","og_site_name":"Ciudad y Region","article_published_time":"2024-04-02T12:36:26+00:00","og_image":[{"width":800,"height":445,"url":"https:\/\/ciudadyregion.com.co\/wp-content\/uploads\/2024\/04\/2-asesinato-homicidio-muerto-asesino-ladron.jpg","type":"image\/jpeg"}],"author":"David Andr\u00e9s Aguirre","twitter_card":"summary_large_image","twitter_misc":{"Escrito por":"David Andr\u00e9s Aguirre","Tiempo de lectura":"1 minuto"},"schema":{"@context":"https:\/\/schema.org","@graph":[{"@type":"WebPage","@id":"https:\/\/ciudadyregion.com.co\/index.php\/discutieron-y-lo-termino-matando-carcel-para-un-sujeto-que-habria-asesinado-a-otro-en-medio-de-una-rina-en-huila\/judicial\/","url":"https:\/\/ciudadyregion.com.co\/index.php\/discutieron-y-lo-termino-matando-carcel-para-un-sujeto-que-habria-asesinado-a-otro-en-medio-de-una-rina-en-huila\/judicial\/","name":"Discutieron y lo termin\u00f3 matando: C\u00e1rcel para un sujeto que habr\u00eda asesinado a otro en medio de una ri\u00f1a en Huila - Ciudad y Region","isPartOf":{"@id":"https:\/\/ciudadyregion.com.co\/#website"},"primaryImageOfPage":{"@id":"https:\/\/ciudadyregion.com.co\/index.php\/discutieron-y-lo-termino-matando-carcel-para-un-sujeto-que-habria-asesinado-a-otro-en-medio-de-una-rina-en-huila\/judicial\/#primaryimage"},"image":{"@id":"https:\/\/ciudadyregion.com.co\/index.php\/discutieron-y-lo-termino-matando-carcel-para-un-sujeto-que-habria-asesinado-a-otro-en-medio-de-una-rina-en-huila\/judicial\/#primaryimage"},"thumbnailUrl":"https:\/\/i0.wp.com\/ciudadyregion.com.co\/wp-content\/uploads\/2024\/04\/2-asesinato-homicidio-muerto-asesino-ladron.jpg?fit=800%2C445&ssl=1","datePublished":"2024-04-02T12:36:26+00:00","dateModified":"2024-04-02T12:36:26+00:00","author":{"@id":"https:\/\/ciudadyregion.com.co\/#\/schema\/person\/04a4954373ebc4051f46e8c65ff78622"},"breadcrumb":{"@id":"https:\/\/ciudadyregion.com.co\/index.php\/discutieron-y-lo-termino-matando-carcel-para-un-sujeto-que-habria-asesinado-a-otro-en-medio-de-una-rina-en-huila\/judicial\/#breadcrumb"},"inLanguage":"es","potentialAction":[{"@type":"ReadAction","target":["https:\/\/ciudadyregion.com.co\/index.php\/discutieron-y-lo-termino-matando-carcel-para-un-sujeto-que-habria-asesinado-a-otro-en-medio-de-una-rina-en-huila\/judicial\/"]}]},{"@type":"ImageObject","inLanguage":"es","@id":"https:\/\/ciudadyregion.com.co\/index.php\/discutieron-y-lo-termino-matando-carcel-para-un-sujeto-que-habria-asesinado-a-otro-en-medio-de-una-rina-en-huila\/judicial\/#primaryimage","url":"https:\/\/i0.wp.com\/ciudadyregion.com.co\/wp-content\/uploads\/2024\/04\/2-asesinato-homicidio-muerto-asesino-ladron.jpg?fit=800%2C445&ssl=1","contentUrl":"https:\/\/i0.wp.com\/ciudadyregion.com.co\/wp-content\/uploads\/2024\/04\/2-asesinato-homicidio-muerto-asesino-ladron.jpg?fit=800%2C445&ssl=1","width":800,"height":445},{"@type":"BreadcrumbList","@id":"https:\/\/ciudadyregion.com.co\/index.php\/discutieron-y-lo-termino-matando-carcel-para-un-sujeto-que-habria-asesinado-a-otro-en-medio-de-una-rina-en-huila\/judicial\/#breadcrumb","itemListElement":[{"@type":"ListItem","position":1,"name":"Portada","item":"https:\/\/ciudadyregion.com.co\/"},{"@type":"ListItem","position":2,"name":"Discutieron y lo termin\u00f3 matando: C\u00e1rcel para un sujeto que habr\u00eda asesinado a otro en medio de una ri\u00f1a en Huila"}]},{"@type":"WebSite","@id":"https:\/\/ciudadyregion.com.co\/#website","url":"https:\/\/ciudadyregion.com.co\/","name":"Ciudad y Region","description":"","potentialAction":[{"@type":"SearchAction","target":{"@type":"EntryPoint","urlTemplate":"https:\/\/ciudadyregion.com.co\/?s={search_term_string}"},"query-input":{"@type":"PropertyValueSpecification","valueRequired":true,"valueName":"search_term_string"}}],"inLanguage":"es"},{"@type":"Person","@id":"https:\/\/ciudadyregion.com.co\/#\/schema\/person\/04a4954373ebc4051f46e8c65ff78622","name":"David Andr\u00e9s Aguirre","image":{"@type":"ImageObject","inLanguage":"es","@id":"https:\/\/ciudadyregion.com.co\/#\/schema\/person\/image\/","url":"https:\/\/secure.gravatar.com\/avatar\/bc3c655860202182ee6d1b5edd042dbe?s=96&d=mm&r=g","contentUrl":"https:\/\/secure.gravatar.com\/avatar\/bc3c655860202182ee6d1b5edd042dbe?s=96&d=mm&r=g","caption":"David Andr\u00e9s Aguirre"},"url":"https:\/\/ciudadyregion.com.co\/index.php\/author\/diegoaguirre\/"}]}},"jetpack_featured_media_url":"https:\/\/i0.wp.com\/ciudadyregion.com.co\/wp-content\/uploads\/2024\/04\/2-asesinato-homicidio-muerto-asesino-ladron.jpg?fit=800%2C445&ssl=1","jetpack_sharing_enabled":true,"jetpack_shortlink":"https:\/\/wp.me\/pbS7hh-2Q7","jetpack-related-posts":[],"_links":{"self":[{"href":"https:\/\/ciudadyregion.com.co\/index.php\/wp-json\/wp\/v2\/posts\/10919"}],"collection":[{"href":"https:\/\/ciudadyregion.com.co\/index.php\/wp-json\/wp\/v2\/posts"}],"about":[{"href":"https:\/\/ciudadyregion.com.co\/index.php\/wp-json\/wp\/v2\/types\/post"}],"author":[{"embeddable":true,"href":"https:\/\/ciudadyregion.com.co\/index.php\/wp-json\/wp\/v2\/users\/2"}],"replies":[{"embeddable":true,"href":"https:\/\/ciudadyregion.com.co\/index.php\/wp-json\/wp\/v2\/comments?post=10919"}],"version-history":[{"count":1,"href":"https:\/\/ciudadyregion.com.co\/index.php\/wp-json\/wp\/v2\/posts\/10919\/revisions"}],"predecessor-version":[{"id":10921,"href":"https:\/\/ciudadyregion.com.co\/index.php\/wp-json\/wp\/v2\/posts\/10919\/revisions\/10921"}],"wp:featuredmedia":[{"embeddable":true,"href":"https:\/\/ciudadyregion.com.co\/index.php\/wp-json\/wp\/v2\/media\/10920"}],"wp:attachment":[{"href":"https:\/\/ciudadyregion.com.co\/index.php\/wp-json\/wp\/v2\/media?parent=10919"}],"wp:term":[{"taxonomy":"category","embeddable":true,"href":"https:\/\/ciudadyregion.com.co\/index.php\/wp-json\/wp\/v2\/categories?post=10919"},{"taxonomy":"post_tag","embeddable":true,"href":"https:\/\/ciudadyregion.com.co\/index.php\/wp-json\/wp\/v2\/tags?post=10919"}],"curies":[{"name":"wp","href":"https:\/\/api.w.org\/{rel}","templated":true}]}}