{"id":10913,"date":"2024-04-02T07:22:51","date_gmt":"2024-04-02T12:22:51","guid":{"rendered":"https:\/\/ciudadyregion.com.co\/?p=10913"},"modified":"2024-04-02T07:22:51","modified_gmt":"2024-04-02T12:22:51","slug":"mas-de-600-personas-visitaron-el-parque-de-los-nevados-durante-semana-santa-via-a-juntas","status":"publish","type":"post","link":"https:\/\/ciudadyregion.com.co\/index.php\/mas-de-600-personas-visitaron-el-parque-de-los-nevados-durante-semana-santa-via-a-juntas\/ibague\/","title":{"rendered":"M\u00e1s de 600 personas visitaron el Parque de Los Nevados durante Semana Santa, v\u00eda a Juntas"},"content":{"rendered":"<div>La Alcald\u00eda de Ibagu\u00e9 hizo presencia durante la Semana Santa en el puesto de control de ingreso al Parque Nacional de Los Nevados, por la ruta Las Perlas, ubicada en el corregimiento de Juntas, informando a turistas y monta\u00f1istas sobre los respectivos cuidados en el ascenso y estad\u00eda.<\/div>\n<div><span style=\"font-family: Arial, Verdana;\"><i>\u00a0<\/i><\/span><\/div>\n<blockquote>\n<div><span style=\"font-family: Arial, Verdana;\"><i>\u201cEs muy importante que sepamos que est\u00e1 prohibido el pl\u00e1stico de un solo uso e iniciar fogatas que puedan generar incendios forestales, porque hay que conservar nuestro medio ambiente\u201d,<\/i>\u00a0dijo Jessica Salcedo, secretaria de Ambiente y Gesti\u00f3n del Riesgo.<\/span><\/div>\n<\/blockquote>\n<div><span style=\"font-family: Arial, Verdana;\">\u00a0<\/span><\/div>\n<blockquote>\n<div><span style=\"font-family: Arial, Verdana;\"><i>\u201cMe parece espectacular que la Administraci\u00f3n Municipal mire por estos lugares, que est\u00e9 vigilando estas zonas y adem\u00e1s brind\u00e1ndonos las recomendaciones y aspectos que se deben tener en cuenta. Esto es responsabilidad de todos nosotros como ciudadanos\u201d<\/i>, expres\u00f3 Marcela Molina, turista.\u00a0<\/span><\/div>\n<\/blockquote>\n<div><span style=\"font-family: Arial, Verdana;\">\u00a0<\/span><\/div>\n<div><span style=\"font-family: Arial, Verdana;\">La invitaci\u00f3n est\u00e1 abierta para todas las personas que quieran conocer el Ca\u00f1\u00f3n del Combeima, sus monta\u00f1as y gastronom\u00eda.<\/span><\/div>\n","protected":false},"excerpt":{"rendered":"<p>La Alcald\u00eda de Ibagu\u00e9 hizo presencia durante la Semana Santa en el puesto de control de ingreso al Parque Nacional de Los Nevados, por la ruta Las Perlas, ubicada en el corregimiento de Juntas, informando a turistas y monta\u00f1istas sobre los respectivos cuidados en el ascenso y estad\u00eda. \u00a0 \u201cEs<span class=\"more-link\"><a href=\"https:\/\/ciudadyregion.com.co\/index.php\/mas-de-600-personas-visitaron-el-parque-de-los-nevados-durante-semana-santa-via-a-juntas\/ibague\/\">Continuar Leyendo<\/a><\/span><\/p>\n","protected":false},"author":2,"featured_media":10914,"comment_status":"open","ping_status":"open","sticky":false,"template":"","format":"standard","meta":{"_uf_show_specific_survey":0,"_uf_disable_surveys":false,"_jetpack_memberships_contains_paid_content":false,"footnotes":"","jetpack_publicize_message":"","jetpack_publicize_feature_enabled":true,"jetpack_social_post_already_shared":true,"jetpack_social_options":{"image_generator_settings":{"template":"highway","enabled":false},"version":2}},"categories":[14],"tags":[],"class_list":["entry","author-diegoaguirre","post-10913","post","type-post","status-publish","format-standard","has-post-thumbnail","category-ibague"],"jetpack_publicize_connections":[],"yoast_head":"<!-- This site is optimized with the Yoast SEO plugin v24.3 - https:\/\/yoast.com\/wordpress\/plugins\/seo\/ -->\n<title>M\u00e1s de 600 personas visitaron el Parque de Los Nevados durante Semana Santa, v\u00eda a Juntas - Ciudad y Region<\/title>\n<meta name=\"robots\" content=\"index, follow, max-snippet:-1, max-image-preview:large, max-video-preview:-1\" \/>\n<link rel=\"canonical\" href=\"https:\/\/ciudadyregion.com.co\/index.php\/mas-de-600-personas-visitaron-el-parque-de-los-nevados-durante-semana-santa-via-a-juntas\/ibague\/\" \/>\n<meta property=\"og:locale\" content=\"es_ES\" \/>\n<meta property=\"og:type\" content=\"article\" \/>\n<meta property=\"og:title\" content=\"M\u00e1s de 600 personas visitaron el Parque de Los Nevados durante Semana Santa, v\u00eda a Juntas - Ciudad y Region\" \/>\n<meta property=\"og:description\" content=\"La Alcald\u00eda de Ibagu\u00e9 hizo presencia durante la Semana Santa en el puesto de control de ingreso al Parque Nacional de Los Nevados, por la ruta Las Perlas, ubicada en el corregimiento de Juntas, informando a turistas y monta\u00f1istas sobre los respectivos cuidados en el ascenso y estad\u00eda. \u00a0 \u201cEsContinuar Leyendo\" \/>\n<meta property=\"og:url\" content=\"https:\/\/ciudadyregion.com.co\/index.php\/mas-de-600-personas-visitaron-el-parque-de-los-nevados-durante-semana-santa-via-a-juntas\/ibague\/\" \/>\n<meta property=\"og:site_name\" content=\"Ciudad y Region\" \/>\n<meta property=\"article:published_time\" content=\"2024-04-02T12:22:51+00:00\" \/>\n<meta property=\"og:image\" content=\"https:\/\/ciudadyregion.com.co\/wp-content\/uploads\/2024\/04\/1-1.jpg\" \/>\n\t<meta property=\"og:image:width\" content=\"800\" \/>\n\t<meta property=\"og:image:height\" content=\"445\" \/>\n\t<meta property=\"og:image:type\" content=\"image\/jpeg\" \/>\n<meta name=\"author\" content=\"David Andr\u00e9s Aguirre\" \/>\n<meta name=\"twitter:card\" content=\"summary_large_image\" \/>\n<meta name=\"twitter:label1\" content=\"Escrito por\" \/>\n\t<meta name=\"twitter:data1\" content=\"David Andr\u00e9s Aguirre\" \/>\n\t<meta name=\"twitter:label2\" content=\"Tiempo de lectura\" \/>\n\t<meta name=\"twitter:data2\" content=\"1 minuto\" \/>\n<script type=\"application\/ld+json\" class=\"yoast-schema-graph\">{\"@context\":\"https:\/\/schema.org\",\"@graph\":[{\"@type\":\"WebPage\",\"@id\":\"https:\/\/ciudadyregion.com.co\/index.php\/mas-de-600-personas-visitaron-el-parque-de-los-nevados-durante-semana-santa-via-a-juntas\/ibague\/\",\"url\":\"https:\/\/ciudadyregion.com.co\/index.php\/mas-de-600-personas-visitaron-el-parque-de-los-nevados-durante-semana-santa-via-a-juntas\/ibague\/\",\"name\":\"M\u00e1s de 600 personas visitaron el Parque de Los Nevados durante Semana Santa, v\u00eda a Juntas - Ciudad y Region\",\"isPartOf\":{\"@id\":\"https:\/\/ciudadyregion.com.co\/#website\"},\"primaryImageOfPage\":{\"@id\":\"https:\/\/ciudadyregion.com.co\/index.php\/mas-de-600-personas-visitaron-el-parque-de-los-nevados-durante-semana-santa-via-a-juntas\/ibague\/#primaryimage\"},\"image\":{\"@id\":\"https:\/\/ciudadyregion.com.co\/index.php\/mas-de-600-personas-visitaron-el-parque-de-los-nevados-durante-semana-santa-via-a-juntas\/ibague\/#primaryimage\"},\"thumbnailUrl\":\"https:\/\/i0.wp.com\/ciudadyregion.com.co\/wp-content\/uploads\/2024\/04\/1-1.jpg?fit=800%2C445&ssl=1\",\"datePublished\":\"2024-04-02T12:22:51+00:00\",\"dateModified\":\"2024-04-02T12:22:51+00:00\",\"author\":{\"@id\":\"https:\/\/ciudadyregion.com.co\/#\/schema\/person\/04a4954373ebc4051f46e8c65ff78622\"},\"breadcrumb\":{\"@id\":\"https:\/\/ciudadyregion.com.co\/index.php\/mas-de-600-personas-visitaron-el-parque-de-los-nevados-durante-semana-santa-via-a-juntas\/ibague\/#breadcrumb\"},\"inLanguage\":\"es\",\"potentialAction\":[{\"@type\":\"ReadAction\",\"target\":[\"https:\/\/ciudadyregion.com.co\/index.php\/mas-de-600-personas-visitaron-el-parque-de-los-nevados-durante-semana-santa-via-a-juntas\/ibague\/\"]}]},{\"@type\":\"ImageObject\",\"inLanguage\":\"es\",\"@id\":\"https:\/\/ciudadyregion.com.co\/index.php\/mas-de-600-personas-visitaron-el-parque-de-los-nevados-durante-semana-santa-via-a-juntas\/ibague\/#primaryimage\",\"url\":\"https:\/\/i0.wp.com\/ciudadyregion.com.co\/wp-content\/uploads\/2024\/04\/1-1.jpg?fit=800%2C445&ssl=1\",\"contentUrl\":\"https:\/\/i0.wp.com\/ciudadyregion.com.co\/wp-content\/uploads\/2024\/04\/1-1.jpg?fit=800%2C445&ssl=1\",\"width\":800,\"height\":445},{\"@type\":\"BreadcrumbList\",\"@id\":\"https:\/\/ciudadyregion.com.co\/index.php\/mas-de-600-personas-visitaron-el-parque-de-los-nevados-durante-semana-santa-via-a-juntas\/ibague\/#breadcrumb\",\"itemListElement\":[{\"@type\":\"ListItem\",\"position\":1,\"name\":\"Portada\",\"item\":\"https:\/\/ciudadyregion.com.co\/\"},{\"@type\":\"ListItem\",\"position\":2,\"name\":\"M\u00e1s de 600 personas visitaron el Parque de Los Nevados durante Semana Santa, v\u00eda a Juntas\"}]},{\"@type\":\"WebSite\",\"@id\":\"https:\/\/ciudadyregion.com.co\/#website\",\"url\":\"https:\/\/ciudadyregion.com.co\/\",\"name\":\"Ciudad y Region\",\"description\":\"\",\"potentialAction\":[{\"@type\":\"SearchAction\",\"target\":{\"@type\":\"EntryPoint\",\"urlTemplate\":\"https:\/\/ciudadyregion.com.co\/?s={search_term_string}\"},\"query-input\":{\"@type\":\"PropertyValueSpecification\",\"valueRequired\":true,\"valueName\":\"search_term_string\"}}],\"inLanguage\":\"es\"},{\"@type\":\"Person\",\"@id\":\"https:\/\/ciudadyregion.com.co\/#\/schema\/person\/04a4954373ebc4051f46e8c65ff78622\",\"name\":\"David Andr\u00e9s Aguirre\",\"image\":{\"@type\":\"ImageObject\",\"inLanguage\":\"es\",\"@id\":\"https:\/\/ciudadyregion.com.co\/#\/schema\/person\/image\/\",\"url\":\"https:\/\/secure.gravatar.com\/avatar\/bc3c655860202182ee6d1b5edd042dbe?s=96&d=mm&r=g\",\"contentUrl\":\"https:\/\/secure.gravatar.com\/avatar\/bc3c655860202182ee6d1b5edd042dbe?s=96&d=mm&r=g\",\"caption\":\"David Andr\u00e9s Aguirre\"},\"url\":\"https:\/\/ciudadyregion.com.co\/index.php\/author\/diegoaguirre\/\"}]}<\/script>\n<!-- \/ Yoast SEO plugin. -->","yoast_head_json":{"title":"M\u00e1s de 600 personas visitaron el Parque de Los Nevados durante Semana Santa, v\u00eda a Juntas - Ciudad y Region","robots":{"index":"index","follow":"follow","max-snippet":"max-snippet:-1","max-image-preview":"max-image-preview:large","max-video-preview":"max-video-preview:-1"},"canonical":"https:\/\/ciudadyregion.com.co\/index.php\/mas-de-600-personas-visitaron-el-parque-de-los-nevados-durante-semana-santa-via-a-juntas\/ibague\/","og_locale":"es_ES","og_type":"article","og_title":"M\u00e1s de 600 personas visitaron el Parque de Los Nevados durante Semana Santa, v\u00eda a Juntas - Ciudad y Region","og_description":"La Alcald\u00eda de Ibagu\u00e9 hizo presencia durante la Semana Santa en el puesto de control de ingreso al Parque Nacional de Los Nevados, por la ruta Las Perlas, ubicada en el corregimiento de Juntas, informando a turistas y monta\u00f1istas sobre los respectivos cuidados en el ascenso y estad\u00eda. \u00a0 \u201cEsContinuar Leyendo","og_url":"https:\/\/ciudadyregion.com.co\/index.php\/mas-de-600-personas-visitaron-el-parque-de-los-nevados-durante-semana-santa-via-a-juntas\/ibague\/","og_site_name":"Ciudad y Region","article_published_time":"2024-04-02T12:22:51+00:00","og_image":[{"width":800,"height":445,"url":"https:\/\/ciudadyregion.com.co\/wp-content\/uploads\/2024\/04\/1-1.jpg","type":"image\/jpeg"}],"author":"David Andr\u00e9s Aguirre","twitter_card":"summary_large_image","twitter_misc":{"Escrito por":"David Andr\u00e9s Aguirre","Tiempo de lectura":"1 minuto"},"schema":{"@context":"https:\/\/schema.org","@graph":[{"@type":"WebPage","@id":"https:\/\/ciudadyregion.com.co\/index.php\/mas-de-600-personas-visitaron-el-parque-de-los-nevados-durante-semana-santa-via-a-juntas\/ibague\/","url":"https:\/\/ciudadyregion.com.co\/index.php\/mas-de-600-personas-visitaron-el-parque-de-los-nevados-durante-semana-santa-via-a-juntas\/ibague\/","name":"M\u00e1s de 600 personas visitaron el Parque de Los Nevados durante Semana Santa, v\u00eda a Juntas - Ciudad y Region","isPartOf":{"@id":"https:\/\/ciudadyregion.com.co\/#website"},"primaryImageOfPage":{"@id":"https:\/\/ciudadyregion.com.co\/index.php\/mas-de-600-personas-visitaron-el-parque-de-los-nevados-durante-semana-santa-via-a-juntas\/ibague\/#primaryimage"},"image":{"@id":"https:\/\/ciudadyregion.com.co\/index.php\/mas-de-600-personas-visitaron-el-parque-de-los-nevados-durante-semana-santa-via-a-juntas\/ibague\/#primaryimage"},"thumbnailUrl":"https:\/\/i0.wp.com\/ciudadyregion.com.co\/wp-content\/uploads\/2024\/04\/1-1.jpg?fit=800%2C445&ssl=1","datePublished":"2024-04-02T12:22:51+00:00","dateModified":"2024-04-02T12:22:51+00:00","author":{"@id":"https:\/\/ciudadyregion.com.co\/#\/schema\/person\/04a4954373ebc4051f46e8c65ff78622"},"breadcrumb":{"@id":"https:\/\/ciudadyregion.com.co\/index.php\/mas-de-600-personas-visitaron-el-parque-de-los-nevados-durante-semana-santa-via-a-juntas\/ibague\/#breadcrumb"},"inLanguage":"es","potentialAction":[{"@type":"ReadAction","target":["https:\/\/ciudadyregion.com.co\/index.php\/mas-de-600-personas-visitaron-el-parque-de-los-nevados-durante-semana-santa-via-a-juntas\/ibague\/"]}]},{"@type":"ImageObject","inLanguage":"es","@id":"https:\/\/ciudadyregion.com.co\/index.php\/mas-de-600-personas-visitaron-el-parque-de-los-nevados-durante-semana-santa-via-a-juntas\/ibague\/#primaryimage","url":"https:\/\/i0.wp.com\/ciudadyregion.com.co\/wp-content\/uploads\/2024\/04\/1-1.jpg?fit=800%2C445&ssl=1","contentUrl":"https:\/\/i0.wp.com\/ciudadyregion.com.co\/wp-content\/uploads\/2024\/04\/1-1.jpg?fit=800%2C445&ssl=1","width":800,"height":445},{"@type":"BreadcrumbList","@id":"https:\/\/ciudadyregion.com.co\/index.php\/mas-de-600-personas-visitaron-el-parque-de-los-nevados-durante-semana-santa-via-a-juntas\/ibague\/#breadcrumb","itemListElement":[{"@type":"ListItem","position":1,"name":"Portada","item":"https:\/\/ciudadyregion.com.co\/"},{"@type":"ListItem","position":2,"name":"M\u00e1s de 600 personas visitaron el Parque de Los Nevados durante Semana Santa, v\u00eda a Juntas"}]},{"@type":"WebSite","@id":"https:\/\/ciudadyregion.com.co\/#website","url":"https:\/\/ciudadyregion.com.co\/","name":"Ciudad y Region","description":"","potentialAction":[{"@type":"SearchAction","target":{"@type":"EntryPoint","urlTemplate":"https:\/\/ciudadyregion.com.co\/?s={search_term_string}"},"query-input":{"@type":"PropertyValueSpecification","valueRequired":true,"valueName":"search_term_string"}}],"inLanguage":"es"},{"@type":"Person","@id":"https:\/\/ciudadyregion.com.co\/#\/schema\/person\/04a4954373ebc4051f46e8c65ff78622","name":"David Andr\u00e9s Aguirre","image":{"@type":"ImageObject","inLanguage":"es","@id":"https:\/\/ciudadyregion.com.co\/#\/schema\/person\/image\/","url":"https:\/\/secure.gravatar.com\/avatar\/bc3c655860202182ee6d1b5edd042dbe?s=96&d=mm&r=g","contentUrl":"https:\/\/secure.gravatar.com\/avatar\/bc3c655860202182ee6d1b5edd042dbe?s=96&d=mm&r=g","caption":"David Andr\u00e9s Aguirre"},"url":"https:\/\/ciudadyregion.com.co\/index.php\/author\/diegoaguirre\/"}]}},"jetpack_featured_media_url":"https:\/\/i0.wp.com\/ciudadyregion.com.co\/wp-content\/uploads\/2024\/04\/1-1.jpg?fit=800%2C445&ssl=1","jetpack_sharing_enabled":true,"jetpack_shortlink":"https:\/\/wp.me\/pbS7hh-2Q1","jetpack-related-posts":[],"_links":{"self":[{"href":"https:\/\/ciudadyregion.com.co\/index.php\/wp-json\/wp\/v2\/posts\/10913"}],"collection":[{"href":"https:\/\/ciudadyregion.com.co\/index.php\/wp-json\/wp\/v2\/posts"}],"about":[{"href":"https:\/\/ciudadyregion.com.co\/index.php\/wp-json\/wp\/v2\/types\/post"}],"author":[{"embeddable":true,"href":"https:\/\/ciudadyregion.com.co\/index.php\/wp-json\/wp\/v2\/users\/2"}],"replies":[{"embeddable":true,"href":"https:\/\/ciudadyregion.com.co\/index.php\/wp-json\/wp\/v2\/comments?post=10913"}],"version-history":[{"count":1,"href":"https:\/\/ciudadyregion.com.co\/index.php\/wp-json\/wp\/v2\/posts\/10913\/revisions"}],"predecessor-version":[{"id":10915,"href":"https:\/\/ciudadyregion.com.co\/index.php\/wp-json\/wp\/v2\/posts\/10913\/revisions\/10915"}],"wp:featuredmedia":[{"embeddable":true,"href":"https:\/\/ciudadyregion.com.co\/index.php\/wp-json\/wp\/v2\/media\/10914"}],"wp:attachment":[{"href":"https:\/\/ciudadyregion.com.co\/index.php\/wp-json\/wp\/v2\/media?parent=10913"}],"wp:term":[{"taxonomy":"category","embeddable":true,"href":"https:\/\/ciudadyregion.com.co\/index.php\/wp-json\/wp\/v2\/categories?post=10913"},{"taxonomy":"post_tag","embeddable":true,"href":"https:\/\/ciudadyregion.com.co\/index.php\/wp-json\/wp\/v2\/tags?post=10913"}],"curies":[{"name":"wp","href":"https:\/\/api.w.org\/{rel}","templated":true}]}}