{"id":1090,"date":"2023-11-02T09:21:57","date_gmt":"2023-11-02T14:21:57","guid":{"rendered":"https:\/\/ciudadyregion.com.co\/?p=1090"},"modified":"2023-11-02T09:21:57","modified_gmt":"2023-11-02T14:21:57","slug":"la-casa-militar-seguira-cuidando-presidentes-familias-y-soportando-los-aconteceres-de-la-historia-de-colombia-petro","status":"publish","type":"post","link":"https:\/\/ciudadyregion.com.co\/index.php\/la-casa-militar-seguira-cuidando-presidentes-familias-y-soportando-los-aconteceres-de-la-historia-de-colombia-petro\/nacional\/","title":{"rendered":"\u00abLa Casa Militar seguir\u00e1 cuidando presidentes, familias y soportando los aconteceres de la historia de Colombia\u00bb: Petro"},"content":{"rendered":"<ul>\n<li>El mandatario destac\u00f3 la tarea del personal de la Casa Militar, en la ceremonia conmemorativa de los 92 a\u00f1os de esta dependencia de la jefatura del Estado.<\/li>\n<li>La instituci\u00f3n fue creada por el Decreto 1842 del 16 de octubre de 1931. Tiene la responsabilidad de cumplir con la labor ceremonial y de protocolo que se debe aplicar en los actos de gobierno y en actividades diplom\u00e1ticas.<\/li>\n<\/ul>\n<p>\u201cLa Casa Militar seguir\u00e1 cuidando aqu\u00ed presidentes, familias, seguir\u00e1 soportando los aconteceres de la historia de Colombia hacia adelante\u201d, manifest\u00f3 este mi\u00e9rcoles el presidente de la Rep\u00fablica, Gustavo Petro Urrego, en la ceremonia conmemorativa de los 92 a\u00f1os de esta dependencia.<\/p>\n<p>En el acto, efectuado en la Plaza de Armas de la Casa de Nari\u00f1o, el mandatario se\u00f1al\u00f3 que en la Casa Militar trabajan<\/p>\n<blockquote><p>\u201cLas personas que colaboran directamente con el presidente de la Rep\u00fablica, que lo cuidan, que trasnochan con \u00e9l, o amanecen, que est\u00e1n al tanto de las contingencias diarias, cotidianas, que el trabajo en este palacio demanda, intenso siempre, estresante\u201d.<\/p>\n<p>\u201cAll\u00ed detr\u00e1s de esa puerta blanca, adem\u00e1s de jarrones chinos, japoneses y obras de arte de colombianos \u2013de Botero, que acaba de morir, nuestra Paloma de la Paz, que all\u00ed nos sigue guiando en ese objetivo tan dif\u00edcil para Colombia, pero que tiene que ser conseguido a pesar de su complejidad\u2013, all\u00ed est\u00e1 la espada de Bol\u00edvar, est\u00e1 a la exposici\u00f3n de toda la sociedad colombiana, la espada del pueblo\u201d, expres\u00f3.<\/p><\/blockquote>\n<p>En la ceremonia se rindieron honores al coronel Guillermo Ferguson, quien fuera edec\u00e1n del Libertador Sim\u00f3n Bol\u00edvar, con una ofrenda floral, al igual que a los oficiales, suboficiales y soldados de las Fuerzas Militares ca\u00eddos en cumplimiento de su deber. Despu\u00e9s se impuso la Orden al M\u00e9rito Coronel Guillermo Ferguson al personal destacado en los grados de Oficial, Comendador y Caballero.<\/p>\n<p>El presidente Petro felicit\u00f3 a los miembros de la Casa Militar que fueron condecorados. \u201cSoldados condecorados y generales, como tiene que ser, en la misma fila\u201d, dijo.<\/p>\n<blockquote><p>\u201cEl soldado y el intendente son los que sufren la buena parte de la carga de las decisiones pol\u00edticas que se toman en ese palacio. Entonces tienen todo el derecho, de acuerdo a sus m\u00e9ritos, a ser condecorados al lado del general, al lado del Presidente y por el Presidente\u201d, expres\u00f3 el mandatario.<\/p>\n<p>\u200b\u201cOjal\u00e1 esa juventud que llegue all\u00ed de soldados, de oficiales j\u00f3venes, en todas las tres ramas, de funcionarios de una nueva generaci\u00f3n, de la sociedad colombiana que es la juventud de hoy, que ma\u00f1ana dirigir\u00e1 todo esto, puedan resolver los problemas que tendr\u00e1n en su deber y ojal\u00e1 sean los problemas de construir la paz y la democracia, y no los que estamos afrontando hoy, que son ni m\u00e1s ni menos los de lograr que la especie humana pueda seguir existiendo en el planeta Tierra\u201d, concluy\u00f3.<\/p><\/blockquote>\n<p><strong>Histori\u200ba de la Casa Militar<\/strong><\/p>\n<p>La Casa Militar, creada por el Decreto 1842 del 16 de octubre de 1931, ha evolucionado con el tiempo, pero ha mantenido su hist\u00f3rica consigna militar de \u201cHonor hasta la muerte\u201d en defensa del Presidente de la Rep\u00fablica, el Vicepresidente y sus familias, en coordinaci\u00f3n con las Fuerzas Militares.<\/p>\n<p>El origen de la instituci\u00f3n se remonta a los ej\u00e9rcitos en batalla, durante el periodo de la Casa Real de los Borb\u00f3n en Francia. Tiene la responsabilidad de cumplir con la labor ceremonial y de protocolo en los actos de gobierno y en actividades diplom\u00e1ticas que se realizan en la sede presidencial o en los lugares en donde el jefe de Estado cumple sus funciones, tanto en el pa\u00eds como en el exterior.<\/p>\n<p>Entre las labores a cargo de la Casa Militar de la Presidencia de la Rep\u00fablica est\u00e1n: la posesi\u00f3n de los mandatarios, instalaci\u00f3n del Congreso, presentaci\u00f3n de credenciales de embajadores y representantes extranjeros, despedida del presidente saliente, visitas de jefes de Estado, ceremonias f\u00fanebres, giras en el exterior y recorridos dentro del territorio nacional.<\/p>\n<p>La labor es ejercida por un equipo de edecanes dirigidos por el coronel del Ej\u00e9rcito Jair Ardila Robles. En la jefatura de la instituci\u00f3n, el coronel Ardila ha sido precedido por 43 miembros de las Fuerzas Militares.<\/p>\n<p>La figura emblem\u00e1tica de la instituci\u00f3n es el coronel Guillermo Ferguson, un irland\u00e9s que en 1819 se enrol\u00f3 en la Legi\u00f3n Brit\u00e1nica a los 16 a\u00f1os y fue asignado como edec\u00e1n de Bol\u00edvar. El oficial comand\u00f3 la Guardia de Honor del Libertador, una unidad \u00e9lite del Ej\u00e9rcito neogranadino dispuesta a ofrendar sus vidas, de ser necesario, por la integridad de su comandante en jefe.<\/p>\n<p>Ferguson, quien fue una figura fundamental en salvar a Bol\u00edvar en la noche septembrina, muri\u00f3 la noche del 25 de septiembre de 1828, defendiendo la entrada del Palacio de Gobierno para que el Libertador tuviera el tiempo suficiente de escapar por una de las ventanas del dormitorio donde se encontraba.<\/p>\n<p>Por este m\u00e9rito se cre\u00f3 la Condecoraci\u00f3n Militar Orden Coronel Guillermo Ferguson, bajo el Decreto 3805 del 23 de diciembre de 1985, para enaltecer a los militares y al personal civil que pertenezcan a las Casas Militares al servicio de jefes de Estado.<\/p>\n","protected":false},"excerpt":{"rendered":"<p>El mandatario destac\u00f3 la tarea del personal de la Casa Militar, en la ceremonia conmemorativa de los 92 a\u00f1os de esta dependencia de la jefatura del Estado. La instituci\u00f3n fue creada por el Decreto 1842 del 16 de octubre de 1931. Tiene la responsabilidad de cumplir con la labor ceremonial<span class=\"more-link\"><a href=\"https:\/\/ciudadyregion.com.co\/index.php\/la-casa-militar-seguira-cuidando-presidentes-familias-y-soportando-los-aconteceres-de-la-historia-de-colombia-petro\/nacional\/\">Continuar Leyendo<\/a><\/span><\/p>\n","protected":false},"author":2,"featured_media":1108,"comment_status":"open","ping_status":"open","sticky":false,"template":"","format":"standard","meta":{"_uf_show_specific_survey":0,"_uf_disable_surveys":false,"_jetpack_memberships_contains_paid_content":false,"footnotes":"","jetpack_publicize_message":"","jetpack_publicize_feature_enabled":true,"jetpack_social_post_already_shared":false,"jetpack_social_options":{"image_generator_settings":{"template":"highway","enabled":false},"version":2}},"categories":[23],"tags":[],"class_list":["entry","author-diegoaguirre","post-1090","post","type-post","status-publish","format-standard","has-post-thumbnail","category-nacional"],"jetpack_publicize_connections":[],"yoast_head":"<!-- This site is optimized with the Yoast SEO plugin v24.3 - https:\/\/yoast.com\/wordpress\/plugins\/seo\/ -->\n<title>&quot;La Casa Militar seguir\u00e1 cuidando presidentes, familias y soportando los aconteceres de la historia de Colombia&quot;: Petro - Ciudad y Region<\/title>\n<meta name=\"robots\" content=\"index, follow, max-snippet:-1, max-image-preview:large, max-video-preview:-1\" \/>\n<link rel=\"canonical\" href=\"https:\/\/ciudadyregion.com.co\/index.php\/la-casa-militar-seguira-cuidando-presidentes-familias-y-soportando-los-aconteceres-de-la-historia-de-colombia-petro\/nacional\/\" \/>\n<meta property=\"og:locale\" content=\"es_ES\" \/>\n<meta property=\"og:type\" content=\"article\" \/>\n<meta property=\"og:title\" content=\"&quot;La Casa Militar seguir\u00e1 cuidando presidentes, familias y soportando los aconteceres de la historia de Colombia&quot;: Petro - Ciudad y Region\" \/>\n<meta property=\"og:description\" content=\"El mandatario destac\u00f3 la tarea del personal de la Casa Militar, en la ceremonia conmemorativa de los 92 a\u00f1os de esta dependencia de la jefatura del Estado. La instituci\u00f3n fue creada por el Decreto 1842 del 16 de octubre de 1931. Tiene la responsabilidad de cumplir con la labor ceremonialContinuar Leyendo\" \/>\n<meta property=\"og:url\" content=\"https:\/\/ciudadyregion.com.co\/index.php\/la-casa-militar-seguira-cuidando-presidentes-familias-y-soportando-los-aconteceres-de-la-historia-de-colombia-petro\/nacional\/\" \/>\n<meta property=\"og:site_name\" content=\"Ciudad y Region\" \/>\n<meta property=\"article:published_time\" content=\"2023-11-02T14:21:57+00:00\" \/>\n<meta property=\"og:image\" content=\"https:\/\/ciudadyregion.com.co\/wp-content\/uploads\/2023\/11\/17-1.jpg\" \/>\n\t<meta property=\"og:image:width\" content=\"800\" \/>\n\t<meta property=\"og:image:height\" content=\"445\" \/>\n\t<meta property=\"og:image:type\" content=\"image\/jpeg\" \/>\n<meta name=\"author\" content=\"David Andr\u00e9s Aguirre\" \/>\n<meta name=\"twitter:card\" content=\"summary_large_image\" \/>\n<meta name=\"twitter:label1\" content=\"Escrito por\" \/>\n\t<meta name=\"twitter:data1\" content=\"David Andr\u00e9s Aguirre\" \/>\n\t<meta name=\"twitter:label2\" content=\"Tiempo de lectura\" \/>\n\t<meta name=\"twitter:data2\" content=\"4 minutos\" \/>\n<script type=\"application\/ld+json\" class=\"yoast-schema-graph\">{\"@context\":\"https:\/\/schema.org\",\"@graph\":[{\"@type\":\"WebPage\",\"@id\":\"https:\/\/ciudadyregion.com.co\/index.php\/la-casa-militar-seguira-cuidando-presidentes-familias-y-soportando-los-aconteceres-de-la-historia-de-colombia-petro\/nacional\/\",\"url\":\"https:\/\/ciudadyregion.com.co\/index.php\/la-casa-militar-seguira-cuidando-presidentes-familias-y-soportando-los-aconteceres-de-la-historia-de-colombia-petro\/nacional\/\",\"name\":\"\\\"La Casa Militar seguir\u00e1 cuidando presidentes, familias y soportando los aconteceres de la historia de Colombia\\\": Petro - Ciudad y Region\",\"isPartOf\":{\"@id\":\"https:\/\/ciudadyregion.com.co\/#website\"},\"primaryImageOfPage\":{\"@id\":\"https:\/\/ciudadyregion.com.co\/index.php\/la-casa-militar-seguira-cuidando-presidentes-familias-y-soportando-los-aconteceres-de-la-historia-de-colombia-petro\/nacional\/#primaryimage\"},\"image\":{\"@id\":\"https:\/\/ciudadyregion.com.co\/index.php\/la-casa-militar-seguira-cuidando-presidentes-familias-y-soportando-los-aconteceres-de-la-historia-de-colombia-petro\/nacional\/#primaryimage\"},\"thumbnailUrl\":\"https:\/\/i0.wp.com\/ciudadyregion.com.co\/wp-content\/uploads\/2023\/11\/17-1.jpg?fit=800%2C445&ssl=1\",\"datePublished\":\"2023-11-02T14:21:57+00:00\",\"dateModified\":\"2023-11-02T14:21:57+00:00\",\"author\":{\"@id\":\"https:\/\/ciudadyregion.com.co\/#\/schema\/person\/04a4954373ebc4051f46e8c65ff78622\"},\"breadcrumb\":{\"@id\":\"https:\/\/ciudadyregion.com.co\/index.php\/la-casa-militar-seguira-cuidando-presidentes-familias-y-soportando-los-aconteceres-de-la-historia-de-colombia-petro\/nacional\/#breadcrumb\"},\"inLanguage\":\"es\",\"potentialAction\":[{\"@type\":\"ReadAction\",\"target\":[\"https:\/\/ciudadyregion.com.co\/index.php\/la-casa-militar-seguira-cuidando-presidentes-familias-y-soportando-los-aconteceres-de-la-historia-de-colombia-petro\/nacional\/\"]}]},{\"@type\":\"ImageObject\",\"inLanguage\":\"es\",\"@id\":\"https:\/\/ciudadyregion.com.co\/index.php\/la-casa-militar-seguira-cuidando-presidentes-familias-y-soportando-los-aconteceres-de-la-historia-de-colombia-petro\/nacional\/#primaryimage\",\"url\":\"https:\/\/i0.wp.com\/ciudadyregion.com.co\/wp-content\/uploads\/2023\/11\/17-1.jpg?fit=800%2C445&ssl=1\",\"contentUrl\":\"https:\/\/i0.wp.com\/ciudadyregion.com.co\/wp-content\/uploads\/2023\/11\/17-1.jpg?fit=800%2C445&ssl=1\",\"width\":800,\"height\":445},{\"@type\":\"BreadcrumbList\",\"@id\":\"https:\/\/ciudadyregion.com.co\/index.php\/la-casa-militar-seguira-cuidando-presidentes-familias-y-soportando-los-aconteceres-de-la-historia-de-colombia-petro\/nacional\/#breadcrumb\",\"itemListElement\":[{\"@type\":\"ListItem\",\"position\":1,\"name\":\"Portada\",\"item\":\"https:\/\/ciudadyregion.com.co\/\"},{\"@type\":\"ListItem\",\"position\":2,\"name\":\"&#8220;La Casa Militar seguir\u00e1 cuidando presidentes, familias y soportando los aconteceres de la historia de Colombia&#8221;: Petro\"}]},{\"@type\":\"WebSite\",\"@id\":\"https:\/\/ciudadyregion.com.co\/#website\",\"url\":\"https:\/\/ciudadyregion.com.co\/\",\"name\":\"Ciudad y Region\",\"description\":\"\",\"potentialAction\":[{\"@type\":\"SearchAction\",\"target\":{\"@type\":\"EntryPoint\",\"urlTemplate\":\"https:\/\/ciudadyregion.com.co\/?s={search_term_string}\"},\"query-input\":{\"@type\":\"PropertyValueSpecification\",\"valueRequired\":true,\"valueName\":\"search_term_string\"}}],\"inLanguage\":\"es\"},{\"@type\":\"Person\",\"@id\":\"https:\/\/ciudadyregion.com.co\/#\/schema\/person\/04a4954373ebc4051f46e8c65ff78622\",\"name\":\"David Andr\u00e9s Aguirre\",\"image\":{\"@type\":\"ImageObject\",\"inLanguage\":\"es\",\"@id\":\"https:\/\/ciudadyregion.com.co\/#\/schema\/person\/image\/\",\"url\":\"https:\/\/secure.gravatar.com\/avatar\/bc3c655860202182ee6d1b5edd042dbe?s=96&d=mm&r=g\",\"contentUrl\":\"https:\/\/secure.gravatar.com\/avatar\/bc3c655860202182ee6d1b5edd042dbe?s=96&d=mm&r=g\",\"caption\":\"David Andr\u00e9s Aguirre\"},\"url\":\"https:\/\/ciudadyregion.com.co\/index.php\/author\/diegoaguirre\/\"}]}<\/script>\n<!-- \/ Yoast SEO plugin. -->","yoast_head_json":{"title":"\"La Casa Militar seguir\u00e1 cuidando presidentes, familias y soportando los aconteceres de la historia de Colombia\": Petro - Ciudad y Region","robots":{"index":"index","follow":"follow","max-snippet":"max-snippet:-1","max-image-preview":"max-image-preview:large","max-video-preview":"max-video-preview:-1"},"canonical":"https:\/\/ciudadyregion.com.co\/index.php\/la-casa-militar-seguira-cuidando-presidentes-familias-y-soportando-los-aconteceres-de-la-historia-de-colombia-petro\/nacional\/","og_locale":"es_ES","og_type":"article","og_title":"\"La Casa Militar seguir\u00e1 cuidando presidentes, familias y soportando los aconteceres de la historia de Colombia\": Petro - Ciudad y Region","og_description":"El mandatario destac\u00f3 la tarea del personal de la Casa Militar, en la ceremonia conmemorativa de los 92 a\u00f1os de esta dependencia de la jefatura del Estado. La instituci\u00f3n fue creada por el Decreto 1842 del 16 de octubre de 1931. Tiene la responsabilidad de cumplir con la labor ceremonialContinuar Leyendo","og_url":"https:\/\/ciudadyregion.com.co\/index.php\/la-casa-militar-seguira-cuidando-presidentes-familias-y-soportando-los-aconteceres-de-la-historia-de-colombia-petro\/nacional\/","og_site_name":"Ciudad y Region","article_published_time":"2023-11-02T14:21:57+00:00","og_image":[{"width":800,"height":445,"url":"https:\/\/ciudadyregion.com.co\/wp-content\/uploads\/2023\/11\/17-1.jpg","type":"image\/jpeg"}],"author":"David Andr\u00e9s Aguirre","twitter_card":"summary_large_image","twitter_misc":{"Escrito por":"David Andr\u00e9s Aguirre","Tiempo de lectura":"4 minutos"},"schema":{"@context":"https:\/\/schema.org","@graph":[{"@type":"WebPage","@id":"https:\/\/ciudadyregion.com.co\/index.php\/la-casa-militar-seguira-cuidando-presidentes-familias-y-soportando-los-aconteceres-de-la-historia-de-colombia-petro\/nacional\/","url":"https:\/\/ciudadyregion.com.co\/index.php\/la-casa-militar-seguira-cuidando-presidentes-familias-y-soportando-los-aconteceres-de-la-historia-de-colombia-petro\/nacional\/","name":"\"La Casa Militar seguir\u00e1 cuidando presidentes, familias y soportando los aconteceres de la historia de Colombia\": Petro - Ciudad y Region","isPartOf":{"@id":"https:\/\/ciudadyregion.com.co\/#website"},"primaryImageOfPage":{"@id":"https:\/\/ciudadyregion.com.co\/index.php\/la-casa-militar-seguira-cuidando-presidentes-familias-y-soportando-los-aconteceres-de-la-historia-de-colombia-petro\/nacional\/#primaryimage"},"image":{"@id":"https:\/\/ciudadyregion.com.co\/index.php\/la-casa-militar-seguira-cuidando-presidentes-familias-y-soportando-los-aconteceres-de-la-historia-de-colombia-petro\/nacional\/#primaryimage"},"thumbnailUrl":"https:\/\/i0.wp.com\/ciudadyregion.com.co\/wp-content\/uploads\/2023\/11\/17-1.jpg?fit=800%2C445&ssl=1","datePublished":"2023-11-02T14:21:57+00:00","dateModified":"2023-11-02T14:21:57+00:00","author":{"@id":"https:\/\/ciudadyregion.com.co\/#\/schema\/person\/04a4954373ebc4051f46e8c65ff78622"},"breadcrumb":{"@id":"https:\/\/ciudadyregion.com.co\/index.php\/la-casa-militar-seguira-cuidando-presidentes-familias-y-soportando-los-aconteceres-de-la-historia-de-colombia-petro\/nacional\/#breadcrumb"},"inLanguage":"es","potentialAction":[{"@type":"ReadAction","target":["https:\/\/ciudadyregion.com.co\/index.php\/la-casa-militar-seguira-cuidando-presidentes-familias-y-soportando-los-aconteceres-de-la-historia-de-colombia-petro\/nacional\/"]}]},{"@type":"ImageObject","inLanguage":"es","@id":"https:\/\/ciudadyregion.com.co\/index.php\/la-casa-militar-seguira-cuidando-presidentes-familias-y-soportando-los-aconteceres-de-la-historia-de-colombia-petro\/nacional\/#primaryimage","url":"https:\/\/i0.wp.com\/ciudadyregion.com.co\/wp-content\/uploads\/2023\/11\/17-1.jpg?fit=800%2C445&ssl=1","contentUrl":"https:\/\/i0.wp.com\/ciudadyregion.com.co\/wp-content\/uploads\/2023\/11\/17-1.jpg?fit=800%2C445&ssl=1","width":800,"height":445},{"@type":"BreadcrumbList","@id":"https:\/\/ciudadyregion.com.co\/index.php\/la-casa-militar-seguira-cuidando-presidentes-familias-y-soportando-los-aconteceres-de-la-historia-de-colombia-petro\/nacional\/#breadcrumb","itemListElement":[{"@type":"ListItem","position":1,"name":"Portada","item":"https:\/\/ciudadyregion.com.co\/"},{"@type":"ListItem","position":2,"name":"&#8220;La Casa Militar seguir\u00e1 cuidando presidentes, familias y soportando los aconteceres de la historia de Colombia&#8221;: Petro"}]},{"@type":"WebSite","@id":"https:\/\/ciudadyregion.com.co\/#website","url":"https:\/\/ciudadyregion.com.co\/","name":"Ciudad y Region","description":"","potentialAction":[{"@type":"SearchAction","target":{"@type":"EntryPoint","urlTemplate":"https:\/\/ciudadyregion.com.co\/?s={search_term_string}"},"query-input":{"@type":"PropertyValueSpecification","valueRequired":true,"valueName":"search_term_string"}}],"inLanguage":"es"},{"@type":"Person","@id":"https:\/\/ciudadyregion.com.co\/#\/schema\/person\/04a4954373ebc4051f46e8c65ff78622","name":"David Andr\u00e9s Aguirre","image":{"@type":"ImageObject","inLanguage":"es","@id":"https:\/\/ciudadyregion.com.co\/#\/schema\/person\/image\/","url":"https:\/\/secure.gravatar.com\/avatar\/bc3c655860202182ee6d1b5edd042dbe?s=96&d=mm&r=g","contentUrl":"https:\/\/secure.gravatar.com\/avatar\/bc3c655860202182ee6d1b5edd042dbe?s=96&d=mm&r=g","caption":"David Andr\u00e9s Aguirre"},"url":"https:\/\/ciudadyregion.com.co\/index.php\/author\/diegoaguirre\/"}]}},"jetpack_featured_media_url":"https:\/\/i0.wp.com\/ciudadyregion.com.co\/wp-content\/uploads\/2023\/11\/17-1.jpg?fit=800%2C445&ssl=1","jetpack_sharing_enabled":true,"jetpack_shortlink":"https:\/\/wp.me\/pbS7hh-hA","jetpack-related-posts":[],"_links":{"self":[{"href":"https:\/\/ciudadyregion.com.co\/index.php\/wp-json\/wp\/v2\/posts\/1090"}],"collection":[{"href":"https:\/\/ciudadyregion.com.co\/index.php\/wp-json\/wp\/v2\/posts"}],"about":[{"href":"https:\/\/ciudadyregion.com.co\/index.php\/wp-json\/wp\/v2\/types\/post"}],"author":[{"embeddable":true,"href":"https:\/\/ciudadyregion.com.co\/index.php\/wp-json\/wp\/v2\/users\/2"}],"replies":[{"embeddable":true,"href":"https:\/\/ciudadyregion.com.co\/index.php\/wp-json\/wp\/v2\/comments?post=1090"}],"version-history":[{"count":1,"href":"https:\/\/ciudadyregion.com.co\/index.php\/wp-json\/wp\/v2\/posts\/1090\/revisions"}],"predecessor-version":[{"id":1091,"href":"https:\/\/ciudadyregion.com.co\/index.php\/wp-json\/wp\/v2\/posts\/1090\/revisions\/1091"}],"wp:featuredmedia":[{"embeddable":true,"href":"https:\/\/ciudadyregion.com.co\/index.php\/wp-json\/wp\/v2\/media\/1108"}],"wp:attachment":[{"href":"https:\/\/ciudadyregion.com.co\/index.php\/wp-json\/wp\/v2\/media?parent=1090"}],"wp:term":[{"taxonomy":"category","embeddable":true,"href":"https:\/\/ciudadyregion.com.co\/index.php\/wp-json\/wp\/v2\/categories?post=1090"},{"taxonomy":"post_tag","embeddable":true,"href":"https:\/\/ciudadyregion.com.co\/index.php\/wp-json\/wp\/v2\/tags?post=1090"}],"curies":[{"name":"wp","href":"https:\/\/api.w.org\/{rel}","templated":true}]}}