{"id":1082,"date":"2023-11-02T09:19:49","date_gmt":"2023-11-02T14:19:49","guid":{"rendered":"https:\/\/ciudadyregion.com.co\/?p=1082"},"modified":"2023-11-02T09:19:49","modified_gmt":"2023-11-02T14:19:49","slug":"mincomercio-amplio-en-dos-horas-el-paso-de-carga-hacia-venezuela-por-norte-de-santander","status":"publish","type":"post","link":"https:\/\/ciudadyregion.com.co\/index.php\/mincomercio-amplio-en-dos-horas-el-paso-de-carga-hacia-venezuela-por-norte-de-santander\/nacional\/","title":{"rendered":"MinComercio ampli\u00f3 en dos horas el paso de carga hacia Venezuela por Norte de Santander"},"content":{"rendered":"<ul>\n<li>Desde ayer mi\u00e9rcoles el paso de camiones ser\u00e1 en el horario de 8:00 a.m. a 6:00 p.m., y los s\u00e1bados hasta las 12 m.<\/li>\n<\/ul>\n<p>&nbsp;<\/p>\n<p>Desde ayer mi\u00e9rcoles 1\u00ba de noviembre se extender\u00e1 el horario para el tr\u00e1nsito de veh\u00edculos de carga hacia Venezuela a trav\u00e9s de los puentes fronterizos en Norte de Santander.<\/p>\n<p>De acuerdo con el Ministerio de Comercio, Industria y Turismo, el ingreso y salida de carga entre los dos pa\u00edses por los puentes Sim\u00f3n Bol\u00edvar, Francisco de Paula Santander y Atanasio Girardot, en Norte de Santander, tendr\u00e1n dos horas m\u00e1s de servicio.<\/p>\n<p>Actualmente los cruces est\u00e1n habilitados para paso de camiones de carga entre las 10 a.m. y las 6 p.m. de lunes a viernes, pero desde hoy la apertura del paso es desde las 8 a.m.<\/p>\n<p>Los d\u00edas s\u00e1bados el servicio tambi\u00e9n tendr\u00e1 modificaciones. Actualmente el paso se habilita cuando una empresa de transporte de carga solicita puntualmente el permiso para cruzar. Pero ahora ser\u00e1 de manera continua, todos los s\u00e1bados, de 8 a.m. hasta las 12 del mediod\u00eda.<\/p>\n<p>La decisi\u00f3n se tom\u00f3 luego de un encuentro entre representantes de la Direcci\u00f3n de Impuestos y Aduanas Nacionales (DIAN) de Colombia y el Servicio Nacional Integrado de Administraci\u00f3n Aduanera y Tributaria (Seniat) de Venezuela, realizado en la zona de frontera.<\/p>\n<p>La decisi\u00f3n se tom\u00f3 para dar cumplimiento al acuerdo al que llegaron los dos Gobiernos durante la Macrorrueda Binacional Venezuela \u2013 Colombia que se realiz\u00f3 en septiembre pasado en la ciudad de Caracas.<\/p>\n<p>El ministro de Comercio, Industria y Turismo, Germ\u00e1n Uma\u00f1a Mendoza, asegur\u00f3 que \u201ctrabajamos en la consolidaci\u00f3n de esta relaci\u00f3n. Tenemos a\u00fan mucho trabajo por delante, pero estamos seguros que con medidas como esta se facilita e impulsa el comercio binacional\u201d.<\/p>\n<p>Seg\u00fan cifras de la cartera de Comercio, el intercambio de mercanc\u00edas a trav\u00e9s de los tres puentes sum\u00f3 US$222,5 millones, con corte al 30 de septiembre, lo que representa un total de 230.192 toneladas desde que se habilit\u00f3 el paso por la frontera com\u00fan el pasado 26 de septiembre de 2022.<\/p>\n<p>Desde que se restablecieron las relaciones comerciales colombo-venezolanas, el crecimiento de las exportaciones ha tenido un crecimiento sostenido. El DANE inform\u00f3 que en 2022 las exportaciones de Colombia hacia Venezuela alcanzaron USD 632,2 millones, es decir, 90,9% m\u00e1s que en 2021.<\/p>\n<p>Respecto de las exportaciones no minero-energ\u00e9ticas hacia el vecino pa\u00eds, durante todo el a\u00f1o pasado alcanzaron USD 602 millones, 91,6% m\u00e1s que en 2021. Y en el primer semestre de este a\u00f1o sumaron USD 340,8 millones, 3,4% m\u00e1s que en el mismo periodo de 2022.<\/p>\n","protected":false},"excerpt":{"rendered":"<p>Desde ayer mi\u00e9rcoles el paso de camiones ser\u00e1 en el horario de 8:00 a.m. a 6:00 p.m., y los s\u00e1bados hasta las 12 m. &nbsp; Desde ayer mi\u00e9rcoles 1\u00ba de noviembre se extender\u00e1 el horario para el tr\u00e1nsito de veh\u00edculos de carga hacia Venezuela a trav\u00e9s de los puentes fronterizos<span class=\"more-link\"><a href=\"https:\/\/ciudadyregion.com.co\/index.php\/mincomercio-amplio-en-dos-horas-el-paso-de-carga-hacia-venezuela-por-norte-de-santander\/nacional\/\">Continuar Leyendo<\/a><\/span><\/p>\n","protected":false},"author":2,"featured_media":1104,"comment_status":"open","ping_status":"open","sticky":false,"template":"","format":"standard","meta":{"_uf_show_specific_survey":0,"_uf_disable_surveys":false,"_jetpack_memberships_contains_paid_content":false,"footnotes":"","jetpack_publicize_message":"","jetpack_publicize_feature_enabled":true,"jetpack_social_post_already_shared":false,"jetpack_social_options":{"image_generator_settings":{"template":"highway","enabled":false},"version":2}},"categories":[23],"tags":[],"class_list":["entry","author-diegoaguirre","post-1082","post","type-post","status-publish","format-standard","has-post-thumbnail","category-nacional"],"jetpack_publicize_connections":[],"yoast_head":"<!-- This site is optimized with the Yoast SEO plugin v24.3 - https:\/\/yoast.com\/wordpress\/plugins\/seo\/ -->\n<title>MinComercio ampli\u00f3 en dos horas el paso de carga hacia Venezuela por Norte de Santander - Ciudad y Region<\/title>\n<meta name=\"robots\" content=\"index, follow, max-snippet:-1, max-image-preview:large, max-video-preview:-1\" \/>\n<link rel=\"canonical\" href=\"https:\/\/ciudadyregion.com.co\/index.php\/mincomercio-amplio-en-dos-horas-el-paso-de-carga-hacia-venezuela-por-norte-de-santander\/nacional\/\" \/>\n<meta property=\"og:locale\" content=\"es_ES\" \/>\n<meta property=\"og:type\" content=\"article\" \/>\n<meta property=\"og:title\" content=\"MinComercio ampli\u00f3 en dos horas el paso de carga hacia Venezuela por Norte de Santander - Ciudad y Region\" \/>\n<meta property=\"og:description\" content=\"Desde ayer mi\u00e9rcoles el paso de camiones ser\u00e1 en el horario de 8:00 a.m. a 6:00 p.m., y los s\u00e1bados hasta las 12 m. &nbsp; Desde ayer mi\u00e9rcoles 1\u00ba de noviembre se extender\u00e1 el horario para el tr\u00e1nsito de veh\u00edculos de carga hacia Venezuela a trav\u00e9s de los puentes fronterizosContinuar Leyendo\" \/>\n<meta property=\"og:url\" content=\"https:\/\/ciudadyregion.com.co\/index.php\/mincomercio-amplio-en-dos-horas-el-paso-de-carga-hacia-venezuela-por-norte-de-santander\/nacional\/\" \/>\n<meta property=\"og:site_name\" content=\"Ciudad y Region\" \/>\n<meta property=\"article:published_time\" content=\"2023-11-02T14:19:49+00:00\" \/>\n<meta property=\"og:image\" content=\"https:\/\/ciudadyregion.com.co\/wp-content\/uploads\/2023\/11\/13-FRONTERA.jpg\" \/>\n\t<meta property=\"og:image:width\" content=\"800\" \/>\n\t<meta property=\"og:image:height\" content=\"445\" \/>\n\t<meta property=\"og:image:type\" content=\"image\/jpeg\" \/>\n<meta name=\"author\" content=\"David Andr\u00e9s Aguirre\" \/>\n<meta name=\"twitter:card\" content=\"summary_large_image\" \/>\n<meta name=\"twitter:label1\" content=\"Escrito por\" \/>\n\t<meta name=\"twitter:data1\" content=\"David Andr\u00e9s Aguirre\" \/>\n\t<meta name=\"twitter:label2\" content=\"Tiempo de lectura\" \/>\n\t<meta name=\"twitter:data2\" content=\"2 minutos\" \/>\n<script type=\"application\/ld+json\" class=\"yoast-schema-graph\">{\"@context\":\"https:\/\/schema.org\",\"@graph\":[{\"@type\":\"WebPage\",\"@id\":\"https:\/\/ciudadyregion.com.co\/index.php\/mincomercio-amplio-en-dos-horas-el-paso-de-carga-hacia-venezuela-por-norte-de-santander\/nacional\/\",\"url\":\"https:\/\/ciudadyregion.com.co\/index.php\/mincomercio-amplio-en-dos-horas-el-paso-de-carga-hacia-venezuela-por-norte-de-santander\/nacional\/\",\"name\":\"MinComercio ampli\u00f3 en dos horas el paso de carga hacia Venezuela por Norte de Santander - Ciudad y Region\",\"isPartOf\":{\"@id\":\"https:\/\/ciudadyregion.com.co\/#website\"},\"primaryImageOfPage\":{\"@id\":\"https:\/\/ciudadyregion.com.co\/index.php\/mincomercio-amplio-en-dos-horas-el-paso-de-carga-hacia-venezuela-por-norte-de-santander\/nacional\/#primaryimage\"},\"image\":{\"@id\":\"https:\/\/ciudadyregion.com.co\/index.php\/mincomercio-amplio-en-dos-horas-el-paso-de-carga-hacia-venezuela-por-norte-de-santander\/nacional\/#primaryimage\"},\"thumbnailUrl\":\"https:\/\/i0.wp.com\/ciudadyregion.com.co\/wp-content\/uploads\/2023\/11\/13-FRONTERA.jpg?fit=800%2C445&ssl=1\",\"datePublished\":\"2023-11-02T14:19:49+00:00\",\"dateModified\":\"2023-11-02T14:19:49+00:00\",\"author\":{\"@id\":\"https:\/\/ciudadyregion.com.co\/#\/schema\/person\/04a4954373ebc4051f46e8c65ff78622\"},\"breadcrumb\":{\"@id\":\"https:\/\/ciudadyregion.com.co\/index.php\/mincomercio-amplio-en-dos-horas-el-paso-de-carga-hacia-venezuela-por-norte-de-santander\/nacional\/#breadcrumb\"},\"inLanguage\":\"es\",\"potentialAction\":[{\"@type\":\"ReadAction\",\"target\":[\"https:\/\/ciudadyregion.com.co\/index.php\/mincomercio-amplio-en-dos-horas-el-paso-de-carga-hacia-venezuela-por-norte-de-santander\/nacional\/\"]}]},{\"@type\":\"ImageObject\",\"inLanguage\":\"es\",\"@id\":\"https:\/\/ciudadyregion.com.co\/index.php\/mincomercio-amplio-en-dos-horas-el-paso-de-carga-hacia-venezuela-por-norte-de-santander\/nacional\/#primaryimage\",\"url\":\"https:\/\/i0.wp.com\/ciudadyregion.com.co\/wp-content\/uploads\/2023\/11\/13-FRONTERA.jpg?fit=800%2C445&ssl=1\",\"contentUrl\":\"https:\/\/i0.wp.com\/ciudadyregion.com.co\/wp-content\/uploads\/2023\/11\/13-FRONTERA.jpg?fit=800%2C445&ssl=1\",\"width\":800,\"height\":445},{\"@type\":\"BreadcrumbList\",\"@id\":\"https:\/\/ciudadyregion.com.co\/index.php\/mincomercio-amplio-en-dos-horas-el-paso-de-carga-hacia-venezuela-por-norte-de-santander\/nacional\/#breadcrumb\",\"itemListElement\":[{\"@type\":\"ListItem\",\"position\":1,\"name\":\"Portada\",\"item\":\"https:\/\/ciudadyregion.com.co\/\"},{\"@type\":\"ListItem\",\"position\":2,\"name\":\"MinComercio ampli\u00f3 en dos horas el paso de carga hacia Venezuela por Norte de Santander\"}]},{\"@type\":\"WebSite\",\"@id\":\"https:\/\/ciudadyregion.com.co\/#website\",\"url\":\"https:\/\/ciudadyregion.com.co\/\",\"name\":\"Ciudad y Region\",\"description\":\"\",\"potentialAction\":[{\"@type\":\"SearchAction\",\"target\":{\"@type\":\"EntryPoint\",\"urlTemplate\":\"https:\/\/ciudadyregion.com.co\/?s={search_term_string}\"},\"query-input\":{\"@type\":\"PropertyValueSpecification\",\"valueRequired\":true,\"valueName\":\"search_term_string\"}}],\"inLanguage\":\"es\"},{\"@type\":\"Person\",\"@id\":\"https:\/\/ciudadyregion.com.co\/#\/schema\/person\/04a4954373ebc4051f46e8c65ff78622\",\"name\":\"David Andr\u00e9s Aguirre\",\"image\":{\"@type\":\"ImageObject\",\"inLanguage\":\"es\",\"@id\":\"https:\/\/ciudadyregion.com.co\/#\/schema\/person\/image\/\",\"url\":\"https:\/\/secure.gravatar.com\/avatar\/bc3c655860202182ee6d1b5edd042dbe?s=96&d=mm&r=g\",\"contentUrl\":\"https:\/\/secure.gravatar.com\/avatar\/bc3c655860202182ee6d1b5edd042dbe?s=96&d=mm&r=g\",\"caption\":\"David Andr\u00e9s Aguirre\"},\"url\":\"https:\/\/ciudadyregion.com.co\/index.php\/author\/diegoaguirre\/\"}]}<\/script>\n<!-- \/ Yoast SEO plugin. -->","yoast_head_json":{"title":"MinComercio ampli\u00f3 en dos horas el paso de carga hacia Venezuela por Norte de Santander - Ciudad y Region","robots":{"index":"index","follow":"follow","max-snippet":"max-snippet:-1","max-image-preview":"max-image-preview:large","max-video-preview":"max-video-preview:-1"},"canonical":"https:\/\/ciudadyregion.com.co\/index.php\/mincomercio-amplio-en-dos-horas-el-paso-de-carga-hacia-venezuela-por-norte-de-santander\/nacional\/","og_locale":"es_ES","og_type":"article","og_title":"MinComercio ampli\u00f3 en dos horas el paso de carga hacia Venezuela por Norte de Santander - Ciudad y Region","og_description":"Desde ayer mi\u00e9rcoles el paso de camiones ser\u00e1 en el horario de 8:00 a.m. a 6:00 p.m., y los s\u00e1bados hasta las 12 m. &nbsp; Desde ayer mi\u00e9rcoles 1\u00ba de noviembre se extender\u00e1 el horario para el tr\u00e1nsito de veh\u00edculos de carga hacia Venezuela a trav\u00e9s de los puentes fronterizosContinuar Leyendo","og_url":"https:\/\/ciudadyregion.com.co\/index.php\/mincomercio-amplio-en-dos-horas-el-paso-de-carga-hacia-venezuela-por-norte-de-santander\/nacional\/","og_site_name":"Ciudad y Region","article_published_time":"2023-11-02T14:19:49+00:00","og_image":[{"width":800,"height":445,"url":"https:\/\/ciudadyregion.com.co\/wp-content\/uploads\/2023\/11\/13-FRONTERA.jpg","type":"image\/jpeg"}],"author":"David Andr\u00e9s Aguirre","twitter_card":"summary_large_image","twitter_misc":{"Escrito por":"David Andr\u00e9s Aguirre","Tiempo de lectura":"2 minutos"},"schema":{"@context":"https:\/\/schema.org","@graph":[{"@type":"WebPage","@id":"https:\/\/ciudadyregion.com.co\/index.php\/mincomercio-amplio-en-dos-horas-el-paso-de-carga-hacia-venezuela-por-norte-de-santander\/nacional\/","url":"https:\/\/ciudadyregion.com.co\/index.php\/mincomercio-amplio-en-dos-horas-el-paso-de-carga-hacia-venezuela-por-norte-de-santander\/nacional\/","name":"MinComercio ampli\u00f3 en dos horas el paso de carga hacia Venezuela por Norte de Santander - Ciudad y Region","isPartOf":{"@id":"https:\/\/ciudadyregion.com.co\/#website"},"primaryImageOfPage":{"@id":"https:\/\/ciudadyregion.com.co\/index.php\/mincomercio-amplio-en-dos-horas-el-paso-de-carga-hacia-venezuela-por-norte-de-santander\/nacional\/#primaryimage"},"image":{"@id":"https:\/\/ciudadyregion.com.co\/index.php\/mincomercio-amplio-en-dos-horas-el-paso-de-carga-hacia-venezuela-por-norte-de-santander\/nacional\/#primaryimage"},"thumbnailUrl":"https:\/\/i0.wp.com\/ciudadyregion.com.co\/wp-content\/uploads\/2023\/11\/13-FRONTERA.jpg?fit=800%2C445&ssl=1","datePublished":"2023-11-02T14:19:49+00:00","dateModified":"2023-11-02T14:19:49+00:00","author":{"@id":"https:\/\/ciudadyregion.com.co\/#\/schema\/person\/04a4954373ebc4051f46e8c65ff78622"},"breadcrumb":{"@id":"https:\/\/ciudadyregion.com.co\/index.php\/mincomercio-amplio-en-dos-horas-el-paso-de-carga-hacia-venezuela-por-norte-de-santander\/nacional\/#breadcrumb"},"inLanguage":"es","potentialAction":[{"@type":"ReadAction","target":["https:\/\/ciudadyregion.com.co\/index.php\/mincomercio-amplio-en-dos-horas-el-paso-de-carga-hacia-venezuela-por-norte-de-santander\/nacional\/"]}]},{"@type":"ImageObject","inLanguage":"es","@id":"https:\/\/ciudadyregion.com.co\/index.php\/mincomercio-amplio-en-dos-horas-el-paso-de-carga-hacia-venezuela-por-norte-de-santander\/nacional\/#primaryimage","url":"https:\/\/i0.wp.com\/ciudadyregion.com.co\/wp-content\/uploads\/2023\/11\/13-FRONTERA.jpg?fit=800%2C445&ssl=1","contentUrl":"https:\/\/i0.wp.com\/ciudadyregion.com.co\/wp-content\/uploads\/2023\/11\/13-FRONTERA.jpg?fit=800%2C445&ssl=1","width":800,"height":445},{"@type":"BreadcrumbList","@id":"https:\/\/ciudadyregion.com.co\/index.php\/mincomercio-amplio-en-dos-horas-el-paso-de-carga-hacia-venezuela-por-norte-de-santander\/nacional\/#breadcrumb","itemListElement":[{"@type":"ListItem","position":1,"name":"Portada","item":"https:\/\/ciudadyregion.com.co\/"},{"@type":"ListItem","position":2,"name":"MinComercio ampli\u00f3 en dos horas el paso de carga hacia Venezuela por Norte de Santander"}]},{"@type":"WebSite","@id":"https:\/\/ciudadyregion.com.co\/#website","url":"https:\/\/ciudadyregion.com.co\/","name":"Ciudad y Region","description":"","potentialAction":[{"@type":"SearchAction","target":{"@type":"EntryPoint","urlTemplate":"https:\/\/ciudadyregion.com.co\/?s={search_term_string}"},"query-input":{"@type":"PropertyValueSpecification","valueRequired":true,"valueName":"search_term_string"}}],"inLanguage":"es"},{"@type":"Person","@id":"https:\/\/ciudadyregion.com.co\/#\/schema\/person\/04a4954373ebc4051f46e8c65ff78622","name":"David Andr\u00e9s Aguirre","image":{"@type":"ImageObject","inLanguage":"es","@id":"https:\/\/ciudadyregion.com.co\/#\/schema\/person\/image\/","url":"https:\/\/secure.gravatar.com\/avatar\/bc3c655860202182ee6d1b5edd042dbe?s=96&d=mm&r=g","contentUrl":"https:\/\/secure.gravatar.com\/avatar\/bc3c655860202182ee6d1b5edd042dbe?s=96&d=mm&r=g","caption":"David Andr\u00e9s Aguirre"},"url":"https:\/\/ciudadyregion.com.co\/index.php\/author\/diegoaguirre\/"}]}},"jetpack_featured_media_url":"https:\/\/i0.wp.com\/ciudadyregion.com.co\/wp-content\/uploads\/2023\/11\/13-FRONTERA.jpg?fit=800%2C445&ssl=1","jetpack_sharing_enabled":true,"jetpack_shortlink":"https:\/\/wp.me\/pbS7hh-hs","jetpack-related-posts":[],"_links":{"self":[{"href":"https:\/\/ciudadyregion.com.co\/index.php\/wp-json\/wp\/v2\/posts\/1082"}],"collection":[{"href":"https:\/\/ciudadyregion.com.co\/index.php\/wp-json\/wp\/v2\/posts"}],"about":[{"href":"https:\/\/ciudadyregion.com.co\/index.php\/wp-json\/wp\/v2\/types\/post"}],"author":[{"embeddable":true,"href":"https:\/\/ciudadyregion.com.co\/index.php\/wp-json\/wp\/v2\/users\/2"}],"replies":[{"embeddable":true,"href":"https:\/\/ciudadyregion.com.co\/index.php\/wp-json\/wp\/v2\/comments?post=1082"}],"version-history":[{"count":1,"href":"https:\/\/ciudadyregion.com.co\/index.php\/wp-json\/wp\/v2\/posts\/1082\/revisions"}],"predecessor-version":[{"id":1083,"href":"https:\/\/ciudadyregion.com.co\/index.php\/wp-json\/wp\/v2\/posts\/1082\/revisions\/1083"}],"wp:featuredmedia":[{"embeddable":true,"href":"https:\/\/ciudadyregion.com.co\/index.php\/wp-json\/wp\/v2\/media\/1104"}],"wp:attachment":[{"href":"https:\/\/ciudadyregion.com.co\/index.php\/wp-json\/wp\/v2\/media?parent=1082"}],"wp:term":[{"taxonomy":"category","embeddable":true,"href":"https:\/\/ciudadyregion.com.co\/index.php\/wp-json\/wp\/v2\/categories?post=1082"},{"taxonomy":"post_tag","embeddable":true,"href":"https:\/\/ciudadyregion.com.co\/index.php\/wp-json\/wp\/v2\/tags?post=1082"}],"curies":[{"name":"wp","href":"https:\/\/api.w.org\/{rel}","templated":true}]}}