{"id":1061,"date":"2023-11-02T09:15:45","date_gmt":"2023-11-02T14:15:45","guid":{"rendered":"https:\/\/ciudadyregion.com.co\/?p=1061"},"modified":"2023-11-02T09:15:45","modified_gmt":"2023-11-02T14:15:45","slug":"policia-logro-desarticular-la-estructura-delincuencial-los-farrucos-en-honda","status":"publish","type":"post","link":"https:\/\/ciudadyregion.com.co\/index.php\/policia-logro-desarticular-la-estructura-delincuencial-los-farrucos-en-honda\/judicial\/","title":{"rendered":"Polic\u00eda logr\u00f3 desarticular la estructura delincuencial &#8216;Los Farrucos&#8217; en Honda"},"content":{"rendered":"<ul>\n<li>Los integrantes de la estructura delincuencial tendr\u00edan injerencia en los departamentos de Tolima, Caldas y Cundinamarca.<\/li>\n<\/ul>\n<p>Continuando con la ofensiva permanente contra el tr\u00e1fico y consumo de estupefacientes, enfocados en el marco del Plan Choque \u2018Seguridad 360\u2019, la Polic\u00eda Tolima en cabeza del se\u00f1or coronel Libardo Fabio Ojeda Eraso, en las \u00faltimas horas, con su personal de la unidad b\u00e1sica de investigaci\u00f3n Criminal Sijin Honda, Inteligencia, personal del cuadrante, en apoyo con el grupo de operaciones especiales Goes, en compa\u00f1\u00eda del Ej\u00e9rcito Nacional, lograron la desarticulaci\u00f3n de la estructura delincuencial conocidos como \u2018Los Farrucos\u2019.<\/p>\n<p>Este grupo delictivo presuntamente ejerc\u00eda su actividad ilegal desde hace aproximadamente 01 a\u00f1o, donde en desarrollo a la investigaci\u00f3n se logr\u00f3 evidenciar que esta organizaci\u00f3n estaba al parecer liderada por un sujeto conocido como \u2018El Iguano\u2019 quien tendr\u00eda a su servicio a una serie de personas m\u00e1s conocidas como (\u2018El Amarillo\u2019, \u2018La Fercha\u2019 y \u2018La Chinga\u2019), quienes presuntamente se reun\u00edan en diferentes partes de Honda, puerto Bogot\u00e1 Cundinamarca y La Dorada Caldas, al parecer para planear la modalidad de la venta y comercializaci\u00f3n de estupefacientes, donde en gran parte utilizar\u00edan puestos fijos, sectores p\u00fablicos, riveras del rio magdalena, as\u00ed como distribuci\u00f3n a domicilio y menudeo.<\/p>\n<p>Es as\u00ed como inicia un trabajo investigativo estructural, por parte de un grupo especial de la Sijin, junto a personal de los cuadrantes en coordinaci\u00f3n con la Fiscal\u00eda N\u00b008 especializada antinarc\u00f3ticos de la ciudad de Ibagu\u00e9, mediante labores de Polic\u00eda Judicial han permitido identificar a las personas hoy capturadas.<\/p>\n<p>Es por esto, que mediante un fuerte operativo desde tempranas horas los uniformados de forma simult\u00e1nea, desarrollaron la ejecuci\u00f3n de esta operaci\u00f3n, donde se llevaron a cabo 03 diligencias de allanamiento y registro en el barrio Martin Lutero de Honda, sector parque de las Garzas en La Dorada Caldas y en el barrio Centro de Puerto Bogot\u00e1 jurisdicci\u00f3n de Guaduas Cundinamarca, logrando la materializaci\u00f3n y captura de las 04 personas, a los cuales les figuraba \u00f3rdenes de captura vigente, emanada por el juzgado N\u00b017 penal municipal con funci\u00f3n de control de garant\u00edas de Ibagu\u00e9, por los delitos de concierto para delinquir, tr\u00e1fico, fabricaci\u00f3n o porte de estupefacientes y destinaci\u00f3n il\u00edcita de muebles e inmuebles.<\/p>\n<p>Los capturados, fueron puestos a disposici\u00f3n de la autoridad competente, los cuales despu\u00e9s de audiencia virtual, fueron cobijados con medida de aseguramiento intramural.<\/p>\n<p>Es de anotar que durante la audiencia se realiz\u00f3 la imputaci\u00f3n de dichos delitos a un sujeto conocido como \u2018Piocho\u2019 el cual actualmente se encuentra recluido en el centro penitenciario y carcelario de Honda.<\/p>\n<p>As\u00ed mismo se resalta que algunos integrantes de esta estructura, contaban con anotaciones judiciales por concierto para delinquir, extorsi\u00f3n, trafico de estupefacientes y fabricaci\u00f3n, tr\u00e1fico, porte o tenencia de armas de fuego, accesorios, partes o municiones.<\/p>\n<p>Por otra parte, se informa que qued\u00f3 aprobada por parte de las autoridades la demolici\u00f3n de un inmueble, el cual presuntamente habr\u00eda sido destinado para la venta o consumo de estupefacientes.<\/p>\n<p>Por \u00faltimo, seg\u00fan labores de inteligencia y Polic\u00eda judicial, al parecer esta organizaci\u00f3n delincuencial estar\u00eda al servicio de \u2018Cofla\u2019.<\/p>\n","protected":false},"excerpt":{"rendered":"<p>Los integrantes de la estructura delincuencial tendr\u00edan injerencia en los departamentos de Tolima, Caldas y Cundinamarca. Continuando con la ofensiva permanente contra el tr\u00e1fico y consumo de estupefacientes, enfocados en el marco del Plan Choque \u2018Seguridad 360\u2019, la Polic\u00eda Tolima en cabeza del se\u00f1or coronel Libardo Fabio Ojeda Eraso, en<span class=\"more-link\"><a href=\"https:\/\/ciudadyregion.com.co\/index.php\/policia-logro-desarticular-la-estructura-delincuencial-los-farrucos-en-honda\/judicial\/\">Continuar Leyendo<\/a><\/span><\/p>\n","protected":false},"author":2,"featured_media":1099,"comment_status":"open","ping_status":"open","sticky":false,"template":"","format":"standard","meta":{"_uf_show_specific_survey":0,"_uf_disable_surveys":false,"_jetpack_memberships_contains_paid_content":false,"footnotes":"","jetpack_publicize_message":"","jetpack_publicize_feature_enabled":true,"jetpack_social_post_already_shared":false,"jetpack_social_options":{"image_generator_settings":{"template":"highway","enabled":false},"version":2}},"categories":[18],"tags":[],"class_list":["entry","author-diegoaguirre","post-1061","post","type-post","status-publish","format-standard","has-post-thumbnail","category-judicial"],"jetpack_publicize_connections":[],"yoast_head":"<!-- This site is optimized with the Yoast SEO plugin v24.3 - https:\/\/yoast.com\/wordpress\/plugins\/seo\/ -->\n<title>Polic\u00eda logr\u00f3 desarticular la estructura delincuencial &#039;Los Farrucos&#039; en Honda - Ciudad y Region<\/title>\n<meta name=\"robots\" content=\"index, follow, max-snippet:-1, max-image-preview:large, max-video-preview:-1\" \/>\n<link rel=\"canonical\" href=\"https:\/\/ciudadyregion.com.co\/index.php\/policia-logro-desarticular-la-estructura-delincuencial-los-farrucos-en-honda\/judicial\/\" \/>\n<meta property=\"og:locale\" content=\"es_ES\" \/>\n<meta property=\"og:type\" content=\"article\" \/>\n<meta property=\"og:title\" content=\"Polic\u00eda logr\u00f3 desarticular la estructura delincuencial &#039;Los Farrucos&#039; en Honda - Ciudad y Region\" \/>\n<meta property=\"og:description\" content=\"Los integrantes de la estructura delincuencial tendr\u00edan injerencia en los departamentos de Tolima, Caldas y Cundinamarca. Continuando con la ofensiva permanente contra el tr\u00e1fico y consumo de estupefacientes, enfocados en el marco del Plan Choque \u2018Seguridad 360\u2019, la Polic\u00eda Tolima en cabeza del se\u00f1or coronel Libardo Fabio Ojeda Eraso, enContinuar Leyendo\" \/>\n<meta property=\"og:url\" content=\"https:\/\/ciudadyregion.com.co\/index.php\/policia-logro-desarticular-la-estructura-delincuencial-los-farrucos-en-honda\/judicial\/\" \/>\n<meta property=\"og:site_name\" content=\"Ciudad y Region\" \/>\n<meta property=\"article:published_time\" content=\"2023-11-02T14:15:45+00:00\" \/>\n<meta property=\"og:image\" content=\"https:\/\/ciudadyregion.com.co\/wp-content\/uploads\/2023\/11\/8.jpg\" \/>\n\t<meta property=\"og:image:width\" content=\"800\" \/>\n\t<meta property=\"og:image:height\" content=\"445\" \/>\n\t<meta property=\"og:image:type\" content=\"image\/jpeg\" \/>\n<meta name=\"author\" content=\"David Andr\u00e9s Aguirre\" \/>\n<meta name=\"twitter:card\" content=\"summary_large_image\" \/>\n<meta name=\"twitter:label1\" content=\"Escrito por\" \/>\n\t<meta name=\"twitter:data1\" content=\"David Andr\u00e9s Aguirre\" \/>\n\t<meta name=\"twitter:label2\" content=\"Tiempo de lectura\" \/>\n\t<meta name=\"twitter:data2\" content=\"3 minutos\" \/>\n<script type=\"application\/ld+json\" class=\"yoast-schema-graph\">{\"@context\":\"https:\/\/schema.org\",\"@graph\":[{\"@type\":\"WebPage\",\"@id\":\"https:\/\/ciudadyregion.com.co\/index.php\/policia-logro-desarticular-la-estructura-delincuencial-los-farrucos-en-honda\/judicial\/\",\"url\":\"https:\/\/ciudadyregion.com.co\/index.php\/policia-logro-desarticular-la-estructura-delincuencial-los-farrucos-en-honda\/judicial\/\",\"name\":\"Polic\u00eda logr\u00f3 desarticular la estructura delincuencial 'Los Farrucos' en Honda - Ciudad y Region\",\"isPartOf\":{\"@id\":\"https:\/\/ciudadyregion.com.co\/#website\"},\"primaryImageOfPage\":{\"@id\":\"https:\/\/ciudadyregion.com.co\/index.php\/policia-logro-desarticular-la-estructura-delincuencial-los-farrucos-en-honda\/judicial\/#primaryimage\"},\"image\":{\"@id\":\"https:\/\/ciudadyregion.com.co\/index.php\/policia-logro-desarticular-la-estructura-delincuencial-los-farrucos-en-honda\/judicial\/#primaryimage\"},\"thumbnailUrl\":\"https:\/\/i0.wp.com\/ciudadyregion.com.co\/wp-content\/uploads\/2023\/11\/8.jpg?fit=800%2C445&ssl=1\",\"datePublished\":\"2023-11-02T14:15:45+00:00\",\"dateModified\":\"2023-11-02T14:15:45+00:00\",\"author\":{\"@id\":\"https:\/\/ciudadyregion.com.co\/#\/schema\/person\/04a4954373ebc4051f46e8c65ff78622\"},\"breadcrumb\":{\"@id\":\"https:\/\/ciudadyregion.com.co\/index.php\/policia-logro-desarticular-la-estructura-delincuencial-los-farrucos-en-honda\/judicial\/#breadcrumb\"},\"inLanguage\":\"es\",\"potentialAction\":[{\"@type\":\"ReadAction\",\"target\":[\"https:\/\/ciudadyregion.com.co\/index.php\/policia-logro-desarticular-la-estructura-delincuencial-los-farrucos-en-honda\/judicial\/\"]}]},{\"@type\":\"ImageObject\",\"inLanguage\":\"es\",\"@id\":\"https:\/\/ciudadyregion.com.co\/index.php\/policia-logro-desarticular-la-estructura-delincuencial-los-farrucos-en-honda\/judicial\/#primaryimage\",\"url\":\"https:\/\/i0.wp.com\/ciudadyregion.com.co\/wp-content\/uploads\/2023\/11\/8.jpg?fit=800%2C445&ssl=1\",\"contentUrl\":\"https:\/\/i0.wp.com\/ciudadyregion.com.co\/wp-content\/uploads\/2023\/11\/8.jpg?fit=800%2C445&ssl=1\",\"width\":800,\"height\":445},{\"@type\":\"BreadcrumbList\",\"@id\":\"https:\/\/ciudadyregion.com.co\/index.php\/policia-logro-desarticular-la-estructura-delincuencial-los-farrucos-en-honda\/judicial\/#breadcrumb\",\"itemListElement\":[{\"@type\":\"ListItem\",\"position\":1,\"name\":\"Portada\",\"item\":\"https:\/\/ciudadyregion.com.co\/\"},{\"@type\":\"ListItem\",\"position\":2,\"name\":\"Polic\u00eda logr\u00f3 desarticular la estructura delincuencial &#8216;Los Farrucos&#8217; en Honda\"}]},{\"@type\":\"WebSite\",\"@id\":\"https:\/\/ciudadyregion.com.co\/#website\",\"url\":\"https:\/\/ciudadyregion.com.co\/\",\"name\":\"Ciudad y Region\",\"description\":\"\",\"potentialAction\":[{\"@type\":\"SearchAction\",\"target\":{\"@type\":\"EntryPoint\",\"urlTemplate\":\"https:\/\/ciudadyregion.com.co\/?s={search_term_string}\"},\"query-input\":{\"@type\":\"PropertyValueSpecification\",\"valueRequired\":true,\"valueName\":\"search_term_string\"}}],\"inLanguage\":\"es\"},{\"@type\":\"Person\",\"@id\":\"https:\/\/ciudadyregion.com.co\/#\/schema\/person\/04a4954373ebc4051f46e8c65ff78622\",\"name\":\"David Andr\u00e9s Aguirre\",\"image\":{\"@type\":\"ImageObject\",\"inLanguage\":\"es\",\"@id\":\"https:\/\/ciudadyregion.com.co\/#\/schema\/person\/image\/\",\"url\":\"https:\/\/secure.gravatar.com\/avatar\/bc3c655860202182ee6d1b5edd042dbe?s=96&d=mm&r=g\",\"contentUrl\":\"https:\/\/secure.gravatar.com\/avatar\/bc3c655860202182ee6d1b5edd042dbe?s=96&d=mm&r=g\",\"caption\":\"David Andr\u00e9s Aguirre\"},\"url\":\"https:\/\/ciudadyregion.com.co\/index.php\/author\/diegoaguirre\/\"}]}<\/script>\n<!-- \/ Yoast SEO plugin. -->","yoast_head_json":{"title":"Polic\u00eda logr\u00f3 desarticular la estructura delincuencial 'Los Farrucos' en Honda - Ciudad y Region","robots":{"index":"index","follow":"follow","max-snippet":"max-snippet:-1","max-image-preview":"max-image-preview:large","max-video-preview":"max-video-preview:-1"},"canonical":"https:\/\/ciudadyregion.com.co\/index.php\/policia-logro-desarticular-la-estructura-delincuencial-los-farrucos-en-honda\/judicial\/","og_locale":"es_ES","og_type":"article","og_title":"Polic\u00eda logr\u00f3 desarticular la estructura delincuencial 'Los Farrucos' en Honda - Ciudad y Region","og_description":"Los integrantes de la estructura delincuencial tendr\u00edan injerencia en los departamentos de Tolima, Caldas y Cundinamarca. Continuando con la ofensiva permanente contra el tr\u00e1fico y consumo de estupefacientes, enfocados en el marco del Plan Choque \u2018Seguridad 360\u2019, la Polic\u00eda Tolima en cabeza del se\u00f1or coronel Libardo Fabio Ojeda Eraso, enContinuar Leyendo","og_url":"https:\/\/ciudadyregion.com.co\/index.php\/policia-logro-desarticular-la-estructura-delincuencial-los-farrucos-en-honda\/judicial\/","og_site_name":"Ciudad y Region","article_published_time":"2023-11-02T14:15:45+00:00","og_image":[{"width":800,"height":445,"url":"https:\/\/ciudadyregion.com.co\/wp-content\/uploads\/2023\/11\/8.jpg","type":"image\/jpeg"}],"author":"David Andr\u00e9s Aguirre","twitter_card":"summary_large_image","twitter_misc":{"Escrito por":"David Andr\u00e9s Aguirre","Tiempo de lectura":"3 minutos"},"schema":{"@context":"https:\/\/schema.org","@graph":[{"@type":"WebPage","@id":"https:\/\/ciudadyregion.com.co\/index.php\/policia-logro-desarticular-la-estructura-delincuencial-los-farrucos-en-honda\/judicial\/","url":"https:\/\/ciudadyregion.com.co\/index.php\/policia-logro-desarticular-la-estructura-delincuencial-los-farrucos-en-honda\/judicial\/","name":"Polic\u00eda logr\u00f3 desarticular la estructura delincuencial 'Los Farrucos' en Honda - Ciudad y Region","isPartOf":{"@id":"https:\/\/ciudadyregion.com.co\/#website"},"primaryImageOfPage":{"@id":"https:\/\/ciudadyregion.com.co\/index.php\/policia-logro-desarticular-la-estructura-delincuencial-los-farrucos-en-honda\/judicial\/#primaryimage"},"image":{"@id":"https:\/\/ciudadyregion.com.co\/index.php\/policia-logro-desarticular-la-estructura-delincuencial-los-farrucos-en-honda\/judicial\/#primaryimage"},"thumbnailUrl":"https:\/\/i0.wp.com\/ciudadyregion.com.co\/wp-content\/uploads\/2023\/11\/8.jpg?fit=800%2C445&ssl=1","datePublished":"2023-11-02T14:15:45+00:00","dateModified":"2023-11-02T14:15:45+00:00","author":{"@id":"https:\/\/ciudadyregion.com.co\/#\/schema\/person\/04a4954373ebc4051f46e8c65ff78622"},"breadcrumb":{"@id":"https:\/\/ciudadyregion.com.co\/index.php\/policia-logro-desarticular-la-estructura-delincuencial-los-farrucos-en-honda\/judicial\/#breadcrumb"},"inLanguage":"es","potentialAction":[{"@type":"ReadAction","target":["https:\/\/ciudadyregion.com.co\/index.php\/policia-logro-desarticular-la-estructura-delincuencial-los-farrucos-en-honda\/judicial\/"]}]},{"@type":"ImageObject","inLanguage":"es","@id":"https:\/\/ciudadyregion.com.co\/index.php\/policia-logro-desarticular-la-estructura-delincuencial-los-farrucos-en-honda\/judicial\/#primaryimage","url":"https:\/\/i0.wp.com\/ciudadyregion.com.co\/wp-content\/uploads\/2023\/11\/8.jpg?fit=800%2C445&ssl=1","contentUrl":"https:\/\/i0.wp.com\/ciudadyregion.com.co\/wp-content\/uploads\/2023\/11\/8.jpg?fit=800%2C445&ssl=1","width":800,"height":445},{"@type":"BreadcrumbList","@id":"https:\/\/ciudadyregion.com.co\/index.php\/policia-logro-desarticular-la-estructura-delincuencial-los-farrucos-en-honda\/judicial\/#breadcrumb","itemListElement":[{"@type":"ListItem","position":1,"name":"Portada","item":"https:\/\/ciudadyregion.com.co\/"},{"@type":"ListItem","position":2,"name":"Polic\u00eda logr\u00f3 desarticular la estructura delincuencial &#8216;Los Farrucos&#8217; en Honda"}]},{"@type":"WebSite","@id":"https:\/\/ciudadyregion.com.co\/#website","url":"https:\/\/ciudadyregion.com.co\/","name":"Ciudad y Region","description":"","potentialAction":[{"@type":"SearchAction","target":{"@type":"EntryPoint","urlTemplate":"https:\/\/ciudadyregion.com.co\/?s={search_term_string}"},"query-input":{"@type":"PropertyValueSpecification","valueRequired":true,"valueName":"search_term_string"}}],"inLanguage":"es"},{"@type":"Person","@id":"https:\/\/ciudadyregion.com.co\/#\/schema\/person\/04a4954373ebc4051f46e8c65ff78622","name":"David Andr\u00e9s Aguirre","image":{"@type":"ImageObject","inLanguage":"es","@id":"https:\/\/ciudadyregion.com.co\/#\/schema\/person\/image\/","url":"https:\/\/secure.gravatar.com\/avatar\/bc3c655860202182ee6d1b5edd042dbe?s=96&d=mm&r=g","contentUrl":"https:\/\/secure.gravatar.com\/avatar\/bc3c655860202182ee6d1b5edd042dbe?s=96&d=mm&r=g","caption":"David Andr\u00e9s Aguirre"},"url":"https:\/\/ciudadyregion.com.co\/index.php\/author\/diegoaguirre\/"}]}},"jetpack_featured_media_url":"https:\/\/i0.wp.com\/ciudadyregion.com.co\/wp-content\/uploads\/2023\/11\/8.jpg?fit=800%2C445&ssl=1","jetpack_sharing_enabled":true,"jetpack_shortlink":"https:\/\/wp.me\/pbS7hh-h7","jetpack-related-posts":[],"_links":{"self":[{"href":"https:\/\/ciudadyregion.com.co\/index.php\/wp-json\/wp\/v2\/posts\/1061"}],"collection":[{"href":"https:\/\/ciudadyregion.com.co\/index.php\/wp-json\/wp\/v2\/posts"}],"about":[{"href":"https:\/\/ciudadyregion.com.co\/index.php\/wp-json\/wp\/v2\/types\/post"}],"author":[{"embeddable":true,"href":"https:\/\/ciudadyregion.com.co\/index.php\/wp-json\/wp\/v2\/users\/2"}],"replies":[{"embeddable":true,"href":"https:\/\/ciudadyregion.com.co\/index.php\/wp-json\/wp\/v2\/comments?post=1061"}],"version-history":[{"count":1,"href":"https:\/\/ciudadyregion.com.co\/index.php\/wp-json\/wp\/v2\/posts\/1061\/revisions"}],"predecessor-version":[{"id":1062,"href":"https:\/\/ciudadyregion.com.co\/index.php\/wp-json\/wp\/v2\/posts\/1061\/revisions\/1062"}],"wp:featuredmedia":[{"embeddable":true,"href":"https:\/\/ciudadyregion.com.co\/index.php\/wp-json\/wp\/v2\/media\/1099"}],"wp:attachment":[{"href":"https:\/\/ciudadyregion.com.co\/index.php\/wp-json\/wp\/v2\/media?parent=1061"}],"wp:term":[{"taxonomy":"category","embeddable":true,"href":"https:\/\/ciudadyregion.com.co\/index.php\/wp-json\/wp\/v2\/categories?post=1061"},{"taxonomy":"post_tag","embeddable":true,"href":"https:\/\/ciudadyregion.com.co\/index.php\/wp-json\/wp\/v2\/tags?post=1061"}],"curies":[{"name":"wp","href":"https:\/\/api.w.org\/{rel}","templated":true}]}}